{"id":1688,"date":"2015-08-21T14:53:36","date_gmt":"2015-08-21T12:53:36","guid":{"rendered":"http:\/\/wp.kristdemokraterna.se\/uppsala\/?p=1688"},"modified":"2024-04-07T18:25:32","modified_gmt":"2024-04-07T16:25:32","slug":"uppsala-kan-battre","status":"publish","type":"post","link":"https:\/\/wp.kristdemokraterna.se\/uppsala\/uppsala-kan-battre\/","title":{"rendered":"Uppsala kan b\u00e4ttre!"},"content":{"rendered":"<p><a href=\"http:\/\/www.unt.se\/asikt\/debatt\/uppsala-kan-battre-3845501.aspx\">Debattartikel i UNT 21\/8 2015<\/a>: Uppsala kan b\u00e4ttre!<\/p>\n<p>Nu har det g\u00e5tt 100 dagar sedan jag tog \u00f6ver som Kristdemokraternas kommunalr\u00e5d i Uppsala i samband med att Ebba Busch Thor valdes till partiledare. I opposition \u00e4r det vanskligt att \u00e5stadkomma stora f\u00f6r\u00e4ndringar, men jag har \u00e4gnat tiden \u00e5t att p\u00e5 olika s\u00e4tt l\u00e4ra k\u00e4nna kommunen. <strong>Som fembarnspappa, f\u00f6retagare och landstingspolitiker har jag redan mycket i bagaget, och jag konstaterar att det finns mycket att g\u00f6ra i v\u00e5r stad \u2013 Uppsala kan b\u00e4ttre, helt enkelt.<\/strong><\/p>\n<p>Sedan jag kom hit som universitetsstudent har jag slagits av de m\u00e5nga f\u00f6rdelarna med \u201dden eviga ungdomens stad\u201d. M\u00e4lardalen \u00e4r den mest expansiva och dynamiska regionen i Sverige, och n\u00e4rheten till huvudstaden och till Arlanda med mera ger Uppsala unika m\u00f6jligheter. Men Uppsala \u00e4r inte, och ska inte vara, en Stockholmsf\u00f6rort, utan har en sj\u00e4lvst\u00e4ndig position med sin bakgrund som \u201dk\u00e4rnhuset i riks\u00e4pplet\u201d.<\/p>\n<div class=\"margin-top clear-both\">\n<div class=\"article-text margin-bottom clearfix \">\n<p><strong>B\u00e5de som v\u00e4rdsligt och kyrkligt maktcentrum, och som l\u00e4rdomss\u00e4te har Uppsala en egen profil, eller \u201dvarum\u00e4rke\u201d som man s\u00e4ger nuf\u00f6rtiden. Just akademin ger Uppsala, med bland andra sina fyra officiella universitet och h\u00f6gskolor en ov\u00e4rderlig grund f\u00f6r forskning, tillv\u00e4xt och utveckling i dagens kunskapsintensiva samh\u00e4lle.<\/strong><\/p>\n<p>Det har varit intressant att l\u00e4ra k\u00e4nna Uppsala kommuns organisation och kultur. Kommunen g\u00f6r m\u00e5nga viktiga insatser och har m\u00e5nga tusen kompetenta och engagerade medarbetare p\u00e5 en rad olika omr\u00e5den. Men det finns ocks\u00e5 en rad utmaningar och \u201dokulturer\u201d som vi beh\u00f6ver komma till r\u00e4tta med. Jag har identifierat fem viktiga utvecklingsomr\u00e5den.<\/p>\n<p>V\u00e5r tj\u00e4nstemannaledning har redan ordning och reda som ledstj\u00e4rna. Det \u00e4r ber\u00e4ttigat. I somras behandlade vi ett \u00e4rende om att slutf\u00f6ra arbetet med att identifiera kommunens fastighetstillg\u00e5ngar och f\u00e5 ordning p\u00e5 register och avtalshantering. Gr\u00e4nsen mot korruption samt mot sl\u00f6seri eller f\u00f6rsummelse av v\u00e5ra kommunala tillg\u00e5ngar m\u00e5ste vara knivskarp. Med f\u00f6rst\u00e5else f\u00f6r den historiska bakgrunden och enskilda medarbetare m\u00e5ste vi \u00e4nd\u00e5 s\u00e4kerst\u00e4lla att inte s\u00e5dana okulturer f\u00f6rekommer n\u00e5gonstans i kommunen.<\/p>\n<p><strong>Att vila p\u00e5 gamla lagrar f\u00e5r i v\u00e5r stad en n\u00e4rmast bokstavlig inneb\u00f6rd. Inget som h\u00e4nder sker dock per automatik. I Uppland har vi n\u00e4ra till maktens korridorer, men vi f\u00e5r \u00e4nd\u00e5 inte ta saker f\u00f6r givna. <\/strong><\/p>\n<p>F\u00f6r kanske f\u00f6rsta g\u00e5ngen n\u00e5gonsin lyckades M\u00e4larregionen samla sig till citybane\u00f6verenskommelsen. Men vi m\u00e5ste forts\u00e4tta st\u00e5 p\u00e5 t\u00e5 f\u00f6r att f\u00e5 ett statligt och regionalt st\u00f6d f\u00f6r utvecklingen av regionalt\u00e5g, v\u00e4gar, universitet, sjukhus och bost\u00e4der.<\/p>\n<p>Vi m\u00e5ste ocks\u00e5 kasta den uppsaliensiska l\u00e5ngb\u00e4nken p\u00e5 soph\u00f6gen. N\u00e4ringslivet d\u00e4r beslutsfattandet av n\u00f6dv\u00e4ndighet g\u00e5r betydligt snabbare kan d\u00e5 vara f\u00f6rebild. Ett k\u00e4nt exempel \u00e4r konserthuset, och det finns m\u00e5nga andra omr\u00e5den d\u00e4r vi i Uppsala haft sv\u00e5rt att komma till skott.<\/p>\n<p>Ett gammaldags myndighets- eller byr\u00e5kratit\u00e4nkande m\u00e5ste vi ocks\u00e5 komma bort ifr\u00e5n. I st\u00e4llet f\u00f6r vins-ter i v\u00e4lf\u00e4rden f\u00e5r man med ett f\u00f6r\u00e5ldrat t\u00e4nkande en massa \u201df\u00f6rluster i v\u00e4lf\u00e4rden\u201d.<\/p>\n<p>Min fasta \u00f6vertygelse \u00e4r att friskolor och frist\u00e5ende v\u00e5rdgivare har betytt oerh\u00f6rt mycket f\u00f6r servicen inom offentligt finansierad verksamhet. Patienterna och brukarna (eller kunderna \u2013 h\u00e4r spelar faktiskt ordvalet roll) ska inte vara objekt f\u00f6r offentligt myndighetsut\u00f6vande, utan i st\u00e4llet st\u00e5 i centrum med kommunen som serviceorgan.<\/p>\n<p>N\u00e4ringslivsv\u00e4nlighet \u00e4r a och o f\u00f6r en framg\u00e5ngsrik kommun. Med s\u00e5 tunga offentliga institutioner \u00e4r detta speciellt angel\u00e4get f\u00f6r Uppsala. S\u00e5v\u00e4l sm\u00e5 tj\u00e4nstef\u00f6retag som stora internationella exportkoncerner ska f\u00e5 all den hj\u00e4lp de beh\u00f6ver av kommunen. Ett av m\u00e5nga exempel \u00e4r bygglov \u2013 ett f\u00f6retag jag bes\u00f6kte ber\u00e4ttade att de \u201danst\u00e4llde 20 personer i G\u00f6teborg i st\u00e4llet\u201d n\u00e4r servicen uteblev.<\/p>\n<p>Det finns ett driv och en bred enighet d\u00e4r b\u00e5de moderater och socialdemokrater g\u00e5r hand i hand f\u00f6r en stark expansion, bostadsbyggande och tillv\u00e4xt i v\u00e5r kommun. Vi f\u00e5r dock inte gl\u00f6mma den sociala aspekten som ska till f\u00f6r att f\u00e5 det goda livet f\u00f6r barn, familjer och \u00e4ldre. Genom att tillsammans idogt arbeta f\u00f6r att utveckla v\u00e5rt unika l\u00e4ge och samtidigt g\u00f6ra oss av med besv\u00e4rande okulturer, ja d\u00e5 \u00e4r den ljusnande framtiden v\u00e5r.<\/p>\n<p><strong>Jonas Segersam <\/strong>(KD), kommunalr\u00e5d i Uppsala<\/p>\n<\/div>\n<\/div>\n<p>&nbsp;<\/p>\n<p>&nbsp;<\/p>\n<p>&nbsp;<\/p>\n","protected":false},"excerpt":{"rendered":"<p>Debattartikel i UNT 21\/8 2015: Uppsala kan b\u00e4ttre! Nu har det g\u00e5tt 100 dagar sedan jag tog \u00f6ver som Kristdemokraternas kommunalr\u00e5d i Uppsala i samband med att Ebba Busch Thor valdes till partiledare. I opposition \u00e4r det vanskligt att \u00e5stadkomma stora f\u00f6r\u00e4ndringar, men jag har \u00e4gnat tiden \u00e5t att p\u00e5 olika s\u00e4tt l\u00e4ra k\u00e4nna kommunen. <a class=\"read-more-link\" href=\"https:\/\/wp.kristdemokraterna.se\/uppsala\/uppsala-kan-battre\/\">Read More<\/a><\/p>\n","protected":false},"author":702,"featured_media":1785,"comment_status":"closed","ping_status":"closed","sticky":false,"template":"","format":"standard","meta":{"_acf_changed":false,"footnotes":""},"categories":[241],"tags":[8,140,98,22,57,38,39,71],"class_list":["post-1688","post","type-post","status-publish","format-standard","hentry","category-familj-och-skola","tag-barn-och-unga","tag-fria-skolvalet","tag-frihet","tag-jonas-segersam","tag-kristdemokraterna","tag-uppsala","tag-uppsala-kommun","tag-vardval"],"acf":[],"yoast_head":"<!-- This site is optimized with the Yoast SEO plugin v27.4 - https:\/\/yoast.com\/product\/yoast-seo-wordpress\/ -->\n<title>Uppsala kan b\u00e4ttre! | Kristdemokraterna | Uppsala<\/title>\n<meta name=\"robots\" content=\"index, follow, max-snippet:-1, max-image-preview:large, max-video-preview:-1\" \/>\n<link rel=\"canonical\" href=\"https:\/\/wp.kristdemokraterna.se\/uppsala\/uppsala-kan-battre\/\" \/>\n<meta property=\"og:locale\" content=\"sv_SE\" \/>\n<meta property=\"og:type\" content=\"article\" \/>\n<meta property=\"og:title\" content=\"Uppsala kan b\u00e4ttre! | Kristdemokraterna | Uppsala\" \/>\n<meta property=\"og:description\" content=\"Debattartikel i UNT 21\/8 2015: Uppsala kan b\u00e4ttre! Nu har det g\u00e5tt 100 dagar sedan jag tog \u00f6ver som Kristdemokraternas kommunalr\u00e5d i Uppsala i samband med att Ebba Busch Thor valdes till partiledare. I opposition \u00e4r det vanskligt att \u00e5stadkomma stora f\u00f6r\u00e4ndringar, men jag har \u00e4gnat tiden \u00e5t att p\u00e5 olika s\u00e4tt l\u00e4ra k\u00e4nna kommunen. Read More\" \/>\n<meta property=\"og:url\" content=\"https:\/\/wp.kristdemokraterna.se\/uppsala\/uppsala-kan-battre\/\" \/>\n<meta property=\"og:site_name\" content=\"Kristdemokraterna | Uppsala\" \/>\n<meta property=\"article:publisher\" content=\"https:\/\/www.facebook.com\/UppsalaKD\/\" \/>\n<meta property=\"article:published_time\" content=\"2015-08-21T12:53:36+00:00\" \/>\n<meta property=\"article:modified_time\" content=\"2024-04-07T16:25:32+00:00\" \/>\n<meta property=\"og:image\" content=\"http:\/\/wp.kristdemokraterna.se\/uppsala\/files\/2015\/11\/klar.png\" \/>\n\t<meta property=\"og:image:width\" content=\"1311\" \/>\n\t<meta property=\"og:image:height\" content=\"745\" \/>\n\t<meta property=\"og:image:type\" content=\"image\/png\" \/>\n<meta name=\"author\" content=\"Mimmi Westerlund\" \/>\n<meta name=\"twitter:card\" content=\"summary_large_image\" \/>\n<meta name=\"twitter:label1\" content=\"Skriven av\" \/>\n\t<meta name=\"twitter:data1\" content=\"Mimmi Westerlund\" \/>\n\t<meta name=\"twitter:label2\" content=\"Ber\u00e4knad l\u00e4stid\" \/>\n\t<meta name=\"twitter:data2\" content=\"4 minuter\" \/>\n<script type=\"application\/ld+json\" class=\"yoast-schema-graph\">{\"@context\":\"https:\\\/\\\/schema.org\",\"@graph\":[{\"@type\":\"Article\",\"@id\":\"https:\\\/\\\/wp.kristdemokraterna.se\\\/uppsala\\\/uppsala-kan-battre\\\/#article\",\"isPartOf\":{\"@id\":\"https:\\\/\\\/wp.kristdemokraterna.se\\\/uppsala\\\/uppsala-kan-battre\\\/\"},\"author\":{\"name\":\"Mimmi Westerlund\",\"@id\":\"https:\\\/\\\/wp.kristdemokraterna.se\\\/uppsala\\\/#\\\/schema\\\/person\\\/038d805d685fb0ce5ad14ab8711d8e84\"},\"headline\":\"Uppsala kan b\u00e4ttre!\",\"datePublished\":\"2015-08-21T12:53:36+00:00\",\"dateModified\":\"2024-04-07T16:25:32+00:00\",\"mainEntityOfPage\":{\"@id\":\"https:\\\/\\\/wp.kristdemokraterna.se\\\/uppsala\\\/uppsala-kan-battre\\\/\"},\"wordCount\":805,\"publisher\":{\"@id\":\"https:\\\/\\\/wp.kristdemokraterna.se\\\/uppsala\\\/#organization\"},\"image\":{\"@id\":\"https:\\\/\\\/wp.kristdemokraterna.se\\\/uppsala\\\/uppsala-kan-battre\\\/#primaryimage\"},\"thumbnailUrl\":\"https:\\\/\\\/wp.kristdemokraterna.se\\\/uppsala\\\/files\\\/2015\\\/11\\\/klar.png\",\"keywords\":[\"Barn och unga\",\"Fria skolvalet\",\"Frihet\",\"Jonas Segersam\",\"Kristdemokraterna\",\"Uppsala\",\"Uppsala kommun\",\"V\u00e5rdval\"],\"articleSection\":[\"Familj &amp; skola\"],\"inLanguage\":\"sv-SE\"},{\"@type\":\"WebPage\",\"@id\":\"https:\\\/\\\/wp.kristdemokraterna.se\\\/uppsala\\\/uppsala-kan-battre\\\/\",\"url\":\"https:\\\/\\\/wp.kristdemokraterna.se\\\/uppsala\\\/uppsala-kan-battre\\\/\",\"name\":\"Uppsala kan b\u00e4ttre! | Kristdemokraterna | Uppsala\",\"isPartOf\":{\"@id\":\"https:\\\/\\\/wp.kristdemokraterna.se\\\/uppsala\\\/#website\"},\"primaryImageOfPage\":{\"@id\":\"https:\\\/\\\/wp.kristdemokraterna.se\\\/uppsala\\\/uppsala-kan-battre\\\/#primaryimage\"},\"image\":{\"@id\":\"https:\\\/\\\/wp.kristdemokraterna.se\\\/uppsala\\\/uppsala-kan-battre\\\/#primaryimage\"},\"thumbnailUrl\":\"https:\\\/\\\/wp.kristdemokraterna.se\\\/uppsala\\\/files\\\/2015\\\/11\\\/klar.png\",\"datePublished\":\"2015-08-21T12:53:36+00:00\",\"dateModified\":\"2024-04-07T16:25:32+00:00\",\"breadcrumb\":{\"@id\":\"https:\\\/\\\/wp.kristdemokraterna.se\\\/uppsala\\\/uppsala-kan-battre\\\/#breadcrumb\"},\"inLanguage\":\"sv-SE\",\"potentialAction\":[{\"@type\":\"ReadAction\",\"target\":[\"https:\\\/\\\/wp.kristdemokraterna.se\\\/uppsala\\\/uppsala-kan-battre\\\/\"]}]},{\"@type\":\"ImageObject\",\"inLanguage\":\"sv-SE\",\"@id\":\"https:\\\/\\\/wp.kristdemokraterna.se\\\/uppsala\\\/uppsala-kan-battre\\\/#primaryimage\",\"url\":\"https:\\\/\\\/wp.kristdemokraterna.se\\\/uppsala\\\/files\\\/2015\\\/11\\\/klar.png\",\"contentUrl\":\"https:\\\/\\\/wp.kristdemokraterna.se\\\/uppsala\\\/files\\\/2015\\\/11\\\/klar.png\",\"width\":1311,\"height\":745},{\"@type\":\"BreadcrumbList\",\"@id\":\"https:\\\/\\\/wp.kristdemokraterna.se\\\/uppsala\\\/uppsala-kan-battre\\\/#breadcrumb\",\"itemListElement\":[{\"@type\":\"ListItem\",\"position\":1,\"name\":\"Hem\",\"item\":\"https:\\\/\\\/wp.kristdemokraterna.se\\\/uppsala\\\/\"},{\"@type\":\"ListItem\",\"position\":2,\"name\":\"Uppsala kan b\u00e4ttre!\"}]},{\"@type\":\"WebSite\",\"@id\":\"https:\\\/\\\/wp.kristdemokraterna.se\\\/uppsala\\\/#website\",\"url\":\"https:\\\/\\\/wp.kristdemokraterna.se\\\/uppsala\\\/\",\"name\":\"Kristdemokraterna Uppsala\",\"description\":\"Tryggare Uppsala\",\"publisher\":{\"@id\":\"https:\\\/\\\/wp.kristdemokraterna.se\\\/uppsala\\\/#organization\"},\"inLanguage\":\"sv-SE\"},{\"@type\":\"Organization\",\"@id\":\"https:\\\/\\\/wp.kristdemokraterna.se\\\/uppsala\\\/#organization\",\"name\":\"Kristdemokraterna Uppsala\",\"url\":\"https:\\\/\\\/wp.kristdemokraterna.se\\\/uppsala\\\/\",\"logo\":{\"@type\":\"ImageObject\",\"inLanguage\":\"sv-SE\",\"@id\":\"https:\\\/\\\/wp.kristdemokraterna.se\\\/uppsala\\\/#\\\/schema\\\/logo\\\/image\\\/\",\"url\":\"https:\\\/\\\/wp.kristdemokraterna.se\\\/uppsala\\\/files\\\/2019\\\/10\\\/kd-uppsala.png\",\"contentUrl\":\"https:\\\/\\\/wp.kristdemokraterna.se\\\/uppsala\\\/files\\\/2019\\\/10\\\/kd-uppsala.png\",\"width\":804,\"height\":421,\"caption\":\"Kristdemokraterna Uppsala\"},\"image\":{\"@id\":\"https:\\\/\\\/wp.kristdemokraterna.se\\\/uppsala\\\/#\\\/schema\\\/logo\\\/image\\\/\"},\"sameAs\":[\"https:\\\/\\\/www.facebook.com\\\/UppsalaKD\\\/\",\"https:\\\/\\\/www.instagram.com\\\/uppsalakd\\\/\"]},{\"@type\":\"Person\",\"@id\":\"https:\\\/\\\/wp.kristdemokraterna.se\\\/uppsala\\\/#\\\/schema\\\/person\\\/038d805d685fb0ce5ad14ab8711d8e84\",\"name\":\"Mimmi Westerlund\",\"image\":{\"@type\":\"ImageObject\",\"inLanguage\":\"sv-SE\",\"@id\":\"https:\\\/\\\/secure.gravatar.com\\\/avatar\\\/a5697359f709b6b10d9c7e6a7c89f3e054554dedb4657d5ffe9e5bc5b1445841?s=96&r=g\",\"url\":\"https:\\\/\\\/secure.gravatar.com\\\/avatar\\\/a5697359f709b6b10d9c7e6a7c89f3e054554dedb4657d5ffe9e5bc5b1445841?s=96&r=g\",\"contentUrl\":\"https:\\\/\\\/secure.gravatar.com\\\/avatar\\\/a5697359f709b6b10d9c7e6a7c89f3e054554dedb4657d5ffe9e5bc5b1445841?s=96&r=g\",\"caption\":\"Mimmi Westerlund\"},\"url\":\"https:\\\/\\\/wp.kristdemokraterna.se\\\/uppsala\\\/author\\\/mimmi\\\/\"}]}<\/script>\n<!-- \/ Yoast SEO plugin. -->","yoast_head_json":{"title":"Uppsala kan b\u00e4ttre! | Kristdemokraterna | Uppsala","robots":{"index":"index","follow":"follow","max-snippet":"max-snippet:-1","max-image-preview":"max-image-preview:large","max-video-preview":"max-video-preview:-1"},"canonical":"https:\/\/wp.kristdemokraterna.se\/uppsala\/uppsala-kan-battre\/","og_locale":"sv_SE","og_type":"article","og_title":"Uppsala kan b\u00e4ttre! | Kristdemokraterna | Uppsala","og_description":"Debattartikel i UNT 21\/8 2015: Uppsala kan b\u00e4ttre! Nu har det g\u00e5tt 100 dagar sedan jag tog \u00f6ver som Kristdemokraternas kommunalr\u00e5d i Uppsala i samband med att Ebba Busch Thor valdes till partiledare. I opposition \u00e4r det vanskligt att \u00e5stadkomma stora f\u00f6r\u00e4ndringar, men jag har \u00e4gnat tiden \u00e5t att p\u00e5 olika s\u00e4tt l\u00e4ra k\u00e4nna kommunen. Read More","og_url":"https:\/\/wp.kristdemokraterna.se\/uppsala\/uppsala-kan-battre\/","og_site_name":"Kristdemokraterna | Uppsala","article_publisher":"https:\/\/www.facebook.com\/UppsalaKD\/","article_published_time":"2015-08-21T12:53:36+00:00","article_modified_time":"2024-04-07T16:25:32+00:00","og_image":[{"width":1311,"height":745,"url":"http:\/\/wp.kristdemokraterna.se\/uppsala\/files\/2015\/11\/klar.png","type":"image\/png"}],"author":"Mimmi Westerlund","twitter_card":"summary_large_image","twitter_misc":{"Skriven av":"Mimmi Westerlund","Ber\u00e4knad l\u00e4stid":"4 minuter"},"schema":{"@context":"https:\/\/schema.org","@graph":[{"@type":"Article","@id":"https:\/\/wp.kristdemokraterna.se\/uppsala\/uppsala-kan-battre\/#article","isPartOf":{"@id":"https:\/\/wp.kristdemokraterna.se\/uppsala\/uppsala-kan-battre\/"},"author":{"name":"Mimmi Westerlund","@id":"https:\/\/wp.kristdemokraterna.se\/uppsala\/#\/schema\/person\/038d805d685fb0ce5ad14ab8711d8e84"},"headline":"Uppsala kan b\u00e4ttre!","datePublished":"2015-08-21T12:53:36+00:00","dateModified":"2024-04-07T16:25:32+00:00","mainEntityOfPage":{"@id":"https:\/\/wp.kristdemokraterna.se\/uppsala\/uppsala-kan-battre\/"},"wordCount":805,"publisher":{"@id":"https:\/\/wp.kristdemokraterna.se\/uppsala\/#organization"},"image":{"@id":"https:\/\/wp.kristdemokraterna.se\/uppsala\/uppsala-kan-battre\/#primaryimage"},"thumbnailUrl":"https:\/\/wp.kristdemokraterna.se\/uppsala\/files\/2015\/11\/klar.png","keywords":["Barn och unga","Fria skolvalet","Frihet","Jonas Segersam","Kristdemokraterna","Uppsala","Uppsala kommun","V\u00e5rdval"],"articleSection":["Familj &amp; skola"],"inLanguage":"sv-SE"},{"@type":"WebPage","@id":"https:\/\/wp.kristdemokraterna.se\/uppsala\/uppsala-kan-battre\/","url":"https:\/\/wp.kristdemokraterna.se\/uppsala\/uppsala-kan-battre\/","name":"Uppsala kan b\u00e4ttre! | Kristdemokraterna | Uppsala","isPartOf":{"@id":"https:\/\/wp.kristdemokraterna.se\/uppsala\/#website"},"primaryImageOfPage":{"@id":"https:\/\/wp.kristdemokraterna.se\/uppsala\/uppsala-kan-battre\/#primaryimage"},"image":{"@id":"https:\/\/wp.kristdemokraterna.se\/uppsala\/uppsala-kan-battre\/#primaryimage"},"thumbnailUrl":"https:\/\/wp.kristdemokraterna.se\/uppsala\/files\/2015\/11\/klar.png","datePublished":"2015-08-21T12:53:36+00:00","dateModified":"2024-04-07T16:25:32+00:00","breadcrumb":{"@id":"https:\/\/wp.kristdemokraterna.se\/uppsala\/uppsala-kan-battre\/#breadcrumb"},"inLanguage":"sv-SE","potentialAction":[{"@type":"ReadAction","target":["https:\/\/wp.kristdemokraterna.se\/uppsala\/uppsala-kan-battre\/"]}]},{"@type":"ImageObject","inLanguage":"sv-SE","@id":"https:\/\/wp.kristdemokraterna.se\/uppsala\/uppsala-kan-battre\/#primaryimage","url":"https:\/\/wp.kristdemokraterna.se\/uppsala\/files\/2015\/11\/klar.png","contentUrl":"https:\/\/wp.kristdemokraterna.se\/uppsala\/files\/2015\/11\/klar.png","width":1311,"height":745},{"@type":"BreadcrumbList","@id":"https:\/\/wp.kristdemokraterna.se\/uppsala\/uppsala-kan-battre\/#breadcrumb","itemListElement":[{"@type":"ListItem","position":1,"name":"Hem","item":"https:\/\/wp.kristdemokraterna.se\/uppsala\/"},{"@type":"ListItem","position":2,"name":"Uppsala kan b\u00e4ttre!"}]},{"@type":"WebSite","@id":"https:\/\/wp.kristdemokraterna.se\/uppsala\/#website","url":"https:\/\/wp.kristdemokraterna.se\/uppsala\/","name":"Kristdemokraterna Uppsala","description":"Tryggare Uppsala","publisher":{"@id":"https:\/\/wp.kristdemokraterna.se\/uppsala\/#organization"},"inLanguage":"sv-SE"},{"@type":"Organization","@id":"https:\/\/wp.kristdemokraterna.se\/uppsala\/#organization","name":"Kristdemokraterna Uppsala","url":"https:\/\/wp.kristdemokraterna.se\/uppsala\/","logo":{"@type":"ImageObject","inLanguage":"sv-SE","@id":"https:\/\/wp.kristdemokraterna.se\/uppsala\/#\/schema\/logo\/image\/","url":"https:\/\/wp.kristdemokraterna.se\/uppsala\/files\/2019\/10\/kd-uppsala.png","contentUrl":"https:\/\/wp.kristdemokraterna.se\/uppsala\/files\/2019\/10\/kd-uppsala.png","width":804,"height":421,"caption":"Kristdemokraterna Uppsala"},"image":{"@id":"https:\/\/wp.kristdemokraterna.se\/uppsala\/#\/schema\/logo\/image\/"},"sameAs":["https:\/\/www.facebook.com\/UppsalaKD\/","https:\/\/www.instagram.com\/uppsalakd\/"]},{"@type":"Person","@id":"https:\/\/wp.kristdemokraterna.se\/uppsala\/#\/schema\/person\/038d805d685fb0ce5ad14ab8711d8e84","name":"Mimmi Westerlund","image":{"@type":"ImageObject","inLanguage":"sv-SE","@id":"https:\/\/secure.gravatar.com\/avatar\/a5697359f709b6b10d9c7e6a7c89f3e054554dedb4657d5ffe9e5bc5b1445841?s=96&r=g","url":"https:\/\/secure.gravatar.com\/avatar\/a5697359f709b6b10d9c7e6a7c89f3e054554dedb4657d5ffe9e5bc5b1445841?s=96&r=g","contentUrl":"https:\/\/secure.gravatar.com\/avatar\/a5697359f709b6b10d9c7e6a7c89f3e054554dedb4657d5ffe9e5bc5b1445841?s=96&r=g","caption":"Mimmi Westerlund"},"url":"https:\/\/wp.kristdemokraterna.se\/uppsala\/author\/mimmi\/"}]}},"_links":{"self":[{"href":"https:\/\/wp.kristdemokraterna.se\/uppsala\/wp-json\/wp\/v2\/posts\/1688","targetHints":{"allow":["GET"]}}],"collection":[{"href":"https:\/\/wp.kristdemokraterna.se\/uppsala\/wp-json\/wp\/v2\/posts"}],"about":[{"href":"https:\/\/wp.kristdemokraterna.se\/uppsala\/wp-json\/wp\/v2\/types\/post"}],"author":[{"embeddable":true,"href":"https:\/\/wp.kristdemokraterna.se\/uppsala\/wp-json\/wp\/v2\/users\/702"}],"replies":[{"embeddable":true,"href":"https:\/\/wp.kristdemokraterna.se\/uppsala\/wp-json\/wp\/v2\/comments?post=1688"}],"version-history":[{"count":8,"href":"https:\/\/wp.kristdemokraterna.se\/uppsala\/wp-json\/wp\/v2\/posts\/1688\/revisions"}],"predecessor-version":[{"id":1861,"href":"https:\/\/wp.kristdemokraterna.se\/uppsala\/wp-json\/wp\/v2\/posts\/1688\/revisions\/1861"}],"wp:featuredmedia":[{"embeddable":true,"href":"https:\/\/wp.kristdemokraterna.se\/uppsala\/wp-json\/wp\/v2\/media\/1785"}],"wp:attachment":[{"href":"https:\/\/wp.kristdemokraterna.se\/uppsala\/wp-json\/wp\/v2\/media?parent=1688"}],"wp:term":[{"taxonomy":"category","embeddable":true,"href":"https:\/\/wp.kristdemokraterna.se\/uppsala\/wp-json\/wp\/v2\/categories?post=1688"},{"taxonomy":"post_tag","embeddable":true,"href":"https:\/\/wp.kristdemokraterna.se\/uppsala\/wp-json\/wp\/v2\/tags?post=1688"}],"curies":[{"name":"wp","href":"https:\/\/api.w.org\/{rel}","templated":true}]}}