{"id":1723,"date":"2015-10-05T14:12:42","date_gmt":"2015-10-05T12:12:42","guid":{"rendered":"http:\/\/wp.kristdemokraterna.se\/uppsala\/?p=1723"},"modified":"2024-04-07T18:25:16","modified_gmt":"2024-04-07T16:25:16","slug":"interpellation-gallande-uppsala-kommuns-intressen-gentemot-sverigeforhandlingen-och-staten","status":"publish","type":"post","link":"https:\/\/wp.kristdemokraterna.se\/uppsala\/interpellation-gallande-uppsala-kommuns-intressen-gentemot-sverigeforhandlingen-och-staten\/","title":{"rendered":"Interpellation g\u00e4llande Uppsala kommuns intressen gentemot Sverigef\u00f6rhandlingen och staten"},"content":{"rendered":"<p><strong>Inl\u00e4mnad 2015-10-05<\/strong><\/p>\n<p>Sverigef\u00f6rhandlingen har regeringens uppdrag att m\u00f6jligg\u00f6ra ett snabbt genomf\u00f6rande av nya h\u00f6ghastighetsj\u00e4rnv\u00e4gar i Sverige. T\u00e5gen p\u00e5 de nya h\u00f6ghastighetsj\u00e4rnv\u00e4garna ska g\u00e5 fr\u00e5n Stockholm till G\u00f6teborg p\u00e5 tv\u00e5 timmar och fr\u00e5n Stockholm till Malm\u00f6 p\u00e5 tv\u00e5 och en halv timme. Den nya j\u00e4rnv\u00e4gen \u00e4r viktig f\u00f6r de tre storst\u00e4derna, men den kommer ocks\u00e5 att leda till \u00f6kat bostadsbyggande och tillv\u00e4xt i m\u00e5nga kommuner l\u00e4ngs str\u00e4ckningarna.<\/p>\n<p>Regeringens f\u00f6rhandlingspersoner HG Wessberg och Catharina H\u00e5kansson Boman ska ocks\u00e5 f\u00f6rhandla om \u00e5tg\u00e4rder i storst\u00e4derna som ska f\u00f6rb\u00e4ttra tillg\u00e4ngligheten och \u00f6ka bostadsbyggandet. Totalt ska infrastruktursatsningarna runt om i Sverige m\u00f6jligg\u00f6ra byggandet av cirka 100 000 nya bost\u00e4der. Sverigef\u00f6rhandlingen \u00e4r en v\u00e4rdeskapande f\u00f6rhandling d\u00e4r vi ska f\u00f6ra samman finansiering av transportinfrastruktur och nyttor som till exempel \u00f6kat bostadsbyggande och arbetsmarknadsnyttor.<\/p>\n<p>Uppsala kommun \u00e4r en del av samma arbetsmarknadsregion som Stockholm. M\u00e5nga bor i Uppsala och arbetar i Stockholm och vice versa. Att i sammanhanget med Sverigef\u00f6rhandlingen inte se Uppsala som en del av storstadsregionen \u00e4r ett misstag.<\/p>\n<p>N\u00e4r det g\u00e4ller sp\u00e5rtrafik och infrastruktur har Uppsala ett mycket viktigt behov, n\u00e4mligen fyrsp\u00e5r p\u00e5 ostkustbanan mellan Uppsala och Stockholm, en investering som \u00e4r grunden f\u00f6r hela v\u00e5rt \u00f6versiktsplanearbete.<\/p>\n<p>Det finns \u00e4ven andra viktiga investeringar i sp\u00e5r f\u00f6r Uppsalas del, Arosl\u00e4nken (j\u00e4rnv\u00e4g mellan Uppsala och Enk\u00f6ping) samt sp\u00e5rtrafik inne i Uppsala. Stockholms stad och l\u00e4n \u00e4r aktiva och f\u00f6rv\u00e4ntar sig b\u00e5de investeringar i exempelvis tunnelbana till Nacka och \u00e4ven norrut, och d\u00e5 \u00e4r det viktigt att inte Uppsala blir marginaliserat i denna process.<\/p>\n<p>Nu kan det vara bra att inte f\u00e5 det att framst\u00e5 som att vi vill ha snabbt\u00e5g \u00e4nda till Uppsala, eftersom det redan \u00e4r sagt att banan, om den blir byggd, kommer att sluta i J\u00e4rna, och sedan anv\u00e4nds de gamla sp\u00e5ren. Att f\u00e5 till en j\u00e4rnv\u00e4gsdep\u00e5 i Uppsalatrakten f\u00f6r h\u00f6ghastighetst\u00e5gen skulle emellertid kunna vara en viktig framg\u00e5ng f\u00f6r att \u00e4ven v\u00e5r kommun kan vara med och bidra i utvecklingen av denna viktiga infrastruktursatsning.<\/p>\n<p><strong>Jag vill d\u00e4rf\u00f6r fr\u00e5ga Kommunstyrelsens ordf\u00f6rande Marlene Burwick (S) <\/strong><\/p>\n<p><strong>&#8211; <\/strong>P\u00e5 vilka s\u00e4tt agerar Uppsala kommun gentemot Sverigef\u00f6rhandlingen f\u00f6r att inte kommunens utveckling blir marginaliserad av en eventuell utbyggnad av snabbt\u00e5g Stockholm-G\u00f6teborg, Stockholm-Malm\u00f6?<strong><br \/>\n&#8211; <\/strong>P\u00e5 vilka s\u00e4tt agerar kommunen f\u00f6r att f\u00e5 tillst\u00e5nd n\u00f6dv\u00e4ndiga investeringar i ostkustbanan (fyrsp\u00e5r) och Arosl\u00e4nken?<strong> &#8211; <\/strong>Finns det en m\u00f6jlighet att f\u00e5 en j\u00e4rnv\u00e4gsdep\u00e5 f\u00f6r snabbt\u00e5g till Uppsala, och hur agerar kommunen aktivt f\u00f6r detta?<\/p>\n<p>Uppsala 2015-10-05<br \/>\nJonas Segersam (KD)<\/p>\n","protected":false},"excerpt":{"rendered":"<p>Inl\u00e4mnad 2015-10-05 Sverigef\u00f6rhandlingen har regeringens uppdrag att m\u00f6jligg\u00f6ra ett snabbt genomf\u00f6rande av nya h\u00f6ghastighetsj\u00e4rnv\u00e4gar i Sverige. T\u00e5gen p\u00e5 de nya h\u00f6ghastighetsj\u00e4rnv\u00e4garna ska g\u00e5 fr\u00e5n Stockholm till G\u00f6teborg p\u00e5 tv\u00e5 timmar och fr\u00e5n Stockholm till Malm\u00f6 p\u00e5 tv\u00e5 och en halv timme. Den nya j\u00e4rnv\u00e4gen \u00e4r viktig f\u00f6r de tre storst\u00e4derna, men den kommer ocks\u00e5 att <a class=\"read-more-link\" href=\"https:\/\/wp.kristdemokraterna.se\/uppsala\/interpellation-gallande-uppsala-kommuns-intressen-gentemot-sverigeforhandlingen-och-staten\/\">Read More<\/a><\/p>\n","protected":false},"author":702,"featured_media":1854,"comment_status":"closed","ping_status":"closed","sticky":false,"template":"","format":"standard","meta":{"_acf_changed":false,"footnotes":""},"categories":[232],"tags":[156,155,159,157,22,154,158,39],"class_list":["post-1723","post","type-post","status-publish","format-standard","hentry","category-kollektivtrafik-o-stadsplanering","tag-aroslanken","tag-fyrspar","tag-jarnvag","tag-jarnvagsdepa","tag-jonas-segersam","tag-sverigeforhandlingen","tag-tag","tag-uppsala-kommun"],"acf":[],"yoast_head":"<!-- This site is optimized with the Yoast SEO plugin v27.4 - https:\/\/yoast.com\/product\/yoast-seo-wordpress\/ -->\n<title>Interpellation g\u00e4llande Uppsala kommuns intressen gentemot Sverigef\u00f6rhandlingen och staten | Kristdemokraterna | Uppsala<\/title>\n<meta name=\"robots\" content=\"index, follow, max-snippet:-1, max-image-preview:large, max-video-preview:-1\" \/>\n<link rel=\"canonical\" href=\"https:\/\/wp.kristdemokraterna.se\/uppsala\/interpellation-gallande-uppsala-kommuns-intressen-gentemot-sverigeforhandlingen-och-staten\/\" \/>\n<meta property=\"og:locale\" content=\"sv_SE\" \/>\n<meta property=\"og:type\" content=\"article\" \/>\n<meta property=\"og:title\" content=\"Interpellation g\u00e4llande Uppsala kommuns intressen gentemot Sverigef\u00f6rhandlingen och staten | Kristdemokraterna | Uppsala\" \/>\n<meta property=\"og:description\" content=\"Inl\u00e4mnad 2015-10-05 Sverigef\u00f6rhandlingen har regeringens uppdrag att m\u00f6jligg\u00f6ra ett snabbt genomf\u00f6rande av nya h\u00f6ghastighetsj\u00e4rnv\u00e4gar i Sverige. T\u00e5gen p\u00e5 de nya h\u00f6ghastighetsj\u00e4rnv\u00e4garna ska g\u00e5 fr\u00e5n Stockholm till G\u00f6teborg p\u00e5 tv\u00e5 timmar och fr\u00e5n Stockholm till Malm\u00f6 p\u00e5 tv\u00e5 och en halv timme. Den nya j\u00e4rnv\u00e4gen \u00e4r viktig f\u00f6r de tre storst\u00e4derna, men den kommer ocks\u00e5 att Read More\" \/>\n<meta property=\"og:url\" content=\"https:\/\/wp.kristdemokraterna.se\/uppsala\/interpellation-gallande-uppsala-kommuns-intressen-gentemot-sverigeforhandlingen-och-staten\/\" \/>\n<meta property=\"og:site_name\" content=\"Kristdemokraterna | Uppsala\" \/>\n<meta property=\"article:publisher\" content=\"https:\/\/www.facebook.com\/UppsalaKD\/\" \/>\n<meta property=\"article:published_time\" content=\"2015-10-05T12:12:42+00:00\" \/>\n<meta property=\"article:modified_time\" content=\"2024-04-07T16:25:16+00:00\" \/>\n<meta property=\"og:image\" content=\"http:\/\/wp.kristdemokraterna.se\/uppsala\/files\/2015\/10\/train.jpg\" \/>\n\t<meta property=\"og:image:width\" content=\"640\" \/>\n\t<meta property=\"og:image:height\" content=\"480\" \/>\n\t<meta property=\"og:image:type\" content=\"image\/jpeg\" \/>\n<meta name=\"author\" content=\"Mimmi Westerlund\" \/>\n<meta name=\"twitter:card\" content=\"summary_large_image\" \/>\n<meta name=\"twitter:label1\" content=\"Skriven av\" \/>\n\t<meta name=\"twitter:data1\" content=\"Mimmi Westerlund\" \/>\n\t<meta name=\"twitter:label2\" content=\"Ber\u00e4knad l\u00e4stid\" \/>\n\t<meta name=\"twitter:data2\" content=\"2 minuter\" \/>\n<script type=\"application\/ld+json\" class=\"yoast-schema-graph\">{\"@context\":\"https:\\\/\\\/schema.org\",\"@graph\":[{\"@type\":\"Article\",\"@id\":\"https:\\\/\\\/wp.kristdemokraterna.se\\\/uppsala\\\/interpellation-gallande-uppsala-kommuns-intressen-gentemot-sverigeforhandlingen-och-staten\\\/#article\",\"isPartOf\":{\"@id\":\"https:\\\/\\\/wp.kristdemokraterna.se\\\/uppsala\\\/interpellation-gallande-uppsala-kommuns-intressen-gentemot-sverigeforhandlingen-och-staten\\\/\"},\"author\":{\"name\":\"Mimmi Westerlund\",\"@id\":\"https:\\\/\\\/wp.kristdemokraterna.se\\\/uppsala\\\/#\\\/schema\\\/person\\\/038d805d685fb0ce5ad14ab8711d8e84\"},\"headline\":\"Interpellation g\u00e4llande Uppsala kommuns intressen gentemot Sverigef\u00f6rhandlingen och staten\",\"datePublished\":\"2015-10-05T12:12:42+00:00\",\"dateModified\":\"2024-04-07T16:25:16+00:00\",\"mainEntityOfPage\":{\"@id\":\"https:\\\/\\\/wp.kristdemokraterna.se\\\/uppsala\\\/interpellation-gallande-uppsala-kommuns-intressen-gentemot-sverigeforhandlingen-och-staten\\\/\"},\"wordCount\":498,\"publisher\":{\"@id\":\"https:\\\/\\\/wp.kristdemokraterna.se\\\/uppsala\\\/#organization\"},\"image\":{\"@id\":\"https:\\\/\\\/wp.kristdemokraterna.se\\\/uppsala\\\/interpellation-gallande-uppsala-kommuns-intressen-gentemot-sverigeforhandlingen-och-staten\\\/#primaryimage\"},\"thumbnailUrl\":\"https:\\\/\\\/wp.kristdemokraterna.se\\\/uppsala\\\/files\\\/2015\\\/10\\\/train.jpg\",\"keywords\":[\"Arosl\u00e4nken\",\"Fyrsp\u00e5r\",\"J\u00e4rnv\u00e4g\",\"J\u00e4rnv\u00e4gsdep\u00e5\",\"Jonas Segersam\",\"Sverigef\u00f6rhandlingen\",\"T\u00e5g\",\"Uppsala kommun\"],\"articleSection\":[\"Kollektivtrafik &amp; Stadsplanering\"],\"inLanguage\":\"sv-SE\"},{\"@type\":\"WebPage\",\"@id\":\"https:\\\/\\\/wp.kristdemokraterna.se\\\/uppsala\\\/interpellation-gallande-uppsala-kommuns-intressen-gentemot-sverigeforhandlingen-och-staten\\\/\",\"url\":\"https:\\\/\\\/wp.kristdemokraterna.se\\\/uppsala\\\/interpellation-gallande-uppsala-kommuns-intressen-gentemot-sverigeforhandlingen-och-staten\\\/\",\"name\":\"Interpellation g\u00e4llande Uppsala kommuns intressen gentemot Sverigef\u00f6rhandlingen och staten | Kristdemokraterna | Uppsala\",\"isPartOf\":{\"@id\":\"https:\\\/\\\/wp.kristdemokraterna.se\\\/uppsala\\\/#website\"},\"primaryImageOfPage\":{\"@id\":\"https:\\\/\\\/wp.kristdemokraterna.se\\\/uppsala\\\/interpellation-gallande-uppsala-kommuns-intressen-gentemot-sverigeforhandlingen-och-staten\\\/#primaryimage\"},\"image\":{\"@id\":\"https:\\\/\\\/wp.kristdemokraterna.se\\\/uppsala\\\/interpellation-gallande-uppsala-kommuns-intressen-gentemot-sverigeforhandlingen-och-staten\\\/#primaryimage\"},\"thumbnailUrl\":\"https:\\\/\\\/wp.kristdemokraterna.se\\\/uppsala\\\/files\\\/2015\\\/10\\\/train.jpg\",\"datePublished\":\"2015-10-05T12:12:42+00:00\",\"dateModified\":\"2024-04-07T16:25:16+00:00\",\"breadcrumb\":{\"@id\":\"https:\\\/\\\/wp.kristdemokraterna.se\\\/uppsala\\\/interpellation-gallande-uppsala-kommuns-intressen-gentemot-sverigeforhandlingen-och-staten\\\/#breadcrumb\"},\"inLanguage\":\"sv-SE\",\"potentialAction\":[{\"@type\":\"ReadAction\",\"target\":[\"https:\\\/\\\/wp.kristdemokraterna.se\\\/uppsala\\\/interpellation-gallande-uppsala-kommuns-intressen-gentemot-sverigeforhandlingen-och-staten\\\/\"]}]},{\"@type\":\"ImageObject\",\"inLanguage\":\"sv-SE\",\"@id\":\"https:\\\/\\\/wp.kristdemokraterna.se\\\/uppsala\\\/interpellation-gallande-uppsala-kommuns-intressen-gentemot-sverigeforhandlingen-och-staten\\\/#primaryimage\",\"url\":\"https:\\\/\\\/wp.kristdemokraterna.se\\\/uppsala\\\/files\\\/2015\\\/10\\\/train.jpg\",\"contentUrl\":\"https:\\\/\\\/wp.kristdemokraterna.se\\\/uppsala\\\/files\\\/2015\\\/10\\\/train.jpg\",\"width\":640,\"height\":480},{\"@type\":\"BreadcrumbList\",\"@id\":\"https:\\\/\\\/wp.kristdemokraterna.se\\\/uppsala\\\/interpellation-gallande-uppsala-kommuns-intressen-gentemot-sverigeforhandlingen-och-staten\\\/#breadcrumb\",\"itemListElement\":[{\"@type\":\"ListItem\",\"position\":1,\"name\":\"Hem\",\"item\":\"https:\\\/\\\/wp.kristdemokraterna.se\\\/uppsala\\\/\"},{\"@type\":\"ListItem\",\"position\":2,\"name\":\"Interpellation g\u00e4llande Uppsala kommuns intressen gentemot Sverigef\u00f6rhandlingen och staten\"}]},{\"@type\":\"WebSite\",\"@id\":\"https:\\\/\\\/wp.kristdemokraterna.se\\\/uppsala\\\/#website\",\"url\":\"https:\\\/\\\/wp.kristdemokraterna.se\\\/uppsala\\\/\",\"name\":\"Kristdemokraterna Uppsala\",\"description\":\"Tryggare Uppsala\",\"publisher\":{\"@id\":\"https:\\\/\\\/wp.kristdemokraterna.se\\\/uppsala\\\/#organization\"},\"inLanguage\":\"sv-SE\"},{\"@type\":\"Organization\",\"@id\":\"https:\\\/\\\/wp.kristdemokraterna.se\\\/uppsala\\\/#organization\",\"name\":\"Kristdemokraterna Uppsala\",\"url\":\"https:\\\/\\\/wp.kristdemokraterna.se\\\/uppsala\\\/\",\"logo\":{\"@type\":\"ImageObject\",\"inLanguage\":\"sv-SE\",\"@id\":\"https:\\\/\\\/wp.kristdemokraterna.se\\\/uppsala\\\/#\\\/schema\\\/logo\\\/image\\\/\",\"url\":\"https:\\\/\\\/wp.kristdemokraterna.se\\\/uppsala\\\/files\\\/2019\\\/10\\\/kd-uppsala.png\",\"contentUrl\":\"https:\\\/\\\/wp.kristdemokraterna.se\\\/uppsala\\\/files\\\/2019\\\/10\\\/kd-uppsala.png\",\"width\":804,\"height\":421,\"caption\":\"Kristdemokraterna Uppsala\"},\"image\":{\"@id\":\"https:\\\/\\\/wp.kristdemokraterna.se\\\/uppsala\\\/#\\\/schema\\\/logo\\\/image\\\/\"},\"sameAs\":[\"https:\\\/\\\/www.facebook.com\\\/UppsalaKD\\\/\",\"https:\\\/\\\/www.instagram.com\\\/uppsalakd\\\/\"]},{\"@type\":\"Person\",\"@id\":\"https:\\\/\\\/wp.kristdemokraterna.se\\\/uppsala\\\/#\\\/schema\\\/person\\\/038d805d685fb0ce5ad14ab8711d8e84\",\"name\":\"Mimmi Westerlund\",\"image\":{\"@type\":\"ImageObject\",\"inLanguage\":\"sv-SE\",\"@id\":\"https:\\\/\\\/secure.gravatar.com\\\/avatar\\\/a5697359f709b6b10d9c7e6a7c89f3e054554dedb4657d5ffe9e5bc5b1445841?s=96&r=g\",\"url\":\"https:\\\/\\\/secure.gravatar.com\\\/avatar\\\/a5697359f709b6b10d9c7e6a7c89f3e054554dedb4657d5ffe9e5bc5b1445841?s=96&r=g\",\"contentUrl\":\"https:\\\/\\\/secure.gravatar.com\\\/avatar\\\/a5697359f709b6b10d9c7e6a7c89f3e054554dedb4657d5ffe9e5bc5b1445841?s=96&r=g\",\"caption\":\"Mimmi Westerlund\"},\"url\":\"https:\\\/\\\/wp.kristdemokraterna.se\\\/uppsala\\\/author\\\/mimmi\\\/\"}]}<\/script>\n<!-- \/ Yoast SEO plugin. -->","yoast_head_json":{"title":"Interpellation g\u00e4llande Uppsala kommuns intressen gentemot Sverigef\u00f6rhandlingen och staten | Kristdemokraterna | Uppsala","robots":{"index":"index","follow":"follow","max-snippet":"max-snippet:-1","max-image-preview":"max-image-preview:large","max-video-preview":"max-video-preview:-1"},"canonical":"https:\/\/wp.kristdemokraterna.se\/uppsala\/interpellation-gallande-uppsala-kommuns-intressen-gentemot-sverigeforhandlingen-och-staten\/","og_locale":"sv_SE","og_type":"article","og_title":"Interpellation g\u00e4llande Uppsala kommuns intressen gentemot Sverigef\u00f6rhandlingen och staten | Kristdemokraterna | Uppsala","og_description":"Inl\u00e4mnad 2015-10-05 Sverigef\u00f6rhandlingen har regeringens uppdrag att m\u00f6jligg\u00f6ra ett snabbt genomf\u00f6rande av nya h\u00f6ghastighetsj\u00e4rnv\u00e4gar i Sverige. T\u00e5gen p\u00e5 de nya h\u00f6ghastighetsj\u00e4rnv\u00e4garna ska g\u00e5 fr\u00e5n Stockholm till G\u00f6teborg p\u00e5 tv\u00e5 timmar och fr\u00e5n Stockholm till Malm\u00f6 p\u00e5 tv\u00e5 och en halv timme. Den nya j\u00e4rnv\u00e4gen \u00e4r viktig f\u00f6r de tre storst\u00e4derna, men den kommer ocks\u00e5 att Read More","og_url":"https:\/\/wp.kristdemokraterna.se\/uppsala\/interpellation-gallande-uppsala-kommuns-intressen-gentemot-sverigeforhandlingen-och-staten\/","og_site_name":"Kristdemokraterna | Uppsala","article_publisher":"https:\/\/www.facebook.com\/UppsalaKD\/","article_published_time":"2015-10-05T12:12:42+00:00","article_modified_time":"2024-04-07T16:25:16+00:00","og_image":[{"width":640,"height":480,"url":"http:\/\/wp.kristdemokraterna.se\/uppsala\/files\/2015\/10\/train.jpg","type":"image\/jpeg"}],"author":"Mimmi Westerlund","twitter_card":"summary_large_image","twitter_misc":{"Skriven av":"Mimmi Westerlund","Ber\u00e4knad l\u00e4stid":"2 minuter"},"schema":{"@context":"https:\/\/schema.org","@graph":[{"@type":"Article","@id":"https:\/\/wp.kristdemokraterna.se\/uppsala\/interpellation-gallande-uppsala-kommuns-intressen-gentemot-sverigeforhandlingen-och-staten\/#article","isPartOf":{"@id":"https:\/\/wp.kristdemokraterna.se\/uppsala\/interpellation-gallande-uppsala-kommuns-intressen-gentemot-sverigeforhandlingen-och-staten\/"},"author":{"name":"Mimmi Westerlund","@id":"https:\/\/wp.kristdemokraterna.se\/uppsala\/#\/schema\/person\/038d805d685fb0ce5ad14ab8711d8e84"},"headline":"Interpellation g\u00e4llande Uppsala kommuns intressen gentemot Sverigef\u00f6rhandlingen och staten","datePublished":"2015-10-05T12:12:42+00:00","dateModified":"2024-04-07T16:25:16+00:00","mainEntityOfPage":{"@id":"https:\/\/wp.kristdemokraterna.se\/uppsala\/interpellation-gallande-uppsala-kommuns-intressen-gentemot-sverigeforhandlingen-och-staten\/"},"wordCount":498,"publisher":{"@id":"https:\/\/wp.kristdemokraterna.se\/uppsala\/#organization"},"image":{"@id":"https:\/\/wp.kristdemokraterna.se\/uppsala\/interpellation-gallande-uppsala-kommuns-intressen-gentemot-sverigeforhandlingen-och-staten\/#primaryimage"},"thumbnailUrl":"https:\/\/wp.kristdemokraterna.se\/uppsala\/files\/2015\/10\/train.jpg","keywords":["Arosl\u00e4nken","Fyrsp\u00e5r","J\u00e4rnv\u00e4g","J\u00e4rnv\u00e4gsdep\u00e5","Jonas Segersam","Sverigef\u00f6rhandlingen","T\u00e5g","Uppsala kommun"],"articleSection":["Kollektivtrafik &amp; Stadsplanering"],"inLanguage":"sv-SE"},{"@type":"WebPage","@id":"https:\/\/wp.kristdemokraterna.se\/uppsala\/interpellation-gallande-uppsala-kommuns-intressen-gentemot-sverigeforhandlingen-och-staten\/","url":"https:\/\/wp.kristdemokraterna.se\/uppsala\/interpellation-gallande-uppsala-kommuns-intressen-gentemot-sverigeforhandlingen-och-staten\/","name":"Interpellation g\u00e4llande Uppsala kommuns intressen gentemot Sverigef\u00f6rhandlingen och staten | Kristdemokraterna | Uppsala","isPartOf":{"@id":"https:\/\/wp.kristdemokraterna.se\/uppsala\/#website"},"primaryImageOfPage":{"@id":"https:\/\/wp.kristdemokraterna.se\/uppsala\/interpellation-gallande-uppsala-kommuns-intressen-gentemot-sverigeforhandlingen-och-staten\/#primaryimage"},"image":{"@id":"https:\/\/wp.kristdemokraterna.se\/uppsala\/interpellation-gallande-uppsala-kommuns-intressen-gentemot-sverigeforhandlingen-och-staten\/#primaryimage"},"thumbnailUrl":"https:\/\/wp.kristdemokraterna.se\/uppsala\/files\/2015\/10\/train.jpg","datePublished":"2015-10-05T12:12:42+00:00","dateModified":"2024-04-07T16:25:16+00:00","breadcrumb":{"@id":"https:\/\/wp.kristdemokraterna.se\/uppsala\/interpellation-gallande-uppsala-kommuns-intressen-gentemot-sverigeforhandlingen-och-staten\/#breadcrumb"},"inLanguage":"sv-SE","potentialAction":[{"@type":"ReadAction","target":["https:\/\/wp.kristdemokraterna.se\/uppsala\/interpellation-gallande-uppsala-kommuns-intressen-gentemot-sverigeforhandlingen-och-staten\/"]}]},{"@type":"ImageObject","inLanguage":"sv-SE","@id":"https:\/\/wp.kristdemokraterna.se\/uppsala\/interpellation-gallande-uppsala-kommuns-intressen-gentemot-sverigeforhandlingen-och-staten\/#primaryimage","url":"https:\/\/wp.kristdemokraterna.se\/uppsala\/files\/2015\/10\/train.jpg","contentUrl":"https:\/\/wp.kristdemokraterna.se\/uppsala\/files\/2015\/10\/train.jpg","width":640,"height":480},{"@type":"BreadcrumbList","@id":"https:\/\/wp.kristdemokraterna.se\/uppsala\/interpellation-gallande-uppsala-kommuns-intressen-gentemot-sverigeforhandlingen-och-staten\/#breadcrumb","itemListElement":[{"@type":"ListItem","position":1,"name":"Hem","item":"https:\/\/wp.kristdemokraterna.se\/uppsala\/"},{"@type":"ListItem","position":2,"name":"Interpellation g\u00e4llande Uppsala kommuns intressen gentemot Sverigef\u00f6rhandlingen och staten"}]},{"@type":"WebSite","@id":"https:\/\/wp.kristdemokraterna.se\/uppsala\/#website","url":"https:\/\/wp.kristdemokraterna.se\/uppsala\/","name":"Kristdemokraterna Uppsala","description":"Tryggare Uppsala","publisher":{"@id":"https:\/\/wp.kristdemokraterna.se\/uppsala\/#organization"},"inLanguage":"sv-SE"},{"@type":"Organization","@id":"https:\/\/wp.kristdemokraterna.se\/uppsala\/#organization","name":"Kristdemokraterna Uppsala","url":"https:\/\/wp.kristdemokraterna.se\/uppsala\/","logo":{"@type":"ImageObject","inLanguage":"sv-SE","@id":"https:\/\/wp.kristdemokraterna.se\/uppsala\/#\/schema\/logo\/image\/","url":"https:\/\/wp.kristdemokraterna.se\/uppsala\/files\/2019\/10\/kd-uppsala.png","contentUrl":"https:\/\/wp.kristdemokraterna.se\/uppsala\/files\/2019\/10\/kd-uppsala.png","width":804,"height":421,"caption":"Kristdemokraterna Uppsala"},"image":{"@id":"https:\/\/wp.kristdemokraterna.se\/uppsala\/#\/schema\/logo\/image\/"},"sameAs":["https:\/\/www.facebook.com\/UppsalaKD\/","https:\/\/www.instagram.com\/uppsalakd\/"]},{"@type":"Person","@id":"https:\/\/wp.kristdemokraterna.se\/uppsala\/#\/schema\/person\/038d805d685fb0ce5ad14ab8711d8e84","name":"Mimmi Westerlund","image":{"@type":"ImageObject","inLanguage":"sv-SE","@id":"https:\/\/secure.gravatar.com\/avatar\/a5697359f709b6b10d9c7e6a7c89f3e054554dedb4657d5ffe9e5bc5b1445841?s=96&r=g","url":"https:\/\/secure.gravatar.com\/avatar\/a5697359f709b6b10d9c7e6a7c89f3e054554dedb4657d5ffe9e5bc5b1445841?s=96&r=g","contentUrl":"https:\/\/secure.gravatar.com\/avatar\/a5697359f709b6b10d9c7e6a7c89f3e054554dedb4657d5ffe9e5bc5b1445841?s=96&r=g","caption":"Mimmi Westerlund"},"url":"https:\/\/wp.kristdemokraterna.se\/uppsala\/author\/mimmi\/"}]}},"_links":{"self":[{"href":"https:\/\/wp.kristdemokraterna.se\/uppsala\/wp-json\/wp\/v2\/posts\/1723","targetHints":{"allow":["GET"]}}],"collection":[{"href":"https:\/\/wp.kristdemokraterna.se\/uppsala\/wp-json\/wp\/v2\/posts"}],"about":[{"href":"https:\/\/wp.kristdemokraterna.se\/uppsala\/wp-json\/wp\/v2\/types\/post"}],"author":[{"embeddable":true,"href":"https:\/\/wp.kristdemokraterna.se\/uppsala\/wp-json\/wp\/v2\/users\/702"}],"replies":[{"embeddable":true,"href":"https:\/\/wp.kristdemokraterna.se\/uppsala\/wp-json\/wp\/v2\/comments?post=1723"}],"version-history":[{"count":2,"href":"https:\/\/wp.kristdemokraterna.se\/uppsala\/wp-json\/wp\/v2\/posts\/1723\/revisions"}],"predecessor-version":[{"id":1859,"href":"https:\/\/wp.kristdemokraterna.se\/uppsala\/wp-json\/wp\/v2\/posts\/1723\/revisions\/1859"}],"wp:featuredmedia":[{"embeddable":true,"href":"https:\/\/wp.kristdemokraterna.se\/uppsala\/wp-json\/wp\/v2\/media\/1854"}],"wp:attachment":[{"href":"https:\/\/wp.kristdemokraterna.se\/uppsala\/wp-json\/wp\/v2\/media?parent=1723"}],"wp:term":[{"taxonomy":"category","embeddable":true,"href":"https:\/\/wp.kristdemokraterna.se\/uppsala\/wp-json\/wp\/v2\/categories?post=1723"},{"taxonomy":"post_tag","embeddable":true,"href":"https:\/\/wp.kristdemokraterna.se\/uppsala\/wp-json\/wp\/v2\/tags?post=1723"}],"curies":[{"name":"wp","href":"https:\/\/api.w.org\/{rel}","templated":true}]}}