{"id":1759,"date":"2015-11-06T10:50:57","date_gmt":"2015-11-06T09:50:57","guid":{"rendered":"http:\/\/wp.kristdemokraterna.se\/uppsala\/?p=1759"},"modified":"2024-04-04T01:24:19","modified_gmt":"2024-04-03T23:24:19","slug":"nej-till-tvangskvoterad-foraldraforsakring","status":"publish","type":"post","link":"https:\/\/wp.kristdemokraterna.se\/uppsala\/nej-till-tvangskvoterad-foraldraforsakring\/","title":{"rendered":"Nej till tv\u00e5ngskvoterad f\u00f6r\u00e4ldraf\u00f6rs\u00e4kring!"},"content":{"rendered":"<p>Inom kort kommer riksdagen klubba igenom en ut\u00f6kad kvotering av f\u00f6r\u00e4ldraf\u00f6rs\u00e4kringen. Ytterligare en m\u00e5nad kommer att vara knuten till vardera f\u00f6r\u00e4ldern, vilket minskar den m\u00f6jlighet som i dag finns f\u00f6r f\u00f6r\u00e4ldrarna att \u00f6verl\u00e5ta dagar mellan varandra. \u00c5terigen bekr\u00e4ftas att s\u00e5 fort Sverige har en regering utan kristdemokrater s\u00e5 kommer f\u00f6rslag om att begr\u00e4nsa familjernas frihet som ett brev p\u00e5 posten. <!--more--><\/p>\n<div>\n<p>Tidigare i \u00e5r visade en opinionsm\u00e4tning fr\u00e5n Novus att 76 procent av medborgarna anser att f\u00f6r\u00e4ldrarna sj\u00e4lva ska best\u00e4mma \u00f6ver sin f\u00f6r\u00e4ldraledighet. \u00c4ven bland de r\u00f6dgr\u00f6na partiernas v\u00e4ljare finns en klar majoritet p\u00e5 60 procent som \u00e4r emot kvotering av f\u00f6r\u00e4ldraf\u00f6rs\u00e4kringen. Tyv\u00e4rr \u00e4r partitopparna i regeringen fast beslutna att ytterligare \u00f6ka styrningen av hur de svenska familjerna f\u00f6rdelar sin f\u00f6r\u00e4ldraledighet.<\/p>\n<p>Kristdemokraterna \u00e4r tydliga med att vi vill \u00f6ka familjernas frihet. D\u00e4rf\u00f6r \u00e4r vi emot kvotering av f\u00f6r\u00e4ldraf\u00f6rs\u00e4kringen. I st\u00e4llet f\u00f6r \u00f6kad styrning vill vi ha full flexibilitet att \u00f6verl\u00e5ta dagar mellan f\u00f6r\u00e4ldrarna. Kvotering tar inte h\u00e4nsyn till att familjer \u00e4r olika och har olika f\u00f6ruts\u00e4ttningar. Ju mer fyrkantiga system som skapas desto s\u00e4mre passar de in i olika familjers vardag. Vi kristdemokrater anser att politiken ska st\u00f6dja \u2013 inte styra. Politiken ska underl\u00e4tta livet, inte optimera statistik.<\/p>\n<p>I st\u00e4llet f\u00f6r politiska ovanifr\u00e5nl\u00f6sningar vill vi kristdemokrater skapa \u00f6kade m\u00f6jligheter f\u00f6r b\u00e5de pappor och mammor att spendera mer tid med sina barn. Kristdemokraterna vill d\u00e4rf\u00f6r f\u00f6rl\u00e4nga r\u00e4tten till tj\u00e4nstledighet, f\u00f6rl\u00e4nga f\u00f6r\u00e4ldraf\u00f6rs\u00e4kringen med 30 dagar och skydda inkomsten f\u00f6r f\u00f6r\u00e4ldralediga tills barnet \u00e4r tre \u00e5r. P\u00e5 s\u00e5 s\u00e4tt f\u00f6rsvinner n\u00e5gra av de regler som i dag missgynnar pappor och det blir l\u00e4ttare att kombinera familjeliv och arbetsliv.<\/p>\n<p>De flesta \u00e4r eniga om att f\u00f6r\u00e4ldraf\u00f6rs\u00e4kringen ska vara till f\u00f6r barnens skull, inte f\u00f6r politikernas skull. D\u00e5 m\u00e5ste vi st\u00e4lla oss fr\u00e5gorna: Vilka k\u00e4nner barnen b\u00e4st? Vilka har st\u00f6rst insikt om den egna familjens behov och situation? Stefan L\u00f6fven och hans tillskyndare svarar att det \u00e4r regeringen. Jag svarar att det \u00e4r f\u00f6r\u00e4ldrarna sj\u00e4lva.<\/p>\n<\/div>\n<p>&nbsp;<\/p>\n<p>&nbsp;<\/p>\n<p>&nbsp;<\/p>\n<p>&nbsp;<\/p>\n","protected":false},"excerpt":{"rendered":"<p>Inom kort kommer riksdagen klubba igenom en ut\u00f6kad kvotering av f\u00f6r\u00e4ldraf\u00f6rs\u00e4kringen. Ytterligare en m\u00e5nad kommer att vara knuten till vardera f\u00f6r\u00e4ldern, vilket minskar den m\u00f6jlighet som i dag finns f\u00f6r f\u00f6r\u00e4ldrarna att \u00f6verl\u00e5ta dagar mellan varandra. \u00c5terigen bekr\u00e4ftas att s\u00e5 fort Sverige har en regering utan kristdemokrater s\u00e5 kommer f\u00f6rslag om att begr\u00e4nsa familjernas frihet <a class=\"read-more-link\" href=\"https:\/\/wp.kristdemokraterna.se\/uppsala\/nej-till-tvangskvoterad-foraldraforsakring\/\">Read More<\/a><\/p>\n","protected":false},"author":702,"featured_media":1760,"comment_status":"closed","ping_status":"closed","sticky":false,"template":"","format":"standard","meta":{"_acf_changed":false,"footnotes":""},"categories":[241],"tags":[],"class_list":["post-1759","post","type-post","status-publish","format-standard","hentry","category-familj-och-skola"],"acf":[],"yoast_head":"<!-- This site is optimized with the Yoast SEO plugin v27.4 - https:\/\/yoast.com\/product\/yoast-seo-wordpress\/ -->\n<title>Nej till tv\u00e5ngskvoterad f\u00f6r\u00e4ldraf\u00f6rs\u00e4kring! | Kristdemokraterna | Uppsala<\/title>\n<meta name=\"robots\" content=\"index, follow, max-snippet:-1, max-image-preview:large, max-video-preview:-1\" \/>\n<link rel=\"canonical\" href=\"https:\/\/wp.kristdemokraterna.se\/uppsala\/nej-till-tvangskvoterad-foraldraforsakring\/\" \/>\n<meta property=\"og:locale\" content=\"sv_SE\" \/>\n<meta property=\"og:type\" content=\"article\" \/>\n<meta property=\"og:title\" content=\"Nej till tv\u00e5ngskvoterad f\u00f6r\u00e4ldraf\u00f6rs\u00e4kring! | Kristdemokraterna | Uppsala\" \/>\n<meta property=\"og:description\" content=\"Inom kort kommer riksdagen klubba igenom en ut\u00f6kad kvotering av f\u00f6r\u00e4ldraf\u00f6rs\u00e4kringen. Ytterligare en m\u00e5nad kommer att vara knuten till vardera f\u00f6r\u00e4ldern, vilket minskar den m\u00f6jlighet som i dag finns f\u00f6r f\u00f6r\u00e4ldrarna att \u00f6verl\u00e5ta dagar mellan varandra. \u00c5terigen bekr\u00e4ftas att s\u00e5 fort Sverige har en regering utan kristdemokrater s\u00e5 kommer f\u00f6rslag om att begr\u00e4nsa familjernas frihet Read More\" \/>\n<meta property=\"og:url\" content=\"https:\/\/wp.kristdemokraterna.se\/uppsala\/nej-till-tvangskvoterad-foraldraforsakring\/\" \/>\n<meta property=\"og:site_name\" content=\"Kristdemokraterna | Uppsala\" \/>\n<meta property=\"article:publisher\" content=\"https:\/\/www.facebook.com\/UppsalaKD\/\" \/>\n<meta property=\"article:published_time\" content=\"2015-11-06T09:50:57+00:00\" \/>\n<meta property=\"article:modified_time\" content=\"2024-04-03T23:24:19+00:00\" \/>\n<meta property=\"og:image\" content=\"http:\/\/wp.kristdemokraterna.se\/uppsala\/files\/2015\/11\/ratt.png\" \/>\n\t<meta property=\"og:image:width\" content=\"940\" \/>\n\t<meta property=\"og:image:height\" content=\"788\" \/>\n\t<meta property=\"og:image:type\" content=\"image\/png\" \/>\n<meta name=\"author\" content=\"Mimmi Westerlund\" \/>\n<meta name=\"twitter:card\" content=\"summary_large_image\" \/>\n<meta name=\"twitter:label1\" content=\"Skriven av\" \/>\n\t<meta name=\"twitter:data1\" content=\"Mimmi Westerlund\" \/>\n\t<meta name=\"twitter:label2\" content=\"Ber\u00e4knad l\u00e4stid\" \/>\n\t<meta name=\"twitter:data2\" content=\"2 minuter\" \/>\n<script type=\"application\/ld+json\" class=\"yoast-schema-graph\">{\"@context\":\"https:\\\/\\\/schema.org\",\"@graph\":[{\"@type\":\"Article\",\"@id\":\"https:\\\/\\\/wp.kristdemokraterna.se\\\/uppsala\\\/nej-till-tvangskvoterad-foraldraforsakring\\\/#article\",\"isPartOf\":{\"@id\":\"https:\\\/\\\/wp.kristdemokraterna.se\\\/uppsala\\\/nej-till-tvangskvoterad-foraldraforsakring\\\/\"},\"author\":{\"name\":\"Mimmi Westerlund\",\"@id\":\"https:\\\/\\\/wp.kristdemokraterna.se\\\/uppsala\\\/#\\\/schema\\\/person\\\/038d805d685fb0ce5ad14ab8711d8e84\"},\"headline\":\"Nej till tv\u00e5ngskvoterad f\u00f6r\u00e4ldraf\u00f6rs\u00e4kring!\",\"datePublished\":\"2015-11-06T09:50:57+00:00\",\"dateModified\":\"2024-04-03T23:24:19+00:00\",\"mainEntityOfPage\":{\"@id\":\"https:\\\/\\\/wp.kristdemokraterna.se\\\/uppsala\\\/nej-till-tvangskvoterad-foraldraforsakring\\\/\"},\"wordCount\":422,\"publisher\":{\"@id\":\"https:\\\/\\\/wp.kristdemokraterna.se\\\/uppsala\\\/#organization\"},\"image\":{\"@id\":\"https:\\\/\\\/wp.kristdemokraterna.se\\\/uppsala\\\/nej-till-tvangskvoterad-foraldraforsakring\\\/#primaryimage\"},\"thumbnailUrl\":\"https:\\\/\\\/wp.kristdemokraterna.se\\\/uppsala\\\/files\\\/2015\\\/11\\\/ratt.png\",\"articleSection\":[\"Familj &amp; skola\"],\"inLanguage\":\"sv-SE\"},{\"@type\":\"WebPage\",\"@id\":\"https:\\\/\\\/wp.kristdemokraterna.se\\\/uppsala\\\/nej-till-tvangskvoterad-foraldraforsakring\\\/\",\"url\":\"https:\\\/\\\/wp.kristdemokraterna.se\\\/uppsala\\\/nej-till-tvangskvoterad-foraldraforsakring\\\/\",\"name\":\"Nej till tv\u00e5ngskvoterad f\u00f6r\u00e4ldraf\u00f6rs\u00e4kring! | Kristdemokraterna | Uppsala\",\"isPartOf\":{\"@id\":\"https:\\\/\\\/wp.kristdemokraterna.se\\\/uppsala\\\/#website\"},\"primaryImageOfPage\":{\"@id\":\"https:\\\/\\\/wp.kristdemokraterna.se\\\/uppsala\\\/nej-till-tvangskvoterad-foraldraforsakring\\\/#primaryimage\"},\"image\":{\"@id\":\"https:\\\/\\\/wp.kristdemokraterna.se\\\/uppsala\\\/nej-till-tvangskvoterad-foraldraforsakring\\\/#primaryimage\"},\"thumbnailUrl\":\"https:\\\/\\\/wp.kristdemokraterna.se\\\/uppsala\\\/files\\\/2015\\\/11\\\/ratt.png\",\"datePublished\":\"2015-11-06T09:50:57+00:00\",\"dateModified\":\"2024-04-03T23:24:19+00:00\",\"breadcrumb\":{\"@id\":\"https:\\\/\\\/wp.kristdemokraterna.se\\\/uppsala\\\/nej-till-tvangskvoterad-foraldraforsakring\\\/#breadcrumb\"},\"inLanguage\":\"sv-SE\",\"potentialAction\":[{\"@type\":\"ReadAction\",\"target\":[\"https:\\\/\\\/wp.kristdemokraterna.se\\\/uppsala\\\/nej-till-tvangskvoterad-foraldraforsakring\\\/\"]}]},{\"@type\":\"ImageObject\",\"inLanguage\":\"sv-SE\",\"@id\":\"https:\\\/\\\/wp.kristdemokraterna.se\\\/uppsala\\\/nej-till-tvangskvoterad-foraldraforsakring\\\/#primaryimage\",\"url\":\"https:\\\/\\\/wp.kristdemokraterna.se\\\/uppsala\\\/files\\\/2015\\\/11\\\/ratt.png\",\"contentUrl\":\"https:\\\/\\\/wp.kristdemokraterna.se\\\/uppsala\\\/files\\\/2015\\\/11\\\/ratt.png\",\"width\":940,\"height\":788},{\"@type\":\"BreadcrumbList\",\"@id\":\"https:\\\/\\\/wp.kristdemokraterna.se\\\/uppsala\\\/nej-till-tvangskvoterad-foraldraforsakring\\\/#breadcrumb\",\"itemListElement\":[{\"@type\":\"ListItem\",\"position\":1,\"name\":\"Hem\",\"item\":\"https:\\\/\\\/wp.kristdemokraterna.se\\\/uppsala\\\/\"},{\"@type\":\"ListItem\",\"position\":2,\"name\":\"Nej till tv\u00e5ngskvoterad f\u00f6r\u00e4ldraf\u00f6rs\u00e4kring!\"}]},{\"@type\":\"WebSite\",\"@id\":\"https:\\\/\\\/wp.kristdemokraterna.se\\\/uppsala\\\/#website\",\"url\":\"https:\\\/\\\/wp.kristdemokraterna.se\\\/uppsala\\\/\",\"name\":\"Kristdemokraterna Uppsala\",\"description\":\"Tryggare Uppsala\",\"publisher\":{\"@id\":\"https:\\\/\\\/wp.kristdemokraterna.se\\\/uppsala\\\/#organization\"},\"inLanguage\":\"sv-SE\"},{\"@type\":\"Organization\",\"@id\":\"https:\\\/\\\/wp.kristdemokraterna.se\\\/uppsala\\\/#organization\",\"name\":\"Kristdemokraterna Uppsala\",\"url\":\"https:\\\/\\\/wp.kristdemokraterna.se\\\/uppsala\\\/\",\"logo\":{\"@type\":\"ImageObject\",\"inLanguage\":\"sv-SE\",\"@id\":\"https:\\\/\\\/wp.kristdemokraterna.se\\\/uppsala\\\/#\\\/schema\\\/logo\\\/image\\\/\",\"url\":\"https:\\\/\\\/wp.kristdemokraterna.se\\\/uppsala\\\/files\\\/2019\\\/10\\\/kd-uppsala.png\",\"contentUrl\":\"https:\\\/\\\/wp.kristdemokraterna.se\\\/uppsala\\\/files\\\/2019\\\/10\\\/kd-uppsala.png\",\"width\":804,\"height\":421,\"caption\":\"Kristdemokraterna Uppsala\"},\"image\":{\"@id\":\"https:\\\/\\\/wp.kristdemokraterna.se\\\/uppsala\\\/#\\\/schema\\\/logo\\\/image\\\/\"},\"sameAs\":[\"https:\\\/\\\/www.facebook.com\\\/UppsalaKD\\\/\",\"https:\\\/\\\/www.instagram.com\\\/uppsalakd\\\/\"]},{\"@type\":\"Person\",\"@id\":\"https:\\\/\\\/wp.kristdemokraterna.se\\\/uppsala\\\/#\\\/schema\\\/person\\\/038d805d685fb0ce5ad14ab8711d8e84\",\"name\":\"Mimmi Westerlund\",\"image\":{\"@type\":\"ImageObject\",\"inLanguage\":\"sv-SE\",\"@id\":\"https:\\\/\\\/secure.gravatar.com\\\/avatar\\\/a5697359f709b6b10d9c7e6a7c89f3e054554dedb4657d5ffe9e5bc5b1445841?s=96&r=g\",\"url\":\"https:\\\/\\\/secure.gravatar.com\\\/avatar\\\/a5697359f709b6b10d9c7e6a7c89f3e054554dedb4657d5ffe9e5bc5b1445841?s=96&r=g\",\"contentUrl\":\"https:\\\/\\\/secure.gravatar.com\\\/avatar\\\/a5697359f709b6b10d9c7e6a7c89f3e054554dedb4657d5ffe9e5bc5b1445841?s=96&r=g\",\"caption\":\"Mimmi Westerlund\"},\"url\":\"https:\\\/\\\/wp.kristdemokraterna.se\\\/uppsala\\\/author\\\/mimmi\\\/\"}]}<\/script>\n<!-- \/ Yoast SEO plugin. -->","yoast_head_json":{"title":"Nej till tv\u00e5ngskvoterad f\u00f6r\u00e4ldraf\u00f6rs\u00e4kring! | Kristdemokraterna | Uppsala","robots":{"index":"index","follow":"follow","max-snippet":"max-snippet:-1","max-image-preview":"max-image-preview:large","max-video-preview":"max-video-preview:-1"},"canonical":"https:\/\/wp.kristdemokraterna.se\/uppsala\/nej-till-tvangskvoterad-foraldraforsakring\/","og_locale":"sv_SE","og_type":"article","og_title":"Nej till tv\u00e5ngskvoterad f\u00f6r\u00e4ldraf\u00f6rs\u00e4kring! | Kristdemokraterna | Uppsala","og_description":"Inom kort kommer riksdagen klubba igenom en ut\u00f6kad kvotering av f\u00f6r\u00e4ldraf\u00f6rs\u00e4kringen. Ytterligare en m\u00e5nad kommer att vara knuten till vardera f\u00f6r\u00e4ldern, vilket minskar den m\u00f6jlighet som i dag finns f\u00f6r f\u00f6r\u00e4ldrarna att \u00f6verl\u00e5ta dagar mellan varandra. \u00c5terigen bekr\u00e4ftas att s\u00e5 fort Sverige har en regering utan kristdemokrater s\u00e5 kommer f\u00f6rslag om att begr\u00e4nsa familjernas frihet Read More","og_url":"https:\/\/wp.kristdemokraterna.se\/uppsala\/nej-till-tvangskvoterad-foraldraforsakring\/","og_site_name":"Kristdemokraterna | Uppsala","article_publisher":"https:\/\/www.facebook.com\/UppsalaKD\/","article_published_time":"2015-11-06T09:50:57+00:00","article_modified_time":"2024-04-03T23:24:19+00:00","og_image":[{"width":940,"height":788,"url":"http:\/\/wp.kristdemokraterna.se\/uppsala\/files\/2015\/11\/ratt.png","type":"image\/png"}],"author":"Mimmi Westerlund","twitter_card":"summary_large_image","twitter_misc":{"Skriven av":"Mimmi Westerlund","Ber\u00e4knad l\u00e4stid":"2 minuter"},"schema":{"@context":"https:\/\/schema.org","@graph":[{"@type":"Article","@id":"https:\/\/wp.kristdemokraterna.se\/uppsala\/nej-till-tvangskvoterad-foraldraforsakring\/#article","isPartOf":{"@id":"https:\/\/wp.kristdemokraterna.se\/uppsala\/nej-till-tvangskvoterad-foraldraforsakring\/"},"author":{"name":"Mimmi Westerlund","@id":"https:\/\/wp.kristdemokraterna.se\/uppsala\/#\/schema\/person\/038d805d685fb0ce5ad14ab8711d8e84"},"headline":"Nej till tv\u00e5ngskvoterad f\u00f6r\u00e4ldraf\u00f6rs\u00e4kring!","datePublished":"2015-11-06T09:50:57+00:00","dateModified":"2024-04-03T23:24:19+00:00","mainEntityOfPage":{"@id":"https:\/\/wp.kristdemokraterna.se\/uppsala\/nej-till-tvangskvoterad-foraldraforsakring\/"},"wordCount":422,"publisher":{"@id":"https:\/\/wp.kristdemokraterna.se\/uppsala\/#organization"},"image":{"@id":"https:\/\/wp.kristdemokraterna.se\/uppsala\/nej-till-tvangskvoterad-foraldraforsakring\/#primaryimage"},"thumbnailUrl":"https:\/\/wp.kristdemokraterna.se\/uppsala\/files\/2015\/11\/ratt.png","articleSection":["Familj &amp; skola"],"inLanguage":"sv-SE"},{"@type":"WebPage","@id":"https:\/\/wp.kristdemokraterna.se\/uppsala\/nej-till-tvangskvoterad-foraldraforsakring\/","url":"https:\/\/wp.kristdemokraterna.se\/uppsala\/nej-till-tvangskvoterad-foraldraforsakring\/","name":"Nej till tv\u00e5ngskvoterad f\u00f6r\u00e4ldraf\u00f6rs\u00e4kring! | Kristdemokraterna | Uppsala","isPartOf":{"@id":"https:\/\/wp.kristdemokraterna.se\/uppsala\/#website"},"primaryImageOfPage":{"@id":"https:\/\/wp.kristdemokraterna.se\/uppsala\/nej-till-tvangskvoterad-foraldraforsakring\/#primaryimage"},"image":{"@id":"https:\/\/wp.kristdemokraterna.se\/uppsala\/nej-till-tvangskvoterad-foraldraforsakring\/#primaryimage"},"thumbnailUrl":"https:\/\/wp.kristdemokraterna.se\/uppsala\/files\/2015\/11\/ratt.png","datePublished":"2015-11-06T09:50:57+00:00","dateModified":"2024-04-03T23:24:19+00:00","breadcrumb":{"@id":"https:\/\/wp.kristdemokraterna.se\/uppsala\/nej-till-tvangskvoterad-foraldraforsakring\/#breadcrumb"},"inLanguage":"sv-SE","potentialAction":[{"@type":"ReadAction","target":["https:\/\/wp.kristdemokraterna.se\/uppsala\/nej-till-tvangskvoterad-foraldraforsakring\/"]}]},{"@type":"ImageObject","inLanguage":"sv-SE","@id":"https:\/\/wp.kristdemokraterna.se\/uppsala\/nej-till-tvangskvoterad-foraldraforsakring\/#primaryimage","url":"https:\/\/wp.kristdemokraterna.se\/uppsala\/files\/2015\/11\/ratt.png","contentUrl":"https:\/\/wp.kristdemokraterna.se\/uppsala\/files\/2015\/11\/ratt.png","width":940,"height":788},{"@type":"BreadcrumbList","@id":"https:\/\/wp.kristdemokraterna.se\/uppsala\/nej-till-tvangskvoterad-foraldraforsakring\/#breadcrumb","itemListElement":[{"@type":"ListItem","position":1,"name":"Hem","item":"https:\/\/wp.kristdemokraterna.se\/uppsala\/"},{"@type":"ListItem","position":2,"name":"Nej till tv\u00e5ngskvoterad f\u00f6r\u00e4ldraf\u00f6rs\u00e4kring!"}]},{"@type":"WebSite","@id":"https:\/\/wp.kristdemokraterna.se\/uppsala\/#website","url":"https:\/\/wp.kristdemokraterna.se\/uppsala\/","name":"Kristdemokraterna Uppsala","description":"Tryggare Uppsala","publisher":{"@id":"https:\/\/wp.kristdemokraterna.se\/uppsala\/#organization"},"inLanguage":"sv-SE"},{"@type":"Organization","@id":"https:\/\/wp.kristdemokraterna.se\/uppsala\/#organization","name":"Kristdemokraterna Uppsala","url":"https:\/\/wp.kristdemokraterna.se\/uppsala\/","logo":{"@type":"ImageObject","inLanguage":"sv-SE","@id":"https:\/\/wp.kristdemokraterna.se\/uppsala\/#\/schema\/logo\/image\/","url":"https:\/\/wp.kristdemokraterna.se\/uppsala\/files\/2019\/10\/kd-uppsala.png","contentUrl":"https:\/\/wp.kristdemokraterna.se\/uppsala\/files\/2019\/10\/kd-uppsala.png","width":804,"height":421,"caption":"Kristdemokraterna Uppsala"},"image":{"@id":"https:\/\/wp.kristdemokraterna.se\/uppsala\/#\/schema\/logo\/image\/"},"sameAs":["https:\/\/www.facebook.com\/UppsalaKD\/","https:\/\/www.instagram.com\/uppsalakd\/"]},{"@type":"Person","@id":"https:\/\/wp.kristdemokraterna.se\/uppsala\/#\/schema\/person\/038d805d685fb0ce5ad14ab8711d8e84","name":"Mimmi Westerlund","image":{"@type":"ImageObject","inLanguage":"sv-SE","@id":"https:\/\/secure.gravatar.com\/avatar\/a5697359f709b6b10d9c7e6a7c89f3e054554dedb4657d5ffe9e5bc5b1445841?s=96&r=g","url":"https:\/\/secure.gravatar.com\/avatar\/a5697359f709b6b10d9c7e6a7c89f3e054554dedb4657d5ffe9e5bc5b1445841?s=96&r=g","contentUrl":"https:\/\/secure.gravatar.com\/avatar\/a5697359f709b6b10d9c7e6a7c89f3e054554dedb4657d5ffe9e5bc5b1445841?s=96&r=g","caption":"Mimmi Westerlund"},"url":"https:\/\/wp.kristdemokraterna.se\/uppsala\/author\/mimmi\/"}]}},"_links":{"self":[{"href":"https:\/\/wp.kristdemokraterna.se\/uppsala\/wp-json\/wp\/v2\/posts\/1759","targetHints":{"allow":["GET"]}}],"collection":[{"href":"https:\/\/wp.kristdemokraterna.se\/uppsala\/wp-json\/wp\/v2\/posts"}],"about":[{"href":"https:\/\/wp.kristdemokraterna.se\/uppsala\/wp-json\/wp\/v2\/types\/post"}],"author":[{"embeddable":true,"href":"https:\/\/wp.kristdemokraterna.se\/uppsala\/wp-json\/wp\/v2\/users\/702"}],"replies":[{"embeddable":true,"href":"https:\/\/wp.kristdemokraterna.se\/uppsala\/wp-json\/wp\/v2\/comments?post=1759"}],"version-history":[{"count":4,"href":"https:\/\/wp.kristdemokraterna.se\/uppsala\/wp-json\/wp\/v2\/posts\/1759\/revisions"}],"predecessor-version":[{"id":1764,"href":"https:\/\/wp.kristdemokraterna.se\/uppsala\/wp-json\/wp\/v2\/posts\/1759\/revisions\/1764"}],"wp:featuredmedia":[{"embeddable":true,"href":"https:\/\/wp.kristdemokraterna.se\/uppsala\/wp-json\/wp\/v2\/media\/1760"}],"wp:attachment":[{"href":"https:\/\/wp.kristdemokraterna.se\/uppsala\/wp-json\/wp\/v2\/media?parent=1759"}],"wp:term":[{"taxonomy":"category","embeddable":true,"href":"https:\/\/wp.kristdemokraterna.se\/uppsala\/wp-json\/wp\/v2\/categories?post=1759"},{"taxonomy":"post_tag","embeddable":true,"href":"https:\/\/wp.kristdemokraterna.se\/uppsala\/wp-json\/wp\/v2\/tags?post=1759"}],"curies":[{"name":"wp","href":"https:\/\/api.w.org\/{rel}","templated":true}]}}