{"id":1795,"date":"2015-11-16T10:44:09","date_gmt":"2015-11-16T09:44:09","guid":{"rendered":"http:\/\/wp.kristdemokraterna.se\/uppsala\/?p=1795"},"modified":"2024-04-04T01:07:23","modified_gmt":"2024-04-03T23:07:23","slug":"1795-2","status":"publish","type":"post","link":"https:\/\/wp.kristdemokraterna.se\/uppsala\/1795-2\/","title":{"rendered":"Bygg upp beroendev\u00e5rd f\u00f6r barn"},"content":{"rendered":"<p>Anna-Karin Klomp, landstingsr\u00e5d (KD) skriver om barns missbruk i<a href=\"http:\/\/unt.se\/asikt\/debatt\/mota-barns-missbruk-3968250.aspx\"> UNT 16\/11<\/a>:<\/p>\n<p>&#8221;<strong>Kristdemokraterna vill att landstinget bygger upp beroendev\u00e5rd f\u00f6r barn med Maria Ungdom som f\u00f6rebild<\/strong><\/p>\n<div id=\"ctl11_ctl04_ctl00_CxenseBanner_INGRESS_01_adcontent\" class=\"ad \">\n<div id=\"INGRESS-01\">\u00c5ngest, stress och psykiska besv\u00e4r leder i m\u00e5nga fall till att unga testar droger och hamnar i missbruk. I andra fall \u00e4r det drogerna som \u00e4r orsaken till att de senare utvecklar psykisk oh\u00e4lsa. Oavsett hur ett barn b\u00f6rjar missbruka \u00e4r det allvarligt, och barnet har r\u00e4tt till snabb hj\u00e4lp. Vi kristdemokrater anser d\u00e4rf\u00f6r att landstinget m\u00e5ste ta sin del av ansvaret f\u00f6r beroendev\u00e5rden f\u00f6r barn och unga.&#8221;<\/div>\n<\/div>\n<div class=\"margin-top clear-both\">\n<div class=\"article-text margin-bottom clearfix \">\n<p>L\u00e4s artikeln i sin helhet <a href=\"http:\/\/unt.se\/asikt\/debatt\/mota-barns-missbruk-3968250.aspx\">h\u00e4r<\/a><\/p>\n<\/div>\n<\/div>\n","protected":false},"excerpt":{"rendered":"<p>Anna-Karin Klomp, landstingsr\u00e5d (KD) skriver om barns missbruk i UNT 16\/11: &#8221;Kristdemokraterna vill att landstinget bygger upp beroendev\u00e5rd f\u00f6r barn med Maria Ungdom som f\u00f6rebild \u00c5ngest, stress och psykiska besv\u00e4r leder i m\u00e5nga fall till att unga testar droger och hamnar i missbruk. I andra fall \u00e4r det drogerna som \u00e4r orsaken till att de <a class=\"read-more-link\" href=\"https:\/\/wp.kristdemokraterna.se\/uppsala\/1795-2\/\">Read More<\/a><\/p>\n","protected":false},"author":702,"featured_media":1870,"comment_status":"closed","ping_status":"closed","sticky":false,"template":"","format":"standard","meta":{"_acf_changed":false,"footnotes":""},"categories":[236],"tags":[180,146,173,178,98,55,179,174],"class_list":["post-1795","post","type-post","status-publish","format-standard","hentry","category-vard-o-omsorg","tag-anna-karin-klomp","tag-ansvar","tag-barn","tag-beroendevard","tag-frihet","tag-landstinget","tag-missbruk","tag-uppvaxtvillkor"],"acf":[],"yoast_head":"<!-- This site is optimized with the Yoast SEO plugin v27.4 - https:\/\/yoast.com\/product\/yoast-seo-wordpress\/ -->\n<title>Bygg upp beroendev\u00e5rd f\u00f6r barn | Kristdemokraterna | Uppsala<\/title>\n<meta name=\"robots\" content=\"index, follow, max-snippet:-1, max-image-preview:large, max-video-preview:-1\" \/>\n<link rel=\"canonical\" href=\"https:\/\/wp.kristdemokraterna.se\/uppsala\/1795-2\/\" \/>\n<meta property=\"og:locale\" content=\"sv_SE\" \/>\n<meta property=\"og:type\" content=\"article\" \/>\n<meta property=\"og:title\" content=\"Bygg upp beroendev\u00e5rd f\u00f6r barn | Kristdemokraterna | Uppsala\" \/>\n<meta property=\"og:description\" content=\"Anna-Karin Klomp, landstingsr\u00e5d (KD) skriver om barns missbruk i UNT 16\/11: &#8221;Kristdemokraterna vill att landstinget bygger upp beroendev\u00e5rd f\u00f6r barn med Maria Ungdom som f\u00f6rebild \u00c5ngest, stress och psykiska besv\u00e4r leder i m\u00e5nga fall till att unga testar droger och hamnar i missbruk. I andra fall \u00e4r det drogerna som \u00e4r orsaken till att de Read More\" \/>\n<meta property=\"og:url\" content=\"https:\/\/wp.kristdemokraterna.se\/uppsala\/1795-2\/\" \/>\n<meta property=\"og:site_name\" content=\"Kristdemokraterna | Uppsala\" \/>\n<meta property=\"article:publisher\" content=\"https:\/\/www.facebook.com\/UppsalaKD\/\" \/>\n<meta property=\"article:published_time\" content=\"2015-11-16T09:44:09+00:00\" \/>\n<meta property=\"article:modified_time\" content=\"2024-04-03T23:07:23+00:00\" \/>\n<meta property=\"og:image\" content=\"http:\/\/wp.kristdemokraterna.se\/uppsala\/files\/2015\/11\/girl-869205_640.jpg\" \/>\n\t<meta property=\"og:image:width\" content=\"640\" \/>\n\t<meta property=\"og:image:height\" content=\"426\" \/>\n\t<meta property=\"og:image:type\" content=\"image\/jpeg\" \/>\n<meta name=\"author\" content=\"Mimmi Westerlund\" \/>\n<meta name=\"twitter:card\" content=\"summary_large_image\" \/>\n<meta name=\"twitter:label1\" content=\"Skriven av\" \/>\n\t<meta name=\"twitter:data1\" content=\"Mimmi Westerlund\" \/>\n\t<meta name=\"twitter:label2\" content=\"Ber\u00e4knad l\u00e4stid\" \/>\n\t<meta name=\"twitter:data2\" content=\"1 minut\" \/>\n<script type=\"application\/ld+json\" class=\"yoast-schema-graph\">{\"@context\":\"https:\\\/\\\/schema.org\",\"@graph\":[{\"@type\":\"Article\",\"@id\":\"https:\\\/\\\/wp.kristdemokraterna.se\\\/uppsala\\\/1795-2\\\/#article\",\"isPartOf\":{\"@id\":\"https:\\\/\\\/wp.kristdemokraterna.se\\\/uppsala\\\/1795-2\\\/\"},\"author\":{\"name\":\"Mimmi Westerlund\",\"@id\":\"https:\\\/\\\/wp.kristdemokraterna.se\\\/uppsala\\\/#\\\/schema\\\/person\\\/038d805d685fb0ce5ad14ab8711d8e84\"},\"headline\":\"Bygg upp beroendev\u00e5rd f\u00f6r barn\",\"datePublished\":\"2015-11-16T09:44:09+00:00\",\"dateModified\":\"2024-04-03T23:07:23+00:00\",\"mainEntityOfPage\":{\"@id\":\"https:\\\/\\\/wp.kristdemokraterna.se\\\/uppsala\\\/1795-2\\\/\"},\"wordCount\":123,\"publisher\":{\"@id\":\"https:\\\/\\\/wp.kristdemokraterna.se\\\/uppsala\\\/#organization\"},\"image\":{\"@id\":\"https:\\\/\\\/wp.kristdemokraterna.se\\\/uppsala\\\/1795-2\\\/#primaryimage\"},\"thumbnailUrl\":\"https:\\\/\\\/wp.kristdemokraterna.se\\\/uppsala\\\/files\\\/2015\\\/11\\\/girl-869205_640.jpg\",\"keywords\":[\"Anna- Karin Klomp\",\"Ansvar\",\"barn\",\"Beroendev\u00e5rd\",\"Frihet\",\"landstinget\",\"missbruk\",\"uppv\u00e4xtvillkor\"],\"articleSection\":[\"V\u00e5rd &amp; omsorg\"],\"inLanguage\":\"sv-SE\"},{\"@type\":\"WebPage\",\"@id\":\"https:\\\/\\\/wp.kristdemokraterna.se\\\/uppsala\\\/1795-2\\\/\",\"url\":\"https:\\\/\\\/wp.kristdemokraterna.se\\\/uppsala\\\/1795-2\\\/\",\"name\":\"Bygg upp beroendev\u00e5rd f\u00f6r barn | Kristdemokraterna | Uppsala\",\"isPartOf\":{\"@id\":\"https:\\\/\\\/wp.kristdemokraterna.se\\\/uppsala\\\/#website\"},\"primaryImageOfPage\":{\"@id\":\"https:\\\/\\\/wp.kristdemokraterna.se\\\/uppsala\\\/1795-2\\\/#primaryimage\"},\"image\":{\"@id\":\"https:\\\/\\\/wp.kristdemokraterna.se\\\/uppsala\\\/1795-2\\\/#primaryimage\"},\"thumbnailUrl\":\"https:\\\/\\\/wp.kristdemokraterna.se\\\/uppsala\\\/files\\\/2015\\\/11\\\/girl-869205_640.jpg\",\"datePublished\":\"2015-11-16T09:44:09+00:00\",\"dateModified\":\"2024-04-03T23:07:23+00:00\",\"breadcrumb\":{\"@id\":\"https:\\\/\\\/wp.kristdemokraterna.se\\\/uppsala\\\/1795-2\\\/#breadcrumb\"},\"inLanguage\":\"sv-SE\",\"potentialAction\":[{\"@type\":\"ReadAction\",\"target\":[\"https:\\\/\\\/wp.kristdemokraterna.se\\\/uppsala\\\/1795-2\\\/\"]}]},{\"@type\":\"ImageObject\",\"inLanguage\":\"sv-SE\",\"@id\":\"https:\\\/\\\/wp.kristdemokraterna.se\\\/uppsala\\\/1795-2\\\/#primaryimage\",\"url\":\"https:\\\/\\\/wp.kristdemokraterna.se\\\/uppsala\\\/files\\\/2015\\\/11\\\/girl-869205_640.jpg\",\"contentUrl\":\"https:\\\/\\\/wp.kristdemokraterna.se\\\/uppsala\\\/files\\\/2015\\\/11\\\/girl-869205_640.jpg\",\"width\":640,\"height\":426},{\"@type\":\"BreadcrumbList\",\"@id\":\"https:\\\/\\\/wp.kristdemokraterna.se\\\/uppsala\\\/1795-2\\\/#breadcrumb\",\"itemListElement\":[{\"@type\":\"ListItem\",\"position\":1,\"name\":\"Hem\",\"item\":\"https:\\\/\\\/wp.kristdemokraterna.se\\\/uppsala\\\/\"},{\"@type\":\"ListItem\",\"position\":2,\"name\":\"Bygg upp beroendev\u00e5rd f\u00f6r barn\"}]},{\"@type\":\"WebSite\",\"@id\":\"https:\\\/\\\/wp.kristdemokraterna.se\\\/uppsala\\\/#website\",\"url\":\"https:\\\/\\\/wp.kristdemokraterna.se\\\/uppsala\\\/\",\"name\":\"Kristdemokraterna Uppsala\",\"description\":\"Tryggare Uppsala\",\"publisher\":{\"@id\":\"https:\\\/\\\/wp.kristdemokraterna.se\\\/uppsala\\\/#organization\"},\"inLanguage\":\"sv-SE\"},{\"@type\":\"Organization\",\"@id\":\"https:\\\/\\\/wp.kristdemokraterna.se\\\/uppsala\\\/#organization\",\"name\":\"Kristdemokraterna Uppsala\",\"url\":\"https:\\\/\\\/wp.kristdemokraterna.se\\\/uppsala\\\/\",\"logo\":{\"@type\":\"ImageObject\",\"inLanguage\":\"sv-SE\",\"@id\":\"https:\\\/\\\/wp.kristdemokraterna.se\\\/uppsala\\\/#\\\/schema\\\/logo\\\/image\\\/\",\"url\":\"https:\\\/\\\/wp.kristdemokraterna.se\\\/uppsala\\\/files\\\/2019\\\/10\\\/kd-uppsala.png\",\"contentUrl\":\"https:\\\/\\\/wp.kristdemokraterna.se\\\/uppsala\\\/files\\\/2019\\\/10\\\/kd-uppsala.png\",\"width\":804,\"height\":421,\"caption\":\"Kristdemokraterna Uppsala\"},\"image\":{\"@id\":\"https:\\\/\\\/wp.kristdemokraterna.se\\\/uppsala\\\/#\\\/schema\\\/logo\\\/image\\\/\"},\"sameAs\":[\"https:\\\/\\\/www.facebook.com\\\/UppsalaKD\\\/\",\"https:\\\/\\\/www.instagram.com\\\/uppsalakd\\\/\"]},{\"@type\":\"Person\",\"@id\":\"https:\\\/\\\/wp.kristdemokraterna.se\\\/uppsala\\\/#\\\/schema\\\/person\\\/038d805d685fb0ce5ad14ab8711d8e84\",\"name\":\"Mimmi Westerlund\",\"image\":{\"@type\":\"ImageObject\",\"inLanguage\":\"sv-SE\",\"@id\":\"https:\\\/\\\/secure.gravatar.com\\\/avatar\\\/a5697359f709b6b10d9c7e6a7c89f3e054554dedb4657d5ffe9e5bc5b1445841?s=96&r=g\",\"url\":\"https:\\\/\\\/secure.gravatar.com\\\/avatar\\\/a5697359f709b6b10d9c7e6a7c89f3e054554dedb4657d5ffe9e5bc5b1445841?s=96&r=g\",\"contentUrl\":\"https:\\\/\\\/secure.gravatar.com\\\/avatar\\\/a5697359f709b6b10d9c7e6a7c89f3e054554dedb4657d5ffe9e5bc5b1445841?s=96&r=g\",\"caption\":\"Mimmi Westerlund\"},\"url\":\"https:\\\/\\\/wp.kristdemokraterna.se\\\/uppsala\\\/author\\\/mimmi\\\/\"}]}<\/script>\n<!-- \/ Yoast SEO plugin. -->","yoast_head_json":{"title":"Bygg upp beroendev\u00e5rd f\u00f6r barn | Kristdemokraterna | Uppsala","robots":{"index":"index","follow":"follow","max-snippet":"max-snippet:-1","max-image-preview":"max-image-preview:large","max-video-preview":"max-video-preview:-1"},"canonical":"https:\/\/wp.kristdemokraterna.se\/uppsala\/1795-2\/","og_locale":"sv_SE","og_type":"article","og_title":"Bygg upp beroendev\u00e5rd f\u00f6r barn | Kristdemokraterna | Uppsala","og_description":"Anna-Karin Klomp, landstingsr\u00e5d (KD) skriver om barns missbruk i UNT 16\/11: &#8221;Kristdemokraterna vill att landstinget bygger upp beroendev\u00e5rd f\u00f6r barn med Maria Ungdom som f\u00f6rebild \u00c5ngest, stress och psykiska besv\u00e4r leder i m\u00e5nga fall till att unga testar droger och hamnar i missbruk. I andra fall \u00e4r det drogerna som \u00e4r orsaken till att de Read More","og_url":"https:\/\/wp.kristdemokraterna.se\/uppsala\/1795-2\/","og_site_name":"Kristdemokraterna | Uppsala","article_publisher":"https:\/\/www.facebook.com\/UppsalaKD\/","article_published_time":"2015-11-16T09:44:09+00:00","article_modified_time":"2024-04-03T23:07:23+00:00","og_image":[{"width":640,"height":426,"url":"http:\/\/wp.kristdemokraterna.se\/uppsala\/files\/2015\/11\/girl-869205_640.jpg","type":"image\/jpeg"}],"author":"Mimmi Westerlund","twitter_card":"summary_large_image","twitter_misc":{"Skriven av":"Mimmi Westerlund","Ber\u00e4knad l\u00e4stid":"1 minut"},"schema":{"@context":"https:\/\/schema.org","@graph":[{"@type":"Article","@id":"https:\/\/wp.kristdemokraterna.se\/uppsala\/1795-2\/#article","isPartOf":{"@id":"https:\/\/wp.kristdemokraterna.se\/uppsala\/1795-2\/"},"author":{"name":"Mimmi Westerlund","@id":"https:\/\/wp.kristdemokraterna.se\/uppsala\/#\/schema\/person\/038d805d685fb0ce5ad14ab8711d8e84"},"headline":"Bygg upp beroendev\u00e5rd f\u00f6r barn","datePublished":"2015-11-16T09:44:09+00:00","dateModified":"2024-04-03T23:07:23+00:00","mainEntityOfPage":{"@id":"https:\/\/wp.kristdemokraterna.se\/uppsala\/1795-2\/"},"wordCount":123,"publisher":{"@id":"https:\/\/wp.kristdemokraterna.se\/uppsala\/#organization"},"image":{"@id":"https:\/\/wp.kristdemokraterna.se\/uppsala\/1795-2\/#primaryimage"},"thumbnailUrl":"https:\/\/wp.kristdemokraterna.se\/uppsala\/files\/2015\/11\/girl-869205_640.jpg","keywords":["Anna- Karin Klomp","Ansvar","barn","Beroendev\u00e5rd","Frihet","landstinget","missbruk","uppv\u00e4xtvillkor"],"articleSection":["V\u00e5rd &amp; omsorg"],"inLanguage":"sv-SE"},{"@type":"WebPage","@id":"https:\/\/wp.kristdemokraterna.se\/uppsala\/1795-2\/","url":"https:\/\/wp.kristdemokraterna.se\/uppsala\/1795-2\/","name":"Bygg upp beroendev\u00e5rd f\u00f6r barn | Kristdemokraterna | Uppsala","isPartOf":{"@id":"https:\/\/wp.kristdemokraterna.se\/uppsala\/#website"},"primaryImageOfPage":{"@id":"https:\/\/wp.kristdemokraterna.se\/uppsala\/1795-2\/#primaryimage"},"image":{"@id":"https:\/\/wp.kristdemokraterna.se\/uppsala\/1795-2\/#primaryimage"},"thumbnailUrl":"https:\/\/wp.kristdemokraterna.se\/uppsala\/files\/2015\/11\/girl-869205_640.jpg","datePublished":"2015-11-16T09:44:09+00:00","dateModified":"2024-04-03T23:07:23+00:00","breadcrumb":{"@id":"https:\/\/wp.kristdemokraterna.se\/uppsala\/1795-2\/#breadcrumb"},"inLanguage":"sv-SE","potentialAction":[{"@type":"ReadAction","target":["https:\/\/wp.kristdemokraterna.se\/uppsala\/1795-2\/"]}]},{"@type":"ImageObject","inLanguage":"sv-SE","@id":"https:\/\/wp.kristdemokraterna.se\/uppsala\/1795-2\/#primaryimage","url":"https:\/\/wp.kristdemokraterna.se\/uppsala\/files\/2015\/11\/girl-869205_640.jpg","contentUrl":"https:\/\/wp.kristdemokraterna.se\/uppsala\/files\/2015\/11\/girl-869205_640.jpg","width":640,"height":426},{"@type":"BreadcrumbList","@id":"https:\/\/wp.kristdemokraterna.se\/uppsala\/1795-2\/#breadcrumb","itemListElement":[{"@type":"ListItem","position":1,"name":"Hem","item":"https:\/\/wp.kristdemokraterna.se\/uppsala\/"},{"@type":"ListItem","position":2,"name":"Bygg upp beroendev\u00e5rd f\u00f6r barn"}]},{"@type":"WebSite","@id":"https:\/\/wp.kristdemokraterna.se\/uppsala\/#website","url":"https:\/\/wp.kristdemokraterna.se\/uppsala\/","name":"Kristdemokraterna Uppsala","description":"Tryggare Uppsala","publisher":{"@id":"https:\/\/wp.kristdemokraterna.se\/uppsala\/#organization"},"inLanguage":"sv-SE"},{"@type":"Organization","@id":"https:\/\/wp.kristdemokraterna.se\/uppsala\/#organization","name":"Kristdemokraterna Uppsala","url":"https:\/\/wp.kristdemokraterna.se\/uppsala\/","logo":{"@type":"ImageObject","inLanguage":"sv-SE","@id":"https:\/\/wp.kristdemokraterna.se\/uppsala\/#\/schema\/logo\/image\/","url":"https:\/\/wp.kristdemokraterna.se\/uppsala\/files\/2019\/10\/kd-uppsala.png","contentUrl":"https:\/\/wp.kristdemokraterna.se\/uppsala\/files\/2019\/10\/kd-uppsala.png","width":804,"height":421,"caption":"Kristdemokraterna Uppsala"},"image":{"@id":"https:\/\/wp.kristdemokraterna.se\/uppsala\/#\/schema\/logo\/image\/"},"sameAs":["https:\/\/www.facebook.com\/UppsalaKD\/","https:\/\/www.instagram.com\/uppsalakd\/"]},{"@type":"Person","@id":"https:\/\/wp.kristdemokraterna.se\/uppsala\/#\/schema\/person\/038d805d685fb0ce5ad14ab8711d8e84","name":"Mimmi Westerlund","image":{"@type":"ImageObject","inLanguage":"sv-SE","@id":"https:\/\/secure.gravatar.com\/avatar\/a5697359f709b6b10d9c7e6a7c89f3e054554dedb4657d5ffe9e5bc5b1445841?s=96&r=g","url":"https:\/\/secure.gravatar.com\/avatar\/a5697359f709b6b10d9c7e6a7c89f3e054554dedb4657d5ffe9e5bc5b1445841?s=96&r=g","contentUrl":"https:\/\/secure.gravatar.com\/avatar\/a5697359f709b6b10d9c7e6a7c89f3e054554dedb4657d5ffe9e5bc5b1445841?s=96&r=g","caption":"Mimmi Westerlund"},"url":"https:\/\/wp.kristdemokraterna.se\/uppsala\/author\/mimmi\/"}]}},"_links":{"self":[{"href":"https:\/\/wp.kristdemokraterna.se\/uppsala\/wp-json\/wp\/v2\/posts\/1795","targetHints":{"allow":["GET"]}}],"collection":[{"href":"https:\/\/wp.kristdemokraterna.se\/uppsala\/wp-json\/wp\/v2\/posts"}],"about":[{"href":"https:\/\/wp.kristdemokraterna.se\/uppsala\/wp-json\/wp\/v2\/types\/post"}],"author":[{"embeddable":true,"href":"https:\/\/wp.kristdemokraterna.se\/uppsala\/wp-json\/wp\/v2\/users\/702"}],"replies":[{"embeddable":true,"href":"https:\/\/wp.kristdemokraterna.se\/uppsala\/wp-json\/wp\/v2\/comments?post=1795"}],"version-history":[{"count":3,"href":"https:\/\/wp.kristdemokraterna.se\/uppsala\/wp-json\/wp\/v2\/posts\/1795\/revisions"}],"predecessor-version":[{"id":1798,"href":"https:\/\/wp.kristdemokraterna.se\/uppsala\/wp-json\/wp\/v2\/posts\/1795\/revisions\/1798"}],"wp:featuredmedia":[{"embeddable":true,"href":"https:\/\/wp.kristdemokraterna.se\/uppsala\/wp-json\/wp\/v2\/media\/1870"}],"wp:attachment":[{"href":"https:\/\/wp.kristdemokraterna.se\/uppsala\/wp-json\/wp\/v2\/media?parent=1795"}],"wp:term":[{"taxonomy":"category","embeddable":true,"href":"https:\/\/wp.kristdemokraterna.se\/uppsala\/wp-json\/wp\/v2\/categories?post=1795"},{"taxonomy":"post_tag","embeddable":true,"href":"https:\/\/wp.kristdemokraterna.se\/uppsala\/wp-json\/wp\/v2\/tags?post=1795"}],"curies":[{"name":"wp","href":"https:\/\/api.w.org\/{rel}","templated":true}]}}