{"id":1887,"date":"2015-11-18T14:24:23","date_gmt":"2015-11-18T13:24:23","guid":{"rendered":"http:\/\/wp.kristdemokraterna.se\/uppsala\/?p=1887"},"modified":"2024-04-07T18:31:51","modified_gmt":"2024-04-07T16:31:51","slug":"segersam-malen-maste-vara-mojliga-att-na","status":"publish","type":"post","link":"https:\/\/wp.kristdemokraterna.se\/uppsala\/segersam-malen-maste-vara-mojliga-att-na\/","title":{"rendered":"Segersam (KD): &#8221;M\u00e5len m\u00e5ste kunna n\u00e5s&#8221;"},"content":{"rendered":"<p><strong>Idag behandlar kommunstyrelsen i Uppsala ett \u00e4rende om sk\u00e4rpning av det klimatprotokoll som antogs f\u00f6rra \u00e5ret.<\/strong><\/p>\n<blockquote><p>&#8211; <em>N\u00e4r Uppsala kommuns klimatprotokoll antogs 2014 r\u00e5dde bred politisk enighet. I takt med att tekniken utvecklas och ny forskning kommer vet vi dock att det kommer beh\u00f6va uppdateras, s\u00e4rskilt om vi vill forts\u00e4tta vara en kommun i framkant. N\u00e4r man g\u00f6r det \u00e4r det dock viktigt att m\u00e5len fortsatt \u00e4r m\u00f6jliga att n\u00e5, och inte blir till visioner,<\/em> s\u00e4ger kommunalr\u00e5det Jonas Segersam (KD)<\/p>\n<p>&#8211; <em>Kristdemokraterna v\u00e4lkomnar h\u00f6ga ambitioner, men vidh\u00e5ller att de m\u00e5l vi s\u00e4tter upp faktiskt ska g\u00e5 att uppn\u00e5. Vi ser g\u00e4rna en sk\u00e4rpning av Milj\u00f6- och klimatprogrammet 2014-2023, men vill ha realistiska och uppf\u00f6ljbara m\u00e5l som inte str\u00e4cker sig alltf\u00f6r l\u00e5ngt fram i tiden<\/em>, avslutar han.<\/p><\/blockquote>\n<p>Kristdemokraterna har f\u00f6reslagit ett m\u00e5l som inneb\u00e4r att Uppsala kommun senast 2017 ska \u00f6verg\u00e5 till 100% klimatneutral elenergi \u2013 en sk\u00e4rpning av m\u00e5len som \u00e4r genomf\u00f6rbar.<\/p>\n","protected":false},"excerpt":{"rendered":"<p>Idag behandlar kommunstyrelsen i Uppsala ett \u00e4rende om sk\u00e4rpning av det klimatprotokoll som antogs f\u00f6rra \u00e5ret. &#8211; N\u00e4r Uppsala kommuns klimatprotokoll antogs 2014 r\u00e5dde bred politisk enighet. I takt med att tekniken utvecklas och ny forskning kommer vet vi dock att det kommer beh\u00f6va uppdateras, s\u00e4rskilt om vi vill forts\u00e4tta vara en kommun i framkant. <a class=\"read-more-link\" href=\"https:\/\/wp.kristdemokraterna.se\/uppsala\/segersam-malen-maste-vara-mojliga-att-na\/\">Read More<\/a><\/p>\n","protected":false},"author":702,"featured_media":1888,"comment_status":"closed","ping_status":"closed","sticky":false,"template":"","format":"standard","meta":{"_acf_changed":false,"footnotes":""},"categories":[250],"tags":[],"class_list":["post-1887","post","type-post","status-publish","format-standard","hentry","category-energi-klimat-o-miljo"],"acf":[],"yoast_head":"<!-- This site is optimized with the Yoast SEO plugin v27.4 - https:\/\/yoast.com\/product\/yoast-seo-wordpress\/ -->\n<title>Segersam (KD): &quot;M\u00e5len m\u00e5ste kunna n\u00e5s&quot; | Kristdemokraterna | Uppsala<\/title>\n<meta name=\"robots\" content=\"index, follow, max-snippet:-1, max-image-preview:large, max-video-preview:-1\" \/>\n<link rel=\"canonical\" href=\"https:\/\/wp.kristdemokraterna.se\/uppsala\/segersam-malen-maste-vara-mojliga-att-na\/\" \/>\n<meta property=\"og:locale\" content=\"sv_SE\" \/>\n<meta property=\"og:type\" content=\"article\" \/>\n<meta property=\"og:title\" content=\"Segersam (KD): &quot;M\u00e5len m\u00e5ste kunna n\u00e5s&quot; | Kristdemokraterna | Uppsala\" \/>\n<meta property=\"og:description\" content=\"Idag behandlar kommunstyrelsen i Uppsala ett \u00e4rende om sk\u00e4rpning av det klimatprotokoll som antogs f\u00f6rra \u00e5ret. &#8211; N\u00e4r Uppsala kommuns klimatprotokoll antogs 2014 r\u00e5dde bred politisk enighet. I takt med att tekniken utvecklas och ny forskning kommer vet vi dock att det kommer beh\u00f6va uppdateras, s\u00e4rskilt om vi vill forts\u00e4tta vara en kommun i framkant. Read More\" \/>\n<meta property=\"og:url\" content=\"https:\/\/wp.kristdemokraterna.se\/uppsala\/segersam-malen-maste-vara-mojliga-att-na\/\" \/>\n<meta property=\"og:site_name\" content=\"Kristdemokraterna | Uppsala\" \/>\n<meta property=\"article:publisher\" content=\"https:\/\/www.facebook.com\/UppsalaKD\/\" \/>\n<meta property=\"article:published_time\" content=\"2015-11-18T13:24:23+00:00\" \/>\n<meta property=\"article:modified_time\" content=\"2024-04-07T16:31:51+00:00\" \/>\n<meta property=\"og:image\" content=\"http:\/\/wp.kristdemokraterna.se\/uppsala\/files\/2015\/11\/trees-790220_640.jpg\" \/>\n\t<meta property=\"og:image:width\" content=\"640\" \/>\n\t<meta property=\"og:image:height\" content=\"423\" \/>\n\t<meta property=\"og:image:type\" content=\"image\/jpeg\" \/>\n<meta name=\"author\" content=\"Mimmi Westerlund\" \/>\n<meta name=\"twitter:card\" content=\"summary_large_image\" \/>\n<meta name=\"twitter:label1\" content=\"Skriven av\" \/>\n\t<meta name=\"twitter:data1\" content=\"Mimmi Westerlund\" \/>\n\t<meta name=\"twitter:label2\" content=\"Ber\u00e4knad l\u00e4stid\" \/>\n\t<meta name=\"twitter:data2\" content=\"1 minut\" \/>\n<script type=\"application\/ld+json\" class=\"yoast-schema-graph\">{\"@context\":\"https:\\\/\\\/schema.org\",\"@graph\":[{\"@type\":\"Article\",\"@id\":\"https:\\\/\\\/wp.kristdemokraterna.se\\\/uppsala\\\/segersam-malen-maste-vara-mojliga-att-na\\\/#article\",\"isPartOf\":{\"@id\":\"https:\\\/\\\/wp.kristdemokraterna.se\\\/uppsala\\\/segersam-malen-maste-vara-mojliga-att-na\\\/\"},\"author\":{\"name\":\"Mimmi Westerlund\",\"@id\":\"https:\\\/\\\/wp.kristdemokraterna.se\\\/uppsala\\\/#\\\/schema\\\/person\\\/038d805d685fb0ce5ad14ab8711d8e84\"},\"headline\":\"Segersam (KD): &#8221;M\u00e5len m\u00e5ste kunna n\u00e5s&#8221;\",\"datePublished\":\"2015-11-18T13:24:23+00:00\",\"dateModified\":\"2024-04-07T16:31:51+00:00\",\"mainEntityOfPage\":{\"@id\":\"https:\\\/\\\/wp.kristdemokraterna.se\\\/uppsala\\\/segersam-malen-maste-vara-mojliga-att-na\\\/\"},\"wordCount\":189,\"publisher\":{\"@id\":\"https:\\\/\\\/wp.kristdemokraterna.se\\\/uppsala\\\/#organization\"},\"image\":{\"@id\":\"https:\\\/\\\/wp.kristdemokraterna.se\\\/uppsala\\\/segersam-malen-maste-vara-mojliga-att-na\\\/#primaryimage\"},\"thumbnailUrl\":\"https:\\\/\\\/wp.kristdemokraterna.se\\\/uppsala\\\/files\\\/2015\\\/11\\\/trees-790220_640.jpg\",\"articleSection\":[\"Energi, klimat &amp; milj\u00f6\"],\"inLanguage\":\"sv-SE\"},{\"@type\":\"WebPage\",\"@id\":\"https:\\\/\\\/wp.kristdemokraterna.se\\\/uppsala\\\/segersam-malen-maste-vara-mojliga-att-na\\\/\",\"url\":\"https:\\\/\\\/wp.kristdemokraterna.se\\\/uppsala\\\/segersam-malen-maste-vara-mojliga-att-na\\\/\",\"name\":\"Segersam (KD): \\\"M\u00e5len m\u00e5ste kunna n\u00e5s\\\" | Kristdemokraterna | Uppsala\",\"isPartOf\":{\"@id\":\"https:\\\/\\\/wp.kristdemokraterna.se\\\/uppsala\\\/#website\"},\"primaryImageOfPage\":{\"@id\":\"https:\\\/\\\/wp.kristdemokraterna.se\\\/uppsala\\\/segersam-malen-maste-vara-mojliga-att-na\\\/#primaryimage\"},\"image\":{\"@id\":\"https:\\\/\\\/wp.kristdemokraterna.se\\\/uppsala\\\/segersam-malen-maste-vara-mojliga-att-na\\\/#primaryimage\"},\"thumbnailUrl\":\"https:\\\/\\\/wp.kristdemokraterna.se\\\/uppsala\\\/files\\\/2015\\\/11\\\/trees-790220_640.jpg\",\"datePublished\":\"2015-11-18T13:24:23+00:00\",\"dateModified\":\"2024-04-07T16:31:51+00:00\",\"breadcrumb\":{\"@id\":\"https:\\\/\\\/wp.kristdemokraterna.se\\\/uppsala\\\/segersam-malen-maste-vara-mojliga-att-na\\\/#breadcrumb\"},\"inLanguage\":\"sv-SE\",\"potentialAction\":[{\"@type\":\"ReadAction\",\"target\":[\"https:\\\/\\\/wp.kristdemokraterna.se\\\/uppsala\\\/segersam-malen-maste-vara-mojliga-att-na\\\/\"]}]},{\"@type\":\"ImageObject\",\"inLanguage\":\"sv-SE\",\"@id\":\"https:\\\/\\\/wp.kristdemokraterna.se\\\/uppsala\\\/segersam-malen-maste-vara-mojliga-att-na\\\/#primaryimage\",\"url\":\"https:\\\/\\\/wp.kristdemokraterna.se\\\/uppsala\\\/files\\\/2015\\\/11\\\/trees-790220_640.jpg\",\"contentUrl\":\"https:\\\/\\\/wp.kristdemokraterna.se\\\/uppsala\\\/files\\\/2015\\\/11\\\/trees-790220_640.jpg\",\"width\":640,\"height\":423},{\"@type\":\"BreadcrumbList\",\"@id\":\"https:\\\/\\\/wp.kristdemokraterna.se\\\/uppsala\\\/segersam-malen-maste-vara-mojliga-att-na\\\/#breadcrumb\",\"itemListElement\":[{\"@type\":\"ListItem\",\"position\":1,\"name\":\"Hem\",\"item\":\"https:\\\/\\\/wp.kristdemokraterna.se\\\/uppsala\\\/\"},{\"@type\":\"ListItem\",\"position\":2,\"name\":\"Segersam (KD): &#8221;M\u00e5len m\u00e5ste kunna n\u00e5s&#8221;\"}]},{\"@type\":\"WebSite\",\"@id\":\"https:\\\/\\\/wp.kristdemokraterna.se\\\/uppsala\\\/#website\",\"url\":\"https:\\\/\\\/wp.kristdemokraterna.se\\\/uppsala\\\/\",\"name\":\"Kristdemokraterna Uppsala\",\"description\":\"Tryggare Uppsala\",\"publisher\":{\"@id\":\"https:\\\/\\\/wp.kristdemokraterna.se\\\/uppsala\\\/#organization\"},\"inLanguage\":\"sv-SE\"},{\"@type\":\"Organization\",\"@id\":\"https:\\\/\\\/wp.kristdemokraterna.se\\\/uppsala\\\/#organization\",\"name\":\"Kristdemokraterna Uppsala\",\"url\":\"https:\\\/\\\/wp.kristdemokraterna.se\\\/uppsala\\\/\",\"logo\":{\"@type\":\"ImageObject\",\"inLanguage\":\"sv-SE\",\"@id\":\"https:\\\/\\\/wp.kristdemokraterna.se\\\/uppsala\\\/#\\\/schema\\\/logo\\\/image\\\/\",\"url\":\"https:\\\/\\\/wp.kristdemokraterna.se\\\/uppsala\\\/files\\\/2019\\\/10\\\/kd-uppsala.png\",\"contentUrl\":\"https:\\\/\\\/wp.kristdemokraterna.se\\\/uppsala\\\/files\\\/2019\\\/10\\\/kd-uppsala.png\",\"width\":804,\"height\":421,\"caption\":\"Kristdemokraterna Uppsala\"},\"image\":{\"@id\":\"https:\\\/\\\/wp.kristdemokraterna.se\\\/uppsala\\\/#\\\/schema\\\/logo\\\/image\\\/\"},\"sameAs\":[\"https:\\\/\\\/www.facebook.com\\\/UppsalaKD\\\/\",\"https:\\\/\\\/www.instagram.com\\\/uppsalakd\\\/\"]},{\"@type\":\"Person\",\"@id\":\"https:\\\/\\\/wp.kristdemokraterna.se\\\/uppsala\\\/#\\\/schema\\\/person\\\/038d805d685fb0ce5ad14ab8711d8e84\",\"name\":\"Mimmi Westerlund\",\"image\":{\"@type\":\"ImageObject\",\"inLanguage\":\"sv-SE\",\"@id\":\"https:\\\/\\\/secure.gravatar.com\\\/avatar\\\/a5697359f709b6b10d9c7e6a7c89f3e054554dedb4657d5ffe9e5bc5b1445841?s=96&r=g\",\"url\":\"https:\\\/\\\/secure.gravatar.com\\\/avatar\\\/a5697359f709b6b10d9c7e6a7c89f3e054554dedb4657d5ffe9e5bc5b1445841?s=96&r=g\",\"contentUrl\":\"https:\\\/\\\/secure.gravatar.com\\\/avatar\\\/a5697359f709b6b10d9c7e6a7c89f3e054554dedb4657d5ffe9e5bc5b1445841?s=96&r=g\",\"caption\":\"Mimmi Westerlund\"},\"url\":\"https:\\\/\\\/wp.kristdemokraterna.se\\\/uppsala\\\/author\\\/mimmi\\\/\"}]}<\/script>\n<!-- \/ Yoast SEO plugin. -->","yoast_head_json":{"title":"Segersam (KD): \"M\u00e5len m\u00e5ste kunna n\u00e5s\" | Kristdemokraterna | Uppsala","robots":{"index":"index","follow":"follow","max-snippet":"max-snippet:-1","max-image-preview":"max-image-preview:large","max-video-preview":"max-video-preview:-1"},"canonical":"https:\/\/wp.kristdemokraterna.se\/uppsala\/segersam-malen-maste-vara-mojliga-att-na\/","og_locale":"sv_SE","og_type":"article","og_title":"Segersam (KD): \"M\u00e5len m\u00e5ste kunna n\u00e5s\" | Kristdemokraterna | Uppsala","og_description":"Idag behandlar kommunstyrelsen i Uppsala ett \u00e4rende om sk\u00e4rpning av det klimatprotokoll som antogs f\u00f6rra \u00e5ret. &#8211; N\u00e4r Uppsala kommuns klimatprotokoll antogs 2014 r\u00e5dde bred politisk enighet. I takt med att tekniken utvecklas och ny forskning kommer vet vi dock att det kommer beh\u00f6va uppdateras, s\u00e4rskilt om vi vill forts\u00e4tta vara en kommun i framkant. Read More","og_url":"https:\/\/wp.kristdemokraterna.se\/uppsala\/segersam-malen-maste-vara-mojliga-att-na\/","og_site_name":"Kristdemokraterna | Uppsala","article_publisher":"https:\/\/www.facebook.com\/UppsalaKD\/","article_published_time":"2015-11-18T13:24:23+00:00","article_modified_time":"2024-04-07T16:31:51+00:00","og_image":[{"width":640,"height":423,"url":"http:\/\/wp.kristdemokraterna.se\/uppsala\/files\/2015\/11\/trees-790220_640.jpg","type":"image\/jpeg"}],"author":"Mimmi Westerlund","twitter_card":"summary_large_image","twitter_misc":{"Skriven av":"Mimmi Westerlund","Ber\u00e4knad l\u00e4stid":"1 minut"},"schema":{"@context":"https:\/\/schema.org","@graph":[{"@type":"Article","@id":"https:\/\/wp.kristdemokraterna.se\/uppsala\/segersam-malen-maste-vara-mojliga-att-na\/#article","isPartOf":{"@id":"https:\/\/wp.kristdemokraterna.se\/uppsala\/segersam-malen-maste-vara-mojliga-att-na\/"},"author":{"name":"Mimmi Westerlund","@id":"https:\/\/wp.kristdemokraterna.se\/uppsala\/#\/schema\/person\/038d805d685fb0ce5ad14ab8711d8e84"},"headline":"Segersam (KD): &#8221;M\u00e5len m\u00e5ste kunna n\u00e5s&#8221;","datePublished":"2015-11-18T13:24:23+00:00","dateModified":"2024-04-07T16:31:51+00:00","mainEntityOfPage":{"@id":"https:\/\/wp.kristdemokraterna.se\/uppsala\/segersam-malen-maste-vara-mojliga-att-na\/"},"wordCount":189,"publisher":{"@id":"https:\/\/wp.kristdemokraterna.se\/uppsala\/#organization"},"image":{"@id":"https:\/\/wp.kristdemokraterna.se\/uppsala\/segersam-malen-maste-vara-mojliga-att-na\/#primaryimage"},"thumbnailUrl":"https:\/\/wp.kristdemokraterna.se\/uppsala\/files\/2015\/11\/trees-790220_640.jpg","articleSection":["Energi, klimat &amp; milj\u00f6"],"inLanguage":"sv-SE"},{"@type":"WebPage","@id":"https:\/\/wp.kristdemokraterna.se\/uppsala\/segersam-malen-maste-vara-mojliga-att-na\/","url":"https:\/\/wp.kristdemokraterna.se\/uppsala\/segersam-malen-maste-vara-mojliga-att-na\/","name":"Segersam (KD): \"M\u00e5len m\u00e5ste kunna n\u00e5s\" | Kristdemokraterna | Uppsala","isPartOf":{"@id":"https:\/\/wp.kristdemokraterna.se\/uppsala\/#website"},"primaryImageOfPage":{"@id":"https:\/\/wp.kristdemokraterna.se\/uppsala\/segersam-malen-maste-vara-mojliga-att-na\/#primaryimage"},"image":{"@id":"https:\/\/wp.kristdemokraterna.se\/uppsala\/segersam-malen-maste-vara-mojliga-att-na\/#primaryimage"},"thumbnailUrl":"https:\/\/wp.kristdemokraterna.se\/uppsala\/files\/2015\/11\/trees-790220_640.jpg","datePublished":"2015-11-18T13:24:23+00:00","dateModified":"2024-04-07T16:31:51+00:00","breadcrumb":{"@id":"https:\/\/wp.kristdemokraterna.se\/uppsala\/segersam-malen-maste-vara-mojliga-att-na\/#breadcrumb"},"inLanguage":"sv-SE","potentialAction":[{"@type":"ReadAction","target":["https:\/\/wp.kristdemokraterna.se\/uppsala\/segersam-malen-maste-vara-mojliga-att-na\/"]}]},{"@type":"ImageObject","inLanguage":"sv-SE","@id":"https:\/\/wp.kristdemokraterna.se\/uppsala\/segersam-malen-maste-vara-mojliga-att-na\/#primaryimage","url":"https:\/\/wp.kristdemokraterna.se\/uppsala\/files\/2015\/11\/trees-790220_640.jpg","contentUrl":"https:\/\/wp.kristdemokraterna.se\/uppsala\/files\/2015\/11\/trees-790220_640.jpg","width":640,"height":423},{"@type":"BreadcrumbList","@id":"https:\/\/wp.kristdemokraterna.se\/uppsala\/segersam-malen-maste-vara-mojliga-att-na\/#breadcrumb","itemListElement":[{"@type":"ListItem","position":1,"name":"Hem","item":"https:\/\/wp.kristdemokraterna.se\/uppsala\/"},{"@type":"ListItem","position":2,"name":"Segersam (KD): &#8221;M\u00e5len m\u00e5ste kunna n\u00e5s&#8221;"}]},{"@type":"WebSite","@id":"https:\/\/wp.kristdemokraterna.se\/uppsala\/#website","url":"https:\/\/wp.kristdemokraterna.se\/uppsala\/","name":"Kristdemokraterna Uppsala","description":"Tryggare Uppsala","publisher":{"@id":"https:\/\/wp.kristdemokraterna.se\/uppsala\/#organization"},"inLanguage":"sv-SE"},{"@type":"Organization","@id":"https:\/\/wp.kristdemokraterna.se\/uppsala\/#organization","name":"Kristdemokraterna Uppsala","url":"https:\/\/wp.kristdemokraterna.se\/uppsala\/","logo":{"@type":"ImageObject","inLanguage":"sv-SE","@id":"https:\/\/wp.kristdemokraterna.se\/uppsala\/#\/schema\/logo\/image\/","url":"https:\/\/wp.kristdemokraterna.se\/uppsala\/files\/2019\/10\/kd-uppsala.png","contentUrl":"https:\/\/wp.kristdemokraterna.se\/uppsala\/files\/2019\/10\/kd-uppsala.png","width":804,"height":421,"caption":"Kristdemokraterna Uppsala"},"image":{"@id":"https:\/\/wp.kristdemokraterna.se\/uppsala\/#\/schema\/logo\/image\/"},"sameAs":["https:\/\/www.facebook.com\/UppsalaKD\/","https:\/\/www.instagram.com\/uppsalakd\/"]},{"@type":"Person","@id":"https:\/\/wp.kristdemokraterna.se\/uppsala\/#\/schema\/person\/038d805d685fb0ce5ad14ab8711d8e84","name":"Mimmi Westerlund","image":{"@type":"ImageObject","inLanguage":"sv-SE","@id":"https:\/\/secure.gravatar.com\/avatar\/a5697359f709b6b10d9c7e6a7c89f3e054554dedb4657d5ffe9e5bc5b1445841?s=96&r=g","url":"https:\/\/secure.gravatar.com\/avatar\/a5697359f709b6b10d9c7e6a7c89f3e054554dedb4657d5ffe9e5bc5b1445841?s=96&r=g","contentUrl":"https:\/\/secure.gravatar.com\/avatar\/a5697359f709b6b10d9c7e6a7c89f3e054554dedb4657d5ffe9e5bc5b1445841?s=96&r=g","caption":"Mimmi Westerlund"},"url":"https:\/\/wp.kristdemokraterna.se\/uppsala\/author\/mimmi\/"}]}},"_links":{"self":[{"href":"https:\/\/wp.kristdemokraterna.se\/uppsala\/wp-json\/wp\/v2\/posts\/1887","targetHints":{"allow":["GET"]}}],"collection":[{"href":"https:\/\/wp.kristdemokraterna.se\/uppsala\/wp-json\/wp\/v2\/posts"}],"about":[{"href":"https:\/\/wp.kristdemokraterna.se\/uppsala\/wp-json\/wp\/v2\/types\/post"}],"author":[{"embeddable":true,"href":"https:\/\/wp.kristdemokraterna.se\/uppsala\/wp-json\/wp\/v2\/users\/702"}],"replies":[{"embeddable":true,"href":"https:\/\/wp.kristdemokraterna.se\/uppsala\/wp-json\/wp\/v2\/comments?post=1887"}],"version-history":[{"count":3,"href":"https:\/\/wp.kristdemokraterna.se\/uppsala\/wp-json\/wp\/v2\/posts\/1887\/revisions"}],"predecessor-version":[{"id":1891,"href":"https:\/\/wp.kristdemokraterna.se\/uppsala\/wp-json\/wp\/v2\/posts\/1887\/revisions\/1891"}],"wp:featuredmedia":[{"embeddable":true,"href":"https:\/\/wp.kristdemokraterna.se\/uppsala\/wp-json\/wp\/v2\/media\/1888"}],"wp:attachment":[{"href":"https:\/\/wp.kristdemokraterna.se\/uppsala\/wp-json\/wp\/v2\/media?parent=1887"}],"wp:term":[{"taxonomy":"category","embeddable":true,"href":"https:\/\/wp.kristdemokraterna.se\/uppsala\/wp-json\/wp\/v2\/categories?post=1887"},{"taxonomy":"post_tag","embeddable":true,"href":"https:\/\/wp.kristdemokraterna.se\/uppsala\/wp-json\/wp\/v2\/tags?post=1887"}],"curies":[{"name":"wp","href":"https:\/\/api.w.org\/{rel}","templated":true}]}}