{"id":1892,"date":"2015-11-18T14:44:43","date_gmt":"2015-11-18T13:44:43","guid":{"rendered":"http:\/\/wp.kristdemokraterna.se\/uppsala\/?p=1892"},"modified":"2024-04-04T01:06:25","modified_gmt":"2024-04-03T23:06:25","slug":"kd-lat-egna-anstallda-tolka","status":"publish","type":"post","link":"https:\/\/wp.kristdemokraterna.se\/uppsala\/kd-lat-egna-anstallda-tolka\/","title":{"rendered":"KD: L\u00e5t egna anst\u00e4llda tolka"},"content":{"rendered":"<p><em><strong>Anna-Karin Klomp<\/strong><\/em><br \/>\n<em><strong>Trea p\u00e5 regionlistan 2018<\/strong><\/em><\/p>\n<hr \/>\n<p>Anna-Karin Klomp, landstingsr\u00e5d\u00a0(KD) och Frank Nilsson, ledamot i landstingsfullm\u00e4ktige (KD) skriver idag om tolkar i v\u00e5rden:<\/p>\n<div id=\"ctl11_ctl04_ctl00_CxenseBanner_INGRESS_01_adcontent\" class=\"ad \">\n<blockquote>\n<div id=\"INGRESS-01\"><strong>&#8221;Patienter som inte kan kommunicera p\u00e5 svenska har r\u00e4tt till tolk i samband med l\u00e4karbes\u00f6k och liknande. Tyv\u00e4rr r\u00e5der det i dag brist p\u00e5 auktoriserade sjukv\u00e5rdstolkar och med \u00f6kande behov kommer bristen kommer troligtvis att f\u00f6rv\u00e4rras. Om missf\u00f6rst\u00e5nd uppst\u00e5r i en tolksituation \u00e4ventyras patients\u00e4kerheten. Patienten m\u00e5ste kunna k\u00e4nna sig s\u00e4ker p\u00e5 att bli f\u00f6rst\u00e5dd. Det \u00e4r inte heller rimligt att man beh\u00f6ver f\u00f6rlita sig p\u00e5 anh\u00f6riga som tolkar.&#8221;<\/strong><\/div>\n<\/blockquote>\n<\/div>\n<div class=\"margin-top clear-both\">\n<div class=\"article-text margin-bottom clearfix \">\n<p>L\u00e4s artikeln i sin helhet <a href=\"http:\/\/unt.se\/asikt\/debatt\/lat-egna-anstallda-tolka-3981302.aspx\">h\u00e4r<\/a><\/p>\n<\/div>\n<\/div>\n","protected":false},"excerpt":{"rendered":"<p>Anna-Karin Klomp Trea p\u00e5 regionlistan 2018 Anna-Karin Klomp, landstingsr\u00e5d\u00a0(KD) och Frank Nilsson, ledamot i landstingsfullm\u00e4ktige (KD) skriver idag om tolkar i v\u00e5rden: &#8221;Patienter som inte kan kommunicera p\u00e5 svenska har r\u00e4tt till tolk i samband med l\u00e4karbes\u00f6k och liknande. Tyv\u00e4rr r\u00e5der det i dag brist p\u00e5 auktoriserade sjukv\u00e5rdstolkar och med \u00f6kande behov kommer bristen kommer <a class=\"read-more-link\" href=\"https:\/\/wp.kristdemokraterna.se\/uppsala\/kd-lat-egna-anstallda-tolka\/\">Read More<\/a><\/p>\n","protected":false},"author":702,"featured_media":1893,"comment_status":"closed","ping_status":"closed","sticky":false,"template":"","format":"standard","meta":{"_acf_changed":false,"footnotes":""},"categories":[252],"tags":[],"class_list":["post-1892","post","type-post","status-publish","format-standard","hentry","category-migration-o-integration"],"acf":[],"yoast_head":"<!-- This site is optimized with the Yoast SEO plugin v27.4 - https:\/\/yoast.com\/product\/yoast-seo-wordpress\/ -->\n<title>KD: L\u00e5t egna anst\u00e4llda tolka | Kristdemokraterna | Uppsala<\/title>\n<meta name=\"robots\" content=\"index, follow, max-snippet:-1, max-image-preview:large, max-video-preview:-1\" \/>\n<link rel=\"canonical\" href=\"https:\/\/wp.kristdemokraterna.se\/uppsala\/kd-lat-egna-anstallda-tolka\/\" \/>\n<meta property=\"og:locale\" content=\"sv_SE\" \/>\n<meta property=\"og:type\" content=\"article\" \/>\n<meta property=\"og:title\" content=\"KD: L\u00e5t egna anst\u00e4llda tolka | Kristdemokraterna | Uppsala\" \/>\n<meta property=\"og:description\" content=\"Anna-Karin Klomp Trea p\u00e5 regionlistan 2018 Anna-Karin Klomp, landstingsr\u00e5d\u00a0(KD) och Frank Nilsson, ledamot i landstingsfullm\u00e4ktige (KD) skriver idag om tolkar i v\u00e5rden: &#8221;Patienter som inte kan kommunicera p\u00e5 svenska har r\u00e4tt till tolk i samband med l\u00e4karbes\u00f6k och liknande. Tyv\u00e4rr r\u00e5der det i dag brist p\u00e5 auktoriserade sjukv\u00e5rdstolkar och med \u00f6kande behov kommer bristen kommer Read More\" \/>\n<meta property=\"og:url\" content=\"https:\/\/wp.kristdemokraterna.se\/uppsala\/kd-lat-egna-anstallda-tolka\/\" \/>\n<meta property=\"og:site_name\" content=\"Kristdemokraterna | Uppsala\" \/>\n<meta property=\"article:publisher\" content=\"https:\/\/www.facebook.com\/UppsalaKD\/\" \/>\n<meta property=\"article:published_time\" content=\"2015-11-18T13:44:43+00:00\" \/>\n<meta property=\"article:modified_time\" content=\"2024-04-03T23:06:25+00:00\" \/>\n<meta property=\"og:image\" content=\"http:\/\/wp.kristdemokraterna.se\/uppsala\/files\/2015\/11\/akfn.png\" \/>\n\t<meta property=\"og:image:width\" content=\"1276\" \/>\n\t<meta property=\"og:image:height\" content=\"694\" \/>\n\t<meta property=\"og:image:type\" content=\"image\/png\" \/>\n<meta name=\"author\" content=\"Mimmi Westerlund\" \/>\n<meta name=\"twitter:card\" content=\"summary_large_image\" \/>\n<meta name=\"twitter:label1\" content=\"Skriven av\" \/>\n\t<meta name=\"twitter:data1\" content=\"Mimmi Westerlund\" \/>\n\t<meta name=\"twitter:label2\" content=\"Ber\u00e4knad l\u00e4stid\" \/>\n\t<meta name=\"twitter:data2\" content=\"1 minut\" \/>\n<script type=\"application\/ld+json\" class=\"yoast-schema-graph\">{\"@context\":\"https:\\\/\\\/schema.org\",\"@graph\":[{\"@type\":\"Article\",\"@id\":\"https:\\\/\\\/wp.kristdemokraterna.se\\\/uppsala\\\/kd-lat-egna-anstallda-tolka\\\/#article\",\"isPartOf\":{\"@id\":\"https:\\\/\\\/wp.kristdemokraterna.se\\\/uppsala\\\/kd-lat-egna-anstallda-tolka\\\/\"},\"author\":{\"name\":\"Mimmi Westerlund\",\"@id\":\"https:\\\/\\\/wp.kristdemokraterna.se\\\/uppsala\\\/#\\\/schema\\\/person\\\/038d805d685fb0ce5ad14ab8711d8e84\"},\"headline\":\"KD: L\u00e5t egna anst\u00e4llda tolka\",\"datePublished\":\"2015-11-18T13:44:43+00:00\",\"dateModified\":\"2024-04-03T23:06:25+00:00\",\"mainEntityOfPage\":{\"@id\":\"https:\\\/\\\/wp.kristdemokraterna.se\\\/uppsala\\\/kd-lat-egna-anstallda-tolka\\\/\"},\"wordCount\":128,\"publisher\":{\"@id\":\"https:\\\/\\\/wp.kristdemokraterna.se\\\/uppsala\\\/#organization\"},\"image\":{\"@id\":\"https:\\\/\\\/wp.kristdemokraterna.se\\\/uppsala\\\/kd-lat-egna-anstallda-tolka\\\/#primaryimage\"},\"thumbnailUrl\":\"https:\\\/\\\/wp.kristdemokraterna.se\\\/uppsala\\\/files\\\/2015\\\/11\\\/akfn.png\",\"articleSection\":[\"Migration &amp; Integration\"],\"inLanguage\":\"sv-SE\"},{\"@type\":\"WebPage\",\"@id\":\"https:\\\/\\\/wp.kristdemokraterna.se\\\/uppsala\\\/kd-lat-egna-anstallda-tolka\\\/\",\"url\":\"https:\\\/\\\/wp.kristdemokraterna.se\\\/uppsala\\\/kd-lat-egna-anstallda-tolka\\\/\",\"name\":\"KD: L\u00e5t egna anst\u00e4llda tolka | Kristdemokraterna | Uppsala\",\"isPartOf\":{\"@id\":\"https:\\\/\\\/wp.kristdemokraterna.se\\\/uppsala\\\/#website\"},\"primaryImageOfPage\":{\"@id\":\"https:\\\/\\\/wp.kristdemokraterna.se\\\/uppsala\\\/kd-lat-egna-anstallda-tolka\\\/#primaryimage\"},\"image\":{\"@id\":\"https:\\\/\\\/wp.kristdemokraterna.se\\\/uppsala\\\/kd-lat-egna-anstallda-tolka\\\/#primaryimage\"},\"thumbnailUrl\":\"https:\\\/\\\/wp.kristdemokraterna.se\\\/uppsala\\\/files\\\/2015\\\/11\\\/akfn.png\",\"datePublished\":\"2015-11-18T13:44:43+00:00\",\"dateModified\":\"2024-04-03T23:06:25+00:00\",\"breadcrumb\":{\"@id\":\"https:\\\/\\\/wp.kristdemokraterna.se\\\/uppsala\\\/kd-lat-egna-anstallda-tolka\\\/#breadcrumb\"},\"inLanguage\":\"sv-SE\",\"potentialAction\":[{\"@type\":\"ReadAction\",\"target\":[\"https:\\\/\\\/wp.kristdemokraterna.se\\\/uppsala\\\/kd-lat-egna-anstallda-tolka\\\/\"]}]},{\"@type\":\"ImageObject\",\"inLanguage\":\"sv-SE\",\"@id\":\"https:\\\/\\\/wp.kristdemokraterna.se\\\/uppsala\\\/kd-lat-egna-anstallda-tolka\\\/#primaryimage\",\"url\":\"https:\\\/\\\/wp.kristdemokraterna.se\\\/uppsala\\\/files\\\/2015\\\/11\\\/akfn.png\",\"contentUrl\":\"https:\\\/\\\/wp.kristdemokraterna.se\\\/uppsala\\\/files\\\/2015\\\/11\\\/akfn.png\",\"width\":1276,\"height\":694},{\"@type\":\"BreadcrumbList\",\"@id\":\"https:\\\/\\\/wp.kristdemokraterna.se\\\/uppsala\\\/kd-lat-egna-anstallda-tolka\\\/#breadcrumb\",\"itemListElement\":[{\"@type\":\"ListItem\",\"position\":1,\"name\":\"Hem\",\"item\":\"https:\\\/\\\/wp.kristdemokraterna.se\\\/uppsala\\\/\"},{\"@type\":\"ListItem\",\"position\":2,\"name\":\"KD: L\u00e5t egna anst\u00e4llda tolka\"}]},{\"@type\":\"WebSite\",\"@id\":\"https:\\\/\\\/wp.kristdemokraterna.se\\\/uppsala\\\/#website\",\"url\":\"https:\\\/\\\/wp.kristdemokraterna.se\\\/uppsala\\\/\",\"name\":\"Kristdemokraterna Uppsala\",\"description\":\"Tryggare Uppsala\",\"publisher\":{\"@id\":\"https:\\\/\\\/wp.kristdemokraterna.se\\\/uppsala\\\/#organization\"},\"inLanguage\":\"sv-SE\"},{\"@type\":\"Organization\",\"@id\":\"https:\\\/\\\/wp.kristdemokraterna.se\\\/uppsala\\\/#organization\",\"name\":\"Kristdemokraterna Uppsala\",\"url\":\"https:\\\/\\\/wp.kristdemokraterna.se\\\/uppsala\\\/\",\"logo\":{\"@type\":\"ImageObject\",\"inLanguage\":\"sv-SE\",\"@id\":\"https:\\\/\\\/wp.kristdemokraterna.se\\\/uppsala\\\/#\\\/schema\\\/logo\\\/image\\\/\",\"url\":\"https:\\\/\\\/wp.kristdemokraterna.se\\\/uppsala\\\/files\\\/2019\\\/10\\\/kd-uppsala.png\",\"contentUrl\":\"https:\\\/\\\/wp.kristdemokraterna.se\\\/uppsala\\\/files\\\/2019\\\/10\\\/kd-uppsala.png\",\"width\":804,\"height\":421,\"caption\":\"Kristdemokraterna Uppsala\"},\"image\":{\"@id\":\"https:\\\/\\\/wp.kristdemokraterna.se\\\/uppsala\\\/#\\\/schema\\\/logo\\\/image\\\/\"},\"sameAs\":[\"https:\\\/\\\/www.facebook.com\\\/UppsalaKD\\\/\",\"https:\\\/\\\/www.instagram.com\\\/uppsalakd\\\/\"]},{\"@type\":\"Person\",\"@id\":\"https:\\\/\\\/wp.kristdemokraterna.se\\\/uppsala\\\/#\\\/schema\\\/person\\\/038d805d685fb0ce5ad14ab8711d8e84\",\"name\":\"Mimmi Westerlund\",\"image\":{\"@type\":\"ImageObject\",\"inLanguage\":\"sv-SE\",\"@id\":\"https:\\\/\\\/secure.gravatar.com\\\/avatar\\\/a5697359f709b6b10d9c7e6a7c89f3e054554dedb4657d5ffe9e5bc5b1445841?s=96&r=g\",\"url\":\"https:\\\/\\\/secure.gravatar.com\\\/avatar\\\/a5697359f709b6b10d9c7e6a7c89f3e054554dedb4657d5ffe9e5bc5b1445841?s=96&r=g\",\"contentUrl\":\"https:\\\/\\\/secure.gravatar.com\\\/avatar\\\/a5697359f709b6b10d9c7e6a7c89f3e054554dedb4657d5ffe9e5bc5b1445841?s=96&r=g\",\"caption\":\"Mimmi Westerlund\"},\"url\":\"https:\\\/\\\/wp.kristdemokraterna.se\\\/uppsala\\\/author\\\/mimmi\\\/\"}]}<\/script>\n<!-- \/ Yoast SEO plugin. -->","yoast_head_json":{"title":"KD: L\u00e5t egna anst\u00e4llda tolka | Kristdemokraterna | Uppsala","robots":{"index":"index","follow":"follow","max-snippet":"max-snippet:-1","max-image-preview":"max-image-preview:large","max-video-preview":"max-video-preview:-1"},"canonical":"https:\/\/wp.kristdemokraterna.se\/uppsala\/kd-lat-egna-anstallda-tolka\/","og_locale":"sv_SE","og_type":"article","og_title":"KD: L\u00e5t egna anst\u00e4llda tolka | Kristdemokraterna | Uppsala","og_description":"Anna-Karin Klomp Trea p\u00e5 regionlistan 2018 Anna-Karin Klomp, landstingsr\u00e5d\u00a0(KD) och Frank Nilsson, ledamot i landstingsfullm\u00e4ktige (KD) skriver idag om tolkar i v\u00e5rden: &#8221;Patienter som inte kan kommunicera p\u00e5 svenska har r\u00e4tt till tolk i samband med l\u00e4karbes\u00f6k och liknande. Tyv\u00e4rr r\u00e5der det i dag brist p\u00e5 auktoriserade sjukv\u00e5rdstolkar och med \u00f6kande behov kommer bristen kommer Read More","og_url":"https:\/\/wp.kristdemokraterna.se\/uppsala\/kd-lat-egna-anstallda-tolka\/","og_site_name":"Kristdemokraterna | Uppsala","article_publisher":"https:\/\/www.facebook.com\/UppsalaKD\/","article_published_time":"2015-11-18T13:44:43+00:00","article_modified_time":"2024-04-03T23:06:25+00:00","og_image":[{"width":1276,"height":694,"url":"http:\/\/wp.kristdemokraterna.se\/uppsala\/files\/2015\/11\/akfn.png","type":"image\/png"}],"author":"Mimmi Westerlund","twitter_card":"summary_large_image","twitter_misc":{"Skriven av":"Mimmi Westerlund","Ber\u00e4knad l\u00e4stid":"1 minut"},"schema":{"@context":"https:\/\/schema.org","@graph":[{"@type":"Article","@id":"https:\/\/wp.kristdemokraterna.se\/uppsala\/kd-lat-egna-anstallda-tolka\/#article","isPartOf":{"@id":"https:\/\/wp.kristdemokraterna.se\/uppsala\/kd-lat-egna-anstallda-tolka\/"},"author":{"name":"Mimmi Westerlund","@id":"https:\/\/wp.kristdemokraterna.se\/uppsala\/#\/schema\/person\/038d805d685fb0ce5ad14ab8711d8e84"},"headline":"KD: L\u00e5t egna anst\u00e4llda tolka","datePublished":"2015-11-18T13:44:43+00:00","dateModified":"2024-04-03T23:06:25+00:00","mainEntityOfPage":{"@id":"https:\/\/wp.kristdemokraterna.se\/uppsala\/kd-lat-egna-anstallda-tolka\/"},"wordCount":128,"publisher":{"@id":"https:\/\/wp.kristdemokraterna.se\/uppsala\/#organization"},"image":{"@id":"https:\/\/wp.kristdemokraterna.se\/uppsala\/kd-lat-egna-anstallda-tolka\/#primaryimage"},"thumbnailUrl":"https:\/\/wp.kristdemokraterna.se\/uppsala\/files\/2015\/11\/akfn.png","articleSection":["Migration &amp; Integration"],"inLanguage":"sv-SE"},{"@type":"WebPage","@id":"https:\/\/wp.kristdemokraterna.se\/uppsala\/kd-lat-egna-anstallda-tolka\/","url":"https:\/\/wp.kristdemokraterna.se\/uppsala\/kd-lat-egna-anstallda-tolka\/","name":"KD: L\u00e5t egna anst\u00e4llda tolka | Kristdemokraterna | Uppsala","isPartOf":{"@id":"https:\/\/wp.kristdemokraterna.se\/uppsala\/#website"},"primaryImageOfPage":{"@id":"https:\/\/wp.kristdemokraterna.se\/uppsala\/kd-lat-egna-anstallda-tolka\/#primaryimage"},"image":{"@id":"https:\/\/wp.kristdemokraterna.se\/uppsala\/kd-lat-egna-anstallda-tolka\/#primaryimage"},"thumbnailUrl":"https:\/\/wp.kristdemokraterna.se\/uppsala\/files\/2015\/11\/akfn.png","datePublished":"2015-11-18T13:44:43+00:00","dateModified":"2024-04-03T23:06:25+00:00","breadcrumb":{"@id":"https:\/\/wp.kristdemokraterna.se\/uppsala\/kd-lat-egna-anstallda-tolka\/#breadcrumb"},"inLanguage":"sv-SE","potentialAction":[{"@type":"ReadAction","target":["https:\/\/wp.kristdemokraterna.se\/uppsala\/kd-lat-egna-anstallda-tolka\/"]}]},{"@type":"ImageObject","inLanguage":"sv-SE","@id":"https:\/\/wp.kristdemokraterna.se\/uppsala\/kd-lat-egna-anstallda-tolka\/#primaryimage","url":"https:\/\/wp.kristdemokraterna.se\/uppsala\/files\/2015\/11\/akfn.png","contentUrl":"https:\/\/wp.kristdemokraterna.se\/uppsala\/files\/2015\/11\/akfn.png","width":1276,"height":694},{"@type":"BreadcrumbList","@id":"https:\/\/wp.kristdemokraterna.se\/uppsala\/kd-lat-egna-anstallda-tolka\/#breadcrumb","itemListElement":[{"@type":"ListItem","position":1,"name":"Hem","item":"https:\/\/wp.kristdemokraterna.se\/uppsala\/"},{"@type":"ListItem","position":2,"name":"KD: L\u00e5t egna anst\u00e4llda tolka"}]},{"@type":"WebSite","@id":"https:\/\/wp.kristdemokraterna.se\/uppsala\/#website","url":"https:\/\/wp.kristdemokraterna.se\/uppsala\/","name":"Kristdemokraterna Uppsala","description":"Tryggare Uppsala","publisher":{"@id":"https:\/\/wp.kristdemokraterna.se\/uppsala\/#organization"},"inLanguage":"sv-SE"},{"@type":"Organization","@id":"https:\/\/wp.kristdemokraterna.se\/uppsala\/#organization","name":"Kristdemokraterna Uppsala","url":"https:\/\/wp.kristdemokraterna.se\/uppsala\/","logo":{"@type":"ImageObject","inLanguage":"sv-SE","@id":"https:\/\/wp.kristdemokraterna.se\/uppsala\/#\/schema\/logo\/image\/","url":"https:\/\/wp.kristdemokraterna.se\/uppsala\/files\/2019\/10\/kd-uppsala.png","contentUrl":"https:\/\/wp.kristdemokraterna.se\/uppsala\/files\/2019\/10\/kd-uppsala.png","width":804,"height":421,"caption":"Kristdemokraterna Uppsala"},"image":{"@id":"https:\/\/wp.kristdemokraterna.se\/uppsala\/#\/schema\/logo\/image\/"},"sameAs":["https:\/\/www.facebook.com\/UppsalaKD\/","https:\/\/www.instagram.com\/uppsalakd\/"]},{"@type":"Person","@id":"https:\/\/wp.kristdemokraterna.se\/uppsala\/#\/schema\/person\/038d805d685fb0ce5ad14ab8711d8e84","name":"Mimmi Westerlund","image":{"@type":"ImageObject","inLanguage":"sv-SE","@id":"https:\/\/secure.gravatar.com\/avatar\/a5697359f709b6b10d9c7e6a7c89f3e054554dedb4657d5ffe9e5bc5b1445841?s=96&r=g","url":"https:\/\/secure.gravatar.com\/avatar\/a5697359f709b6b10d9c7e6a7c89f3e054554dedb4657d5ffe9e5bc5b1445841?s=96&r=g","contentUrl":"https:\/\/secure.gravatar.com\/avatar\/a5697359f709b6b10d9c7e6a7c89f3e054554dedb4657d5ffe9e5bc5b1445841?s=96&r=g","caption":"Mimmi Westerlund"},"url":"https:\/\/wp.kristdemokraterna.se\/uppsala\/author\/mimmi\/"}]}},"_links":{"self":[{"href":"https:\/\/wp.kristdemokraterna.se\/uppsala\/wp-json\/wp\/v2\/posts\/1892","targetHints":{"allow":["GET"]}}],"collection":[{"href":"https:\/\/wp.kristdemokraterna.se\/uppsala\/wp-json\/wp\/v2\/posts"}],"about":[{"href":"https:\/\/wp.kristdemokraterna.se\/uppsala\/wp-json\/wp\/v2\/types\/post"}],"author":[{"embeddable":true,"href":"https:\/\/wp.kristdemokraterna.se\/uppsala\/wp-json\/wp\/v2\/users\/702"}],"replies":[{"embeddable":true,"href":"https:\/\/wp.kristdemokraterna.se\/uppsala\/wp-json\/wp\/v2\/comments?post=1892"}],"version-history":[{"count":3,"href":"https:\/\/wp.kristdemokraterna.se\/uppsala\/wp-json\/wp\/v2\/posts\/1892\/revisions"}],"predecessor-version":[{"id":2510,"href":"https:\/\/wp.kristdemokraterna.se\/uppsala\/wp-json\/wp\/v2\/posts\/1892\/revisions\/2510"}],"wp:featuredmedia":[{"embeddable":true,"href":"https:\/\/wp.kristdemokraterna.se\/uppsala\/wp-json\/wp\/v2\/media\/1893"}],"wp:attachment":[{"href":"https:\/\/wp.kristdemokraterna.se\/uppsala\/wp-json\/wp\/v2\/media?parent=1892"}],"wp:term":[{"taxonomy":"category","embeddable":true,"href":"https:\/\/wp.kristdemokraterna.se\/uppsala\/wp-json\/wp\/v2\/categories?post=1892"},{"taxonomy":"post_tag","embeddable":true,"href":"https:\/\/wp.kristdemokraterna.se\/uppsala\/wp-json\/wp\/v2\/tags?post=1892"}],"curies":[{"name":"wp","href":"https:\/\/api.w.org\/{rel}","templated":true}]}}