{"id":1903,"date":"2015-12-01T15:54:58","date_gmt":"2015-12-01T14:54:58","guid":{"rendered":"http:\/\/wp.kristdemokraterna.se\/uppsala\/?p=1903"},"modified":"2024-04-07T18:24:53","modified_gmt":"2024-04-07T16:24:53","slug":"segersam-kd-bygganmalan-i-uppsala-dyrast","status":"publish","type":"post","link":"https:\/\/wp.kristdemokraterna.se\/uppsala\/segersam-kd-bygganmalan-i-uppsala-dyrast\/","title":{"rendered":"Segersam: Uppsalas bygganm\u00e4lan dyrast"},"content":{"rendered":"<p><span style=\"font-family: Calibri\"><strong><span style=\"color: #000000\">Under Alliansregeringen genomf\u00f6rdes ett antal angel\u00e4gna reformer p\u00e5 bostadsomr\u00e5det, under ledning av de kristdemokratiska bostadsministrarna Mats Odell och Stefan Attefall. Bland annat fick vi i Sverige de s\u00e5 kallade Attefallshusen.<\/span> <\/strong><span style=\"color: #000000\"><strong>Enligt en \u00f6versikt \u00f6ver kommunernas avgifter f\u00f6r Attefallshusen som Villa\u00e4garna gjorde f\u00f6rra \u00e5ret ligger Uppsala h\u00f6gst i landet med avgifter p\u00e5 upp till 7 200 kronor, att j\u00e4mf\u00f6ras med exempelvis Hebys 1 100-1 500 kr, Stockholms 3 135 kr och Sigtunas 1 600-2 900 kr.<\/strong> <\/span><\/span><\/p>\n<p><span style=\"color: #000000;font-family: Calibri\">Med anledning av detta har kommunalr\u00e5det Jonas Segersam (KD) skrivit en interpellation till kommunalr\u00e5det Erik Pelling (S) som kommer att behandlas p\u00e5 kommunfullm\u00e4ktige den 7\/12.<\/span><\/p>\n<blockquote><p><span style=\"color: #000000;font-family: Calibri\">\u00a0<\/span><span style=\"font-family: 'Calibri','sans-serif'\"><span style=\"color: #000000\">&#8211; Man kan fr\u00e5ga sig vad som motiverar att Uppsala kommun ligger s\u00e5 mycket h\u00f6gre i kostnader \u00e4n kringliggande kommuner? Denna typ av bost\u00e4der, upp till 25 kvadratmeter som kan byggas utan bygglovsbeslut men med en bygganm\u00e4lan till kommunen, \u00e4r n\u00e5got som skulle kunna ge m\u00e5nga uppsalastudenter ett efterl\u00e4ngtat boende, s\u00e4ger Jonas Segersam, kommunalr\u00e5d (KD). <\/span><\/span><\/p><\/blockquote>\n<p><span style=\"font-family: 'Calibri','sans-serif'\"><span style=\"color: #000000\">L\u00e4s interpellationen i sin helhet h\u00e4r:<\/span><\/span> <a href=\"http:\/\/wp.kristdemokraterna.se\/uppsala\/files\/2015\/12\/interpellation-attefallshus.pdf\">Interpellation Attefallshus<\/a><\/p>\n","protected":false},"excerpt":{"rendered":"<p>Under Alliansregeringen genomf\u00f6rdes ett antal angel\u00e4gna reformer p\u00e5 bostadsomr\u00e5det, under ledning av de kristdemokratiska bostadsministrarna Mats Odell och Stefan Attefall. Bland annat fick vi i Sverige de s\u00e5 kallade Attefallshusen. Enligt en \u00f6versikt \u00f6ver kommunernas avgifter f\u00f6r Attefallshusen som Villa\u00e4garna gjorde f\u00f6rra \u00e5ret ligger Uppsala h\u00f6gst i landet med avgifter p\u00e5 upp till 7 200 <a class=\"read-more-link\" href=\"https:\/\/wp.kristdemokraterna.se\/uppsala\/segersam-kd-bygganmalan-i-uppsala-dyrast\/\">Read More<\/a><\/p>\n","protected":false},"author":702,"featured_media":1905,"comment_status":"closed","ping_status":"closed","sticky":false,"template":"","format":"standard","meta":{"_acf_changed":false,"footnotes":""},"categories":[232],"tags":[],"class_list":["post-1903","post","type-post","status-publish","format-standard","hentry","category-kollektivtrafik-o-stadsplanering"],"acf":[],"yoast_head":"<!-- This site is optimized with the Yoast SEO plugin v27.4 - https:\/\/yoast.com\/product\/yoast-seo-wordpress\/ -->\n<title>Segersam: Uppsalas bygganm\u00e4lan dyrast | Kristdemokraterna | Uppsala<\/title>\n<meta name=\"robots\" content=\"index, follow, max-snippet:-1, max-image-preview:large, max-video-preview:-1\" \/>\n<link rel=\"canonical\" href=\"https:\/\/wp.kristdemokraterna.se\/uppsala\/segersam-kd-bygganmalan-i-uppsala-dyrast\/\" \/>\n<meta property=\"og:locale\" content=\"sv_SE\" \/>\n<meta property=\"og:type\" content=\"article\" \/>\n<meta property=\"og:title\" content=\"Segersam: Uppsalas bygganm\u00e4lan dyrast | Kristdemokraterna | Uppsala\" \/>\n<meta property=\"og:description\" content=\"Under Alliansregeringen genomf\u00f6rdes ett antal angel\u00e4gna reformer p\u00e5 bostadsomr\u00e5det, under ledning av de kristdemokratiska bostadsministrarna Mats Odell och Stefan Attefall. Bland annat fick vi i Sverige de s\u00e5 kallade Attefallshusen. Enligt en \u00f6versikt \u00f6ver kommunernas avgifter f\u00f6r Attefallshusen som Villa\u00e4garna gjorde f\u00f6rra \u00e5ret ligger Uppsala h\u00f6gst i landet med avgifter p\u00e5 upp till 7 200 Read More\" \/>\n<meta property=\"og:url\" content=\"https:\/\/wp.kristdemokraterna.se\/uppsala\/segersam-kd-bygganmalan-i-uppsala-dyrast\/\" \/>\n<meta property=\"og:site_name\" content=\"Kristdemokraterna | Uppsala\" \/>\n<meta property=\"article:publisher\" content=\"https:\/\/www.facebook.com\/UppsalaKD\/\" \/>\n<meta property=\"article:published_time\" content=\"2015-12-01T14:54:58+00:00\" \/>\n<meta property=\"article:modified_time\" content=\"2024-04-07T16:24:53+00:00\" \/>\n<meta property=\"og:image\" content=\"http:\/\/wp.kristdemokraterna.se\/uppsala\/files\/2015\/12\/key-96233_960_720.jpg\" \/>\n\t<meta property=\"og:image:width\" content=\"960\" \/>\n\t<meta property=\"og:image:height\" content=\"637\" \/>\n\t<meta property=\"og:image:type\" content=\"image\/jpeg\" \/>\n<meta name=\"author\" content=\"Mimmi Westerlund\" \/>\n<meta name=\"twitter:card\" content=\"summary_large_image\" \/>\n<meta name=\"twitter:label1\" content=\"Skriven av\" \/>\n\t<meta name=\"twitter:data1\" content=\"Mimmi Westerlund\" \/>\n\t<meta name=\"twitter:label2\" content=\"Ber\u00e4knad l\u00e4stid\" \/>\n\t<meta name=\"twitter:data2\" content=\"1 minut\" \/>\n<script type=\"application\/ld+json\" class=\"yoast-schema-graph\">{\"@context\":\"https:\\\/\\\/schema.org\",\"@graph\":[{\"@type\":\"Article\",\"@id\":\"https:\\\/\\\/wp.kristdemokraterna.se\\\/uppsala\\\/segersam-kd-bygganmalan-i-uppsala-dyrast\\\/#article\",\"isPartOf\":{\"@id\":\"https:\\\/\\\/wp.kristdemokraterna.se\\\/uppsala\\\/segersam-kd-bygganmalan-i-uppsala-dyrast\\\/\"},\"author\":{\"name\":\"Mimmi Westerlund\",\"@id\":\"https:\\\/\\\/wp.kristdemokraterna.se\\\/uppsala\\\/#\\\/schema\\\/person\\\/038d805d685fb0ce5ad14ab8711d8e84\"},\"headline\":\"Segersam: Uppsalas bygganm\u00e4lan dyrast\",\"datePublished\":\"2015-12-01T14:54:58+00:00\",\"dateModified\":\"2024-04-07T16:24:53+00:00\",\"mainEntityOfPage\":{\"@id\":\"https:\\\/\\\/wp.kristdemokraterna.se\\\/uppsala\\\/segersam-kd-bygganmalan-i-uppsala-dyrast\\\/\"},\"wordCount\":181,\"publisher\":{\"@id\":\"https:\\\/\\\/wp.kristdemokraterna.se\\\/uppsala\\\/#organization\"},\"image\":{\"@id\":\"https:\\\/\\\/wp.kristdemokraterna.se\\\/uppsala\\\/segersam-kd-bygganmalan-i-uppsala-dyrast\\\/#primaryimage\"},\"thumbnailUrl\":\"https:\\\/\\\/wp.kristdemokraterna.se\\\/uppsala\\\/files\\\/2015\\\/12\\\/key-96233_960_720.jpg\",\"articleSection\":[\"Kollektivtrafik &amp; Stadsplanering\"],\"inLanguage\":\"sv-SE\"},{\"@type\":\"WebPage\",\"@id\":\"https:\\\/\\\/wp.kristdemokraterna.se\\\/uppsala\\\/segersam-kd-bygganmalan-i-uppsala-dyrast\\\/\",\"url\":\"https:\\\/\\\/wp.kristdemokraterna.se\\\/uppsala\\\/segersam-kd-bygganmalan-i-uppsala-dyrast\\\/\",\"name\":\"Segersam: Uppsalas bygganm\u00e4lan dyrast | Kristdemokraterna | Uppsala\",\"isPartOf\":{\"@id\":\"https:\\\/\\\/wp.kristdemokraterna.se\\\/uppsala\\\/#website\"},\"primaryImageOfPage\":{\"@id\":\"https:\\\/\\\/wp.kristdemokraterna.se\\\/uppsala\\\/segersam-kd-bygganmalan-i-uppsala-dyrast\\\/#primaryimage\"},\"image\":{\"@id\":\"https:\\\/\\\/wp.kristdemokraterna.se\\\/uppsala\\\/segersam-kd-bygganmalan-i-uppsala-dyrast\\\/#primaryimage\"},\"thumbnailUrl\":\"https:\\\/\\\/wp.kristdemokraterna.se\\\/uppsala\\\/files\\\/2015\\\/12\\\/key-96233_960_720.jpg\",\"datePublished\":\"2015-12-01T14:54:58+00:00\",\"dateModified\":\"2024-04-07T16:24:53+00:00\",\"breadcrumb\":{\"@id\":\"https:\\\/\\\/wp.kristdemokraterna.se\\\/uppsala\\\/segersam-kd-bygganmalan-i-uppsala-dyrast\\\/#breadcrumb\"},\"inLanguage\":\"sv-SE\",\"potentialAction\":[{\"@type\":\"ReadAction\",\"target\":[\"https:\\\/\\\/wp.kristdemokraterna.se\\\/uppsala\\\/segersam-kd-bygganmalan-i-uppsala-dyrast\\\/\"]}]},{\"@type\":\"ImageObject\",\"inLanguage\":\"sv-SE\",\"@id\":\"https:\\\/\\\/wp.kristdemokraterna.se\\\/uppsala\\\/segersam-kd-bygganmalan-i-uppsala-dyrast\\\/#primaryimage\",\"url\":\"https:\\\/\\\/wp.kristdemokraterna.se\\\/uppsala\\\/files\\\/2015\\\/12\\\/key-96233_960_720.jpg\",\"contentUrl\":\"https:\\\/\\\/wp.kristdemokraterna.se\\\/uppsala\\\/files\\\/2015\\\/12\\\/key-96233_960_720.jpg\",\"width\":960,\"height\":637},{\"@type\":\"BreadcrumbList\",\"@id\":\"https:\\\/\\\/wp.kristdemokraterna.se\\\/uppsala\\\/segersam-kd-bygganmalan-i-uppsala-dyrast\\\/#breadcrumb\",\"itemListElement\":[{\"@type\":\"ListItem\",\"position\":1,\"name\":\"Hem\",\"item\":\"https:\\\/\\\/wp.kristdemokraterna.se\\\/uppsala\\\/\"},{\"@type\":\"ListItem\",\"position\":2,\"name\":\"Segersam: Uppsalas bygganm\u00e4lan dyrast\"}]},{\"@type\":\"WebSite\",\"@id\":\"https:\\\/\\\/wp.kristdemokraterna.se\\\/uppsala\\\/#website\",\"url\":\"https:\\\/\\\/wp.kristdemokraterna.se\\\/uppsala\\\/\",\"name\":\"Kristdemokraterna Uppsala\",\"description\":\"Tryggare Uppsala\",\"publisher\":{\"@id\":\"https:\\\/\\\/wp.kristdemokraterna.se\\\/uppsala\\\/#organization\"},\"inLanguage\":\"sv-SE\"},{\"@type\":\"Organization\",\"@id\":\"https:\\\/\\\/wp.kristdemokraterna.se\\\/uppsala\\\/#organization\",\"name\":\"Kristdemokraterna Uppsala\",\"url\":\"https:\\\/\\\/wp.kristdemokraterna.se\\\/uppsala\\\/\",\"logo\":{\"@type\":\"ImageObject\",\"inLanguage\":\"sv-SE\",\"@id\":\"https:\\\/\\\/wp.kristdemokraterna.se\\\/uppsala\\\/#\\\/schema\\\/logo\\\/image\\\/\",\"url\":\"https:\\\/\\\/wp.kristdemokraterna.se\\\/uppsala\\\/files\\\/2019\\\/10\\\/kd-uppsala.png\",\"contentUrl\":\"https:\\\/\\\/wp.kristdemokraterna.se\\\/uppsala\\\/files\\\/2019\\\/10\\\/kd-uppsala.png\",\"width\":804,\"height\":421,\"caption\":\"Kristdemokraterna Uppsala\"},\"image\":{\"@id\":\"https:\\\/\\\/wp.kristdemokraterna.se\\\/uppsala\\\/#\\\/schema\\\/logo\\\/image\\\/\"},\"sameAs\":[\"https:\\\/\\\/www.facebook.com\\\/UppsalaKD\\\/\",\"https:\\\/\\\/www.instagram.com\\\/uppsalakd\\\/\"]},{\"@type\":\"Person\",\"@id\":\"https:\\\/\\\/wp.kristdemokraterna.se\\\/uppsala\\\/#\\\/schema\\\/person\\\/038d805d685fb0ce5ad14ab8711d8e84\",\"name\":\"Mimmi Westerlund\",\"image\":{\"@type\":\"ImageObject\",\"inLanguage\":\"sv-SE\",\"@id\":\"https:\\\/\\\/secure.gravatar.com\\\/avatar\\\/a5697359f709b6b10d9c7e6a7c89f3e054554dedb4657d5ffe9e5bc5b1445841?s=96&r=g\",\"url\":\"https:\\\/\\\/secure.gravatar.com\\\/avatar\\\/a5697359f709b6b10d9c7e6a7c89f3e054554dedb4657d5ffe9e5bc5b1445841?s=96&r=g\",\"contentUrl\":\"https:\\\/\\\/secure.gravatar.com\\\/avatar\\\/a5697359f709b6b10d9c7e6a7c89f3e054554dedb4657d5ffe9e5bc5b1445841?s=96&r=g\",\"caption\":\"Mimmi Westerlund\"},\"url\":\"https:\\\/\\\/wp.kristdemokraterna.se\\\/uppsala\\\/author\\\/mimmi\\\/\"}]}<\/script>\n<!-- \/ Yoast SEO plugin. -->","yoast_head_json":{"title":"Segersam: Uppsalas bygganm\u00e4lan dyrast | Kristdemokraterna | Uppsala","robots":{"index":"index","follow":"follow","max-snippet":"max-snippet:-1","max-image-preview":"max-image-preview:large","max-video-preview":"max-video-preview:-1"},"canonical":"https:\/\/wp.kristdemokraterna.se\/uppsala\/segersam-kd-bygganmalan-i-uppsala-dyrast\/","og_locale":"sv_SE","og_type":"article","og_title":"Segersam: Uppsalas bygganm\u00e4lan dyrast | Kristdemokraterna | Uppsala","og_description":"Under Alliansregeringen genomf\u00f6rdes ett antal angel\u00e4gna reformer p\u00e5 bostadsomr\u00e5det, under ledning av de kristdemokratiska bostadsministrarna Mats Odell och Stefan Attefall. Bland annat fick vi i Sverige de s\u00e5 kallade Attefallshusen. Enligt en \u00f6versikt \u00f6ver kommunernas avgifter f\u00f6r Attefallshusen som Villa\u00e4garna gjorde f\u00f6rra \u00e5ret ligger Uppsala h\u00f6gst i landet med avgifter p\u00e5 upp till 7 200 Read More","og_url":"https:\/\/wp.kristdemokraterna.se\/uppsala\/segersam-kd-bygganmalan-i-uppsala-dyrast\/","og_site_name":"Kristdemokraterna | Uppsala","article_publisher":"https:\/\/www.facebook.com\/UppsalaKD\/","article_published_time":"2015-12-01T14:54:58+00:00","article_modified_time":"2024-04-07T16:24:53+00:00","og_image":[{"width":960,"height":637,"url":"http:\/\/wp.kristdemokraterna.se\/uppsala\/files\/2015\/12\/key-96233_960_720.jpg","type":"image\/jpeg"}],"author":"Mimmi Westerlund","twitter_card":"summary_large_image","twitter_misc":{"Skriven av":"Mimmi Westerlund","Ber\u00e4knad l\u00e4stid":"1 minut"},"schema":{"@context":"https:\/\/schema.org","@graph":[{"@type":"Article","@id":"https:\/\/wp.kristdemokraterna.se\/uppsala\/segersam-kd-bygganmalan-i-uppsala-dyrast\/#article","isPartOf":{"@id":"https:\/\/wp.kristdemokraterna.se\/uppsala\/segersam-kd-bygganmalan-i-uppsala-dyrast\/"},"author":{"name":"Mimmi Westerlund","@id":"https:\/\/wp.kristdemokraterna.se\/uppsala\/#\/schema\/person\/038d805d685fb0ce5ad14ab8711d8e84"},"headline":"Segersam: Uppsalas bygganm\u00e4lan dyrast","datePublished":"2015-12-01T14:54:58+00:00","dateModified":"2024-04-07T16:24:53+00:00","mainEntityOfPage":{"@id":"https:\/\/wp.kristdemokraterna.se\/uppsala\/segersam-kd-bygganmalan-i-uppsala-dyrast\/"},"wordCount":181,"publisher":{"@id":"https:\/\/wp.kristdemokraterna.se\/uppsala\/#organization"},"image":{"@id":"https:\/\/wp.kristdemokraterna.se\/uppsala\/segersam-kd-bygganmalan-i-uppsala-dyrast\/#primaryimage"},"thumbnailUrl":"https:\/\/wp.kristdemokraterna.se\/uppsala\/files\/2015\/12\/key-96233_960_720.jpg","articleSection":["Kollektivtrafik &amp; Stadsplanering"],"inLanguage":"sv-SE"},{"@type":"WebPage","@id":"https:\/\/wp.kristdemokraterna.se\/uppsala\/segersam-kd-bygganmalan-i-uppsala-dyrast\/","url":"https:\/\/wp.kristdemokraterna.se\/uppsala\/segersam-kd-bygganmalan-i-uppsala-dyrast\/","name":"Segersam: Uppsalas bygganm\u00e4lan dyrast | Kristdemokraterna | Uppsala","isPartOf":{"@id":"https:\/\/wp.kristdemokraterna.se\/uppsala\/#website"},"primaryImageOfPage":{"@id":"https:\/\/wp.kristdemokraterna.se\/uppsala\/segersam-kd-bygganmalan-i-uppsala-dyrast\/#primaryimage"},"image":{"@id":"https:\/\/wp.kristdemokraterna.se\/uppsala\/segersam-kd-bygganmalan-i-uppsala-dyrast\/#primaryimage"},"thumbnailUrl":"https:\/\/wp.kristdemokraterna.se\/uppsala\/files\/2015\/12\/key-96233_960_720.jpg","datePublished":"2015-12-01T14:54:58+00:00","dateModified":"2024-04-07T16:24:53+00:00","breadcrumb":{"@id":"https:\/\/wp.kristdemokraterna.se\/uppsala\/segersam-kd-bygganmalan-i-uppsala-dyrast\/#breadcrumb"},"inLanguage":"sv-SE","potentialAction":[{"@type":"ReadAction","target":["https:\/\/wp.kristdemokraterna.se\/uppsala\/segersam-kd-bygganmalan-i-uppsala-dyrast\/"]}]},{"@type":"ImageObject","inLanguage":"sv-SE","@id":"https:\/\/wp.kristdemokraterna.se\/uppsala\/segersam-kd-bygganmalan-i-uppsala-dyrast\/#primaryimage","url":"https:\/\/wp.kristdemokraterna.se\/uppsala\/files\/2015\/12\/key-96233_960_720.jpg","contentUrl":"https:\/\/wp.kristdemokraterna.se\/uppsala\/files\/2015\/12\/key-96233_960_720.jpg","width":960,"height":637},{"@type":"BreadcrumbList","@id":"https:\/\/wp.kristdemokraterna.se\/uppsala\/segersam-kd-bygganmalan-i-uppsala-dyrast\/#breadcrumb","itemListElement":[{"@type":"ListItem","position":1,"name":"Hem","item":"https:\/\/wp.kristdemokraterna.se\/uppsala\/"},{"@type":"ListItem","position":2,"name":"Segersam: Uppsalas bygganm\u00e4lan dyrast"}]},{"@type":"WebSite","@id":"https:\/\/wp.kristdemokraterna.se\/uppsala\/#website","url":"https:\/\/wp.kristdemokraterna.se\/uppsala\/","name":"Kristdemokraterna Uppsala","description":"Tryggare Uppsala","publisher":{"@id":"https:\/\/wp.kristdemokraterna.se\/uppsala\/#organization"},"inLanguage":"sv-SE"},{"@type":"Organization","@id":"https:\/\/wp.kristdemokraterna.se\/uppsala\/#organization","name":"Kristdemokraterna Uppsala","url":"https:\/\/wp.kristdemokraterna.se\/uppsala\/","logo":{"@type":"ImageObject","inLanguage":"sv-SE","@id":"https:\/\/wp.kristdemokraterna.se\/uppsala\/#\/schema\/logo\/image\/","url":"https:\/\/wp.kristdemokraterna.se\/uppsala\/files\/2019\/10\/kd-uppsala.png","contentUrl":"https:\/\/wp.kristdemokraterna.se\/uppsala\/files\/2019\/10\/kd-uppsala.png","width":804,"height":421,"caption":"Kristdemokraterna Uppsala"},"image":{"@id":"https:\/\/wp.kristdemokraterna.se\/uppsala\/#\/schema\/logo\/image\/"},"sameAs":["https:\/\/www.facebook.com\/UppsalaKD\/","https:\/\/www.instagram.com\/uppsalakd\/"]},{"@type":"Person","@id":"https:\/\/wp.kristdemokraterna.se\/uppsala\/#\/schema\/person\/038d805d685fb0ce5ad14ab8711d8e84","name":"Mimmi Westerlund","image":{"@type":"ImageObject","inLanguage":"sv-SE","@id":"https:\/\/secure.gravatar.com\/avatar\/a5697359f709b6b10d9c7e6a7c89f3e054554dedb4657d5ffe9e5bc5b1445841?s=96&r=g","url":"https:\/\/secure.gravatar.com\/avatar\/a5697359f709b6b10d9c7e6a7c89f3e054554dedb4657d5ffe9e5bc5b1445841?s=96&r=g","contentUrl":"https:\/\/secure.gravatar.com\/avatar\/a5697359f709b6b10d9c7e6a7c89f3e054554dedb4657d5ffe9e5bc5b1445841?s=96&r=g","caption":"Mimmi Westerlund"},"url":"https:\/\/wp.kristdemokraterna.se\/uppsala\/author\/mimmi\/"}]}},"_links":{"self":[{"href":"https:\/\/wp.kristdemokraterna.se\/uppsala\/wp-json\/wp\/v2\/posts\/1903","targetHints":{"allow":["GET"]}}],"collection":[{"href":"https:\/\/wp.kristdemokraterna.se\/uppsala\/wp-json\/wp\/v2\/posts"}],"about":[{"href":"https:\/\/wp.kristdemokraterna.se\/uppsala\/wp-json\/wp\/v2\/types\/post"}],"author":[{"embeddable":true,"href":"https:\/\/wp.kristdemokraterna.se\/uppsala\/wp-json\/wp\/v2\/users\/702"}],"replies":[{"embeddable":true,"href":"https:\/\/wp.kristdemokraterna.se\/uppsala\/wp-json\/wp\/v2\/comments?post=1903"}],"version-history":[{"count":6,"href":"https:\/\/wp.kristdemokraterna.se\/uppsala\/wp-json\/wp\/v2\/posts\/1903\/revisions"}],"predecessor-version":[{"id":1915,"href":"https:\/\/wp.kristdemokraterna.se\/uppsala\/wp-json\/wp\/v2\/posts\/1903\/revisions\/1915"}],"wp:featuredmedia":[{"embeddable":true,"href":"https:\/\/wp.kristdemokraterna.se\/uppsala\/wp-json\/wp\/v2\/media\/1905"}],"wp:attachment":[{"href":"https:\/\/wp.kristdemokraterna.se\/uppsala\/wp-json\/wp\/v2\/media?parent=1903"}],"wp:term":[{"taxonomy":"category","embeddable":true,"href":"https:\/\/wp.kristdemokraterna.se\/uppsala\/wp-json\/wp\/v2\/categories?post=1903"},{"taxonomy":"post_tag","embeddable":true,"href":"https:\/\/wp.kristdemokraterna.se\/uppsala\/wp-json\/wp\/v2\/tags?post=1903"}],"curies":[{"name":"wp","href":"https:\/\/api.w.org\/{rel}","templated":true}]}}