{"id":1912,"date":"2015-12-03T10:30:20","date_gmt":"2015-12-03T09:30:20","guid":{"rendered":"http:\/\/wp.kristdemokraterna.se\/uppsala\/?p=1912"},"modified":"2024-04-04T01:05:49","modified_gmt":"2024-04-03T23:05:49","slug":"segersam-anta-en-handlingsplan-mot-extremism","status":"publish","type":"post","link":"https:\/\/wp.kristdemokraterna.se\/uppsala\/segersam-anta-en-handlingsplan-mot-extremism\/","title":{"rendered":"Segersam: Anta en handlingsplan mot v\u00e5ldsbejakande extremism"},"content":{"rendered":"<p><strong>V\u00e4rlden har den senaste tiden skakats av terrord\u00e5d, inte minst av Islamiska staten (IS). Terrorniv\u00e5n i Sverige har h\u00f6jts till 4 p\u00e5 en 5-gradig skala, samtidigt som vi vet att alltf\u00f6r m\u00e5nga radikaliseras inom v\u00e5ra gr\u00e4nser. Enligt S\u00c4PO har s\u00e5 m\u00e5nga som upp till 300 personer l\u00e4mnat landet f\u00f6r att ansluta sig till islamistiska terrorgrupper.<\/strong><\/p>\n<p>Hur m\u00e5nga som sympatiserar med dessa extrema terrorgrupper men som stannar kvar i Sverige \u00e4r os\u00e4kert. Regeringens nationella samordnare mot v\u00e5ldsbejakande extremism, Mona Sahlin, har i flera sammanhang understrukit vikten av det f\u00f6rebyggande arbetet. Det \u00e4r helt avg\u00f6rande att i ett tidigt skede arbeta med personer som \u00e4r i riskzonen och som p\u00e5 sikt kan utg\u00f6ra ett hot f\u00f6r samh\u00e4llet.<\/p>\n<p>Det finns ocks\u00e5 en risk att personer som kommit hit med flyktingstr\u00f6mmen har ett tvivelaktigt f\u00f6rflutet med terrorism i sina heml\u00e4nder.<\/p>\n<blockquote><p>&#8211; Kristdemokraterna har en rad konkreta f\u00f6rslag hur Uppsala kommun skulle kunna vidta konkreta \u00e5tg\u00e4rder f\u00f6r att motverka islamistisk extremism. Inte minst med f\u00f6rebild fr\u00e5n andra kommuner i Sverige och Europa som arbetat konkret med fr\u00e5gan. Det \u00e4r d\u00e4rf\u00f6r vi vill fr\u00e5ga majoriteten i kommunen om det finns n\u00e5gra planer att arbeta f\u00f6r dessa fr\u00e5gor, s\u00e4ger kommunalr\u00e5det Jonas Segersam (KD)<\/p>\n<p>&#8211; De fr\u00e5gor jag st\u00e4llt \u00e4r om majoriteten avser att arbeta f\u00f6r att uppr\u00e4tta en handlingsplan f\u00f6r att motverka radikalisering och v\u00e5ldsbejakande extremism, och om det finns n\u00e5gon kartl\u00e4ggning av hur stort problemet \u00e4r, avslutar han.<\/p><\/blockquote>\n<p>L\u00e4s interpellationen i sin helhet h\u00e4r: <a href=\"http:\/\/wp.kristdemokraterna.se\/uppsala\/files\/2015\/12\/interpellation-valdsbejakande-extremism.pdf\">Interpellation v\u00e5ldsbejakande extremism<\/a><\/p>\n","protected":false},"excerpt":{"rendered":"<p>V\u00e4rlden har den senaste tiden skakats av terrord\u00e5d, inte minst av Islamiska staten (IS). Terrorniv\u00e5n i Sverige har h\u00f6jts till 4 p\u00e5 en 5-gradig skala, samtidigt som vi vet att alltf\u00f6r m\u00e5nga radikaliseras inom v\u00e5ra gr\u00e4nser. Enligt S\u00c4PO har s\u00e5 m\u00e5nga som upp till 300 personer l\u00e4mnat landet f\u00f6r att ansluta sig till islamistiska terrorgrupper. <a class=\"read-more-link\" href=\"https:\/\/wp.kristdemokraterna.se\/uppsala\/segersam-anta-en-handlingsplan-mot-extremism\/\">Read More<\/a><\/p>\n","protected":false},"author":702,"featured_media":1785,"comment_status":"closed","ping_status":"closed","sticky":false,"template":"","format":"standard","meta":{"_acf_changed":false,"footnotes":""},"categories":[249],"tags":[],"class_list":["post-1912","post","type-post","status-publish","format-standard","hentry","category-trygghet-o-sakerhet"],"acf":[],"yoast_head":"<!-- This site is optimized with the Yoast SEO plugin v27.4 - https:\/\/yoast.com\/product\/yoast-seo-wordpress\/ -->\n<title>Segersam: Anta en handlingsplan mot v\u00e5ldsbejakande extremism | Kristdemokraterna | Uppsala<\/title>\n<meta name=\"robots\" content=\"index, follow, max-snippet:-1, max-image-preview:large, max-video-preview:-1\" \/>\n<link rel=\"canonical\" href=\"https:\/\/wp.kristdemokraterna.se\/uppsala\/segersam-anta-en-handlingsplan-mot-extremism\/\" \/>\n<meta property=\"og:locale\" content=\"sv_SE\" \/>\n<meta property=\"og:type\" content=\"article\" \/>\n<meta property=\"og:title\" content=\"Segersam: Anta en handlingsplan mot v\u00e5ldsbejakande extremism | Kristdemokraterna | Uppsala\" \/>\n<meta property=\"og:description\" content=\"V\u00e4rlden har den senaste tiden skakats av terrord\u00e5d, inte minst av Islamiska staten (IS). Terrorniv\u00e5n i Sverige har h\u00f6jts till 4 p\u00e5 en 5-gradig skala, samtidigt som vi vet att alltf\u00f6r m\u00e5nga radikaliseras inom v\u00e5ra gr\u00e4nser. Enligt S\u00c4PO har s\u00e5 m\u00e5nga som upp till 300 personer l\u00e4mnat landet f\u00f6r att ansluta sig till islamistiska terrorgrupper. Read More\" \/>\n<meta property=\"og:url\" content=\"https:\/\/wp.kristdemokraterna.se\/uppsala\/segersam-anta-en-handlingsplan-mot-extremism\/\" \/>\n<meta property=\"og:site_name\" content=\"Kristdemokraterna | Uppsala\" \/>\n<meta property=\"article:publisher\" content=\"https:\/\/www.facebook.com\/UppsalaKD\/\" \/>\n<meta property=\"article:published_time\" content=\"2015-12-03T09:30:20+00:00\" \/>\n<meta property=\"article:modified_time\" content=\"2024-04-03T23:05:49+00:00\" \/>\n<meta property=\"og:image\" content=\"http:\/\/wp.kristdemokraterna.se\/uppsala\/files\/2015\/11\/klar.png\" \/>\n\t<meta property=\"og:image:width\" content=\"1311\" \/>\n\t<meta property=\"og:image:height\" content=\"745\" \/>\n\t<meta property=\"og:image:type\" content=\"image\/png\" \/>\n<meta name=\"author\" content=\"Mimmi Westerlund\" \/>\n<meta name=\"twitter:card\" content=\"summary_large_image\" \/>\n<meta name=\"twitter:label1\" content=\"Skriven av\" \/>\n\t<meta name=\"twitter:data1\" content=\"Mimmi Westerlund\" \/>\n\t<meta name=\"twitter:label2\" content=\"Ber\u00e4knad l\u00e4stid\" \/>\n\t<meta name=\"twitter:data2\" content=\"1 minut\" \/>\n<script type=\"application\/ld+json\" class=\"yoast-schema-graph\">{\"@context\":\"https:\\\/\\\/schema.org\",\"@graph\":[{\"@type\":\"Article\",\"@id\":\"https:\\\/\\\/wp.kristdemokraterna.se\\\/uppsala\\\/segersam-anta-en-handlingsplan-mot-extremism\\\/#article\",\"isPartOf\":{\"@id\":\"https:\\\/\\\/wp.kristdemokraterna.se\\\/uppsala\\\/segersam-anta-en-handlingsplan-mot-extremism\\\/\"},\"author\":{\"name\":\"Mimmi Westerlund\",\"@id\":\"https:\\\/\\\/wp.kristdemokraterna.se\\\/uppsala\\\/#\\\/schema\\\/person\\\/038d805d685fb0ce5ad14ab8711d8e84\"},\"headline\":\"Segersam: Anta en handlingsplan mot v\u00e5ldsbejakande extremism\",\"datePublished\":\"2015-12-03T09:30:20+00:00\",\"dateModified\":\"2024-04-03T23:05:49+00:00\",\"mainEntityOfPage\":{\"@id\":\"https:\\\/\\\/wp.kristdemokraterna.se\\\/uppsala\\\/segersam-anta-en-handlingsplan-mot-extremism\\\/\"},\"wordCount\":295,\"publisher\":{\"@id\":\"https:\\\/\\\/wp.kristdemokraterna.se\\\/uppsala\\\/#organization\"},\"image\":{\"@id\":\"https:\\\/\\\/wp.kristdemokraterna.se\\\/uppsala\\\/segersam-anta-en-handlingsplan-mot-extremism\\\/#primaryimage\"},\"thumbnailUrl\":\"https:\\\/\\\/wp.kristdemokraterna.se\\\/uppsala\\\/files\\\/2015\\\/11\\\/klar.png\",\"articleSection\":[\"Trygghet &amp; S\u00e4kerhet\"],\"inLanguage\":\"sv-SE\"},{\"@type\":\"WebPage\",\"@id\":\"https:\\\/\\\/wp.kristdemokraterna.se\\\/uppsala\\\/segersam-anta-en-handlingsplan-mot-extremism\\\/\",\"url\":\"https:\\\/\\\/wp.kristdemokraterna.se\\\/uppsala\\\/segersam-anta-en-handlingsplan-mot-extremism\\\/\",\"name\":\"Segersam: Anta en handlingsplan mot v\u00e5ldsbejakande extremism | Kristdemokraterna | Uppsala\",\"isPartOf\":{\"@id\":\"https:\\\/\\\/wp.kristdemokraterna.se\\\/uppsala\\\/#website\"},\"primaryImageOfPage\":{\"@id\":\"https:\\\/\\\/wp.kristdemokraterna.se\\\/uppsala\\\/segersam-anta-en-handlingsplan-mot-extremism\\\/#primaryimage\"},\"image\":{\"@id\":\"https:\\\/\\\/wp.kristdemokraterna.se\\\/uppsala\\\/segersam-anta-en-handlingsplan-mot-extremism\\\/#primaryimage\"},\"thumbnailUrl\":\"https:\\\/\\\/wp.kristdemokraterna.se\\\/uppsala\\\/files\\\/2015\\\/11\\\/klar.png\",\"datePublished\":\"2015-12-03T09:30:20+00:00\",\"dateModified\":\"2024-04-03T23:05:49+00:00\",\"breadcrumb\":{\"@id\":\"https:\\\/\\\/wp.kristdemokraterna.se\\\/uppsala\\\/segersam-anta-en-handlingsplan-mot-extremism\\\/#breadcrumb\"},\"inLanguage\":\"sv-SE\",\"potentialAction\":[{\"@type\":\"ReadAction\",\"target\":[\"https:\\\/\\\/wp.kristdemokraterna.se\\\/uppsala\\\/segersam-anta-en-handlingsplan-mot-extremism\\\/\"]}]},{\"@type\":\"ImageObject\",\"inLanguage\":\"sv-SE\",\"@id\":\"https:\\\/\\\/wp.kristdemokraterna.se\\\/uppsala\\\/segersam-anta-en-handlingsplan-mot-extremism\\\/#primaryimage\",\"url\":\"https:\\\/\\\/wp.kristdemokraterna.se\\\/uppsala\\\/files\\\/2015\\\/11\\\/klar.png\",\"contentUrl\":\"https:\\\/\\\/wp.kristdemokraterna.se\\\/uppsala\\\/files\\\/2015\\\/11\\\/klar.png\",\"width\":1311,\"height\":745},{\"@type\":\"BreadcrumbList\",\"@id\":\"https:\\\/\\\/wp.kristdemokraterna.se\\\/uppsala\\\/segersam-anta-en-handlingsplan-mot-extremism\\\/#breadcrumb\",\"itemListElement\":[{\"@type\":\"ListItem\",\"position\":1,\"name\":\"Hem\",\"item\":\"https:\\\/\\\/wp.kristdemokraterna.se\\\/uppsala\\\/\"},{\"@type\":\"ListItem\",\"position\":2,\"name\":\"Segersam: Anta en handlingsplan mot v\u00e5ldsbejakande extremism\"}]},{\"@type\":\"WebSite\",\"@id\":\"https:\\\/\\\/wp.kristdemokraterna.se\\\/uppsala\\\/#website\",\"url\":\"https:\\\/\\\/wp.kristdemokraterna.se\\\/uppsala\\\/\",\"name\":\"Kristdemokraterna Uppsala\",\"description\":\"Tryggare Uppsala\",\"publisher\":{\"@id\":\"https:\\\/\\\/wp.kristdemokraterna.se\\\/uppsala\\\/#organization\"},\"inLanguage\":\"sv-SE\"},{\"@type\":\"Organization\",\"@id\":\"https:\\\/\\\/wp.kristdemokraterna.se\\\/uppsala\\\/#organization\",\"name\":\"Kristdemokraterna Uppsala\",\"url\":\"https:\\\/\\\/wp.kristdemokraterna.se\\\/uppsala\\\/\",\"logo\":{\"@type\":\"ImageObject\",\"inLanguage\":\"sv-SE\",\"@id\":\"https:\\\/\\\/wp.kristdemokraterna.se\\\/uppsala\\\/#\\\/schema\\\/logo\\\/image\\\/\",\"url\":\"https:\\\/\\\/wp.kristdemokraterna.se\\\/uppsala\\\/files\\\/2019\\\/10\\\/kd-uppsala.png\",\"contentUrl\":\"https:\\\/\\\/wp.kristdemokraterna.se\\\/uppsala\\\/files\\\/2019\\\/10\\\/kd-uppsala.png\",\"width\":804,\"height\":421,\"caption\":\"Kristdemokraterna Uppsala\"},\"image\":{\"@id\":\"https:\\\/\\\/wp.kristdemokraterna.se\\\/uppsala\\\/#\\\/schema\\\/logo\\\/image\\\/\"},\"sameAs\":[\"https:\\\/\\\/www.facebook.com\\\/UppsalaKD\\\/\",\"https:\\\/\\\/www.instagram.com\\\/uppsalakd\\\/\"]},{\"@type\":\"Person\",\"@id\":\"https:\\\/\\\/wp.kristdemokraterna.se\\\/uppsala\\\/#\\\/schema\\\/person\\\/038d805d685fb0ce5ad14ab8711d8e84\",\"name\":\"Mimmi Westerlund\",\"image\":{\"@type\":\"ImageObject\",\"inLanguage\":\"sv-SE\",\"@id\":\"https:\\\/\\\/secure.gravatar.com\\\/avatar\\\/a5697359f709b6b10d9c7e6a7c89f3e054554dedb4657d5ffe9e5bc5b1445841?s=96&r=g\",\"url\":\"https:\\\/\\\/secure.gravatar.com\\\/avatar\\\/a5697359f709b6b10d9c7e6a7c89f3e054554dedb4657d5ffe9e5bc5b1445841?s=96&r=g\",\"contentUrl\":\"https:\\\/\\\/secure.gravatar.com\\\/avatar\\\/a5697359f709b6b10d9c7e6a7c89f3e054554dedb4657d5ffe9e5bc5b1445841?s=96&r=g\",\"caption\":\"Mimmi Westerlund\"},\"url\":\"https:\\\/\\\/wp.kristdemokraterna.se\\\/uppsala\\\/author\\\/mimmi\\\/\"}]}<\/script>\n<!-- \/ Yoast SEO plugin. -->","yoast_head_json":{"title":"Segersam: Anta en handlingsplan mot v\u00e5ldsbejakande extremism | Kristdemokraterna | Uppsala","robots":{"index":"index","follow":"follow","max-snippet":"max-snippet:-1","max-image-preview":"max-image-preview:large","max-video-preview":"max-video-preview:-1"},"canonical":"https:\/\/wp.kristdemokraterna.se\/uppsala\/segersam-anta-en-handlingsplan-mot-extremism\/","og_locale":"sv_SE","og_type":"article","og_title":"Segersam: Anta en handlingsplan mot v\u00e5ldsbejakande extremism | Kristdemokraterna | Uppsala","og_description":"V\u00e4rlden har den senaste tiden skakats av terrord\u00e5d, inte minst av Islamiska staten (IS). Terrorniv\u00e5n i Sverige har h\u00f6jts till 4 p\u00e5 en 5-gradig skala, samtidigt som vi vet att alltf\u00f6r m\u00e5nga radikaliseras inom v\u00e5ra gr\u00e4nser. Enligt S\u00c4PO har s\u00e5 m\u00e5nga som upp till 300 personer l\u00e4mnat landet f\u00f6r att ansluta sig till islamistiska terrorgrupper. Read More","og_url":"https:\/\/wp.kristdemokraterna.se\/uppsala\/segersam-anta-en-handlingsplan-mot-extremism\/","og_site_name":"Kristdemokraterna | Uppsala","article_publisher":"https:\/\/www.facebook.com\/UppsalaKD\/","article_published_time":"2015-12-03T09:30:20+00:00","article_modified_time":"2024-04-03T23:05:49+00:00","og_image":[{"width":1311,"height":745,"url":"http:\/\/wp.kristdemokraterna.se\/uppsala\/files\/2015\/11\/klar.png","type":"image\/png"}],"author":"Mimmi Westerlund","twitter_card":"summary_large_image","twitter_misc":{"Skriven av":"Mimmi Westerlund","Ber\u00e4knad l\u00e4stid":"1 minut"},"schema":{"@context":"https:\/\/schema.org","@graph":[{"@type":"Article","@id":"https:\/\/wp.kristdemokraterna.se\/uppsala\/segersam-anta-en-handlingsplan-mot-extremism\/#article","isPartOf":{"@id":"https:\/\/wp.kristdemokraterna.se\/uppsala\/segersam-anta-en-handlingsplan-mot-extremism\/"},"author":{"name":"Mimmi Westerlund","@id":"https:\/\/wp.kristdemokraterna.se\/uppsala\/#\/schema\/person\/038d805d685fb0ce5ad14ab8711d8e84"},"headline":"Segersam: Anta en handlingsplan mot v\u00e5ldsbejakande extremism","datePublished":"2015-12-03T09:30:20+00:00","dateModified":"2024-04-03T23:05:49+00:00","mainEntityOfPage":{"@id":"https:\/\/wp.kristdemokraterna.se\/uppsala\/segersam-anta-en-handlingsplan-mot-extremism\/"},"wordCount":295,"publisher":{"@id":"https:\/\/wp.kristdemokraterna.se\/uppsala\/#organization"},"image":{"@id":"https:\/\/wp.kristdemokraterna.se\/uppsala\/segersam-anta-en-handlingsplan-mot-extremism\/#primaryimage"},"thumbnailUrl":"https:\/\/wp.kristdemokraterna.se\/uppsala\/files\/2015\/11\/klar.png","articleSection":["Trygghet &amp; S\u00e4kerhet"],"inLanguage":"sv-SE"},{"@type":"WebPage","@id":"https:\/\/wp.kristdemokraterna.se\/uppsala\/segersam-anta-en-handlingsplan-mot-extremism\/","url":"https:\/\/wp.kristdemokraterna.se\/uppsala\/segersam-anta-en-handlingsplan-mot-extremism\/","name":"Segersam: Anta en handlingsplan mot v\u00e5ldsbejakande extremism | Kristdemokraterna | Uppsala","isPartOf":{"@id":"https:\/\/wp.kristdemokraterna.se\/uppsala\/#website"},"primaryImageOfPage":{"@id":"https:\/\/wp.kristdemokraterna.se\/uppsala\/segersam-anta-en-handlingsplan-mot-extremism\/#primaryimage"},"image":{"@id":"https:\/\/wp.kristdemokraterna.se\/uppsala\/segersam-anta-en-handlingsplan-mot-extremism\/#primaryimage"},"thumbnailUrl":"https:\/\/wp.kristdemokraterna.se\/uppsala\/files\/2015\/11\/klar.png","datePublished":"2015-12-03T09:30:20+00:00","dateModified":"2024-04-03T23:05:49+00:00","breadcrumb":{"@id":"https:\/\/wp.kristdemokraterna.se\/uppsala\/segersam-anta-en-handlingsplan-mot-extremism\/#breadcrumb"},"inLanguage":"sv-SE","potentialAction":[{"@type":"ReadAction","target":["https:\/\/wp.kristdemokraterna.se\/uppsala\/segersam-anta-en-handlingsplan-mot-extremism\/"]}]},{"@type":"ImageObject","inLanguage":"sv-SE","@id":"https:\/\/wp.kristdemokraterna.se\/uppsala\/segersam-anta-en-handlingsplan-mot-extremism\/#primaryimage","url":"https:\/\/wp.kristdemokraterna.se\/uppsala\/files\/2015\/11\/klar.png","contentUrl":"https:\/\/wp.kristdemokraterna.se\/uppsala\/files\/2015\/11\/klar.png","width":1311,"height":745},{"@type":"BreadcrumbList","@id":"https:\/\/wp.kristdemokraterna.se\/uppsala\/segersam-anta-en-handlingsplan-mot-extremism\/#breadcrumb","itemListElement":[{"@type":"ListItem","position":1,"name":"Hem","item":"https:\/\/wp.kristdemokraterna.se\/uppsala\/"},{"@type":"ListItem","position":2,"name":"Segersam: Anta en handlingsplan mot v\u00e5ldsbejakande extremism"}]},{"@type":"WebSite","@id":"https:\/\/wp.kristdemokraterna.se\/uppsala\/#website","url":"https:\/\/wp.kristdemokraterna.se\/uppsala\/","name":"Kristdemokraterna Uppsala","description":"Tryggare Uppsala","publisher":{"@id":"https:\/\/wp.kristdemokraterna.se\/uppsala\/#organization"},"inLanguage":"sv-SE"},{"@type":"Organization","@id":"https:\/\/wp.kristdemokraterna.se\/uppsala\/#organization","name":"Kristdemokraterna Uppsala","url":"https:\/\/wp.kristdemokraterna.se\/uppsala\/","logo":{"@type":"ImageObject","inLanguage":"sv-SE","@id":"https:\/\/wp.kristdemokraterna.se\/uppsala\/#\/schema\/logo\/image\/","url":"https:\/\/wp.kristdemokraterna.se\/uppsala\/files\/2019\/10\/kd-uppsala.png","contentUrl":"https:\/\/wp.kristdemokraterna.se\/uppsala\/files\/2019\/10\/kd-uppsala.png","width":804,"height":421,"caption":"Kristdemokraterna Uppsala"},"image":{"@id":"https:\/\/wp.kristdemokraterna.se\/uppsala\/#\/schema\/logo\/image\/"},"sameAs":["https:\/\/www.facebook.com\/UppsalaKD\/","https:\/\/www.instagram.com\/uppsalakd\/"]},{"@type":"Person","@id":"https:\/\/wp.kristdemokraterna.se\/uppsala\/#\/schema\/person\/038d805d685fb0ce5ad14ab8711d8e84","name":"Mimmi Westerlund","image":{"@type":"ImageObject","inLanguage":"sv-SE","@id":"https:\/\/secure.gravatar.com\/avatar\/a5697359f709b6b10d9c7e6a7c89f3e054554dedb4657d5ffe9e5bc5b1445841?s=96&r=g","url":"https:\/\/secure.gravatar.com\/avatar\/a5697359f709b6b10d9c7e6a7c89f3e054554dedb4657d5ffe9e5bc5b1445841?s=96&r=g","contentUrl":"https:\/\/secure.gravatar.com\/avatar\/a5697359f709b6b10d9c7e6a7c89f3e054554dedb4657d5ffe9e5bc5b1445841?s=96&r=g","caption":"Mimmi Westerlund"},"url":"https:\/\/wp.kristdemokraterna.se\/uppsala\/author\/mimmi\/"}]}},"_links":{"self":[{"href":"https:\/\/wp.kristdemokraterna.se\/uppsala\/wp-json\/wp\/v2\/posts\/1912","targetHints":{"allow":["GET"]}}],"collection":[{"href":"https:\/\/wp.kristdemokraterna.se\/uppsala\/wp-json\/wp\/v2\/posts"}],"about":[{"href":"https:\/\/wp.kristdemokraterna.se\/uppsala\/wp-json\/wp\/v2\/types\/post"}],"author":[{"embeddable":true,"href":"https:\/\/wp.kristdemokraterna.se\/uppsala\/wp-json\/wp\/v2\/users\/702"}],"replies":[{"embeddable":true,"href":"https:\/\/wp.kristdemokraterna.se\/uppsala\/wp-json\/wp\/v2\/comments?post=1912"}],"version-history":[{"count":3,"href":"https:\/\/wp.kristdemokraterna.se\/uppsala\/wp-json\/wp\/v2\/posts\/1912\/revisions"}],"predecessor-version":[{"id":1917,"href":"https:\/\/wp.kristdemokraterna.se\/uppsala\/wp-json\/wp\/v2\/posts\/1912\/revisions\/1917"}],"wp:featuredmedia":[{"embeddable":true,"href":"https:\/\/wp.kristdemokraterna.se\/uppsala\/wp-json\/wp\/v2\/media\/1785"}],"wp:attachment":[{"href":"https:\/\/wp.kristdemokraterna.se\/uppsala\/wp-json\/wp\/v2\/media?parent=1912"}],"wp:term":[{"taxonomy":"category","embeddable":true,"href":"https:\/\/wp.kristdemokraterna.se\/uppsala\/wp-json\/wp\/v2\/categories?post=1912"},{"taxonomy":"post_tag","embeddable":true,"href":"https:\/\/wp.kristdemokraterna.se\/uppsala\/wp-json\/wp\/v2\/tags?post=1912"}],"curies":[{"name":"wp","href":"https:\/\/api.w.org\/{rel}","templated":true}]}}