{"id":1919,"date":"2016-01-11T12:30:59","date_gmt":"2016-01-11T11:30:59","guid":{"rendered":"http:\/\/wp.kristdemokraterna.se\/uppsala\/?p=1919"},"modified":"2024-04-04T01:05:37","modified_gmt":"2024-04-03T23:05:37","slug":"initiera-forebyggande-atgarder-som-kan-forhindra-valdsdad","status":"publish","type":"post","link":"https:\/\/wp.kristdemokraterna.se\/uppsala\/initiera-forebyggande-atgarder-som-kan-forhindra-valdsdad\/","title":{"rendered":"Initiera f\u00f6rebyggande \u00e5tg\u00e4rder som kan f\u00f6rhindra v\u00e5ldsd\u00e5d"},"content":{"rendered":"<p><strong>DEBATT.<\/strong> Uppsala beh\u00f6ver en handlingsplan mot v\u00e5ldsbejakande extremism, det skriver Jonas Segersam, kommunalr\u00e5d (KD).<\/p>\n<p>&#8221;Nyligen gav v\u00e4nsterregeringen besked om att Sverige kommer att delta p\u00e5 ett mycket blygsamt s\u00e4tt i en av Frankrike och USA p\u00e5kallad milit\u00e4r insats mot IS i Syrien och Irak. Ebba Busch Thor tog bladet fr\u00e5n munnen redan i somras och kr\u00e4vde att Sverige borde st\u00e4lla upp med Jas-plan som assistans i bek\u00e4mpandet av den v\u00e5ldsf\u00f6rh\u00e4rligande extremismen i regionen.<\/p>\n<p>Lars Adaktusson, kristdemokratisk europaparlamentariker, beskriver den humanit\u00e4ra krisen i Mellan\u00f6stern \u00e4ven som en \u201dv\u00e4rderingskris d\u00e4r egenintresset f\u00e5r r\u00e5da \u00f6ver solidaritet och det gemensamma intresset\u201d. Fr\u00e5n Irak har 1,2 miljoner av landets tidigare 1,5 miljoner kristna flytt och i Syrien sker nu en liknande utveckling.<\/p>\n<p><strong>Den systematiska f\u00f6rf\u00f6ljelsen av kristna och andra minoriteter m\u00e5ste g\u00f6ras k\u00e4nd, och vi m\u00e5ste inte minst se till att sopa rent framf\u00f6r egen d\u00f6rr.<\/strong><\/p>\n<p>Uppsala kommun b\u00f6r hj\u00e4lpa och st\u00f6tta alla de organisationer som st\u00e4ller upp f\u00f6r flyktingar och m\u00e4nniskor i sv\u00e5ra situationer. Civilsamh\u00e4llet med f\u00f6reningar, religi\u00f6sa samfund, idrottsorganisationer och andra n\u00e4tverk i kommunen spelar en otrolig viktig roll som kontaktyta och v\u00e4rderingsb\u00e4rare ut i samh\u00e4llet.&#8221;<\/p>\n<p>L\u00e4s hela artikeln h\u00e4r: <a href=\"http:\/\/www.unt.se\/asikt\/debatt\/bekampa-fanatismen-4051113.aspx\" target=\"_blank\" rel=\"nofollow noopener\">http:\/\/www.unt.se\/as\u2026\/debatt\/bekampa-fanatismen-4051113.aspx<\/a><\/p>\n","protected":false},"excerpt":{"rendered":"<p>DEBATT. Uppsala beh\u00f6ver en handlingsplan mot v\u00e5ldsbejakande extremism, det skriver Jonas Segersam, kommunalr\u00e5d (KD). &#8221;Nyligen gav v\u00e4nsterregeringen besked om att Sverige kommer att delta p\u00e5 ett mycket blygsamt s\u00e4tt i en av Frankrike och USA p\u00e5kallad milit\u00e4r insats mot IS i Syrien och Irak. Ebba Busch Thor tog bladet fr\u00e5n munnen redan i somras och <a class=\"read-more-link\" href=\"https:\/\/wp.kristdemokraterna.se\/uppsala\/initiera-forebyggande-atgarder-som-kan-forhindra-valdsdad\/\">Read More<\/a><\/p>\n","protected":false},"author":702,"featured_media":1920,"comment_status":"closed","ping_status":"closed","sticky":false,"template":"","format":"standard","meta":{"_acf_changed":false,"footnotes":""},"categories":[249],"tags":[146,13,188,98,119,22,57,189],"class_list":["post-1919","post","type-post","status-publish","format-standard","hentry","category-trygghet-o-sakerhet","tag-ansvar","tag-ebba-busch-thor","tag-fanatism","tag-frihet","tag-is","tag-jonas-segersam","tag-kristdemokraterna","tag-valdsbejakande-extremism"],"acf":[],"yoast_head":"<!-- This site is optimized with the Yoast SEO plugin v27.4 - https:\/\/yoast.com\/product\/yoast-seo-wordpress\/ -->\n<title>Initiera f\u00f6rebyggande \u00e5tg\u00e4rder som kan f\u00f6rhindra v\u00e5ldsd\u00e5d | Kristdemokraterna | Uppsala<\/title>\n<meta name=\"robots\" content=\"index, follow, max-snippet:-1, max-image-preview:large, max-video-preview:-1\" \/>\n<link rel=\"canonical\" href=\"https:\/\/wp.kristdemokraterna.se\/uppsala\/initiera-forebyggande-atgarder-som-kan-forhindra-valdsdad\/\" \/>\n<meta property=\"og:locale\" content=\"sv_SE\" \/>\n<meta property=\"og:type\" content=\"article\" \/>\n<meta property=\"og:title\" content=\"Initiera f\u00f6rebyggande \u00e5tg\u00e4rder som kan f\u00f6rhindra v\u00e5ldsd\u00e5d | Kristdemokraterna | Uppsala\" \/>\n<meta property=\"og:description\" content=\"DEBATT. Uppsala beh\u00f6ver en handlingsplan mot v\u00e5ldsbejakande extremism, det skriver Jonas Segersam, kommunalr\u00e5d (KD). &#8221;Nyligen gav v\u00e4nsterregeringen besked om att Sverige kommer att delta p\u00e5 ett mycket blygsamt s\u00e4tt i en av Frankrike och USA p\u00e5kallad milit\u00e4r insats mot IS i Syrien och Irak. Ebba Busch Thor tog bladet fr\u00e5n munnen redan i somras och Read More\" \/>\n<meta property=\"og:url\" content=\"https:\/\/wp.kristdemokraterna.se\/uppsala\/initiera-forebyggande-atgarder-som-kan-forhindra-valdsdad\/\" \/>\n<meta property=\"og:site_name\" content=\"Kristdemokraterna | Uppsala\" \/>\n<meta property=\"article:publisher\" content=\"https:\/\/www.facebook.com\/UppsalaKD\/\" \/>\n<meta property=\"article:published_time\" content=\"2016-01-11T11:30:59+00:00\" \/>\n<meta property=\"article:modified_time\" content=\"2024-04-03T23:05:37+00:00\" \/>\n<meta property=\"og:image\" content=\"http:\/\/wp.kristdemokraterna.se\/uppsala\/files\/2016\/01\/foraldrarna-4.png\" \/>\n\t<meta property=\"og:image:width\" content=\"940\" \/>\n\t<meta property=\"og:image:height\" content=\"788\" \/>\n\t<meta property=\"og:image:type\" content=\"image\/png\" \/>\n<meta name=\"author\" content=\"Mimmi Westerlund\" \/>\n<meta name=\"twitter:card\" content=\"summary_large_image\" \/>\n<meta name=\"twitter:label1\" content=\"Skriven av\" \/>\n\t<meta name=\"twitter:data1\" content=\"Mimmi Westerlund\" \/>\n\t<meta name=\"twitter:label2\" content=\"Ber\u00e4knad l\u00e4stid\" \/>\n\t<meta name=\"twitter:data2\" content=\"1 minut\" \/>\n<script type=\"application\/ld+json\" class=\"yoast-schema-graph\">{\"@context\":\"https:\\\/\\\/schema.org\",\"@graph\":[{\"@type\":\"Article\",\"@id\":\"https:\\\/\\\/wp.kristdemokraterna.se\\\/uppsala\\\/initiera-forebyggande-atgarder-som-kan-forhindra-valdsdad\\\/#article\",\"isPartOf\":{\"@id\":\"https:\\\/\\\/wp.kristdemokraterna.se\\\/uppsala\\\/initiera-forebyggande-atgarder-som-kan-forhindra-valdsdad\\\/\"},\"author\":{\"name\":\"Mimmi Westerlund\",\"@id\":\"https:\\\/\\\/wp.kristdemokraterna.se\\\/uppsala\\\/#\\\/schema\\\/person\\\/038d805d685fb0ce5ad14ab8711d8e84\"},\"headline\":\"Initiera f\u00f6rebyggande \u00e5tg\u00e4rder som kan f\u00f6rhindra v\u00e5ldsd\u00e5d\",\"datePublished\":\"2016-01-11T11:30:59+00:00\",\"dateModified\":\"2024-04-03T23:05:37+00:00\",\"mainEntityOfPage\":{\"@id\":\"https:\\\/\\\/wp.kristdemokraterna.se\\\/uppsala\\\/initiera-forebyggande-atgarder-som-kan-forhindra-valdsdad\\\/\"},\"wordCount\":250,\"publisher\":{\"@id\":\"https:\\\/\\\/wp.kristdemokraterna.se\\\/uppsala\\\/#organization\"},\"image\":{\"@id\":\"https:\\\/\\\/wp.kristdemokraterna.se\\\/uppsala\\\/initiera-forebyggande-atgarder-som-kan-forhindra-valdsdad\\\/#primaryimage\"},\"thumbnailUrl\":\"https:\\\/\\\/wp.kristdemokraterna.se\\\/uppsala\\\/files\\\/2016\\\/01\\\/foraldrarna-4.png\",\"keywords\":[\"Ansvar\",\"Ebba Busch Thor\",\"Fanatism\",\"Frihet\",\"IS\",\"Jonas Segersam\",\"Kristdemokraterna\",\"V\u00e5ldsbejakande extremism\"],\"articleSection\":[\"Trygghet &amp; S\u00e4kerhet\"],\"inLanguage\":\"sv-SE\"},{\"@type\":\"WebPage\",\"@id\":\"https:\\\/\\\/wp.kristdemokraterna.se\\\/uppsala\\\/initiera-forebyggande-atgarder-som-kan-forhindra-valdsdad\\\/\",\"url\":\"https:\\\/\\\/wp.kristdemokraterna.se\\\/uppsala\\\/initiera-forebyggande-atgarder-som-kan-forhindra-valdsdad\\\/\",\"name\":\"Initiera f\u00f6rebyggande \u00e5tg\u00e4rder som kan f\u00f6rhindra v\u00e5ldsd\u00e5d | Kristdemokraterna | Uppsala\",\"isPartOf\":{\"@id\":\"https:\\\/\\\/wp.kristdemokraterna.se\\\/uppsala\\\/#website\"},\"primaryImageOfPage\":{\"@id\":\"https:\\\/\\\/wp.kristdemokraterna.se\\\/uppsala\\\/initiera-forebyggande-atgarder-som-kan-forhindra-valdsdad\\\/#primaryimage\"},\"image\":{\"@id\":\"https:\\\/\\\/wp.kristdemokraterna.se\\\/uppsala\\\/initiera-forebyggande-atgarder-som-kan-forhindra-valdsdad\\\/#primaryimage\"},\"thumbnailUrl\":\"https:\\\/\\\/wp.kristdemokraterna.se\\\/uppsala\\\/files\\\/2016\\\/01\\\/foraldrarna-4.png\",\"datePublished\":\"2016-01-11T11:30:59+00:00\",\"dateModified\":\"2024-04-03T23:05:37+00:00\",\"breadcrumb\":{\"@id\":\"https:\\\/\\\/wp.kristdemokraterna.se\\\/uppsala\\\/initiera-forebyggande-atgarder-som-kan-forhindra-valdsdad\\\/#breadcrumb\"},\"inLanguage\":\"sv-SE\",\"potentialAction\":[{\"@type\":\"ReadAction\",\"target\":[\"https:\\\/\\\/wp.kristdemokraterna.se\\\/uppsala\\\/initiera-forebyggande-atgarder-som-kan-forhindra-valdsdad\\\/\"]}]},{\"@type\":\"ImageObject\",\"inLanguage\":\"sv-SE\",\"@id\":\"https:\\\/\\\/wp.kristdemokraterna.se\\\/uppsala\\\/initiera-forebyggande-atgarder-som-kan-forhindra-valdsdad\\\/#primaryimage\",\"url\":\"https:\\\/\\\/wp.kristdemokraterna.se\\\/uppsala\\\/files\\\/2016\\\/01\\\/foraldrarna-4.png\",\"contentUrl\":\"https:\\\/\\\/wp.kristdemokraterna.se\\\/uppsala\\\/files\\\/2016\\\/01\\\/foraldrarna-4.png\",\"width\":940,\"height\":788},{\"@type\":\"BreadcrumbList\",\"@id\":\"https:\\\/\\\/wp.kristdemokraterna.se\\\/uppsala\\\/initiera-forebyggande-atgarder-som-kan-forhindra-valdsdad\\\/#breadcrumb\",\"itemListElement\":[{\"@type\":\"ListItem\",\"position\":1,\"name\":\"Hem\",\"item\":\"https:\\\/\\\/wp.kristdemokraterna.se\\\/uppsala\\\/\"},{\"@type\":\"ListItem\",\"position\":2,\"name\":\"Initiera f\u00f6rebyggande \u00e5tg\u00e4rder som kan f\u00f6rhindra v\u00e5ldsd\u00e5d\"}]},{\"@type\":\"WebSite\",\"@id\":\"https:\\\/\\\/wp.kristdemokraterna.se\\\/uppsala\\\/#website\",\"url\":\"https:\\\/\\\/wp.kristdemokraterna.se\\\/uppsala\\\/\",\"name\":\"Kristdemokraterna Uppsala\",\"description\":\"Tryggare Uppsala\",\"publisher\":{\"@id\":\"https:\\\/\\\/wp.kristdemokraterna.se\\\/uppsala\\\/#organization\"},\"inLanguage\":\"sv-SE\"},{\"@type\":\"Organization\",\"@id\":\"https:\\\/\\\/wp.kristdemokraterna.se\\\/uppsala\\\/#organization\",\"name\":\"Kristdemokraterna Uppsala\",\"url\":\"https:\\\/\\\/wp.kristdemokraterna.se\\\/uppsala\\\/\",\"logo\":{\"@type\":\"ImageObject\",\"inLanguage\":\"sv-SE\",\"@id\":\"https:\\\/\\\/wp.kristdemokraterna.se\\\/uppsala\\\/#\\\/schema\\\/logo\\\/image\\\/\",\"url\":\"https:\\\/\\\/wp.kristdemokraterna.se\\\/uppsala\\\/files\\\/2019\\\/10\\\/kd-uppsala.png\",\"contentUrl\":\"https:\\\/\\\/wp.kristdemokraterna.se\\\/uppsala\\\/files\\\/2019\\\/10\\\/kd-uppsala.png\",\"width\":804,\"height\":421,\"caption\":\"Kristdemokraterna Uppsala\"},\"image\":{\"@id\":\"https:\\\/\\\/wp.kristdemokraterna.se\\\/uppsala\\\/#\\\/schema\\\/logo\\\/image\\\/\"},\"sameAs\":[\"https:\\\/\\\/www.facebook.com\\\/UppsalaKD\\\/\",\"https:\\\/\\\/www.instagram.com\\\/uppsalakd\\\/\"]},{\"@type\":\"Person\",\"@id\":\"https:\\\/\\\/wp.kristdemokraterna.se\\\/uppsala\\\/#\\\/schema\\\/person\\\/038d805d685fb0ce5ad14ab8711d8e84\",\"name\":\"Mimmi Westerlund\",\"image\":{\"@type\":\"ImageObject\",\"inLanguage\":\"sv-SE\",\"@id\":\"https:\\\/\\\/secure.gravatar.com\\\/avatar\\\/a5697359f709b6b10d9c7e6a7c89f3e054554dedb4657d5ffe9e5bc5b1445841?s=96&r=g\",\"url\":\"https:\\\/\\\/secure.gravatar.com\\\/avatar\\\/a5697359f709b6b10d9c7e6a7c89f3e054554dedb4657d5ffe9e5bc5b1445841?s=96&r=g\",\"contentUrl\":\"https:\\\/\\\/secure.gravatar.com\\\/avatar\\\/a5697359f709b6b10d9c7e6a7c89f3e054554dedb4657d5ffe9e5bc5b1445841?s=96&r=g\",\"caption\":\"Mimmi Westerlund\"},\"url\":\"https:\\\/\\\/wp.kristdemokraterna.se\\\/uppsala\\\/author\\\/mimmi\\\/\"}]}<\/script>\n<!-- \/ Yoast SEO plugin. -->","yoast_head_json":{"title":"Initiera f\u00f6rebyggande \u00e5tg\u00e4rder som kan f\u00f6rhindra v\u00e5ldsd\u00e5d | Kristdemokraterna | Uppsala","robots":{"index":"index","follow":"follow","max-snippet":"max-snippet:-1","max-image-preview":"max-image-preview:large","max-video-preview":"max-video-preview:-1"},"canonical":"https:\/\/wp.kristdemokraterna.se\/uppsala\/initiera-forebyggande-atgarder-som-kan-forhindra-valdsdad\/","og_locale":"sv_SE","og_type":"article","og_title":"Initiera f\u00f6rebyggande \u00e5tg\u00e4rder som kan f\u00f6rhindra v\u00e5ldsd\u00e5d | Kristdemokraterna | Uppsala","og_description":"DEBATT. Uppsala beh\u00f6ver en handlingsplan mot v\u00e5ldsbejakande extremism, det skriver Jonas Segersam, kommunalr\u00e5d (KD). &#8221;Nyligen gav v\u00e4nsterregeringen besked om att Sverige kommer att delta p\u00e5 ett mycket blygsamt s\u00e4tt i en av Frankrike och USA p\u00e5kallad milit\u00e4r insats mot IS i Syrien och Irak. Ebba Busch Thor tog bladet fr\u00e5n munnen redan i somras och Read More","og_url":"https:\/\/wp.kristdemokraterna.se\/uppsala\/initiera-forebyggande-atgarder-som-kan-forhindra-valdsdad\/","og_site_name":"Kristdemokraterna | Uppsala","article_publisher":"https:\/\/www.facebook.com\/UppsalaKD\/","article_published_time":"2016-01-11T11:30:59+00:00","article_modified_time":"2024-04-03T23:05:37+00:00","og_image":[{"width":940,"height":788,"url":"http:\/\/wp.kristdemokraterna.se\/uppsala\/files\/2016\/01\/foraldrarna-4.png","type":"image\/png"}],"author":"Mimmi Westerlund","twitter_card":"summary_large_image","twitter_misc":{"Skriven av":"Mimmi Westerlund","Ber\u00e4knad l\u00e4stid":"1 minut"},"schema":{"@context":"https:\/\/schema.org","@graph":[{"@type":"Article","@id":"https:\/\/wp.kristdemokraterna.se\/uppsala\/initiera-forebyggande-atgarder-som-kan-forhindra-valdsdad\/#article","isPartOf":{"@id":"https:\/\/wp.kristdemokraterna.se\/uppsala\/initiera-forebyggande-atgarder-som-kan-forhindra-valdsdad\/"},"author":{"name":"Mimmi Westerlund","@id":"https:\/\/wp.kristdemokraterna.se\/uppsala\/#\/schema\/person\/038d805d685fb0ce5ad14ab8711d8e84"},"headline":"Initiera f\u00f6rebyggande \u00e5tg\u00e4rder som kan f\u00f6rhindra v\u00e5ldsd\u00e5d","datePublished":"2016-01-11T11:30:59+00:00","dateModified":"2024-04-03T23:05:37+00:00","mainEntityOfPage":{"@id":"https:\/\/wp.kristdemokraterna.se\/uppsala\/initiera-forebyggande-atgarder-som-kan-forhindra-valdsdad\/"},"wordCount":250,"publisher":{"@id":"https:\/\/wp.kristdemokraterna.se\/uppsala\/#organization"},"image":{"@id":"https:\/\/wp.kristdemokraterna.se\/uppsala\/initiera-forebyggande-atgarder-som-kan-forhindra-valdsdad\/#primaryimage"},"thumbnailUrl":"https:\/\/wp.kristdemokraterna.se\/uppsala\/files\/2016\/01\/foraldrarna-4.png","keywords":["Ansvar","Ebba Busch Thor","Fanatism","Frihet","IS","Jonas Segersam","Kristdemokraterna","V\u00e5ldsbejakande extremism"],"articleSection":["Trygghet &amp; S\u00e4kerhet"],"inLanguage":"sv-SE"},{"@type":"WebPage","@id":"https:\/\/wp.kristdemokraterna.se\/uppsala\/initiera-forebyggande-atgarder-som-kan-forhindra-valdsdad\/","url":"https:\/\/wp.kristdemokraterna.se\/uppsala\/initiera-forebyggande-atgarder-som-kan-forhindra-valdsdad\/","name":"Initiera f\u00f6rebyggande \u00e5tg\u00e4rder som kan f\u00f6rhindra v\u00e5ldsd\u00e5d | Kristdemokraterna | Uppsala","isPartOf":{"@id":"https:\/\/wp.kristdemokraterna.se\/uppsala\/#website"},"primaryImageOfPage":{"@id":"https:\/\/wp.kristdemokraterna.se\/uppsala\/initiera-forebyggande-atgarder-som-kan-forhindra-valdsdad\/#primaryimage"},"image":{"@id":"https:\/\/wp.kristdemokraterna.se\/uppsala\/initiera-forebyggande-atgarder-som-kan-forhindra-valdsdad\/#primaryimage"},"thumbnailUrl":"https:\/\/wp.kristdemokraterna.se\/uppsala\/files\/2016\/01\/foraldrarna-4.png","datePublished":"2016-01-11T11:30:59+00:00","dateModified":"2024-04-03T23:05:37+00:00","breadcrumb":{"@id":"https:\/\/wp.kristdemokraterna.se\/uppsala\/initiera-forebyggande-atgarder-som-kan-forhindra-valdsdad\/#breadcrumb"},"inLanguage":"sv-SE","potentialAction":[{"@type":"ReadAction","target":["https:\/\/wp.kristdemokraterna.se\/uppsala\/initiera-forebyggande-atgarder-som-kan-forhindra-valdsdad\/"]}]},{"@type":"ImageObject","inLanguage":"sv-SE","@id":"https:\/\/wp.kristdemokraterna.se\/uppsala\/initiera-forebyggande-atgarder-som-kan-forhindra-valdsdad\/#primaryimage","url":"https:\/\/wp.kristdemokraterna.se\/uppsala\/files\/2016\/01\/foraldrarna-4.png","contentUrl":"https:\/\/wp.kristdemokraterna.se\/uppsala\/files\/2016\/01\/foraldrarna-4.png","width":940,"height":788},{"@type":"BreadcrumbList","@id":"https:\/\/wp.kristdemokraterna.se\/uppsala\/initiera-forebyggande-atgarder-som-kan-forhindra-valdsdad\/#breadcrumb","itemListElement":[{"@type":"ListItem","position":1,"name":"Hem","item":"https:\/\/wp.kristdemokraterna.se\/uppsala\/"},{"@type":"ListItem","position":2,"name":"Initiera f\u00f6rebyggande \u00e5tg\u00e4rder som kan f\u00f6rhindra v\u00e5ldsd\u00e5d"}]},{"@type":"WebSite","@id":"https:\/\/wp.kristdemokraterna.se\/uppsala\/#website","url":"https:\/\/wp.kristdemokraterna.se\/uppsala\/","name":"Kristdemokraterna Uppsala","description":"Tryggare Uppsala","publisher":{"@id":"https:\/\/wp.kristdemokraterna.se\/uppsala\/#organization"},"inLanguage":"sv-SE"},{"@type":"Organization","@id":"https:\/\/wp.kristdemokraterna.se\/uppsala\/#organization","name":"Kristdemokraterna Uppsala","url":"https:\/\/wp.kristdemokraterna.se\/uppsala\/","logo":{"@type":"ImageObject","inLanguage":"sv-SE","@id":"https:\/\/wp.kristdemokraterna.se\/uppsala\/#\/schema\/logo\/image\/","url":"https:\/\/wp.kristdemokraterna.se\/uppsala\/files\/2019\/10\/kd-uppsala.png","contentUrl":"https:\/\/wp.kristdemokraterna.se\/uppsala\/files\/2019\/10\/kd-uppsala.png","width":804,"height":421,"caption":"Kristdemokraterna Uppsala"},"image":{"@id":"https:\/\/wp.kristdemokraterna.se\/uppsala\/#\/schema\/logo\/image\/"},"sameAs":["https:\/\/www.facebook.com\/UppsalaKD\/","https:\/\/www.instagram.com\/uppsalakd\/"]},{"@type":"Person","@id":"https:\/\/wp.kristdemokraterna.se\/uppsala\/#\/schema\/person\/038d805d685fb0ce5ad14ab8711d8e84","name":"Mimmi Westerlund","image":{"@type":"ImageObject","inLanguage":"sv-SE","@id":"https:\/\/secure.gravatar.com\/avatar\/a5697359f709b6b10d9c7e6a7c89f3e054554dedb4657d5ffe9e5bc5b1445841?s=96&r=g","url":"https:\/\/secure.gravatar.com\/avatar\/a5697359f709b6b10d9c7e6a7c89f3e054554dedb4657d5ffe9e5bc5b1445841?s=96&r=g","contentUrl":"https:\/\/secure.gravatar.com\/avatar\/a5697359f709b6b10d9c7e6a7c89f3e054554dedb4657d5ffe9e5bc5b1445841?s=96&r=g","caption":"Mimmi Westerlund"},"url":"https:\/\/wp.kristdemokraterna.se\/uppsala\/author\/mimmi\/"}]}},"_links":{"self":[{"href":"https:\/\/wp.kristdemokraterna.se\/uppsala\/wp-json\/wp\/v2\/posts\/1919","targetHints":{"allow":["GET"]}}],"collection":[{"href":"https:\/\/wp.kristdemokraterna.se\/uppsala\/wp-json\/wp\/v2\/posts"}],"about":[{"href":"https:\/\/wp.kristdemokraterna.se\/uppsala\/wp-json\/wp\/v2\/types\/post"}],"author":[{"embeddable":true,"href":"https:\/\/wp.kristdemokraterna.se\/uppsala\/wp-json\/wp\/v2\/users\/702"}],"replies":[{"embeddable":true,"href":"https:\/\/wp.kristdemokraterna.se\/uppsala\/wp-json\/wp\/v2\/comments?post=1919"}],"version-history":[{"count":4,"href":"https:\/\/wp.kristdemokraterna.se\/uppsala\/wp-json\/wp\/v2\/posts\/1919\/revisions"}],"predecessor-version":[{"id":4691,"href":"https:\/\/wp.kristdemokraterna.se\/uppsala\/wp-json\/wp\/v2\/posts\/1919\/revisions\/4691"}],"wp:featuredmedia":[{"embeddable":true,"href":"https:\/\/wp.kristdemokraterna.se\/uppsala\/wp-json\/wp\/v2\/media\/1920"}],"wp:attachment":[{"href":"https:\/\/wp.kristdemokraterna.se\/uppsala\/wp-json\/wp\/v2\/media?parent=1919"}],"wp:term":[{"taxonomy":"category","embeddable":true,"href":"https:\/\/wp.kristdemokraterna.se\/uppsala\/wp-json\/wp\/v2\/categories?post=1919"},{"taxonomy":"post_tag","embeddable":true,"href":"https:\/\/wp.kristdemokraterna.se\/uppsala\/wp-json\/wp\/v2\/tags?post=1919"}],"curies":[{"name":"wp","href":"https:\/\/api.w.org\/{rel}","templated":true}]}}