{"id":1925,"date":"2016-01-26T10:08:36","date_gmt":"2016-01-26T09:08:36","guid":{"rendered":"http:\/\/wp.kristdemokraterna.se\/uppsala\/?p=1925"},"modified":"2024-04-04T01:05:20","modified_gmt":"2024-04-03T23:05:20","slug":"interpellation-om-placering-av-flyktingar","status":"publish","type":"post","link":"https:\/\/wp.kristdemokraterna.se\/uppsala\/interpellation-om-placering-av-flyktingar\/","title":{"rendered":"Interpellation om placering av flyktingar i familjehem"},"content":{"rendered":"<p><strong>Vi st\u00e5r nu inf\u00f6r ett omfattande arbete i Sverige och Uppsala att ta emot alla de som s\u00f6ker asyl, och som har f\u00e5tt eller kommer att beviljas asyl. Det g\u00e4ller s\u00e5v\u00e4l ensamkommande flyktingbarn som vuxna asyls\u00f6kande, b\u00e5de ensamst\u00e5ende och familjer.\u00a0<\/strong><strong>F\u00f6r Uppsalas del st\u00e4ller det krav p\u00e5 ett aktivt agerande f\u00f6r att ta vara p\u00e5 den resurs som dessa m\u00e4nniskor utg\u00f6r, att ge dem ett v\u00e4rdigt och gott mottagande, och att b\u00e5de f\u00f6re och efter ett beslut om asyl tillgodose olika behov och verka f\u00f6r en smidig integration i det svenska samh\u00e4llet.<\/strong><\/p>\n<p>Det \u00e4r l\u00e4tt att bli systemt\u00e4nkande n\u00e4r det \u00e4r m\u00e5nga m\u00e4nniskor man ska ta hand om, och vi har tyv\u00e4rr f\u00e5tt beskrivet via media flera exempel p\u00e5 misshush\u00e5llande med pengar och resurser, samt ett d\u00e5ligt mottagande under det pressade l\u00e4ge som nu r\u00e5der.<\/p>\n<p>Vi kristdemokrater \u00e4r \u00f6vertygade om att vi kan vinna otroligt mycket p\u00e5 att engagera de familjer i Uppsala kommun som kan erbjuda en god kontakt f\u00f6r flyktingar, ett hem och i flera fall \u00e4ven ett boende.<\/p>\n<p>I socialn\u00e4mnden har vi lyft fr\u00e5gan om familjehemsplaceringar alternativt st\u00f6dfamiljer f\u00f6r ensamkommande flyktingbarn. Det \u00e4r b\u00e5de ekonomiskt, men framf\u00f6rallt m\u00e4nskligt och integrationsm\u00e4ssigt en f\u00f6rdel att placera dessa ungdomar i hem. I institutioner som Hem v\u00e5r V\u00e5rd och Boende (HVB) finns en risk f\u00f6r att man, genom att samla ungdomar med en liknande problematik p\u00e5 samma plats, l\u00e4gger grunden f\u00f6r ett framtida utanf\u00f6rskap och inte har m\u00f6jlighet att m\u00f6ta de behov som dessa ungdomar har.<\/p>\n<p>Privata hem kan \u00e4ven vara en plats att placera flyktingar vilket vi ocks\u00e5 tagit upp i kommunstyrelsen, s\u00e4rskilt i Uppsala d\u00e4r m\u00e5nga fastighets\u00e4gare och familjer redan har uthyrningsl\u00e4genheter, studentrum och efterhand \u00e4ven Attefallshus som kan tj\u00e4na som boende f\u00f6r flyktingarna. \u00c4ven en roll som kontaktfamiljer kan betyda mycket f\u00f6r dessa flyktingar som \u00e4r extremt beroende av kanaler in i det svenska samh\u00e4llet f\u00f6r en lyckad integration n\u00e4r v\u00e4l beslut om permanent uppeh\u00e5llstillst\u00e5nd \u00e4r fattat.<\/p>\n<p>Jag vill d\u00e4rf\u00f6r fr\u00e5ga kommunalr\u00e5det Erik Pelling:<\/p>\n<ul>\n<li>Hur stor andel av de ensamkommande flyktingbarnen \u00e4r placerade i familjehem?<\/li>\n<li>Vad g\u00f6r kommunen f\u00f6r att engagera fler familjehem f\u00f6r placeringar av flyktingar?<\/li>\n<li>Vad \u00e4r kostnaderna f\u00f6r familjehemsplaceringar (satt i relation till kostnader f\u00f6r institutionsplaceringar)?<\/li>\n<li>P\u00e5 vilket s\u00e4tt arbetar kommunen f\u00f6r att f\u00e5 fler kontaktfamiljer?<\/li>\n<\/ul>\n<p>Uppsala 2015-12-02<\/p>\n<p>Torbj\u00f6rn Aronson (KD)<\/p>\n","protected":false},"excerpt":{"rendered":"<p>Vi st\u00e5r nu inf\u00f6r ett omfattande arbete i Sverige och Uppsala att ta emot alla de som s\u00f6ker asyl, och som har f\u00e5tt eller kommer att beviljas asyl. Det g\u00e4ller s\u00e5v\u00e4l ensamkommande flyktingbarn som vuxna asyls\u00f6kande, b\u00e5de ensamst\u00e5ende och familjer.\u00a0F\u00f6r Uppsalas del st\u00e4ller det krav p\u00e5 ett aktivt agerande f\u00f6r att ta vara p\u00e5 den <a class=\"read-more-link\" href=\"https:\/\/wp.kristdemokraterna.se\/uppsala\/interpellation-om-placering-av-flyktingar\/\">Read More<\/a><\/p>\n","protected":false},"author":702,"featured_media":1928,"comment_status":"closed","ping_status":"closed","sticky":false,"template":"","format":"standard","meta":{"_acf_changed":false,"footnotes":""},"categories":[252],"tags":[],"class_list":["post-1925","post","type-post","status-publish","format-standard","hentry","category-migration-o-integration"],"acf":[],"yoast_head":"<!-- This site is optimized with the Yoast SEO plugin v27.4 - https:\/\/yoast.com\/product\/yoast-seo-wordpress\/ -->\n<title>Interpellation om placering av flyktingar i familjehem | Kristdemokraterna | Uppsala<\/title>\n<meta name=\"robots\" content=\"index, follow, max-snippet:-1, max-image-preview:large, max-video-preview:-1\" \/>\n<link rel=\"canonical\" href=\"https:\/\/wp.kristdemokraterna.se\/uppsala\/interpellation-om-placering-av-flyktingar\/\" \/>\n<meta property=\"og:locale\" content=\"sv_SE\" \/>\n<meta property=\"og:type\" content=\"article\" \/>\n<meta property=\"og:title\" content=\"Interpellation om placering av flyktingar i familjehem | Kristdemokraterna | Uppsala\" \/>\n<meta property=\"og:description\" content=\"Vi st\u00e5r nu inf\u00f6r ett omfattande arbete i Sverige och Uppsala att ta emot alla de som s\u00f6ker asyl, och som har f\u00e5tt eller kommer att beviljas asyl. Det g\u00e4ller s\u00e5v\u00e4l ensamkommande flyktingbarn som vuxna asyls\u00f6kande, b\u00e5de ensamst\u00e5ende och familjer.\u00a0F\u00f6r Uppsalas del st\u00e4ller det krav p\u00e5 ett aktivt agerande f\u00f6r att ta vara p\u00e5 den Read More\" \/>\n<meta property=\"og:url\" content=\"https:\/\/wp.kristdemokraterna.se\/uppsala\/interpellation-om-placering-av-flyktingar\/\" \/>\n<meta property=\"og:site_name\" content=\"Kristdemokraterna | Uppsala\" \/>\n<meta property=\"article:publisher\" content=\"https:\/\/www.facebook.com\/UppsalaKD\/\" \/>\n<meta property=\"article:published_time\" content=\"2016-01-26T09:08:36+00:00\" \/>\n<meta property=\"article:modified_time\" content=\"2024-04-03T23:05:20+00:00\" \/>\n<meta property=\"og:image\" content=\"http:\/\/wp.kristdemokraterna.se\/uppsala\/files\/2016\/01\/tba-e1453799399703.jpg\" \/>\n\t<meta property=\"og:image:width\" content=\"2830\" \/>\n\t<meta property=\"og:image:height\" content=\"2106\" \/>\n\t<meta property=\"og:image:type\" content=\"image\/jpeg\" \/>\n<meta name=\"author\" content=\"Mimmi Westerlund\" \/>\n<meta name=\"twitter:card\" content=\"summary_large_image\" \/>\n<meta name=\"twitter:label1\" content=\"Skriven av\" \/>\n\t<meta name=\"twitter:data1\" content=\"Mimmi Westerlund\" \/>\n\t<meta name=\"twitter:label2\" content=\"Ber\u00e4knad l\u00e4stid\" \/>\n\t<meta name=\"twitter:data2\" content=\"2 minuter\" \/>\n<script type=\"application\/ld+json\" class=\"yoast-schema-graph\">{\"@context\":\"https:\\\/\\\/schema.org\",\"@graph\":[{\"@type\":\"Article\",\"@id\":\"https:\\\/\\\/wp.kristdemokraterna.se\\\/uppsala\\\/interpellation-om-placering-av-flyktingar\\\/#article\",\"isPartOf\":{\"@id\":\"https:\\\/\\\/wp.kristdemokraterna.se\\\/uppsala\\\/interpellation-om-placering-av-flyktingar\\\/\"},\"author\":{\"name\":\"Mimmi Westerlund\",\"@id\":\"https:\\\/\\\/wp.kristdemokraterna.se\\\/uppsala\\\/#\\\/schema\\\/person\\\/038d805d685fb0ce5ad14ab8711d8e84\"},\"headline\":\"Interpellation om placering av flyktingar i familjehem\",\"datePublished\":\"2016-01-26T09:08:36+00:00\",\"dateModified\":\"2024-04-03T23:05:20+00:00\",\"mainEntityOfPage\":{\"@id\":\"https:\\\/\\\/wp.kristdemokraterna.se\\\/uppsala\\\/interpellation-om-placering-av-flyktingar\\\/\"},\"wordCount\":459,\"publisher\":{\"@id\":\"https:\\\/\\\/wp.kristdemokraterna.se\\\/uppsala\\\/#organization\"},\"image\":{\"@id\":\"https:\\\/\\\/wp.kristdemokraterna.se\\\/uppsala\\\/interpellation-om-placering-av-flyktingar\\\/#primaryimage\"},\"thumbnailUrl\":\"https:\\\/\\\/wp.kristdemokraterna.se\\\/uppsala\\\/files\\\/2016\\\/01\\\/tba-e1453799399703.jpg\",\"articleSection\":[\"Migration &amp; Integration\"],\"inLanguage\":\"sv-SE\"},{\"@type\":\"WebPage\",\"@id\":\"https:\\\/\\\/wp.kristdemokraterna.se\\\/uppsala\\\/interpellation-om-placering-av-flyktingar\\\/\",\"url\":\"https:\\\/\\\/wp.kristdemokraterna.se\\\/uppsala\\\/interpellation-om-placering-av-flyktingar\\\/\",\"name\":\"Interpellation om placering av flyktingar i familjehem | Kristdemokraterna | Uppsala\",\"isPartOf\":{\"@id\":\"https:\\\/\\\/wp.kristdemokraterna.se\\\/uppsala\\\/#website\"},\"primaryImageOfPage\":{\"@id\":\"https:\\\/\\\/wp.kristdemokraterna.se\\\/uppsala\\\/interpellation-om-placering-av-flyktingar\\\/#primaryimage\"},\"image\":{\"@id\":\"https:\\\/\\\/wp.kristdemokraterna.se\\\/uppsala\\\/interpellation-om-placering-av-flyktingar\\\/#primaryimage\"},\"thumbnailUrl\":\"https:\\\/\\\/wp.kristdemokraterna.se\\\/uppsala\\\/files\\\/2016\\\/01\\\/tba-e1453799399703.jpg\",\"datePublished\":\"2016-01-26T09:08:36+00:00\",\"dateModified\":\"2024-04-03T23:05:20+00:00\",\"breadcrumb\":{\"@id\":\"https:\\\/\\\/wp.kristdemokraterna.se\\\/uppsala\\\/interpellation-om-placering-av-flyktingar\\\/#breadcrumb\"},\"inLanguage\":\"sv-SE\",\"potentialAction\":[{\"@type\":\"ReadAction\",\"target\":[\"https:\\\/\\\/wp.kristdemokraterna.se\\\/uppsala\\\/interpellation-om-placering-av-flyktingar\\\/\"]}]},{\"@type\":\"ImageObject\",\"inLanguage\":\"sv-SE\",\"@id\":\"https:\\\/\\\/wp.kristdemokraterna.se\\\/uppsala\\\/interpellation-om-placering-av-flyktingar\\\/#primaryimage\",\"url\":\"https:\\\/\\\/wp.kristdemokraterna.se\\\/uppsala\\\/files\\\/2016\\\/01\\\/tba-e1453799399703.jpg\",\"contentUrl\":\"https:\\\/\\\/wp.kristdemokraterna.se\\\/uppsala\\\/files\\\/2016\\\/01\\\/tba-e1453799399703.jpg\",\"width\":2830,\"height\":2106,\"caption\":\"Torbj\u00f6rn Aronson\"},{\"@type\":\"BreadcrumbList\",\"@id\":\"https:\\\/\\\/wp.kristdemokraterna.se\\\/uppsala\\\/interpellation-om-placering-av-flyktingar\\\/#breadcrumb\",\"itemListElement\":[{\"@type\":\"ListItem\",\"position\":1,\"name\":\"Hem\",\"item\":\"https:\\\/\\\/wp.kristdemokraterna.se\\\/uppsala\\\/\"},{\"@type\":\"ListItem\",\"position\":2,\"name\":\"Interpellation om placering av flyktingar i familjehem\"}]},{\"@type\":\"WebSite\",\"@id\":\"https:\\\/\\\/wp.kristdemokraterna.se\\\/uppsala\\\/#website\",\"url\":\"https:\\\/\\\/wp.kristdemokraterna.se\\\/uppsala\\\/\",\"name\":\"Kristdemokraterna Uppsala\",\"description\":\"Tryggare Uppsala\",\"publisher\":{\"@id\":\"https:\\\/\\\/wp.kristdemokraterna.se\\\/uppsala\\\/#organization\"},\"inLanguage\":\"sv-SE\"},{\"@type\":\"Organization\",\"@id\":\"https:\\\/\\\/wp.kristdemokraterna.se\\\/uppsala\\\/#organization\",\"name\":\"Kristdemokraterna Uppsala\",\"url\":\"https:\\\/\\\/wp.kristdemokraterna.se\\\/uppsala\\\/\",\"logo\":{\"@type\":\"ImageObject\",\"inLanguage\":\"sv-SE\",\"@id\":\"https:\\\/\\\/wp.kristdemokraterna.se\\\/uppsala\\\/#\\\/schema\\\/logo\\\/image\\\/\",\"url\":\"https:\\\/\\\/wp.kristdemokraterna.se\\\/uppsala\\\/files\\\/2019\\\/10\\\/kd-uppsala.png\",\"contentUrl\":\"https:\\\/\\\/wp.kristdemokraterna.se\\\/uppsala\\\/files\\\/2019\\\/10\\\/kd-uppsala.png\",\"width\":804,\"height\":421,\"caption\":\"Kristdemokraterna Uppsala\"},\"image\":{\"@id\":\"https:\\\/\\\/wp.kristdemokraterna.se\\\/uppsala\\\/#\\\/schema\\\/logo\\\/image\\\/\"},\"sameAs\":[\"https:\\\/\\\/www.facebook.com\\\/UppsalaKD\\\/\",\"https:\\\/\\\/www.instagram.com\\\/uppsalakd\\\/\"]},{\"@type\":\"Person\",\"@id\":\"https:\\\/\\\/wp.kristdemokraterna.se\\\/uppsala\\\/#\\\/schema\\\/person\\\/038d805d685fb0ce5ad14ab8711d8e84\",\"name\":\"Mimmi Westerlund\",\"image\":{\"@type\":\"ImageObject\",\"inLanguage\":\"sv-SE\",\"@id\":\"https:\\\/\\\/secure.gravatar.com\\\/avatar\\\/a5697359f709b6b10d9c7e6a7c89f3e054554dedb4657d5ffe9e5bc5b1445841?s=96&r=g\",\"url\":\"https:\\\/\\\/secure.gravatar.com\\\/avatar\\\/a5697359f709b6b10d9c7e6a7c89f3e054554dedb4657d5ffe9e5bc5b1445841?s=96&r=g\",\"contentUrl\":\"https:\\\/\\\/secure.gravatar.com\\\/avatar\\\/a5697359f709b6b10d9c7e6a7c89f3e054554dedb4657d5ffe9e5bc5b1445841?s=96&r=g\",\"caption\":\"Mimmi Westerlund\"},\"url\":\"https:\\\/\\\/wp.kristdemokraterna.se\\\/uppsala\\\/author\\\/mimmi\\\/\"}]}<\/script>\n<!-- \/ Yoast SEO plugin. -->","yoast_head_json":{"title":"Interpellation om placering av flyktingar i familjehem | Kristdemokraterna | Uppsala","robots":{"index":"index","follow":"follow","max-snippet":"max-snippet:-1","max-image-preview":"max-image-preview:large","max-video-preview":"max-video-preview:-1"},"canonical":"https:\/\/wp.kristdemokraterna.se\/uppsala\/interpellation-om-placering-av-flyktingar\/","og_locale":"sv_SE","og_type":"article","og_title":"Interpellation om placering av flyktingar i familjehem | Kristdemokraterna | Uppsala","og_description":"Vi st\u00e5r nu inf\u00f6r ett omfattande arbete i Sverige och Uppsala att ta emot alla de som s\u00f6ker asyl, och som har f\u00e5tt eller kommer att beviljas asyl. Det g\u00e4ller s\u00e5v\u00e4l ensamkommande flyktingbarn som vuxna asyls\u00f6kande, b\u00e5de ensamst\u00e5ende och familjer.\u00a0F\u00f6r Uppsalas del st\u00e4ller det krav p\u00e5 ett aktivt agerande f\u00f6r att ta vara p\u00e5 den Read More","og_url":"https:\/\/wp.kristdemokraterna.se\/uppsala\/interpellation-om-placering-av-flyktingar\/","og_site_name":"Kristdemokraterna | Uppsala","article_publisher":"https:\/\/www.facebook.com\/UppsalaKD\/","article_published_time":"2016-01-26T09:08:36+00:00","article_modified_time":"2024-04-03T23:05:20+00:00","og_image":[{"width":2830,"height":2106,"url":"http:\/\/wp.kristdemokraterna.se\/uppsala\/files\/2016\/01\/tba-e1453799399703.jpg","type":"image\/jpeg"}],"author":"Mimmi Westerlund","twitter_card":"summary_large_image","twitter_misc":{"Skriven av":"Mimmi Westerlund","Ber\u00e4knad l\u00e4stid":"2 minuter"},"schema":{"@context":"https:\/\/schema.org","@graph":[{"@type":"Article","@id":"https:\/\/wp.kristdemokraterna.se\/uppsala\/interpellation-om-placering-av-flyktingar\/#article","isPartOf":{"@id":"https:\/\/wp.kristdemokraterna.se\/uppsala\/interpellation-om-placering-av-flyktingar\/"},"author":{"name":"Mimmi Westerlund","@id":"https:\/\/wp.kristdemokraterna.se\/uppsala\/#\/schema\/person\/038d805d685fb0ce5ad14ab8711d8e84"},"headline":"Interpellation om placering av flyktingar i familjehem","datePublished":"2016-01-26T09:08:36+00:00","dateModified":"2024-04-03T23:05:20+00:00","mainEntityOfPage":{"@id":"https:\/\/wp.kristdemokraterna.se\/uppsala\/interpellation-om-placering-av-flyktingar\/"},"wordCount":459,"publisher":{"@id":"https:\/\/wp.kristdemokraterna.se\/uppsala\/#organization"},"image":{"@id":"https:\/\/wp.kristdemokraterna.se\/uppsala\/interpellation-om-placering-av-flyktingar\/#primaryimage"},"thumbnailUrl":"https:\/\/wp.kristdemokraterna.se\/uppsala\/files\/2016\/01\/tba-e1453799399703.jpg","articleSection":["Migration &amp; Integration"],"inLanguage":"sv-SE"},{"@type":"WebPage","@id":"https:\/\/wp.kristdemokraterna.se\/uppsala\/interpellation-om-placering-av-flyktingar\/","url":"https:\/\/wp.kristdemokraterna.se\/uppsala\/interpellation-om-placering-av-flyktingar\/","name":"Interpellation om placering av flyktingar i familjehem | Kristdemokraterna | Uppsala","isPartOf":{"@id":"https:\/\/wp.kristdemokraterna.se\/uppsala\/#website"},"primaryImageOfPage":{"@id":"https:\/\/wp.kristdemokraterna.se\/uppsala\/interpellation-om-placering-av-flyktingar\/#primaryimage"},"image":{"@id":"https:\/\/wp.kristdemokraterna.se\/uppsala\/interpellation-om-placering-av-flyktingar\/#primaryimage"},"thumbnailUrl":"https:\/\/wp.kristdemokraterna.se\/uppsala\/files\/2016\/01\/tba-e1453799399703.jpg","datePublished":"2016-01-26T09:08:36+00:00","dateModified":"2024-04-03T23:05:20+00:00","breadcrumb":{"@id":"https:\/\/wp.kristdemokraterna.se\/uppsala\/interpellation-om-placering-av-flyktingar\/#breadcrumb"},"inLanguage":"sv-SE","potentialAction":[{"@type":"ReadAction","target":["https:\/\/wp.kristdemokraterna.se\/uppsala\/interpellation-om-placering-av-flyktingar\/"]}]},{"@type":"ImageObject","inLanguage":"sv-SE","@id":"https:\/\/wp.kristdemokraterna.se\/uppsala\/interpellation-om-placering-av-flyktingar\/#primaryimage","url":"https:\/\/wp.kristdemokraterna.se\/uppsala\/files\/2016\/01\/tba-e1453799399703.jpg","contentUrl":"https:\/\/wp.kristdemokraterna.se\/uppsala\/files\/2016\/01\/tba-e1453799399703.jpg","width":2830,"height":2106,"caption":"Torbj\u00f6rn Aronson"},{"@type":"BreadcrumbList","@id":"https:\/\/wp.kristdemokraterna.se\/uppsala\/interpellation-om-placering-av-flyktingar\/#breadcrumb","itemListElement":[{"@type":"ListItem","position":1,"name":"Hem","item":"https:\/\/wp.kristdemokraterna.se\/uppsala\/"},{"@type":"ListItem","position":2,"name":"Interpellation om placering av flyktingar i familjehem"}]},{"@type":"WebSite","@id":"https:\/\/wp.kristdemokraterna.se\/uppsala\/#website","url":"https:\/\/wp.kristdemokraterna.se\/uppsala\/","name":"Kristdemokraterna Uppsala","description":"Tryggare Uppsala","publisher":{"@id":"https:\/\/wp.kristdemokraterna.se\/uppsala\/#organization"},"inLanguage":"sv-SE"},{"@type":"Organization","@id":"https:\/\/wp.kristdemokraterna.se\/uppsala\/#organization","name":"Kristdemokraterna Uppsala","url":"https:\/\/wp.kristdemokraterna.se\/uppsala\/","logo":{"@type":"ImageObject","inLanguage":"sv-SE","@id":"https:\/\/wp.kristdemokraterna.se\/uppsala\/#\/schema\/logo\/image\/","url":"https:\/\/wp.kristdemokraterna.se\/uppsala\/files\/2019\/10\/kd-uppsala.png","contentUrl":"https:\/\/wp.kristdemokraterna.se\/uppsala\/files\/2019\/10\/kd-uppsala.png","width":804,"height":421,"caption":"Kristdemokraterna Uppsala"},"image":{"@id":"https:\/\/wp.kristdemokraterna.se\/uppsala\/#\/schema\/logo\/image\/"},"sameAs":["https:\/\/www.facebook.com\/UppsalaKD\/","https:\/\/www.instagram.com\/uppsalakd\/"]},{"@type":"Person","@id":"https:\/\/wp.kristdemokraterna.se\/uppsala\/#\/schema\/person\/038d805d685fb0ce5ad14ab8711d8e84","name":"Mimmi Westerlund","image":{"@type":"ImageObject","inLanguage":"sv-SE","@id":"https:\/\/secure.gravatar.com\/avatar\/a5697359f709b6b10d9c7e6a7c89f3e054554dedb4657d5ffe9e5bc5b1445841?s=96&r=g","url":"https:\/\/secure.gravatar.com\/avatar\/a5697359f709b6b10d9c7e6a7c89f3e054554dedb4657d5ffe9e5bc5b1445841?s=96&r=g","contentUrl":"https:\/\/secure.gravatar.com\/avatar\/a5697359f709b6b10d9c7e6a7c89f3e054554dedb4657d5ffe9e5bc5b1445841?s=96&r=g","caption":"Mimmi Westerlund"},"url":"https:\/\/wp.kristdemokraterna.se\/uppsala\/author\/mimmi\/"}]}},"_links":{"self":[{"href":"https:\/\/wp.kristdemokraterna.se\/uppsala\/wp-json\/wp\/v2\/posts\/1925","targetHints":{"allow":["GET"]}}],"collection":[{"href":"https:\/\/wp.kristdemokraterna.se\/uppsala\/wp-json\/wp\/v2\/posts"}],"about":[{"href":"https:\/\/wp.kristdemokraterna.se\/uppsala\/wp-json\/wp\/v2\/types\/post"}],"author":[{"embeddable":true,"href":"https:\/\/wp.kristdemokraterna.se\/uppsala\/wp-json\/wp\/v2\/users\/702"}],"replies":[{"embeddable":true,"href":"https:\/\/wp.kristdemokraterna.se\/uppsala\/wp-json\/wp\/v2\/comments?post=1925"}],"version-history":[{"count":2,"href":"https:\/\/wp.kristdemokraterna.se\/uppsala\/wp-json\/wp\/v2\/posts\/1925\/revisions"}],"predecessor-version":[{"id":1929,"href":"https:\/\/wp.kristdemokraterna.se\/uppsala\/wp-json\/wp\/v2\/posts\/1925\/revisions\/1929"}],"wp:featuredmedia":[{"embeddable":true,"href":"https:\/\/wp.kristdemokraterna.se\/uppsala\/wp-json\/wp\/v2\/media\/1928"}],"wp:attachment":[{"href":"https:\/\/wp.kristdemokraterna.se\/uppsala\/wp-json\/wp\/v2\/media?parent=1925"}],"wp:term":[{"taxonomy":"category","embeddable":true,"href":"https:\/\/wp.kristdemokraterna.se\/uppsala\/wp-json\/wp\/v2\/categories?post=1925"},{"taxonomy":"post_tag","embeddable":true,"href":"https:\/\/wp.kristdemokraterna.se\/uppsala\/wp-json\/wp\/v2\/tags?post=1925"}],"curies":[{"name":"wp","href":"https:\/\/api.w.org\/{rel}","templated":true}]}}