{"id":1930,"date":"2016-01-28T16:24:46","date_gmt":"2016-01-28T15:24:46","guid":{"rendered":"http:\/\/wp.kristdemokraterna.se\/uppsala\/?p=1930"},"modified":"2024-04-04T01:05:11","modified_gmt":"2024-04-03T23:05:11","slug":"motion-angaende-ddr-konsten","status":"publish","type":"post","link":"https:\/\/wp.kristdemokraterna.se\/uppsala\/motion-angaende-ddr-konsten\/","title":{"rendered":"Motion ang\u00e5ende DDR-konsten"},"content":{"rendered":"<p><b>Motion ang\u00e5ende DDR-konsten <\/b><\/p>\n<p>I Uppsala har kulturdebatten myntat ett numera v\u00e4lk\u00e4nt begrepp \u2013 &#8221;DDR-konsten&#8221; som den folkliga ben\u00e4mningen av det verk som ing\u00e5r i utsmyckningen av paradgatan, Drottninggatan ner fr\u00e5n Carolina Rediviva. Repliken av Max Lingners muralm\u00e5lning i Berlin som \u00e4r en hyllning till DDR-kommunismen med glada m\u00e4nniskor b\u00e4rande plakat med &#8221;Sozialismus&#8221; kan tolkas p\u00e5 olika s\u00e4tt. I UNT har flera tidigare DDR-medborgare uttryckt att de upplevt sig bli kr\u00e4nkta av konstverket som genom sin synliga placering i Uppsala v\u00e4ckt till liv m\u00f6rka minnen fr\u00e5n deras liv i diktaturen.<\/p>\n<p>Inom kulturetablissemanget har man nyligen tagit tydligt avst\u00e5nd fr\u00e5n ett par andra f\u00f6reteelser i konstv\u00e4rden. Moderna Museets ledning avb\u00f6jde innan jul offentligt erbjudandet fr\u00e5n Lars Vilks att donera hans numera v\u00e4rldsk\u00e4nda konstverk &#8221;Profeten Mohammed som rondellhund&#8221;. P\u00e5 Stockholms kulturhus har ocks\u00e5 ledningen valt att censurera en utst\u00e4llning som \u00f6ppnar inom kort. Det namn som konstn\u00e4ren, Makone Linde valt, &#8221;Negerkungens \u00e5terkomst&#8221; anses alltf\u00f6r provocerande och byttes d\u00e4rf\u00f6r ut i lanseringen av utst\u00e4llningen.<\/p>\n<p>Vi kristdemokrater v\u00e4rnar en \u00f6ppen debatt, och ser konsten som ett levande och positivt inslag i v\u00e5rt demokratiska samh\u00e4lle. Att politiskt g\u00e5 in och ta \u00f6ver beslut om konst blir problematiskt, d\u00e5 konsten b\u00f6r vara avpolitiserad. Men om man fr\u00e5n tj\u00e4nstemannah\u00e5ll tar politisk st\u00e4llning, som ovan beskrivet, s\u00e5 blir det tydligt att man beh\u00f6ver riktlinjer f\u00f6r den offentligt finansierade konsten, n\u00e5got som nu kulturn\u00e4mnden h\u00e5ller p\u00e5 att ta fram. Det \u00e5vilar ocks\u00e5 enskilda konstn\u00e4rer ett ansvar att inte provokationen i sig s\u00e4tts f\u00f6re en f\u00f6rankring i v\u00e5rt demokratiska r\u00e4ttssamh\u00e4lle. Det r\u00e5der inget tvivel om att det finns gr\u00e4nser f\u00f6r vad man kan uttrycka med konst, och det \u00e4r v\u00e4lg\u00f6rande om vi kan ha ett offentligt samtal om den etiska grunden f\u00f6r konsten.<\/p>\n<div>Ibland kan det vara n\u00f6dv\u00e4ndigt med f\u00f6rklaringar till konsten, f\u00f6r att s\u00e4tta den i r\u00e4tt kontext. Vi kristdemokrater f\u00f6resl\u00e5r d\u00e4rf\u00f6r att konstverket i Carolinabacken omg\u00e4rdas med taggtr\u00e5d och att en f\u00f6rklarande plakett s\u00e4tts upp som ger bakgrunden f\u00f6r verket. P\u00e5 s\u00e5 vis kan b\u00e5de konstverket skyddas fr\u00e5n skadeg\u00f6relse, och konstverkets inneb\u00f6rd s\u00e4ttas i ett tydligt sammanhang d\u00e5 det redan vid sin ursprungliga tillblivelse i Berlin ackompanjerades av murar, taggtr\u00e5d och f\u00f6rtryck.<\/div>\n<div><\/div>\n<p><b>Kristdemokraterna f\u00f6resl\u00e5r kommunfullm\u00e4ktige besluta <\/b><\/p>\n<p><b><\/b>att Ing\u00e4rda Erik Krikortz DDR-konstverk (&#8221;v\u00e4ggm\u00e5lning&#8221;) i Carolinabacken med taggtr\u00e5d.<\/p>\n<p>att Konsten som \u00e4r en del av utsmyckningen av paradgatan f\u00f6rklaras med diskreta skyltar.<\/p>\n<p>Uppsala kommun den 19 januari 2016<\/p>\n<p>Jonas Segersam (KD)<\/p>\n","protected":false},"excerpt":{"rendered":"<p>Motion ang\u00e5ende DDR-konsten I Uppsala har kulturdebatten myntat ett numera v\u00e4lk\u00e4nt begrepp \u2013 &#8221;DDR-konsten&#8221; som den folkliga ben\u00e4mningen av det verk som ing\u00e5r i utsmyckningen av paradgatan, Drottninggatan ner fr\u00e5n Carolina Rediviva. Repliken av Max Lingners muralm\u00e5lning i Berlin som \u00e4r en hyllning till DDR-kommunismen med glada m\u00e4nniskor b\u00e4rande plakat med &#8221;Sozialismus&#8221; kan tolkas p\u00e5 <a class=\"read-more-link\" href=\"https:\/\/wp.kristdemokraterna.se\/uppsala\/motion-angaende-ddr-konsten\/\">Read More<\/a><\/p>\n","protected":false},"author":702,"featured_media":1932,"comment_status":"closed","ping_status":"closed","sticky":false,"template":"","format":"standard","meta":{"_acf_changed":false,"footnotes":""},"categories":[251],"tags":[],"class_list":["post-1930","post","type-post","status-publish","format-standard","hentry","category-kultur-o-fritid"],"acf":[],"yoast_head":"<!-- This site is optimized with the Yoast SEO plugin v27.4 - https:\/\/yoast.com\/product\/yoast-seo-wordpress\/ -->\n<title>Motion ang\u00e5ende DDR-konsten | Kristdemokraterna | Uppsala<\/title>\n<meta name=\"robots\" content=\"index, follow, max-snippet:-1, max-image-preview:large, max-video-preview:-1\" \/>\n<link rel=\"canonical\" href=\"https:\/\/wp.kristdemokraterna.se\/uppsala\/motion-angaende-ddr-konsten\/\" \/>\n<meta property=\"og:locale\" content=\"sv_SE\" \/>\n<meta property=\"og:type\" content=\"article\" \/>\n<meta property=\"og:title\" content=\"Motion ang\u00e5ende DDR-konsten | Kristdemokraterna | Uppsala\" \/>\n<meta property=\"og:description\" content=\"Motion ang\u00e5ende DDR-konsten I Uppsala har kulturdebatten myntat ett numera v\u00e4lk\u00e4nt begrepp \u2013 &#8221;DDR-konsten&#8221; som den folkliga ben\u00e4mningen av det verk som ing\u00e5r i utsmyckningen av paradgatan, Drottninggatan ner fr\u00e5n Carolina Rediviva. Repliken av Max Lingners muralm\u00e5lning i Berlin som \u00e4r en hyllning till DDR-kommunismen med glada m\u00e4nniskor b\u00e4rande plakat med &#8221;Sozialismus&#8221; kan tolkas p\u00e5 Read More\" \/>\n<meta property=\"og:url\" content=\"https:\/\/wp.kristdemokraterna.se\/uppsala\/motion-angaende-ddr-konsten\/\" \/>\n<meta property=\"og:site_name\" content=\"Kristdemokraterna | Uppsala\" \/>\n<meta property=\"article:publisher\" content=\"https:\/\/www.facebook.com\/UppsalaKD\/\" \/>\n<meta property=\"article:published_time\" content=\"2016-01-28T15:24:46+00:00\" \/>\n<meta property=\"article:modified_time\" content=\"2024-04-03T23:05:11+00:00\" \/>\n<meta property=\"og:image\" content=\"http:\/\/wp.kristdemokraterna.se\/uppsala\/files\/2016\/01\/jonasddr-e1453996496910.png\" \/>\n\t<meta property=\"og:image:width\" content=\"932\" \/>\n\t<meta property=\"og:image:height\" content=\"582\" \/>\n\t<meta property=\"og:image:type\" content=\"image\/png\" \/>\n<meta name=\"author\" content=\"Mimmi Westerlund\" \/>\n<meta name=\"twitter:card\" content=\"summary_large_image\" \/>\n<meta name=\"twitter:label1\" content=\"Skriven av\" \/>\n\t<meta name=\"twitter:data1\" content=\"Mimmi Westerlund\" \/>\n\t<meta name=\"twitter:label2\" content=\"Ber\u00e4knad l\u00e4stid\" \/>\n\t<meta name=\"twitter:data2\" content=\"2 minuter\" \/>\n<script type=\"application\/ld+json\" class=\"yoast-schema-graph\">{\"@context\":\"https:\\\/\\\/schema.org\",\"@graph\":[{\"@type\":\"Article\",\"@id\":\"https:\\\/\\\/wp.kristdemokraterna.se\\\/uppsala\\\/motion-angaende-ddr-konsten\\\/#article\",\"isPartOf\":{\"@id\":\"https:\\\/\\\/wp.kristdemokraterna.se\\\/uppsala\\\/motion-angaende-ddr-konsten\\\/\"},\"author\":{\"name\":\"Mimmi Westerlund\",\"@id\":\"https:\\\/\\\/wp.kristdemokraterna.se\\\/uppsala\\\/#\\\/schema\\\/person\\\/038d805d685fb0ce5ad14ab8711d8e84\"},\"headline\":\"Motion ang\u00e5ende DDR-konsten\",\"datePublished\":\"2016-01-28T15:24:46+00:00\",\"dateModified\":\"2024-04-03T23:05:11+00:00\",\"mainEntityOfPage\":{\"@id\":\"https:\\\/\\\/wp.kristdemokraterna.se\\\/uppsala\\\/motion-angaende-ddr-konsten\\\/\"},\"wordCount\":475,\"publisher\":{\"@id\":\"https:\\\/\\\/wp.kristdemokraterna.se\\\/uppsala\\\/#organization\"},\"image\":{\"@id\":\"https:\\\/\\\/wp.kristdemokraterna.se\\\/uppsala\\\/motion-angaende-ddr-konsten\\\/#primaryimage\"},\"thumbnailUrl\":\"https:\\\/\\\/wp.kristdemokraterna.se\\\/uppsala\\\/files\\\/2016\\\/01\\\/jonasddr-e1453996496910.png\",\"articleSection\":[\"Kultur &amp; Fritid\"],\"inLanguage\":\"sv-SE\"},{\"@type\":\"WebPage\",\"@id\":\"https:\\\/\\\/wp.kristdemokraterna.se\\\/uppsala\\\/motion-angaende-ddr-konsten\\\/\",\"url\":\"https:\\\/\\\/wp.kristdemokraterna.se\\\/uppsala\\\/motion-angaende-ddr-konsten\\\/\",\"name\":\"Motion ang\u00e5ende DDR-konsten | Kristdemokraterna | Uppsala\",\"isPartOf\":{\"@id\":\"https:\\\/\\\/wp.kristdemokraterna.se\\\/uppsala\\\/#website\"},\"primaryImageOfPage\":{\"@id\":\"https:\\\/\\\/wp.kristdemokraterna.se\\\/uppsala\\\/motion-angaende-ddr-konsten\\\/#primaryimage\"},\"image\":{\"@id\":\"https:\\\/\\\/wp.kristdemokraterna.se\\\/uppsala\\\/motion-angaende-ddr-konsten\\\/#primaryimage\"},\"thumbnailUrl\":\"https:\\\/\\\/wp.kristdemokraterna.se\\\/uppsala\\\/files\\\/2016\\\/01\\\/jonasddr-e1453996496910.png\",\"datePublished\":\"2016-01-28T15:24:46+00:00\",\"dateModified\":\"2024-04-03T23:05:11+00:00\",\"breadcrumb\":{\"@id\":\"https:\\\/\\\/wp.kristdemokraterna.se\\\/uppsala\\\/motion-angaende-ddr-konsten\\\/#breadcrumb\"},\"inLanguage\":\"sv-SE\",\"potentialAction\":[{\"@type\":\"ReadAction\",\"target\":[\"https:\\\/\\\/wp.kristdemokraterna.se\\\/uppsala\\\/motion-angaende-ddr-konsten\\\/\"]}]},{\"@type\":\"ImageObject\",\"inLanguage\":\"sv-SE\",\"@id\":\"https:\\\/\\\/wp.kristdemokraterna.se\\\/uppsala\\\/motion-angaende-ddr-konsten\\\/#primaryimage\",\"url\":\"https:\\\/\\\/wp.kristdemokraterna.se\\\/uppsala\\\/files\\\/2016\\\/01\\\/jonasddr-e1453996496910.png\",\"contentUrl\":\"https:\\\/\\\/wp.kristdemokraterna.se\\\/uppsala\\\/files\\\/2016\\\/01\\\/jonasddr-e1453996496910.png\",\"width\":932,\"height\":582},{\"@type\":\"BreadcrumbList\",\"@id\":\"https:\\\/\\\/wp.kristdemokraterna.se\\\/uppsala\\\/motion-angaende-ddr-konsten\\\/#breadcrumb\",\"itemListElement\":[{\"@type\":\"ListItem\",\"position\":1,\"name\":\"Hem\",\"item\":\"https:\\\/\\\/wp.kristdemokraterna.se\\\/uppsala\\\/\"},{\"@type\":\"ListItem\",\"position\":2,\"name\":\"Motion ang\u00e5ende DDR-konsten\"}]},{\"@type\":\"WebSite\",\"@id\":\"https:\\\/\\\/wp.kristdemokraterna.se\\\/uppsala\\\/#website\",\"url\":\"https:\\\/\\\/wp.kristdemokraterna.se\\\/uppsala\\\/\",\"name\":\"Kristdemokraterna Uppsala\",\"description\":\"Tryggare Uppsala\",\"publisher\":{\"@id\":\"https:\\\/\\\/wp.kristdemokraterna.se\\\/uppsala\\\/#organization\"},\"inLanguage\":\"sv-SE\"},{\"@type\":\"Organization\",\"@id\":\"https:\\\/\\\/wp.kristdemokraterna.se\\\/uppsala\\\/#organization\",\"name\":\"Kristdemokraterna Uppsala\",\"url\":\"https:\\\/\\\/wp.kristdemokraterna.se\\\/uppsala\\\/\",\"logo\":{\"@type\":\"ImageObject\",\"inLanguage\":\"sv-SE\",\"@id\":\"https:\\\/\\\/wp.kristdemokraterna.se\\\/uppsala\\\/#\\\/schema\\\/logo\\\/image\\\/\",\"url\":\"https:\\\/\\\/wp.kristdemokraterna.se\\\/uppsala\\\/files\\\/2019\\\/10\\\/kd-uppsala.png\",\"contentUrl\":\"https:\\\/\\\/wp.kristdemokraterna.se\\\/uppsala\\\/files\\\/2019\\\/10\\\/kd-uppsala.png\",\"width\":804,\"height\":421,\"caption\":\"Kristdemokraterna Uppsala\"},\"image\":{\"@id\":\"https:\\\/\\\/wp.kristdemokraterna.se\\\/uppsala\\\/#\\\/schema\\\/logo\\\/image\\\/\"},\"sameAs\":[\"https:\\\/\\\/www.facebook.com\\\/UppsalaKD\\\/\",\"https:\\\/\\\/www.instagram.com\\\/uppsalakd\\\/\"]},{\"@type\":\"Person\",\"@id\":\"https:\\\/\\\/wp.kristdemokraterna.se\\\/uppsala\\\/#\\\/schema\\\/person\\\/038d805d685fb0ce5ad14ab8711d8e84\",\"name\":\"Mimmi Westerlund\",\"image\":{\"@type\":\"ImageObject\",\"inLanguage\":\"sv-SE\",\"@id\":\"https:\\\/\\\/secure.gravatar.com\\\/avatar\\\/a5697359f709b6b10d9c7e6a7c89f3e054554dedb4657d5ffe9e5bc5b1445841?s=96&r=g\",\"url\":\"https:\\\/\\\/secure.gravatar.com\\\/avatar\\\/a5697359f709b6b10d9c7e6a7c89f3e054554dedb4657d5ffe9e5bc5b1445841?s=96&r=g\",\"contentUrl\":\"https:\\\/\\\/secure.gravatar.com\\\/avatar\\\/a5697359f709b6b10d9c7e6a7c89f3e054554dedb4657d5ffe9e5bc5b1445841?s=96&r=g\",\"caption\":\"Mimmi Westerlund\"},\"url\":\"https:\\\/\\\/wp.kristdemokraterna.se\\\/uppsala\\\/author\\\/mimmi\\\/\"}]}<\/script>\n<!-- \/ Yoast SEO plugin. -->","yoast_head_json":{"title":"Motion ang\u00e5ende DDR-konsten | Kristdemokraterna | Uppsala","robots":{"index":"index","follow":"follow","max-snippet":"max-snippet:-1","max-image-preview":"max-image-preview:large","max-video-preview":"max-video-preview:-1"},"canonical":"https:\/\/wp.kristdemokraterna.se\/uppsala\/motion-angaende-ddr-konsten\/","og_locale":"sv_SE","og_type":"article","og_title":"Motion ang\u00e5ende DDR-konsten | Kristdemokraterna | Uppsala","og_description":"Motion ang\u00e5ende DDR-konsten I Uppsala har kulturdebatten myntat ett numera v\u00e4lk\u00e4nt begrepp \u2013 &#8221;DDR-konsten&#8221; som den folkliga ben\u00e4mningen av det verk som ing\u00e5r i utsmyckningen av paradgatan, Drottninggatan ner fr\u00e5n Carolina Rediviva. Repliken av Max Lingners muralm\u00e5lning i Berlin som \u00e4r en hyllning till DDR-kommunismen med glada m\u00e4nniskor b\u00e4rande plakat med &#8221;Sozialismus&#8221; kan tolkas p\u00e5 Read More","og_url":"https:\/\/wp.kristdemokraterna.se\/uppsala\/motion-angaende-ddr-konsten\/","og_site_name":"Kristdemokraterna | Uppsala","article_publisher":"https:\/\/www.facebook.com\/UppsalaKD\/","article_published_time":"2016-01-28T15:24:46+00:00","article_modified_time":"2024-04-03T23:05:11+00:00","og_image":[{"width":932,"height":582,"url":"http:\/\/wp.kristdemokraterna.se\/uppsala\/files\/2016\/01\/jonasddr-e1453996496910.png","type":"image\/png"}],"author":"Mimmi Westerlund","twitter_card":"summary_large_image","twitter_misc":{"Skriven av":"Mimmi Westerlund","Ber\u00e4knad l\u00e4stid":"2 minuter"},"schema":{"@context":"https:\/\/schema.org","@graph":[{"@type":"Article","@id":"https:\/\/wp.kristdemokraterna.se\/uppsala\/motion-angaende-ddr-konsten\/#article","isPartOf":{"@id":"https:\/\/wp.kristdemokraterna.se\/uppsala\/motion-angaende-ddr-konsten\/"},"author":{"name":"Mimmi Westerlund","@id":"https:\/\/wp.kristdemokraterna.se\/uppsala\/#\/schema\/person\/038d805d685fb0ce5ad14ab8711d8e84"},"headline":"Motion ang\u00e5ende DDR-konsten","datePublished":"2016-01-28T15:24:46+00:00","dateModified":"2024-04-03T23:05:11+00:00","mainEntityOfPage":{"@id":"https:\/\/wp.kristdemokraterna.se\/uppsala\/motion-angaende-ddr-konsten\/"},"wordCount":475,"publisher":{"@id":"https:\/\/wp.kristdemokraterna.se\/uppsala\/#organization"},"image":{"@id":"https:\/\/wp.kristdemokraterna.se\/uppsala\/motion-angaende-ddr-konsten\/#primaryimage"},"thumbnailUrl":"https:\/\/wp.kristdemokraterna.se\/uppsala\/files\/2016\/01\/jonasddr-e1453996496910.png","articleSection":["Kultur &amp; Fritid"],"inLanguage":"sv-SE"},{"@type":"WebPage","@id":"https:\/\/wp.kristdemokraterna.se\/uppsala\/motion-angaende-ddr-konsten\/","url":"https:\/\/wp.kristdemokraterna.se\/uppsala\/motion-angaende-ddr-konsten\/","name":"Motion ang\u00e5ende DDR-konsten | Kristdemokraterna | Uppsala","isPartOf":{"@id":"https:\/\/wp.kristdemokraterna.se\/uppsala\/#website"},"primaryImageOfPage":{"@id":"https:\/\/wp.kristdemokraterna.se\/uppsala\/motion-angaende-ddr-konsten\/#primaryimage"},"image":{"@id":"https:\/\/wp.kristdemokraterna.se\/uppsala\/motion-angaende-ddr-konsten\/#primaryimage"},"thumbnailUrl":"https:\/\/wp.kristdemokraterna.se\/uppsala\/files\/2016\/01\/jonasddr-e1453996496910.png","datePublished":"2016-01-28T15:24:46+00:00","dateModified":"2024-04-03T23:05:11+00:00","breadcrumb":{"@id":"https:\/\/wp.kristdemokraterna.se\/uppsala\/motion-angaende-ddr-konsten\/#breadcrumb"},"inLanguage":"sv-SE","potentialAction":[{"@type":"ReadAction","target":["https:\/\/wp.kristdemokraterna.se\/uppsala\/motion-angaende-ddr-konsten\/"]}]},{"@type":"ImageObject","inLanguage":"sv-SE","@id":"https:\/\/wp.kristdemokraterna.se\/uppsala\/motion-angaende-ddr-konsten\/#primaryimage","url":"https:\/\/wp.kristdemokraterna.se\/uppsala\/files\/2016\/01\/jonasddr-e1453996496910.png","contentUrl":"https:\/\/wp.kristdemokraterna.se\/uppsala\/files\/2016\/01\/jonasddr-e1453996496910.png","width":932,"height":582},{"@type":"BreadcrumbList","@id":"https:\/\/wp.kristdemokraterna.se\/uppsala\/motion-angaende-ddr-konsten\/#breadcrumb","itemListElement":[{"@type":"ListItem","position":1,"name":"Hem","item":"https:\/\/wp.kristdemokraterna.se\/uppsala\/"},{"@type":"ListItem","position":2,"name":"Motion ang\u00e5ende DDR-konsten"}]},{"@type":"WebSite","@id":"https:\/\/wp.kristdemokraterna.se\/uppsala\/#website","url":"https:\/\/wp.kristdemokraterna.se\/uppsala\/","name":"Kristdemokraterna Uppsala","description":"Tryggare Uppsala","publisher":{"@id":"https:\/\/wp.kristdemokraterna.se\/uppsala\/#organization"},"inLanguage":"sv-SE"},{"@type":"Organization","@id":"https:\/\/wp.kristdemokraterna.se\/uppsala\/#organization","name":"Kristdemokraterna Uppsala","url":"https:\/\/wp.kristdemokraterna.se\/uppsala\/","logo":{"@type":"ImageObject","inLanguage":"sv-SE","@id":"https:\/\/wp.kristdemokraterna.se\/uppsala\/#\/schema\/logo\/image\/","url":"https:\/\/wp.kristdemokraterna.se\/uppsala\/files\/2019\/10\/kd-uppsala.png","contentUrl":"https:\/\/wp.kristdemokraterna.se\/uppsala\/files\/2019\/10\/kd-uppsala.png","width":804,"height":421,"caption":"Kristdemokraterna Uppsala"},"image":{"@id":"https:\/\/wp.kristdemokraterna.se\/uppsala\/#\/schema\/logo\/image\/"},"sameAs":["https:\/\/www.facebook.com\/UppsalaKD\/","https:\/\/www.instagram.com\/uppsalakd\/"]},{"@type":"Person","@id":"https:\/\/wp.kristdemokraterna.se\/uppsala\/#\/schema\/person\/038d805d685fb0ce5ad14ab8711d8e84","name":"Mimmi Westerlund","image":{"@type":"ImageObject","inLanguage":"sv-SE","@id":"https:\/\/secure.gravatar.com\/avatar\/a5697359f709b6b10d9c7e6a7c89f3e054554dedb4657d5ffe9e5bc5b1445841?s=96&r=g","url":"https:\/\/secure.gravatar.com\/avatar\/a5697359f709b6b10d9c7e6a7c89f3e054554dedb4657d5ffe9e5bc5b1445841?s=96&r=g","contentUrl":"https:\/\/secure.gravatar.com\/avatar\/a5697359f709b6b10d9c7e6a7c89f3e054554dedb4657d5ffe9e5bc5b1445841?s=96&r=g","caption":"Mimmi Westerlund"},"url":"https:\/\/wp.kristdemokraterna.se\/uppsala\/author\/mimmi\/"}]}},"_links":{"self":[{"href":"https:\/\/wp.kristdemokraterna.se\/uppsala\/wp-json\/wp\/v2\/posts\/1930","targetHints":{"allow":["GET"]}}],"collection":[{"href":"https:\/\/wp.kristdemokraterna.se\/uppsala\/wp-json\/wp\/v2\/posts"}],"about":[{"href":"https:\/\/wp.kristdemokraterna.se\/uppsala\/wp-json\/wp\/v2\/types\/post"}],"author":[{"embeddable":true,"href":"https:\/\/wp.kristdemokraterna.se\/uppsala\/wp-json\/wp\/v2\/users\/702"}],"replies":[{"embeddable":true,"href":"https:\/\/wp.kristdemokraterna.se\/uppsala\/wp-json\/wp\/v2\/comments?post=1930"}],"version-history":[{"count":1,"href":"https:\/\/wp.kristdemokraterna.se\/uppsala\/wp-json\/wp\/v2\/posts\/1930\/revisions"}],"predecessor-version":[{"id":1931,"href":"https:\/\/wp.kristdemokraterna.se\/uppsala\/wp-json\/wp\/v2\/posts\/1930\/revisions\/1931"}],"wp:featuredmedia":[{"embeddable":true,"href":"https:\/\/wp.kristdemokraterna.se\/uppsala\/wp-json\/wp\/v2\/media\/1932"}],"wp:attachment":[{"href":"https:\/\/wp.kristdemokraterna.se\/uppsala\/wp-json\/wp\/v2\/media?parent=1930"}],"wp:term":[{"taxonomy":"category","embeddable":true,"href":"https:\/\/wp.kristdemokraterna.se\/uppsala\/wp-json\/wp\/v2\/categories?post=1930"},{"taxonomy":"post_tag","embeddable":true,"href":"https:\/\/wp.kristdemokraterna.se\/uppsala\/wp-json\/wp\/v2\/tags?post=1930"}],"curies":[{"name":"wp","href":"https:\/\/api.w.org\/{rel}","templated":true}]}}