{"id":1934,"date":"2016-02-29T16:30:51","date_gmt":"2016-02-29T15:30:51","guid":{"rendered":"http:\/\/wp.kristdemokraterna.se\/uppsala\/?p=1934"},"modified":"2024-04-04T00:51:55","modified_gmt":"2024-04-03T22:51:55","slug":"segersam-planera-for-smabatshamn-och-utveckla-sjotrafiken","status":"publish","type":"post","link":"https:\/\/wp.kristdemokraterna.se\/uppsala\/segersam-planera-for-smabatshamn-och-utveckla-sjotrafiken\/","title":{"rendered":"Segersam: Planera f\u00f6r sm\u00e5b\u00e5tshamn och utveckla sj\u00f6trafiken"},"content":{"rendered":"<p><strong>Motion ang\u00e5ende ny sm\u00e5b\u00e5tshamn och utvecklad sj\u00f6trafik i Uppsala<\/strong><\/p>\n<p><strong>Uppsala har stolta anor som hamn- och sj\u00f6fartsstad, alltsedan \u00c4rkebiskopss\u00e4tet 1252 flyttade fr\u00e5n numera Gamla Uppsala till d\u00e5varande \u00d6stra Aros (dagens Uppsala), hamnen som anlagts vid Sala\u00e5ns (numera \u201dFyris\u00e5ns\u201d) mynning.\u00a0\u00c4ven om Uppsala numera inte upplevs som n\u00e5gon hamnstad \u00e4r det fortfarande s\u00e5 att hamnen vid Islandsfallet \u00e4r med farleder f\u00f6rbundna med \u00d6stersj\u00f6n via Stockholms sluss\/S\u00f6dert\u00e4lje kanal.<\/strong><\/p>\n<p>Vi ser runt om i Sverige hur st\u00e4der som anv\u00e4nder sitt sj\u00f6n\u00e4ra l\u00e4ge utvecklar b\u00e5de v\u00e4rden runt boendet (exempelvis genom bost\u00e4der i gamla hamn- och varvsomr\u00e5den som i G\u00f6teborg, V\u00e4ster\u00e5s och Malm\u00f6), och \u00e4ven genom att utveckla b\u00e5ttrafiken. I V\u00e4ster\u00e5s har passagerartrafiken \u00f6kat med 300% (fr\u00e5n 25.000 resor per \u00e5r till nu \u00f6ver 100.000) sedan det kommunala Rederi M\u00e4larstaden \u00f6verl\u00e4ts till en frist\u00e5ende entrepren\u00f6r \u00e5r 2007, och i Stockholm har \u201dSj\u00f6v\u00e4gen\u201d, en pendelb\u00e5tslinje i SL:s regi mellan Nacka, Liding\u00f6 och Stockholm blivit en succ\u00e9 med \u00f6ver 50.000 resor per \u00e5r. Kristdemokraterna har d\u00e4r drivit fr\u00e5gan att utveckla pendelb\u00e5tstrafiken ytterligare med bland annat nya linjer \u00f6ver Riddarfj\u00e4rden och till Eker\u00f6.<\/p>\n<p>Av naturliga sk\u00e4l \u00e4r inte f\u00f6ruts\u00e4ttningarna f\u00f6r b\u00e5ttrafik lika goda i Uppsala, men vi har fortfarande turistb\u00e5tar som g\u00e5r ut p\u00e5 M\u00e4laren fr\u00e5n Uppsala centrum, och ovan n\u00e4mnda Rederi M\u00e4larstaden \u00e4r ett exempel p\u00e5 andra akt\u00f6rer som ang\u00f6r Uppsala. I det fallet \u00e4r det dock Sk\u00e4rholmen som blir ang\u00f6ringsplats eftersom det \u00e4r s\u00e5 kr\u00e5ngligt och omst\u00e4ndigt att organisera bro\u00f6ppningarna i Fyris\u00e5n.\u00a0F\u00f6rutom den yrkesm\u00e4ssiga b\u00e5ttrafiken \u00e4r \u00e4ven fritidsb\u00e5tarna viktiga. I Uppsala med ca 1800 platser f\u00f6r fritidsb\u00e5tar \u00e4r det tydligt att detta b\u00e5tliv har en stor betydelse f\u00f6r stadens attraktivitet och bes\u00f6ksv\u00e4rde.<\/p>\n<p>Vi har tidigare framh\u00e5llit betydelsen av att se l\u00e5ngsiktigt p\u00e5 utvecklingen av sj\u00f6trafiken n\u00e4r det g\u00e4ller utbyggnaden av viktiga f\u00f6rbindelser \u00f6ver Fyris\u00e5n. N\u00e4r man nu planerar f\u00f6r en ny bro i Kungs\u00e4ngsesplanadens f\u00f6rl\u00e4ngning kommer det att finnas tv\u00e5 broar mellan hamnen vid Islandsfallet och Kungs\u00e4ngsbron n\u00e4ra kapomr\u00e5det. Hamnsp\u00e5ngen byggdes f\u00f6r \u00f6vrigt utan att tillst\u00e5nd s\u00f6ktes av sj\u00f6fartsverket som ansvarar f\u00f6r farleden, ett misstag som kommunen inte kommer att g\u00f6ra om. F\u00f6r b\u00e5ttrafiken kan det vara f\u00f6r\u00f6dande med d\u00e5ligt genomf\u00f6rda brobyggen, d\u00e5 b\u00e5ttrafiken till skillnad fr\u00e5n v\u00e4gtrafiken inte kan ledas om p\u00e5 andra v\u00e4gar.<\/p>\n<p><strong>\u00c4ven om m\u00f6jligheten kommer att finnas kvar att med (\u00e4ven st\u00f6rre) b\u00e5tar ang\u00f6ra Uppsala hamn \u00e4r det viktigt att fundera \u00f6ver vad den \u00f6kande m\u00e4ngden broar betyder f\u00f6r b\u00e5ttrafiken och g\u00f6ra en l\u00e5ngsiktigt h\u00e5llbar plan f\u00f6r hur denna trafik kan utvecklas med detta bakgrundsscenario.<\/strong><\/p>\n<p>Vi kristdemokrater f\u00f6reslog i v\u00e5rt remissvar till ny \u00d6versiktsplan f\u00f6r Uppsala, att en ny sm\u00e5b\u00e5tshamn anl\u00e4ggs i anslutning till Kungs\u00e4ngsbron. P\u00e5 det s\u00e4ttet skulle man kunna utveckla det nya bostadsomr\u00e5de som v\u00e4xer fram i Kungs\u00e4ngen genom att \u00e4ven ge st\u00f6rre m\u00f6jligheter f\u00f6r b\u00e5tplatser (f\u00f6r de boende och andra) i anslutning till denna. I och med att delar av omr\u00e5det redan idag \u00e4r kopplat till b\u00e5ttrafiken (varvsomr\u00e5dena f\u00f6r bland andra Uppsala Motorb\u00e5tss\u00e4llskap) vore det naturligt att utveckla dessa v\u00e4rden i omr\u00e5det. Speciellt med tanke p\u00e5 att Alliansen ocks\u00e5 f\u00f6resl\u00e5r en flytt av reningsverket \u00e4r det \u00e4n mer angel\u00e4get att s\u00e4kra en l\u00e5ngsiktigt attraktiv anv\u00e4ndning av omr\u00e5det. Genom att gr\u00e4va ut en del av omr\u00e5det f\u00f6r en ny hamn frig\u00f6rs plats ocks\u00e5 f\u00f6r att v\u00e4nda st\u00f6rre fartyg, och man kan om man g\u00f6r planen p\u00e5 ett klokt s\u00e4tt hitta en god och attraktiv framtida anv\u00e4ndning av hela omr\u00e5det runt Kungs\u00e4ngsbron. H\u00e4r \u00e4r det viktigt att ta h\u00e4nsyn till m\u00e5nga aspekter s\u00e5som s\u00e5v\u00e4l fordonstrafiken p\u00e5 bron, omr\u00e5dets karakt\u00e4r som framtida bostadsomr\u00e5de, fritidsanv\u00e4ndningen av Kapomr\u00e5det och \u00c5rike Fyris och hela den tillh\u00f6rande farleden ner till Ekoln. D\u00e4rf\u00f6r b\u00f6r inte planerna begr\u00e4nsas bara till omr\u00e5det runt sj\u00e4lva \u201dS\u00f6dra \u00c5str\u00e5ket\u201d utan att det b\u00f6r ses i ett sammanhang med tillg\u00e4ngligheten f\u00f6r b\u00e5ttrafiken i stort.<\/p>\n<p><strong>Kristdemokraterna f\u00f6resl\u00e5r kommunfullm\u00e4ktige besluta<\/strong><\/p>\n<p><strong>att<\/strong> Utreda m\u00f6jligheten att utveckla s\u00f6dra \u00e5str\u00e5ket och tillh\u00f6rande farled med en ny sm\u00e5b\u00e5tshamn, sett i ett st\u00f6rre sammanhang f\u00f6r utvecklandet av b\u00e5ttrafiken i Uppsala<\/p>\n<p><strong>att<\/strong> G\u00f6ra en sammanh\u00e5llen studie hur b\u00e5ttrafiken i Uppsalaomr\u00e5det kan vitaliseras, utvecklas och \u00f6ka omr\u00e5dets attraktionskraft utifr\u00e5n ett aktivt arbete fr\u00e5n Uppsala kommuns sida. H\u00e4r m\u00e5ste s\u00e5v\u00e4l farleder, broar, hamn- och varvs- \/ uppst\u00e4llningsomr\u00e5den f\u00f6r b\u00e5tar beaktas.<\/p>\n<p><strong>att<\/strong> Inarbeta planerna p\u00e5 en ny sm\u00e5b\u00e5tshamn i \u00f6versiktsplanen f\u00f6r Uppsala, tillsammans med en flytt av reningsverket och en l\u00e5ngsiktig plan f\u00f6r sj\u00f6trafiken.<\/p>\n","protected":false},"excerpt":{"rendered":"<p>Motion ang\u00e5ende ny sm\u00e5b\u00e5tshamn och utvecklad sj\u00f6trafik i Uppsala Uppsala har stolta anor som hamn- och sj\u00f6fartsstad, alltsedan \u00c4rkebiskopss\u00e4tet 1252 flyttade fr\u00e5n numera Gamla Uppsala till d\u00e5varande \u00d6stra Aros (dagens Uppsala), hamnen som anlagts vid Sala\u00e5ns (numera \u201dFyris\u00e5ns\u201d) mynning.\u00a0\u00c4ven om Uppsala numera inte upplevs som n\u00e5gon hamnstad \u00e4r det fortfarande s\u00e5 att hamnen vid Islandsfallet <a class=\"read-more-link\" href=\"https:\/\/wp.kristdemokraterna.se\/uppsala\/segersam-planera-for-smabatshamn-och-utveckla-sjotrafiken\/\">Read More<\/a><\/p>\n","protected":false},"author":702,"featured_media":1935,"comment_status":"closed","ping_status":"closed","sticky":false,"template":"","format":"standard","meta":{"_acf_changed":false,"footnotes":""},"categories":[232],"tags":[],"class_list":["post-1934","post","type-post","status-publish","format-standard","hentry","category-kollektivtrafik-o-stadsplanering"],"acf":[],"yoast_head":"<!-- This site is optimized with the Yoast SEO plugin v27.4 - https:\/\/yoast.com\/product\/yoast-seo-wordpress\/ -->\n<title>Segersam: Planera f\u00f6r sm\u00e5b\u00e5tshamn och utveckla sj\u00f6trafiken | Kristdemokraterna | Uppsala<\/title>\n<meta name=\"robots\" content=\"index, follow, max-snippet:-1, max-image-preview:large, max-video-preview:-1\" \/>\n<link rel=\"canonical\" href=\"https:\/\/wp.kristdemokraterna.se\/uppsala\/segersam-planera-for-smabatshamn-och-utveckla-sjotrafiken\/\" \/>\n<meta property=\"og:locale\" content=\"sv_SE\" \/>\n<meta property=\"og:type\" content=\"article\" \/>\n<meta property=\"og:title\" content=\"Segersam: Planera f\u00f6r sm\u00e5b\u00e5tshamn och utveckla sj\u00f6trafiken | Kristdemokraterna | Uppsala\" \/>\n<meta property=\"og:description\" content=\"Motion ang\u00e5ende ny sm\u00e5b\u00e5tshamn och utvecklad sj\u00f6trafik i Uppsala Uppsala har stolta anor som hamn- och sj\u00f6fartsstad, alltsedan \u00c4rkebiskopss\u00e4tet 1252 flyttade fr\u00e5n numera Gamla Uppsala till d\u00e5varande \u00d6stra Aros (dagens Uppsala), hamnen som anlagts vid Sala\u00e5ns (numera \u201dFyris\u00e5ns\u201d) mynning.\u00a0\u00c4ven om Uppsala numera inte upplevs som n\u00e5gon hamnstad \u00e4r det fortfarande s\u00e5 att hamnen vid Islandsfallet Read More\" \/>\n<meta property=\"og:url\" content=\"https:\/\/wp.kristdemokraterna.se\/uppsala\/segersam-planera-for-smabatshamn-och-utveckla-sjotrafiken\/\" \/>\n<meta property=\"og:site_name\" content=\"Kristdemokraterna | Uppsala\" \/>\n<meta property=\"article:publisher\" content=\"https:\/\/www.facebook.com\/UppsalaKD\/\" \/>\n<meta property=\"article:published_time\" content=\"2016-02-29T15:30:51+00:00\" \/>\n<meta property=\"article:modified_time\" content=\"2024-04-03T22:51:55+00:00\" \/>\n<meta property=\"og:image\" content=\"http:\/\/wp.kristdemokraterna.se\/uppsala\/files\/2016\/02\/fyrisan-423387_1280.jpg\" \/>\n\t<meta property=\"og:image:width\" content=\"1280\" \/>\n\t<meta property=\"og:image:height\" content=\"859\" \/>\n\t<meta property=\"og:image:type\" content=\"image\/jpeg\" \/>\n<meta name=\"author\" content=\"Mimmi Westerlund\" \/>\n<meta name=\"twitter:card\" content=\"summary_large_image\" \/>\n<meta name=\"twitter:label1\" content=\"Skriven av\" \/>\n\t<meta name=\"twitter:data1\" content=\"Mimmi Westerlund\" \/>\n\t<meta name=\"twitter:label2\" content=\"Ber\u00e4knad l\u00e4stid\" \/>\n\t<meta name=\"twitter:data2\" content=\"5 minuter\" \/>\n<script type=\"application\/ld+json\" class=\"yoast-schema-graph\">{\"@context\":\"https:\\\/\\\/schema.org\",\"@graph\":[{\"@type\":\"Article\",\"@id\":\"https:\\\/\\\/wp.kristdemokraterna.se\\\/uppsala\\\/segersam-planera-for-smabatshamn-och-utveckla-sjotrafiken\\\/#article\",\"isPartOf\":{\"@id\":\"https:\\\/\\\/wp.kristdemokraterna.se\\\/uppsala\\\/segersam-planera-for-smabatshamn-och-utveckla-sjotrafiken\\\/\"},\"author\":{\"name\":\"Mimmi Westerlund\",\"@id\":\"https:\\\/\\\/wp.kristdemokraterna.se\\\/uppsala\\\/#\\\/schema\\\/person\\\/038d805d685fb0ce5ad14ab8711d8e84\"},\"headline\":\"Segersam: Planera f\u00f6r sm\u00e5b\u00e5tshamn och utveckla sj\u00f6trafiken\",\"datePublished\":\"2016-02-29T15:30:51+00:00\",\"dateModified\":\"2024-04-03T22:51:55+00:00\",\"mainEntityOfPage\":{\"@id\":\"https:\\\/\\\/wp.kristdemokraterna.se\\\/uppsala\\\/segersam-planera-for-smabatshamn-och-utveckla-sjotrafiken\\\/\"},\"wordCount\":920,\"publisher\":{\"@id\":\"https:\\\/\\\/wp.kristdemokraterna.se\\\/uppsala\\\/#organization\"},\"image\":{\"@id\":\"https:\\\/\\\/wp.kristdemokraterna.se\\\/uppsala\\\/segersam-planera-for-smabatshamn-och-utveckla-sjotrafiken\\\/#primaryimage\"},\"thumbnailUrl\":\"https:\\\/\\\/wp.kristdemokraterna.se\\\/uppsala\\\/files\\\/2016\\\/02\\\/fyrisan-423387_1280.jpg\",\"articleSection\":[\"Kollektivtrafik &amp; Stadsplanering\"],\"inLanguage\":\"sv-SE\"},{\"@type\":\"WebPage\",\"@id\":\"https:\\\/\\\/wp.kristdemokraterna.se\\\/uppsala\\\/segersam-planera-for-smabatshamn-och-utveckla-sjotrafiken\\\/\",\"url\":\"https:\\\/\\\/wp.kristdemokraterna.se\\\/uppsala\\\/segersam-planera-for-smabatshamn-och-utveckla-sjotrafiken\\\/\",\"name\":\"Segersam: Planera f\u00f6r sm\u00e5b\u00e5tshamn och utveckla sj\u00f6trafiken | Kristdemokraterna | Uppsala\",\"isPartOf\":{\"@id\":\"https:\\\/\\\/wp.kristdemokraterna.se\\\/uppsala\\\/#website\"},\"primaryImageOfPage\":{\"@id\":\"https:\\\/\\\/wp.kristdemokraterna.se\\\/uppsala\\\/segersam-planera-for-smabatshamn-och-utveckla-sjotrafiken\\\/#primaryimage\"},\"image\":{\"@id\":\"https:\\\/\\\/wp.kristdemokraterna.se\\\/uppsala\\\/segersam-planera-for-smabatshamn-och-utveckla-sjotrafiken\\\/#primaryimage\"},\"thumbnailUrl\":\"https:\\\/\\\/wp.kristdemokraterna.se\\\/uppsala\\\/files\\\/2016\\\/02\\\/fyrisan-423387_1280.jpg\",\"datePublished\":\"2016-02-29T15:30:51+00:00\",\"dateModified\":\"2024-04-03T22:51:55+00:00\",\"breadcrumb\":{\"@id\":\"https:\\\/\\\/wp.kristdemokraterna.se\\\/uppsala\\\/segersam-planera-for-smabatshamn-och-utveckla-sjotrafiken\\\/#breadcrumb\"},\"inLanguage\":\"sv-SE\",\"potentialAction\":[{\"@type\":\"ReadAction\",\"target\":[\"https:\\\/\\\/wp.kristdemokraterna.se\\\/uppsala\\\/segersam-planera-for-smabatshamn-och-utveckla-sjotrafiken\\\/\"]}]},{\"@type\":\"ImageObject\",\"inLanguage\":\"sv-SE\",\"@id\":\"https:\\\/\\\/wp.kristdemokraterna.se\\\/uppsala\\\/segersam-planera-for-smabatshamn-och-utveckla-sjotrafiken\\\/#primaryimage\",\"url\":\"https:\\\/\\\/wp.kristdemokraterna.se\\\/uppsala\\\/files\\\/2016\\\/02\\\/fyrisan-423387_1280.jpg\",\"contentUrl\":\"https:\\\/\\\/wp.kristdemokraterna.se\\\/uppsala\\\/files\\\/2016\\\/02\\\/fyrisan-423387_1280.jpg\",\"width\":1280,\"height\":859},{\"@type\":\"BreadcrumbList\",\"@id\":\"https:\\\/\\\/wp.kristdemokraterna.se\\\/uppsala\\\/segersam-planera-for-smabatshamn-och-utveckla-sjotrafiken\\\/#breadcrumb\",\"itemListElement\":[{\"@type\":\"ListItem\",\"position\":1,\"name\":\"Hem\",\"item\":\"https:\\\/\\\/wp.kristdemokraterna.se\\\/uppsala\\\/\"},{\"@type\":\"ListItem\",\"position\":2,\"name\":\"Segersam: Planera f\u00f6r sm\u00e5b\u00e5tshamn och utveckla sj\u00f6trafiken\"}]},{\"@type\":\"WebSite\",\"@id\":\"https:\\\/\\\/wp.kristdemokraterna.se\\\/uppsala\\\/#website\",\"url\":\"https:\\\/\\\/wp.kristdemokraterna.se\\\/uppsala\\\/\",\"name\":\"Kristdemokraterna Uppsala\",\"description\":\"Tryggare Uppsala\",\"publisher\":{\"@id\":\"https:\\\/\\\/wp.kristdemokraterna.se\\\/uppsala\\\/#organization\"},\"inLanguage\":\"sv-SE\"},{\"@type\":\"Organization\",\"@id\":\"https:\\\/\\\/wp.kristdemokraterna.se\\\/uppsala\\\/#organization\",\"name\":\"Kristdemokraterna Uppsala\",\"url\":\"https:\\\/\\\/wp.kristdemokraterna.se\\\/uppsala\\\/\",\"logo\":{\"@type\":\"ImageObject\",\"inLanguage\":\"sv-SE\",\"@id\":\"https:\\\/\\\/wp.kristdemokraterna.se\\\/uppsala\\\/#\\\/schema\\\/logo\\\/image\\\/\",\"url\":\"https:\\\/\\\/wp.kristdemokraterna.se\\\/uppsala\\\/files\\\/2019\\\/10\\\/kd-uppsala.png\",\"contentUrl\":\"https:\\\/\\\/wp.kristdemokraterna.se\\\/uppsala\\\/files\\\/2019\\\/10\\\/kd-uppsala.png\",\"width\":804,\"height\":421,\"caption\":\"Kristdemokraterna Uppsala\"},\"image\":{\"@id\":\"https:\\\/\\\/wp.kristdemokraterna.se\\\/uppsala\\\/#\\\/schema\\\/logo\\\/image\\\/\"},\"sameAs\":[\"https:\\\/\\\/www.facebook.com\\\/UppsalaKD\\\/\",\"https:\\\/\\\/www.instagram.com\\\/uppsalakd\\\/\"]},{\"@type\":\"Person\",\"@id\":\"https:\\\/\\\/wp.kristdemokraterna.se\\\/uppsala\\\/#\\\/schema\\\/person\\\/038d805d685fb0ce5ad14ab8711d8e84\",\"name\":\"Mimmi Westerlund\",\"image\":{\"@type\":\"ImageObject\",\"inLanguage\":\"sv-SE\",\"@id\":\"https:\\\/\\\/secure.gravatar.com\\\/avatar\\\/a5697359f709b6b10d9c7e6a7c89f3e054554dedb4657d5ffe9e5bc5b1445841?s=96&r=g\",\"url\":\"https:\\\/\\\/secure.gravatar.com\\\/avatar\\\/a5697359f709b6b10d9c7e6a7c89f3e054554dedb4657d5ffe9e5bc5b1445841?s=96&r=g\",\"contentUrl\":\"https:\\\/\\\/secure.gravatar.com\\\/avatar\\\/a5697359f709b6b10d9c7e6a7c89f3e054554dedb4657d5ffe9e5bc5b1445841?s=96&r=g\",\"caption\":\"Mimmi Westerlund\"},\"url\":\"https:\\\/\\\/wp.kristdemokraterna.se\\\/uppsala\\\/author\\\/mimmi\\\/\"}]}<\/script>\n<!-- \/ Yoast SEO plugin. -->","yoast_head_json":{"title":"Segersam: Planera f\u00f6r sm\u00e5b\u00e5tshamn och utveckla sj\u00f6trafiken | Kristdemokraterna | Uppsala","robots":{"index":"index","follow":"follow","max-snippet":"max-snippet:-1","max-image-preview":"max-image-preview:large","max-video-preview":"max-video-preview:-1"},"canonical":"https:\/\/wp.kristdemokraterna.se\/uppsala\/segersam-planera-for-smabatshamn-och-utveckla-sjotrafiken\/","og_locale":"sv_SE","og_type":"article","og_title":"Segersam: Planera f\u00f6r sm\u00e5b\u00e5tshamn och utveckla sj\u00f6trafiken | Kristdemokraterna | Uppsala","og_description":"Motion ang\u00e5ende ny sm\u00e5b\u00e5tshamn och utvecklad sj\u00f6trafik i Uppsala Uppsala har stolta anor som hamn- och sj\u00f6fartsstad, alltsedan \u00c4rkebiskopss\u00e4tet 1252 flyttade fr\u00e5n numera Gamla Uppsala till d\u00e5varande \u00d6stra Aros (dagens Uppsala), hamnen som anlagts vid Sala\u00e5ns (numera \u201dFyris\u00e5ns\u201d) mynning.\u00a0\u00c4ven om Uppsala numera inte upplevs som n\u00e5gon hamnstad \u00e4r det fortfarande s\u00e5 att hamnen vid Islandsfallet Read More","og_url":"https:\/\/wp.kristdemokraterna.se\/uppsala\/segersam-planera-for-smabatshamn-och-utveckla-sjotrafiken\/","og_site_name":"Kristdemokraterna | Uppsala","article_publisher":"https:\/\/www.facebook.com\/UppsalaKD\/","article_published_time":"2016-02-29T15:30:51+00:00","article_modified_time":"2024-04-03T22:51:55+00:00","og_image":[{"width":1280,"height":859,"url":"http:\/\/wp.kristdemokraterna.se\/uppsala\/files\/2016\/02\/fyrisan-423387_1280.jpg","type":"image\/jpeg"}],"author":"Mimmi Westerlund","twitter_card":"summary_large_image","twitter_misc":{"Skriven av":"Mimmi Westerlund","Ber\u00e4knad l\u00e4stid":"5 minuter"},"schema":{"@context":"https:\/\/schema.org","@graph":[{"@type":"Article","@id":"https:\/\/wp.kristdemokraterna.se\/uppsala\/segersam-planera-for-smabatshamn-och-utveckla-sjotrafiken\/#article","isPartOf":{"@id":"https:\/\/wp.kristdemokraterna.se\/uppsala\/segersam-planera-for-smabatshamn-och-utveckla-sjotrafiken\/"},"author":{"name":"Mimmi Westerlund","@id":"https:\/\/wp.kristdemokraterna.se\/uppsala\/#\/schema\/person\/038d805d685fb0ce5ad14ab8711d8e84"},"headline":"Segersam: Planera f\u00f6r sm\u00e5b\u00e5tshamn och utveckla sj\u00f6trafiken","datePublished":"2016-02-29T15:30:51+00:00","dateModified":"2024-04-03T22:51:55+00:00","mainEntityOfPage":{"@id":"https:\/\/wp.kristdemokraterna.se\/uppsala\/segersam-planera-for-smabatshamn-och-utveckla-sjotrafiken\/"},"wordCount":920,"publisher":{"@id":"https:\/\/wp.kristdemokraterna.se\/uppsala\/#organization"},"image":{"@id":"https:\/\/wp.kristdemokraterna.se\/uppsala\/segersam-planera-for-smabatshamn-och-utveckla-sjotrafiken\/#primaryimage"},"thumbnailUrl":"https:\/\/wp.kristdemokraterna.se\/uppsala\/files\/2016\/02\/fyrisan-423387_1280.jpg","articleSection":["Kollektivtrafik &amp; Stadsplanering"],"inLanguage":"sv-SE"},{"@type":"WebPage","@id":"https:\/\/wp.kristdemokraterna.se\/uppsala\/segersam-planera-for-smabatshamn-och-utveckla-sjotrafiken\/","url":"https:\/\/wp.kristdemokraterna.se\/uppsala\/segersam-planera-for-smabatshamn-och-utveckla-sjotrafiken\/","name":"Segersam: Planera f\u00f6r sm\u00e5b\u00e5tshamn och utveckla sj\u00f6trafiken | Kristdemokraterna | Uppsala","isPartOf":{"@id":"https:\/\/wp.kristdemokraterna.se\/uppsala\/#website"},"primaryImageOfPage":{"@id":"https:\/\/wp.kristdemokraterna.se\/uppsala\/segersam-planera-for-smabatshamn-och-utveckla-sjotrafiken\/#primaryimage"},"image":{"@id":"https:\/\/wp.kristdemokraterna.se\/uppsala\/segersam-planera-for-smabatshamn-och-utveckla-sjotrafiken\/#primaryimage"},"thumbnailUrl":"https:\/\/wp.kristdemokraterna.se\/uppsala\/files\/2016\/02\/fyrisan-423387_1280.jpg","datePublished":"2016-02-29T15:30:51+00:00","dateModified":"2024-04-03T22:51:55+00:00","breadcrumb":{"@id":"https:\/\/wp.kristdemokraterna.se\/uppsala\/segersam-planera-for-smabatshamn-och-utveckla-sjotrafiken\/#breadcrumb"},"inLanguage":"sv-SE","potentialAction":[{"@type":"ReadAction","target":["https:\/\/wp.kristdemokraterna.se\/uppsala\/segersam-planera-for-smabatshamn-och-utveckla-sjotrafiken\/"]}]},{"@type":"ImageObject","inLanguage":"sv-SE","@id":"https:\/\/wp.kristdemokraterna.se\/uppsala\/segersam-planera-for-smabatshamn-och-utveckla-sjotrafiken\/#primaryimage","url":"https:\/\/wp.kristdemokraterna.se\/uppsala\/files\/2016\/02\/fyrisan-423387_1280.jpg","contentUrl":"https:\/\/wp.kristdemokraterna.se\/uppsala\/files\/2016\/02\/fyrisan-423387_1280.jpg","width":1280,"height":859},{"@type":"BreadcrumbList","@id":"https:\/\/wp.kristdemokraterna.se\/uppsala\/segersam-planera-for-smabatshamn-och-utveckla-sjotrafiken\/#breadcrumb","itemListElement":[{"@type":"ListItem","position":1,"name":"Hem","item":"https:\/\/wp.kristdemokraterna.se\/uppsala\/"},{"@type":"ListItem","position":2,"name":"Segersam: Planera f\u00f6r sm\u00e5b\u00e5tshamn och utveckla sj\u00f6trafiken"}]},{"@type":"WebSite","@id":"https:\/\/wp.kristdemokraterna.se\/uppsala\/#website","url":"https:\/\/wp.kristdemokraterna.se\/uppsala\/","name":"Kristdemokraterna Uppsala","description":"Tryggare Uppsala","publisher":{"@id":"https:\/\/wp.kristdemokraterna.se\/uppsala\/#organization"},"inLanguage":"sv-SE"},{"@type":"Organization","@id":"https:\/\/wp.kristdemokraterna.se\/uppsala\/#organization","name":"Kristdemokraterna Uppsala","url":"https:\/\/wp.kristdemokraterna.se\/uppsala\/","logo":{"@type":"ImageObject","inLanguage":"sv-SE","@id":"https:\/\/wp.kristdemokraterna.se\/uppsala\/#\/schema\/logo\/image\/","url":"https:\/\/wp.kristdemokraterna.se\/uppsala\/files\/2019\/10\/kd-uppsala.png","contentUrl":"https:\/\/wp.kristdemokraterna.se\/uppsala\/files\/2019\/10\/kd-uppsala.png","width":804,"height":421,"caption":"Kristdemokraterna Uppsala"},"image":{"@id":"https:\/\/wp.kristdemokraterna.se\/uppsala\/#\/schema\/logo\/image\/"},"sameAs":["https:\/\/www.facebook.com\/UppsalaKD\/","https:\/\/www.instagram.com\/uppsalakd\/"]},{"@type":"Person","@id":"https:\/\/wp.kristdemokraterna.se\/uppsala\/#\/schema\/person\/038d805d685fb0ce5ad14ab8711d8e84","name":"Mimmi Westerlund","image":{"@type":"ImageObject","inLanguage":"sv-SE","@id":"https:\/\/secure.gravatar.com\/avatar\/a5697359f709b6b10d9c7e6a7c89f3e054554dedb4657d5ffe9e5bc5b1445841?s=96&r=g","url":"https:\/\/secure.gravatar.com\/avatar\/a5697359f709b6b10d9c7e6a7c89f3e054554dedb4657d5ffe9e5bc5b1445841?s=96&r=g","contentUrl":"https:\/\/secure.gravatar.com\/avatar\/a5697359f709b6b10d9c7e6a7c89f3e054554dedb4657d5ffe9e5bc5b1445841?s=96&r=g","caption":"Mimmi Westerlund"},"url":"https:\/\/wp.kristdemokraterna.se\/uppsala\/author\/mimmi\/"}]}},"_links":{"self":[{"href":"https:\/\/wp.kristdemokraterna.se\/uppsala\/wp-json\/wp\/v2\/posts\/1934","targetHints":{"allow":["GET"]}}],"collection":[{"href":"https:\/\/wp.kristdemokraterna.se\/uppsala\/wp-json\/wp\/v2\/posts"}],"about":[{"href":"https:\/\/wp.kristdemokraterna.se\/uppsala\/wp-json\/wp\/v2\/types\/post"}],"author":[{"embeddable":true,"href":"https:\/\/wp.kristdemokraterna.se\/uppsala\/wp-json\/wp\/v2\/users\/702"}],"replies":[{"embeddable":true,"href":"https:\/\/wp.kristdemokraterna.se\/uppsala\/wp-json\/wp\/v2\/comments?post=1934"}],"version-history":[{"count":5,"href":"https:\/\/wp.kristdemokraterna.se\/uppsala\/wp-json\/wp\/v2\/posts\/1934\/revisions"}],"predecessor-version":[{"id":1940,"href":"https:\/\/wp.kristdemokraterna.se\/uppsala\/wp-json\/wp\/v2\/posts\/1934\/revisions\/1940"}],"wp:featuredmedia":[{"embeddable":true,"href":"https:\/\/wp.kristdemokraterna.se\/uppsala\/wp-json\/wp\/v2\/media\/1935"}],"wp:attachment":[{"href":"https:\/\/wp.kristdemokraterna.se\/uppsala\/wp-json\/wp\/v2\/media?parent=1934"}],"wp:term":[{"taxonomy":"category","embeddable":true,"href":"https:\/\/wp.kristdemokraterna.se\/uppsala\/wp-json\/wp\/v2\/categories?post=1934"},{"taxonomy":"post_tag","embeddable":true,"href":"https:\/\/wp.kristdemokraterna.se\/uppsala\/wp-json\/wp\/v2\/tags?post=1934"}],"curies":[{"name":"wp","href":"https:\/\/api.w.org\/{rel}","templated":true}]}}