{"id":1949,"date":"2016-03-30T18:37:04","date_gmt":"2016-03-30T16:37:04","guid":{"rendered":"http:\/\/wp.kristdemokraterna.se\/uppsala\/?p=1949"},"modified":"2024-04-04T00:51:22","modified_gmt":"2024-04-03T22:51:22","slug":"wisell-kd-beslutet-forsvarar-livspusslet","status":"publish","type":"post","link":"https:\/\/wp.kristdemokraterna.se\/uppsala\/wisell-kd-beslutet-forsvarar-livspusslet\/","title":{"rendered":"Wisell (KD): Beslutet f\u00f6rsv\u00e5rar livspusslet"},"content":{"rendered":"<p><strong>Idag beslutade utbildningsn\u00e4mnden hur man ska g\u00e5 vidare i fr\u00e5gan med \u00c5kerl\u00e4nnaskolan. Den r\u00f6dgr\u00f6na majoriteten har uppvaktats av f\u00f6r\u00e4ldrar som \u00e4r oroliga f\u00f6r att eleverna far illa i den h\u00e4r processen, men inte varit tillm\u00f6tesg\u00e5ende i dialogen. Kristdemokraterna yrkade tillsammans med Moderaterna och Centerpartiet p\u00e5 att \u00e5terremittera \u00e4rendet vad avser omr\u00e5det B\u00f6rje\/Jumkil\/\u00c5kerl\u00e4nna. Men majoriteten valde att g\u00e5 vidare med liggande f\u00f6rslag.<\/strong><\/p>\n<p>&#8211; Vi Kristdemokrater hade g\u00e4rna gett m\u00f6jlighet att \u00f6ppna f\u00f6r andra alternativ, till exempel att evakuera Jumkil till \u00c5kerl\u00e4nna och d\u00e4rigenom ge m\u00f6jlighet till att under denna tv\u00e5\u00e5rsperiod unders\u00f6ka m\u00f6jligheter f\u00f6r att forts\u00e4tta driva skolan i \u00c5kerl\u00e4nna i n\u00e5gon form, s\u00e4ger Martin Wisell (KD), ledamot i utbildningsn\u00e4mnden.<\/p>\n<p>&#8211; I brytpunkten mellan politiken och verklighet borde vi politiker vara \u00f6dmjuka och lyssna in dem som ber\u00f6rs. En timme extra p\u00e5 morgonen kan inneb\u00e4ra stora konsekvenser f\u00f6r sm\u00e5barnsf\u00f6r\u00e4lderns vardag, avslutar han.<\/p>\n","protected":false},"excerpt":{"rendered":"<p>Idag beslutade utbildningsn\u00e4mnden hur man ska g\u00e5 vidare i fr\u00e5gan med \u00c5kerl\u00e4nnaskolan. Den r\u00f6dgr\u00f6na majoriteten har uppvaktats av f\u00f6r\u00e4ldrar som \u00e4r oroliga f\u00f6r att eleverna far illa i den h\u00e4r processen, men inte varit tillm\u00f6tesg\u00e5ende i dialogen. Kristdemokraterna yrkade tillsammans med Moderaterna och Centerpartiet p\u00e5 att \u00e5terremittera \u00e4rendet vad avser omr\u00e5det B\u00f6rje\/Jumkil\/\u00c5kerl\u00e4nna. Men majoriteten valde <a class=\"read-more-link\" href=\"https:\/\/wp.kristdemokraterna.se\/uppsala\/wisell-kd-beslutet-forsvarar-livspusslet\/\">Read More<\/a><\/p>\n","protected":false},"author":702,"featured_media":1952,"comment_status":"closed","ping_status":"closed","sticky":false,"template":"","format":"standard","meta":{"_acf_changed":false,"footnotes":""},"categories":[241],"tags":[],"class_list":["post-1949","post","type-post","status-publish","format-standard","hentry","category-familj-och-skola"],"acf":[],"yoast_head":"<!-- This site is optimized with the Yoast SEO plugin v27.4 - https:\/\/yoast.com\/product\/yoast-seo-wordpress\/ -->\n<title>Wisell (KD): Beslutet f\u00f6rsv\u00e5rar livspusslet | Kristdemokraterna | Uppsala<\/title>\n<meta name=\"robots\" content=\"index, follow, max-snippet:-1, max-image-preview:large, max-video-preview:-1\" \/>\n<link rel=\"canonical\" href=\"https:\/\/wp.kristdemokraterna.se\/uppsala\/wisell-kd-beslutet-forsvarar-livspusslet\/\" \/>\n<meta property=\"og:locale\" content=\"sv_SE\" \/>\n<meta property=\"og:type\" content=\"article\" \/>\n<meta property=\"og:title\" content=\"Wisell (KD): Beslutet f\u00f6rsv\u00e5rar livspusslet | Kristdemokraterna | Uppsala\" \/>\n<meta property=\"og:description\" content=\"Idag beslutade utbildningsn\u00e4mnden hur man ska g\u00e5 vidare i fr\u00e5gan med \u00c5kerl\u00e4nnaskolan. Den r\u00f6dgr\u00f6na majoriteten har uppvaktats av f\u00f6r\u00e4ldrar som \u00e4r oroliga f\u00f6r att eleverna far illa i den h\u00e4r processen, men inte varit tillm\u00f6tesg\u00e5ende i dialogen. Kristdemokraterna yrkade tillsammans med Moderaterna och Centerpartiet p\u00e5 att \u00e5terremittera \u00e4rendet vad avser omr\u00e5det B\u00f6rje\/Jumkil\/\u00c5kerl\u00e4nna. Men majoriteten valde Read More\" \/>\n<meta property=\"og:url\" content=\"https:\/\/wp.kristdemokraterna.se\/uppsala\/wisell-kd-beslutet-forsvarar-livspusslet\/\" \/>\n<meta property=\"og:site_name\" content=\"Kristdemokraterna | Uppsala\" \/>\n<meta property=\"article:publisher\" content=\"https:\/\/www.facebook.com\/UppsalaKD\/\" \/>\n<meta property=\"article:published_time\" content=\"2016-03-30T16:37:04+00:00\" \/>\n<meta property=\"article:modified_time\" content=\"2024-04-03T22:51:22+00:00\" \/>\n<meta property=\"og:image\" content=\"http:\/\/wp.kristdemokraterna.se\/uppsala\/files\/2016\/03\/tydlig-brytpunkt-mellan-politik-och-verklighet-1.png\" \/>\n\t<meta property=\"og:image:width\" content=\"1024\" \/>\n\t<meta property=\"og:image:height\" content=\"512\" \/>\n\t<meta property=\"og:image:type\" content=\"image\/png\" \/>\n<meta name=\"author\" content=\"Mimmi Westerlund\" \/>\n<meta name=\"twitter:card\" content=\"summary_large_image\" \/>\n<meta name=\"twitter:label1\" content=\"Skriven av\" \/>\n\t<meta name=\"twitter:data1\" content=\"Mimmi Westerlund\" \/>\n\t<meta name=\"twitter:label2\" content=\"Ber\u00e4knad l\u00e4stid\" \/>\n\t<meta name=\"twitter:data2\" content=\"1 minut\" \/>\n<script type=\"application\/ld+json\" class=\"yoast-schema-graph\">{\"@context\":\"https:\\\/\\\/schema.org\",\"@graph\":[{\"@type\":\"Article\",\"@id\":\"https:\\\/\\\/wp.kristdemokraterna.se\\\/uppsala\\\/wisell-kd-beslutet-forsvarar-livspusslet\\\/#article\",\"isPartOf\":{\"@id\":\"https:\\\/\\\/wp.kristdemokraterna.se\\\/uppsala\\\/wisell-kd-beslutet-forsvarar-livspusslet\\\/\"},\"author\":{\"name\":\"Mimmi Westerlund\",\"@id\":\"https:\\\/\\\/wp.kristdemokraterna.se\\\/uppsala\\\/#\\\/schema\\\/person\\\/038d805d685fb0ce5ad14ab8711d8e84\"},\"headline\":\"Wisell (KD): Beslutet f\u00f6rsv\u00e5rar livspusslet\",\"datePublished\":\"2016-03-30T16:37:04+00:00\",\"dateModified\":\"2024-04-03T22:51:22+00:00\",\"mainEntityOfPage\":{\"@id\":\"https:\\\/\\\/wp.kristdemokraterna.se\\\/uppsala\\\/wisell-kd-beslutet-forsvarar-livspusslet\\\/\"},\"wordCount\":185,\"publisher\":{\"@id\":\"https:\\\/\\\/wp.kristdemokraterna.se\\\/uppsala\\\/#organization\"},\"image\":{\"@id\":\"https:\\\/\\\/wp.kristdemokraterna.se\\\/uppsala\\\/wisell-kd-beslutet-forsvarar-livspusslet\\\/#primaryimage\"},\"thumbnailUrl\":\"https:\\\/\\\/wp.kristdemokraterna.se\\\/uppsala\\\/files\\\/2016\\\/03\\\/tydlig-brytpunkt-mellan-politik-och-verklighet-1.png\",\"articleSection\":[\"Familj &amp; skola\"],\"inLanguage\":\"sv-SE\"},{\"@type\":\"WebPage\",\"@id\":\"https:\\\/\\\/wp.kristdemokraterna.se\\\/uppsala\\\/wisell-kd-beslutet-forsvarar-livspusslet\\\/\",\"url\":\"https:\\\/\\\/wp.kristdemokraterna.se\\\/uppsala\\\/wisell-kd-beslutet-forsvarar-livspusslet\\\/\",\"name\":\"Wisell (KD): Beslutet f\u00f6rsv\u00e5rar livspusslet | Kristdemokraterna | Uppsala\",\"isPartOf\":{\"@id\":\"https:\\\/\\\/wp.kristdemokraterna.se\\\/uppsala\\\/#website\"},\"primaryImageOfPage\":{\"@id\":\"https:\\\/\\\/wp.kristdemokraterna.se\\\/uppsala\\\/wisell-kd-beslutet-forsvarar-livspusslet\\\/#primaryimage\"},\"image\":{\"@id\":\"https:\\\/\\\/wp.kristdemokraterna.se\\\/uppsala\\\/wisell-kd-beslutet-forsvarar-livspusslet\\\/#primaryimage\"},\"thumbnailUrl\":\"https:\\\/\\\/wp.kristdemokraterna.se\\\/uppsala\\\/files\\\/2016\\\/03\\\/tydlig-brytpunkt-mellan-politik-och-verklighet-1.png\",\"datePublished\":\"2016-03-30T16:37:04+00:00\",\"dateModified\":\"2024-04-03T22:51:22+00:00\",\"breadcrumb\":{\"@id\":\"https:\\\/\\\/wp.kristdemokraterna.se\\\/uppsala\\\/wisell-kd-beslutet-forsvarar-livspusslet\\\/#breadcrumb\"},\"inLanguage\":\"sv-SE\",\"potentialAction\":[{\"@type\":\"ReadAction\",\"target\":[\"https:\\\/\\\/wp.kristdemokraterna.se\\\/uppsala\\\/wisell-kd-beslutet-forsvarar-livspusslet\\\/\"]}]},{\"@type\":\"ImageObject\",\"inLanguage\":\"sv-SE\",\"@id\":\"https:\\\/\\\/wp.kristdemokraterna.se\\\/uppsala\\\/wisell-kd-beslutet-forsvarar-livspusslet\\\/#primaryimage\",\"url\":\"https:\\\/\\\/wp.kristdemokraterna.se\\\/uppsala\\\/files\\\/2016\\\/03\\\/tydlig-brytpunkt-mellan-politik-och-verklighet-1.png\",\"contentUrl\":\"https:\\\/\\\/wp.kristdemokraterna.se\\\/uppsala\\\/files\\\/2016\\\/03\\\/tydlig-brytpunkt-mellan-politik-och-verklighet-1.png\",\"width\":1024,\"height\":512},{\"@type\":\"BreadcrumbList\",\"@id\":\"https:\\\/\\\/wp.kristdemokraterna.se\\\/uppsala\\\/wisell-kd-beslutet-forsvarar-livspusslet\\\/#breadcrumb\",\"itemListElement\":[{\"@type\":\"ListItem\",\"position\":1,\"name\":\"Hem\",\"item\":\"https:\\\/\\\/wp.kristdemokraterna.se\\\/uppsala\\\/\"},{\"@type\":\"ListItem\",\"position\":2,\"name\":\"Wisell (KD): Beslutet f\u00f6rsv\u00e5rar livspusslet\"}]},{\"@type\":\"WebSite\",\"@id\":\"https:\\\/\\\/wp.kristdemokraterna.se\\\/uppsala\\\/#website\",\"url\":\"https:\\\/\\\/wp.kristdemokraterna.se\\\/uppsala\\\/\",\"name\":\"Kristdemokraterna Uppsala\",\"description\":\"Tryggare Uppsala\",\"publisher\":{\"@id\":\"https:\\\/\\\/wp.kristdemokraterna.se\\\/uppsala\\\/#organization\"},\"inLanguage\":\"sv-SE\"},{\"@type\":\"Organization\",\"@id\":\"https:\\\/\\\/wp.kristdemokraterna.se\\\/uppsala\\\/#organization\",\"name\":\"Kristdemokraterna Uppsala\",\"url\":\"https:\\\/\\\/wp.kristdemokraterna.se\\\/uppsala\\\/\",\"logo\":{\"@type\":\"ImageObject\",\"inLanguage\":\"sv-SE\",\"@id\":\"https:\\\/\\\/wp.kristdemokraterna.se\\\/uppsala\\\/#\\\/schema\\\/logo\\\/image\\\/\",\"url\":\"https:\\\/\\\/wp.kristdemokraterna.se\\\/uppsala\\\/files\\\/2019\\\/10\\\/kd-uppsala.png\",\"contentUrl\":\"https:\\\/\\\/wp.kristdemokraterna.se\\\/uppsala\\\/files\\\/2019\\\/10\\\/kd-uppsala.png\",\"width\":804,\"height\":421,\"caption\":\"Kristdemokraterna Uppsala\"},\"image\":{\"@id\":\"https:\\\/\\\/wp.kristdemokraterna.se\\\/uppsala\\\/#\\\/schema\\\/logo\\\/image\\\/\"},\"sameAs\":[\"https:\\\/\\\/www.facebook.com\\\/UppsalaKD\\\/\",\"https:\\\/\\\/www.instagram.com\\\/uppsalakd\\\/\"]},{\"@type\":\"Person\",\"@id\":\"https:\\\/\\\/wp.kristdemokraterna.se\\\/uppsala\\\/#\\\/schema\\\/person\\\/038d805d685fb0ce5ad14ab8711d8e84\",\"name\":\"Mimmi Westerlund\",\"image\":{\"@type\":\"ImageObject\",\"inLanguage\":\"sv-SE\",\"@id\":\"https:\\\/\\\/secure.gravatar.com\\\/avatar\\\/a5697359f709b6b10d9c7e6a7c89f3e054554dedb4657d5ffe9e5bc5b1445841?s=96&r=g\",\"url\":\"https:\\\/\\\/secure.gravatar.com\\\/avatar\\\/a5697359f709b6b10d9c7e6a7c89f3e054554dedb4657d5ffe9e5bc5b1445841?s=96&r=g\",\"contentUrl\":\"https:\\\/\\\/secure.gravatar.com\\\/avatar\\\/a5697359f709b6b10d9c7e6a7c89f3e054554dedb4657d5ffe9e5bc5b1445841?s=96&r=g\",\"caption\":\"Mimmi Westerlund\"},\"url\":\"https:\\\/\\\/wp.kristdemokraterna.se\\\/uppsala\\\/author\\\/mimmi\\\/\"}]}<\/script>\n<!-- \/ Yoast SEO plugin. -->","yoast_head_json":{"title":"Wisell (KD): Beslutet f\u00f6rsv\u00e5rar livspusslet | Kristdemokraterna | Uppsala","robots":{"index":"index","follow":"follow","max-snippet":"max-snippet:-1","max-image-preview":"max-image-preview:large","max-video-preview":"max-video-preview:-1"},"canonical":"https:\/\/wp.kristdemokraterna.se\/uppsala\/wisell-kd-beslutet-forsvarar-livspusslet\/","og_locale":"sv_SE","og_type":"article","og_title":"Wisell (KD): Beslutet f\u00f6rsv\u00e5rar livspusslet | Kristdemokraterna | Uppsala","og_description":"Idag beslutade utbildningsn\u00e4mnden hur man ska g\u00e5 vidare i fr\u00e5gan med \u00c5kerl\u00e4nnaskolan. Den r\u00f6dgr\u00f6na majoriteten har uppvaktats av f\u00f6r\u00e4ldrar som \u00e4r oroliga f\u00f6r att eleverna far illa i den h\u00e4r processen, men inte varit tillm\u00f6tesg\u00e5ende i dialogen. Kristdemokraterna yrkade tillsammans med Moderaterna och Centerpartiet p\u00e5 att \u00e5terremittera \u00e4rendet vad avser omr\u00e5det B\u00f6rje\/Jumkil\/\u00c5kerl\u00e4nna. Men majoriteten valde Read More","og_url":"https:\/\/wp.kristdemokraterna.se\/uppsala\/wisell-kd-beslutet-forsvarar-livspusslet\/","og_site_name":"Kristdemokraterna | Uppsala","article_publisher":"https:\/\/www.facebook.com\/UppsalaKD\/","article_published_time":"2016-03-30T16:37:04+00:00","article_modified_time":"2024-04-03T22:51:22+00:00","og_image":[{"width":1024,"height":512,"url":"http:\/\/wp.kristdemokraterna.se\/uppsala\/files\/2016\/03\/tydlig-brytpunkt-mellan-politik-och-verklighet-1.png","type":"image\/png"}],"author":"Mimmi Westerlund","twitter_card":"summary_large_image","twitter_misc":{"Skriven av":"Mimmi Westerlund","Ber\u00e4knad l\u00e4stid":"1 minut"},"schema":{"@context":"https:\/\/schema.org","@graph":[{"@type":"Article","@id":"https:\/\/wp.kristdemokraterna.se\/uppsala\/wisell-kd-beslutet-forsvarar-livspusslet\/#article","isPartOf":{"@id":"https:\/\/wp.kristdemokraterna.se\/uppsala\/wisell-kd-beslutet-forsvarar-livspusslet\/"},"author":{"name":"Mimmi Westerlund","@id":"https:\/\/wp.kristdemokraterna.se\/uppsala\/#\/schema\/person\/038d805d685fb0ce5ad14ab8711d8e84"},"headline":"Wisell (KD): Beslutet f\u00f6rsv\u00e5rar livspusslet","datePublished":"2016-03-30T16:37:04+00:00","dateModified":"2024-04-03T22:51:22+00:00","mainEntityOfPage":{"@id":"https:\/\/wp.kristdemokraterna.se\/uppsala\/wisell-kd-beslutet-forsvarar-livspusslet\/"},"wordCount":185,"publisher":{"@id":"https:\/\/wp.kristdemokraterna.se\/uppsala\/#organization"},"image":{"@id":"https:\/\/wp.kristdemokraterna.se\/uppsala\/wisell-kd-beslutet-forsvarar-livspusslet\/#primaryimage"},"thumbnailUrl":"https:\/\/wp.kristdemokraterna.se\/uppsala\/files\/2016\/03\/tydlig-brytpunkt-mellan-politik-och-verklighet-1.png","articleSection":["Familj &amp; skola"],"inLanguage":"sv-SE"},{"@type":"WebPage","@id":"https:\/\/wp.kristdemokraterna.se\/uppsala\/wisell-kd-beslutet-forsvarar-livspusslet\/","url":"https:\/\/wp.kristdemokraterna.se\/uppsala\/wisell-kd-beslutet-forsvarar-livspusslet\/","name":"Wisell (KD): Beslutet f\u00f6rsv\u00e5rar livspusslet | Kristdemokraterna | Uppsala","isPartOf":{"@id":"https:\/\/wp.kristdemokraterna.se\/uppsala\/#website"},"primaryImageOfPage":{"@id":"https:\/\/wp.kristdemokraterna.se\/uppsala\/wisell-kd-beslutet-forsvarar-livspusslet\/#primaryimage"},"image":{"@id":"https:\/\/wp.kristdemokraterna.se\/uppsala\/wisell-kd-beslutet-forsvarar-livspusslet\/#primaryimage"},"thumbnailUrl":"https:\/\/wp.kristdemokraterna.se\/uppsala\/files\/2016\/03\/tydlig-brytpunkt-mellan-politik-och-verklighet-1.png","datePublished":"2016-03-30T16:37:04+00:00","dateModified":"2024-04-03T22:51:22+00:00","breadcrumb":{"@id":"https:\/\/wp.kristdemokraterna.se\/uppsala\/wisell-kd-beslutet-forsvarar-livspusslet\/#breadcrumb"},"inLanguage":"sv-SE","potentialAction":[{"@type":"ReadAction","target":["https:\/\/wp.kristdemokraterna.se\/uppsala\/wisell-kd-beslutet-forsvarar-livspusslet\/"]}]},{"@type":"ImageObject","inLanguage":"sv-SE","@id":"https:\/\/wp.kristdemokraterna.se\/uppsala\/wisell-kd-beslutet-forsvarar-livspusslet\/#primaryimage","url":"https:\/\/wp.kristdemokraterna.se\/uppsala\/files\/2016\/03\/tydlig-brytpunkt-mellan-politik-och-verklighet-1.png","contentUrl":"https:\/\/wp.kristdemokraterna.se\/uppsala\/files\/2016\/03\/tydlig-brytpunkt-mellan-politik-och-verklighet-1.png","width":1024,"height":512},{"@type":"BreadcrumbList","@id":"https:\/\/wp.kristdemokraterna.se\/uppsala\/wisell-kd-beslutet-forsvarar-livspusslet\/#breadcrumb","itemListElement":[{"@type":"ListItem","position":1,"name":"Hem","item":"https:\/\/wp.kristdemokraterna.se\/uppsala\/"},{"@type":"ListItem","position":2,"name":"Wisell (KD): Beslutet f\u00f6rsv\u00e5rar livspusslet"}]},{"@type":"WebSite","@id":"https:\/\/wp.kristdemokraterna.se\/uppsala\/#website","url":"https:\/\/wp.kristdemokraterna.se\/uppsala\/","name":"Kristdemokraterna Uppsala","description":"Tryggare Uppsala","publisher":{"@id":"https:\/\/wp.kristdemokraterna.se\/uppsala\/#organization"},"inLanguage":"sv-SE"},{"@type":"Organization","@id":"https:\/\/wp.kristdemokraterna.se\/uppsala\/#organization","name":"Kristdemokraterna Uppsala","url":"https:\/\/wp.kristdemokraterna.se\/uppsala\/","logo":{"@type":"ImageObject","inLanguage":"sv-SE","@id":"https:\/\/wp.kristdemokraterna.se\/uppsala\/#\/schema\/logo\/image\/","url":"https:\/\/wp.kristdemokraterna.se\/uppsala\/files\/2019\/10\/kd-uppsala.png","contentUrl":"https:\/\/wp.kristdemokraterna.se\/uppsala\/files\/2019\/10\/kd-uppsala.png","width":804,"height":421,"caption":"Kristdemokraterna Uppsala"},"image":{"@id":"https:\/\/wp.kristdemokraterna.se\/uppsala\/#\/schema\/logo\/image\/"},"sameAs":["https:\/\/www.facebook.com\/UppsalaKD\/","https:\/\/www.instagram.com\/uppsalakd\/"]},{"@type":"Person","@id":"https:\/\/wp.kristdemokraterna.se\/uppsala\/#\/schema\/person\/038d805d685fb0ce5ad14ab8711d8e84","name":"Mimmi Westerlund","image":{"@type":"ImageObject","inLanguage":"sv-SE","@id":"https:\/\/secure.gravatar.com\/avatar\/a5697359f709b6b10d9c7e6a7c89f3e054554dedb4657d5ffe9e5bc5b1445841?s=96&r=g","url":"https:\/\/secure.gravatar.com\/avatar\/a5697359f709b6b10d9c7e6a7c89f3e054554dedb4657d5ffe9e5bc5b1445841?s=96&r=g","contentUrl":"https:\/\/secure.gravatar.com\/avatar\/a5697359f709b6b10d9c7e6a7c89f3e054554dedb4657d5ffe9e5bc5b1445841?s=96&r=g","caption":"Mimmi Westerlund"},"url":"https:\/\/wp.kristdemokraterna.se\/uppsala\/author\/mimmi\/"}]}},"_links":{"self":[{"href":"https:\/\/wp.kristdemokraterna.se\/uppsala\/wp-json\/wp\/v2\/posts\/1949","targetHints":{"allow":["GET"]}}],"collection":[{"href":"https:\/\/wp.kristdemokraterna.se\/uppsala\/wp-json\/wp\/v2\/posts"}],"about":[{"href":"https:\/\/wp.kristdemokraterna.se\/uppsala\/wp-json\/wp\/v2\/types\/post"}],"author":[{"embeddable":true,"href":"https:\/\/wp.kristdemokraterna.se\/uppsala\/wp-json\/wp\/v2\/users\/702"}],"replies":[{"embeddable":true,"href":"https:\/\/wp.kristdemokraterna.se\/uppsala\/wp-json\/wp\/v2\/comments?post=1949"}],"version-history":[{"count":1,"href":"https:\/\/wp.kristdemokraterna.se\/uppsala\/wp-json\/wp\/v2\/posts\/1949\/revisions"}],"predecessor-version":[{"id":1951,"href":"https:\/\/wp.kristdemokraterna.se\/uppsala\/wp-json\/wp\/v2\/posts\/1949\/revisions\/1951"}],"wp:featuredmedia":[{"embeddable":true,"href":"https:\/\/wp.kristdemokraterna.se\/uppsala\/wp-json\/wp\/v2\/media\/1952"}],"wp:attachment":[{"href":"https:\/\/wp.kristdemokraterna.se\/uppsala\/wp-json\/wp\/v2\/media?parent=1949"}],"wp:term":[{"taxonomy":"category","embeddable":true,"href":"https:\/\/wp.kristdemokraterna.se\/uppsala\/wp-json\/wp\/v2\/categories?post=1949"},{"taxonomy":"post_tag","embeddable":true,"href":"https:\/\/wp.kristdemokraterna.se\/uppsala\/wp-json\/wp\/v2\/tags?post=1949"}],"curies":[{"name":"wp","href":"https:\/\/api.w.org\/{rel}","templated":true}]}}