{"id":1959,"date":"2016-04-01T16:34:21","date_gmt":"2016-04-01T14:34:21","guid":{"rendered":"http:\/\/wp.kristdemokraterna.se\/uppsala\/?p=1959"},"modified":"2024-04-04T00:51:03","modified_gmt":"2024-04-03T22:51:03","slug":"kampanj-trygghet","status":"publish","type":"post","link":"https:\/\/wp.kristdemokraterna.se\/uppsala\/kampanj-trygghet\/","title":{"rendered":"Kampanj: Trygghet"},"content":{"rendered":"<p>Utanf\u00f6rskap bland unga kan leda till kriminalitet. Vi tror att det finns tv\u00e5 grundbultar\u00a0i samh\u00e4llet som beh\u00f6ver st\u00e4rkas f\u00f6r att kunna f\u00f6rebygga det.<\/p>\n<p><b>Den f\u00f6rsta \u00e4r familjen.<\/b> Starka familjer ger tryggare barn, d\u00e4rf\u00f6r beh\u00f6ver vi underl\u00e4tta f\u00f6r familjer att h\u00e5lla ihop genom fler enkla jobb, flexibla barnomsorgsl\u00f6sningar och skyddsn\u00e4t som fungerar.<\/p>\n<p><b>Den andra \u00e4r skolan.<\/b> Om inte skolg\u00e5ngen fungerar riskerar livet runtomkring ocks\u00e5 att sluta fungera. Att inte g\u00e5 ut med gymnasiebeh\u00f6righet \u00f6kar risken att hamna i utanf\u00f6rskap.<\/p>\n<p><b>V\u00e5r filosofi \u00e4r enkel:<br \/>\n<\/b><br \/>\n<b>ST\u00c4RK FAMILJERNA\u00a0<\/b>och hj\u00e4lp dem h\u00e5lla ihop.<br \/>\nL\u00e4s om <a href=\"https:\/\/www.kristdemokraterna.se\/VarPolitik\/Politikomraden\/Familj\/\">v\u00e5r familjepolitik h\u00e4r<\/a><\/p>\n<p><b>F\u00d6RB\u00c4TTRA<\/b> <b>SKOLORNA\u00a0<\/b>s\u00e5 f\u00e4rre faller utanf\u00f6r.<br \/>\nL\u00e4s om <a href=\"https:\/\/www.kristdemokraterna.se\/VarPolitik\/Politikomraden\/Skola\/\">v\u00e5r skolpolitik h\u00e4r<\/a><\/p>\n<p><b>ANST\u00c4LL<\/b> <b>FLER<\/b> <b>POLISER\u00a0<\/b>som patrullerar gator och torg.<br \/>\nL\u00e4s om <a href=\"https:\/\/www.kristdemokraterna.se\/VarPolitik\/Politikomraden\/Lag-och-ratt\/\">v\u00e5r r\u00e4ttspolitik h\u00e4r<\/a><\/p>\n","protected":false},"excerpt":{"rendered":"<p>Utanf\u00f6rskap bland unga kan leda till kriminalitet. Vi tror att det finns tv\u00e5 grundbultar\u00a0i samh\u00e4llet som beh\u00f6ver st\u00e4rkas f\u00f6r att kunna f\u00f6rebygga det. Den f\u00f6rsta \u00e4r familjen. Starka familjer ger tryggare barn, d\u00e4rf\u00f6r beh\u00f6ver vi underl\u00e4tta f\u00f6r familjer att h\u00e5lla ihop genom fler enkla jobb, flexibla barnomsorgsl\u00f6sningar och skyddsn\u00e4t som fungerar. Den andra \u00e4r skolan. <a class=\"read-more-link\" href=\"https:\/\/wp.kristdemokraterna.se\/uppsala\/kampanj-trygghet\/\">Read More<\/a><\/p>\n","protected":false},"author":702,"featured_media":0,"comment_status":"closed","ping_status":"closed","sticky":false,"template":"","format":"standard","meta":{"_acf_changed":false,"footnotes":""},"categories":[249],"tags":[],"class_list":["post-1959","post","type-post","status-publish","format-standard","hentry","category-trygghet-o-sakerhet"],"acf":[],"yoast_head":"<!-- This site is optimized with the Yoast SEO plugin v27.4 - https:\/\/yoast.com\/product\/yoast-seo-wordpress\/ -->\n<title>Kampanj: Trygghet | Kristdemokraterna | Uppsala<\/title>\n<meta name=\"robots\" content=\"index, follow, max-snippet:-1, max-image-preview:large, max-video-preview:-1\" \/>\n<link rel=\"canonical\" href=\"https:\/\/wp.kristdemokraterna.se\/uppsala\/kampanj-trygghet\/\" \/>\n<meta property=\"og:locale\" content=\"sv_SE\" \/>\n<meta property=\"og:type\" content=\"article\" \/>\n<meta property=\"og:title\" content=\"Kampanj: Trygghet | Kristdemokraterna | Uppsala\" \/>\n<meta property=\"og:description\" content=\"Utanf\u00f6rskap bland unga kan leda till kriminalitet. Vi tror att det finns tv\u00e5 grundbultar\u00a0i samh\u00e4llet som beh\u00f6ver st\u00e4rkas f\u00f6r att kunna f\u00f6rebygga det. Den f\u00f6rsta \u00e4r familjen. Starka familjer ger tryggare barn, d\u00e4rf\u00f6r beh\u00f6ver vi underl\u00e4tta f\u00f6r familjer att h\u00e5lla ihop genom fler enkla jobb, flexibla barnomsorgsl\u00f6sningar och skyddsn\u00e4t som fungerar. Den andra \u00e4r skolan. Read More\" \/>\n<meta property=\"og:url\" content=\"https:\/\/wp.kristdemokraterna.se\/uppsala\/kampanj-trygghet\/\" \/>\n<meta property=\"og:site_name\" content=\"Kristdemokraterna | Uppsala\" \/>\n<meta property=\"article:publisher\" content=\"https:\/\/www.facebook.com\/UppsalaKD\/\" \/>\n<meta property=\"article:published_time\" content=\"2016-04-01T14:34:21+00:00\" \/>\n<meta property=\"article:modified_time\" content=\"2024-04-03T22:51:03+00:00\" \/>\n<meta property=\"og:image\" content=\"https:\/\/wp.kristdemokraterna.se\/uppsala\/files\/2021\/12\/kom1.png\" \/>\n\t<meta property=\"og:image:width\" content=\"770\" \/>\n\t<meta property=\"og:image:height\" content=\"404\" \/>\n\t<meta property=\"og:image:type\" content=\"image\/png\" \/>\n<meta name=\"author\" content=\"Mimmi Westerlund\" \/>\n<meta name=\"twitter:card\" content=\"summary_large_image\" \/>\n<meta name=\"twitter:label1\" content=\"Skriven av\" \/>\n\t<meta name=\"twitter:data1\" content=\"Mimmi Westerlund\" \/>\n\t<meta name=\"twitter:label2\" content=\"Ber\u00e4knad l\u00e4stid\" \/>\n\t<meta name=\"twitter:data2\" content=\"1 minut\" \/>\n<script type=\"application\/ld+json\" class=\"yoast-schema-graph\">{\"@context\":\"https:\\\/\\\/schema.org\",\"@graph\":[{\"@type\":\"Article\",\"@id\":\"https:\\\/\\\/wp.kristdemokraterna.se\\\/uppsala\\\/kampanj-trygghet\\\/#article\",\"isPartOf\":{\"@id\":\"https:\\\/\\\/wp.kristdemokraterna.se\\\/uppsala\\\/kampanj-trygghet\\\/\"},\"author\":{\"name\":\"Mimmi Westerlund\",\"@id\":\"https:\\\/\\\/wp.kristdemokraterna.se\\\/uppsala\\\/#\\\/schema\\\/person\\\/038d805d685fb0ce5ad14ab8711d8e84\"},\"headline\":\"Kampanj: Trygghet\",\"datePublished\":\"2016-04-01T14:34:21+00:00\",\"dateModified\":\"2024-04-03T22:51:03+00:00\",\"mainEntityOfPage\":{\"@id\":\"https:\\\/\\\/wp.kristdemokraterna.se\\\/uppsala\\\/kampanj-trygghet\\\/\"},\"wordCount\":158,\"publisher\":{\"@id\":\"https:\\\/\\\/wp.kristdemokraterna.se\\\/uppsala\\\/#organization\"},\"articleSection\":[\"Trygghet &amp; S\u00e4kerhet\"],\"inLanguage\":\"sv-SE\"},{\"@type\":\"WebPage\",\"@id\":\"https:\\\/\\\/wp.kristdemokraterna.se\\\/uppsala\\\/kampanj-trygghet\\\/\",\"url\":\"https:\\\/\\\/wp.kristdemokraterna.se\\\/uppsala\\\/kampanj-trygghet\\\/\",\"name\":\"Kampanj: Trygghet | Kristdemokraterna | Uppsala\",\"isPartOf\":{\"@id\":\"https:\\\/\\\/wp.kristdemokraterna.se\\\/uppsala\\\/#website\"},\"datePublished\":\"2016-04-01T14:34:21+00:00\",\"dateModified\":\"2024-04-03T22:51:03+00:00\",\"breadcrumb\":{\"@id\":\"https:\\\/\\\/wp.kristdemokraterna.se\\\/uppsala\\\/kampanj-trygghet\\\/#breadcrumb\"},\"inLanguage\":\"sv-SE\",\"potentialAction\":[{\"@type\":\"ReadAction\",\"target\":[\"https:\\\/\\\/wp.kristdemokraterna.se\\\/uppsala\\\/kampanj-trygghet\\\/\"]}]},{\"@type\":\"BreadcrumbList\",\"@id\":\"https:\\\/\\\/wp.kristdemokraterna.se\\\/uppsala\\\/kampanj-trygghet\\\/#breadcrumb\",\"itemListElement\":[{\"@type\":\"ListItem\",\"position\":1,\"name\":\"Hem\",\"item\":\"https:\\\/\\\/wp.kristdemokraterna.se\\\/uppsala\\\/\"},{\"@type\":\"ListItem\",\"position\":2,\"name\":\"Kampanj: Trygghet\"}]},{\"@type\":\"WebSite\",\"@id\":\"https:\\\/\\\/wp.kristdemokraterna.se\\\/uppsala\\\/#website\",\"url\":\"https:\\\/\\\/wp.kristdemokraterna.se\\\/uppsala\\\/\",\"name\":\"Kristdemokraterna Uppsala\",\"description\":\"Tryggare Uppsala\",\"publisher\":{\"@id\":\"https:\\\/\\\/wp.kristdemokraterna.se\\\/uppsala\\\/#organization\"},\"inLanguage\":\"sv-SE\"},{\"@type\":\"Organization\",\"@id\":\"https:\\\/\\\/wp.kristdemokraterna.se\\\/uppsala\\\/#organization\",\"name\":\"Kristdemokraterna Uppsala\",\"url\":\"https:\\\/\\\/wp.kristdemokraterna.se\\\/uppsala\\\/\",\"logo\":{\"@type\":\"ImageObject\",\"inLanguage\":\"sv-SE\",\"@id\":\"https:\\\/\\\/wp.kristdemokraterna.se\\\/uppsala\\\/#\\\/schema\\\/logo\\\/image\\\/\",\"url\":\"https:\\\/\\\/wp.kristdemokraterna.se\\\/uppsala\\\/files\\\/2019\\\/10\\\/kd-uppsala.png\",\"contentUrl\":\"https:\\\/\\\/wp.kristdemokraterna.se\\\/uppsala\\\/files\\\/2019\\\/10\\\/kd-uppsala.png\",\"width\":804,\"height\":421,\"caption\":\"Kristdemokraterna Uppsala\"},\"image\":{\"@id\":\"https:\\\/\\\/wp.kristdemokraterna.se\\\/uppsala\\\/#\\\/schema\\\/logo\\\/image\\\/\"},\"sameAs\":[\"https:\\\/\\\/www.facebook.com\\\/UppsalaKD\\\/\",\"https:\\\/\\\/www.instagram.com\\\/uppsalakd\\\/\"]},{\"@type\":\"Person\",\"@id\":\"https:\\\/\\\/wp.kristdemokraterna.se\\\/uppsala\\\/#\\\/schema\\\/person\\\/038d805d685fb0ce5ad14ab8711d8e84\",\"name\":\"Mimmi Westerlund\",\"image\":{\"@type\":\"ImageObject\",\"inLanguage\":\"sv-SE\",\"@id\":\"https:\\\/\\\/secure.gravatar.com\\\/avatar\\\/a5697359f709b6b10d9c7e6a7c89f3e054554dedb4657d5ffe9e5bc5b1445841?s=96&r=g\",\"url\":\"https:\\\/\\\/secure.gravatar.com\\\/avatar\\\/a5697359f709b6b10d9c7e6a7c89f3e054554dedb4657d5ffe9e5bc5b1445841?s=96&r=g\",\"contentUrl\":\"https:\\\/\\\/secure.gravatar.com\\\/avatar\\\/a5697359f709b6b10d9c7e6a7c89f3e054554dedb4657d5ffe9e5bc5b1445841?s=96&r=g\",\"caption\":\"Mimmi Westerlund\"},\"url\":\"https:\\\/\\\/wp.kristdemokraterna.se\\\/uppsala\\\/author\\\/mimmi\\\/\"}]}<\/script>\n<!-- \/ Yoast SEO plugin. -->","yoast_head_json":{"title":"Kampanj: Trygghet | Kristdemokraterna | Uppsala","robots":{"index":"index","follow":"follow","max-snippet":"max-snippet:-1","max-image-preview":"max-image-preview:large","max-video-preview":"max-video-preview:-1"},"canonical":"https:\/\/wp.kristdemokraterna.se\/uppsala\/kampanj-trygghet\/","og_locale":"sv_SE","og_type":"article","og_title":"Kampanj: Trygghet | Kristdemokraterna | Uppsala","og_description":"Utanf\u00f6rskap bland unga kan leda till kriminalitet. Vi tror att det finns tv\u00e5 grundbultar\u00a0i samh\u00e4llet som beh\u00f6ver st\u00e4rkas f\u00f6r att kunna f\u00f6rebygga det. Den f\u00f6rsta \u00e4r familjen. Starka familjer ger tryggare barn, d\u00e4rf\u00f6r beh\u00f6ver vi underl\u00e4tta f\u00f6r familjer att h\u00e5lla ihop genom fler enkla jobb, flexibla barnomsorgsl\u00f6sningar och skyddsn\u00e4t som fungerar. Den andra \u00e4r skolan. Read More","og_url":"https:\/\/wp.kristdemokraterna.se\/uppsala\/kampanj-trygghet\/","og_site_name":"Kristdemokraterna | Uppsala","article_publisher":"https:\/\/www.facebook.com\/UppsalaKD\/","article_published_time":"2016-04-01T14:34:21+00:00","article_modified_time":"2024-04-03T22:51:03+00:00","og_image":[{"width":770,"height":404,"url":"https:\/\/wp.kristdemokraterna.se\/uppsala\/files\/2021\/12\/kom1.png","type":"image\/png"}],"author":"Mimmi Westerlund","twitter_card":"summary_large_image","twitter_misc":{"Skriven av":"Mimmi Westerlund","Ber\u00e4knad l\u00e4stid":"1 minut"},"schema":{"@context":"https:\/\/schema.org","@graph":[{"@type":"Article","@id":"https:\/\/wp.kristdemokraterna.se\/uppsala\/kampanj-trygghet\/#article","isPartOf":{"@id":"https:\/\/wp.kristdemokraterna.se\/uppsala\/kampanj-trygghet\/"},"author":{"name":"Mimmi Westerlund","@id":"https:\/\/wp.kristdemokraterna.se\/uppsala\/#\/schema\/person\/038d805d685fb0ce5ad14ab8711d8e84"},"headline":"Kampanj: Trygghet","datePublished":"2016-04-01T14:34:21+00:00","dateModified":"2024-04-03T22:51:03+00:00","mainEntityOfPage":{"@id":"https:\/\/wp.kristdemokraterna.se\/uppsala\/kampanj-trygghet\/"},"wordCount":158,"publisher":{"@id":"https:\/\/wp.kristdemokraterna.se\/uppsala\/#organization"},"articleSection":["Trygghet &amp; S\u00e4kerhet"],"inLanguage":"sv-SE"},{"@type":"WebPage","@id":"https:\/\/wp.kristdemokraterna.se\/uppsala\/kampanj-trygghet\/","url":"https:\/\/wp.kristdemokraterna.se\/uppsala\/kampanj-trygghet\/","name":"Kampanj: Trygghet | Kristdemokraterna | Uppsala","isPartOf":{"@id":"https:\/\/wp.kristdemokraterna.se\/uppsala\/#website"},"datePublished":"2016-04-01T14:34:21+00:00","dateModified":"2024-04-03T22:51:03+00:00","breadcrumb":{"@id":"https:\/\/wp.kristdemokraterna.se\/uppsala\/kampanj-trygghet\/#breadcrumb"},"inLanguage":"sv-SE","potentialAction":[{"@type":"ReadAction","target":["https:\/\/wp.kristdemokraterna.se\/uppsala\/kampanj-trygghet\/"]}]},{"@type":"BreadcrumbList","@id":"https:\/\/wp.kristdemokraterna.se\/uppsala\/kampanj-trygghet\/#breadcrumb","itemListElement":[{"@type":"ListItem","position":1,"name":"Hem","item":"https:\/\/wp.kristdemokraterna.se\/uppsala\/"},{"@type":"ListItem","position":2,"name":"Kampanj: Trygghet"}]},{"@type":"WebSite","@id":"https:\/\/wp.kristdemokraterna.se\/uppsala\/#website","url":"https:\/\/wp.kristdemokraterna.se\/uppsala\/","name":"Kristdemokraterna Uppsala","description":"Tryggare Uppsala","publisher":{"@id":"https:\/\/wp.kristdemokraterna.se\/uppsala\/#organization"},"inLanguage":"sv-SE"},{"@type":"Organization","@id":"https:\/\/wp.kristdemokraterna.se\/uppsala\/#organization","name":"Kristdemokraterna Uppsala","url":"https:\/\/wp.kristdemokraterna.se\/uppsala\/","logo":{"@type":"ImageObject","inLanguage":"sv-SE","@id":"https:\/\/wp.kristdemokraterna.se\/uppsala\/#\/schema\/logo\/image\/","url":"https:\/\/wp.kristdemokraterna.se\/uppsala\/files\/2019\/10\/kd-uppsala.png","contentUrl":"https:\/\/wp.kristdemokraterna.se\/uppsala\/files\/2019\/10\/kd-uppsala.png","width":804,"height":421,"caption":"Kristdemokraterna Uppsala"},"image":{"@id":"https:\/\/wp.kristdemokraterna.se\/uppsala\/#\/schema\/logo\/image\/"},"sameAs":["https:\/\/www.facebook.com\/UppsalaKD\/","https:\/\/www.instagram.com\/uppsalakd\/"]},{"@type":"Person","@id":"https:\/\/wp.kristdemokraterna.se\/uppsala\/#\/schema\/person\/038d805d685fb0ce5ad14ab8711d8e84","name":"Mimmi Westerlund","image":{"@type":"ImageObject","inLanguage":"sv-SE","@id":"https:\/\/secure.gravatar.com\/avatar\/a5697359f709b6b10d9c7e6a7c89f3e054554dedb4657d5ffe9e5bc5b1445841?s=96&r=g","url":"https:\/\/secure.gravatar.com\/avatar\/a5697359f709b6b10d9c7e6a7c89f3e054554dedb4657d5ffe9e5bc5b1445841?s=96&r=g","contentUrl":"https:\/\/secure.gravatar.com\/avatar\/a5697359f709b6b10d9c7e6a7c89f3e054554dedb4657d5ffe9e5bc5b1445841?s=96&r=g","caption":"Mimmi Westerlund"},"url":"https:\/\/wp.kristdemokraterna.se\/uppsala\/author\/mimmi\/"}]}},"_links":{"self":[{"href":"https:\/\/wp.kristdemokraterna.se\/uppsala\/wp-json\/wp\/v2\/posts\/1959","targetHints":{"allow":["GET"]}}],"collection":[{"href":"https:\/\/wp.kristdemokraterna.se\/uppsala\/wp-json\/wp\/v2\/posts"}],"about":[{"href":"https:\/\/wp.kristdemokraterna.se\/uppsala\/wp-json\/wp\/v2\/types\/post"}],"author":[{"embeddable":true,"href":"https:\/\/wp.kristdemokraterna.se\/uppsala\/wp-json\/wp\/v2\/users\/702"}],"replies":[{"embeddable":true,"href":"https:\/\/wp.kristdemokraterna.se\/uppsala\/wp-json\/wp\/v2\/comments?post=1959"}],"version-history":[{"count":1,"href":"https:\/\/wp.kristdemokraterna.se\/uppsala\/wp-json\/wp\/v2\/posts\/1959\/revisions"}],"predecessor-version":[{"id":1961,"href":"https:\/\/wp.kristdemokraterna.se\/uppsala\/wp-json\/wp\/v2\/posts\/1959\/revisions\/1961"}],"wp:attachment":[{"href":"https:\/\/wp.kristdemokraterna.se\/uppsala\/wp-json\/wp\/v2\/media?parent=1959"}],"wp:term":[{"taxonomy":"category","embeddable":true,"href":"https:\/\/wp.kristdemokraterna.se\/uppsala\/wp-json\/wp\/v2\/categories?post=1959"},{"taxonomy":"post_tag","embeddable":true,"href":"https:\/\/wp.kristdemokraterna.se\/uppsala\/wp-json\/wp\/v2\/tags?post=1959"}],"curies":[{"name":"wp","href":"https:\/\/api.w.org\/{rel}","templated":true}]}}