{"id":1966,"date":"2016-04-06T14:06:37","date_gmt":"2016-04-06T12:06:37","guid":{"rendered":"http:\/\/wp.kristdemokraterna.se\/uppsala\/?p=1966"},"modified":"2024-04-04T00:50:54","modified_gmt":"2024-04-03T22:50:54","slug":"segersam-kd-skulle-blivit-informerade-om-friskola","status":"publish","type":"post","link":"https:\/\/wp.kristdemokraterna.se\/uppsala\/segersam-kd-skulle-blivit-informerade-om-friskola\/","title":{"rendered":"Segersam (KD): Skulle blivit informerade om friskola"},"content":{"rendered":"<p><strong>Idag fattar Kommunstyrelsen beslut om en\u00a0lokalf\u00f6rs\u00f6rjningsplan d\u00e4r \u00c5kerl\u00e4nna ing\u00e5r som en mindre del. Utbildningsn\u00e4mnden\u00a0har som bekant redan behandlat fr\u00e5gan och landat i ett beslut som inneb\u00e4r att skolan l\u00e4ggs ned, men det slutliga beslutet ska tas av Kommunstyrelsen. Processen som f\u00f6ranlett beslutet har varit kort och saknat tillr\u00e4cklig dialog med ber\u00f6rda familjer.\u00a0<\/strong><\/p>\n<p>\u2013\u00a0N\u00e4r politiken fattar s\u00e5na h\u00e4r typer av beslut \u00e4r det viktigt att f\u00f6r\u00e4ndringsprocessen \u00e4r f\u00f6rankrad. Kommunen\u00a0borde ha informerat om m\u00f6jligheten att ombilda \u00c5kerl\u00e4nna till en friskola, d\u00e5 hade intresserade f\u00f6r\u00e4ldrar och akt\u00f6rer f\u00e5tt till en process och en naturlig dialog om framtiden. Vi yrkar d\u00e4rf\u00f6r i Kommunstyrelsen, tillsammans med \u00f6vriga allianspartier, p\u00e5 att f\u00f6r\u00e4ldrar och andra intressenter ska ges m\u00f6jlighet att unders\u00f6ka f\u00f6ruts\u00e4ttningarna\u00a0att ombilda skolan till en friskola, s\u00e4ger\u00a0Jonas Segersam\u00a0(KD),\u00a0kommunalr\u00e5d.<\/p>\n<p>&#8211; I brytpunkten mellan politiken och verkligheten borde vi politiker vara \u00f6dmjuka och lyssna in dem som ber\u00f6rs. En timme extra p\u00e5 morgonen kan inneb\u00e4ra stora konsekvenser f\u00f6r sm\u00e5barnsf\u00f6r\u00e4lderns vardag,\u00a0s\u00e4ger Martin Wisell (KD) ledamot i utbildningsn\u00e4mnden.<\/p>\n","protected":false},"excerpt":{"rendered":"<p>Idag fattar Kommunstyrelsen beslut om en\u00a0lokalf\u00f6rs\u00f6rjningsplan d\u00e4r \u00c5kerl\u00e4nna ing\u00e5r som en mindre del. Utbildningsn\u00e4mnden\u00a0har som bekant redan behandlat fr\u00e5gan och landat i ett beslut som inneb\u00e4r att skolan l\u00e4ggs ned, men det slutliga beslutet ska tas av Kommunstyrelsen. Processen som f\u00f6ranlett beslutet har varit kort och saknat tillr\u00e4cklig dialog med ber\u00f6rda familjer.\u00a0 \u2013\u00a0N\u00e4r politiken fattar <a class=\"read-more-link\" href=\"https:\/\/wp.kristdemokraterna.se\/uppsala\/segersam-kd-skulle-blivit-informerade-om-friskola\/\">Read More<\/a><\/p>\n","protected":false},"author":702,"featured_media":1855,"comment_status":"closed","ping_status":"closed","sticky":false,"template":"","format":"standard","meta":{"_acf_changed":false,"footnotes":""},"categories":[241],"tags":[146,144,98,192,38],"class_list":["post-1966","post","type-post","status-publish","format-standard","hentry","category-familj-och-skola","tag-ansvar","tag-familj","tag-frihet","tag-hoger","tag-uppsala"],"acf":[],"yoast_head":"<!-- This site is optimized with the Yoast SEO plugin v27.4 - https:\/\/yoast.com\/product\/yoast-seo-wordpress\/ -->\n<title>Segersam (KD): Skulle blivit informerade om friskola | Kristdemokraterna | Uppsala<\/title>\n<meta name=\"robots\" content=\"index, follow, max-snippet:-1, max-image-preview:large, max-video-preview:-1\" \/>\n<link rel=\"canonical\" href=\"https:\/\/wp.kristdemokraterna.se\/uppsala\/segersam-kd-skulle-blivit-informerade-om-friskola\/\" \/>\n<meta property=\"og:locale\" content=\"sv_SE\" \/>\n<meta property=\"og:type\" content=\"article\" \/>\n<meta property=\"og:title\" content=\"Segersam (KD): Skulle blivit informerade om friskola | Kristdemokraterna | Uppsala\" \/>\n<meta property=\"og:description\" content=\"Idag fattar Kommunstyrelsen beslut om en\u00a0lokalf\u00f6rs\u00f6rjningsplan d\u00e4r \u00c5kerl\u00e4nna ing\u00e5r som en mindre del. Utbildningsn\u00e4mnden\u00a0har som bekant redan behandlat fr\u00e5gan och landat i ett beslut som inneb\u00e4r att skolan l\u00e4ggs ned, men det slutliga beslutet ska tas av Kommunstyrelsen. Processen som f\u00f6ranlett beslutet har varit kort och saknat tillr\u00e4cklig dialog med ber\u00f6rda familjer.\u00a0 \u2013\u00a0N\u00e4r politiken fattar Read More\" \/>\n<meta property=\"og:url\" content=\"https:\/\/wp.kristdemokraterna.se\/uppsala\/segersam-kd-skulle-blivit-informerade-om-friskola\/\" \/>\n<meta property=\"og:site_name\" content=\"Kristdemokraterna | Uppsala\" \/>\n<meta property=\"article:publisher\" content=\"https:\/\/www.facebook.com\/UppsalaKD\/\" \/>\n<meta property=\"article:published_time\" content=\"2016-04-06T12:06:37+00:00\" \/>\n<meta property=\"article:modified_time\" content=\"2024-04-03T22:50:54+00:00\" \/>\n<meta property=\"og:image\" content=\"http:\/\/wp.kristdemokraterna.se\/uppsala\/files\/2015\/10\/business-861323_640.jpg\" \/>\n\t<meta property=\"og:image:width\" content=\"640\" \/>\n\t<meta property=\"og:image:height\" content=\"480\" \/>\n\t<meta property=\"og:image:type\" content=\"image\/jpeg\" \/>\n<meta name=\"author\" content=\"Mimmi Westerlund\" \/>\n<meta name=\"twitter:card\" content=\"summary_large_image\" \/>\n<meta name=\"twitter:label1\" content=\"Skriven av\" \/>\n\t<meta name=\"twitter:data1\" content=\"Mimmi Westerlund\" \/>\n\t<meta name=\"twitter:label2\" content=\"Ber\u00e4knad l\u00e4stid\" \/>\n\t<meta name=\"twitter:data2\" content=\"1 minut\" \/>\n<script type=\"application\/ld+json\" class=\"yoast-schema-graph\">{\"@context\":\"https:\\\/\\\/schema.org\",\"@graph\":[{\"@type\":\"Article\",\"@id\":\"https:\\\/\\\/wp.kristdemokraterna.se\\\/uppsala\\\/segersam-kd-skulle-blivit-informerade-om-friskola\\\/#article\",\"isPartOf\":{\"@id\":\"https:\\\/\\\/wp.kristdemokraterna.se\\\/uppsala\\\/segersam-kd-skulle-blivit-informerade-om-friskola\\\/\"},\"author\":{\"name\":\"Mimmi Westerlund\",\"@id\":\"https:\\\/\\\/wp.kristdemokraterna.se\\\/uppsala\\\/#\\\/schema\\\/person\\\/038d805d685fb0ce5ad14ab8711d8e84\"},\"headline\":\"Segersam (KD): Skulle blivit informerade om friskola\",\"datePublished\":\"2016-04-06T12:06:37+00:00\",\"dateModified\":\"2024-04-03T22:50:54+00:00\",\"mainEntityOfPage\":{\"@id\":\"https:\\\/\\\/wp.kristdemokraterna.se\\\/uppsala\\\/segersam-kd-skulle-blivit-informerade-om-friskola\\\/\"},\"wordCount\":215,\"publisher\":{\"@id\":\"https:\\\/\\\/wp.kristdemokraterna.se\\\/uppsala\\\/#organization\"},\"image\":{\"@id\":\"https:\\\/\\\/wp.kristdemokraterna.se\\\/uppsala\\\/segersam-kd-skulle-blivit-informerade-om-friskola\\\/#primaryimage\"},\"thumbnailUrl\":\"https:\\\/\\\/wp.kristdemokraterna.se\\\/uppsala\\\/files\\\/2015\\\/10\\\/business-861323_640.jpg\",\"keywords\":[\"Ansvar\",\"Familj\",\"Frihet\",\"h\u00f6ger\",\"Uppsala\"],\"articleSection\":[\"Familj &amp; skola\"],\"inLanguage\":\"sv-SE\"},{\"@type\":\"WebPage\",\"@id\":\"https:\\\/\\\/wp.kristdemokraterna.se\\\/uppsala\\\/segersam-kd-skulle-blivit-informerade-om-friskola\\\/\",\"url\":\"https:\\\/\\\/wp.kristdemokraterna.se\\\/uppsala\\\/segersam-kd-skulle-blivit-informerade-om-friskola\\\/\",\"name\":\"Segersam (KD): Skulle blivit informerade om friskola | Kristdemokraterna | Uppsala\",\"isPartOf\":{\"@id\":\"https:\\\/\\\/wp.kristdemokraterna.se\\\/uppsala\\\/#website\"},\"primaryImageOfPage\":{\"@id\":\"https:\\\/\\\/wp.kristdemokraterna.se\\\/uppsala\\\/segersam-kd-skulle-blivit-informerade-om-friskola\\\/#primaryimage\"},\"image\":{\"@id\":\"https:\\\/\\\/wp.kristdemokraterna.se\\\/uppsala\\\/segersam-kd-skulle-blivit-informerade-om-friskola\\\/#primaryimage\"},\"thumbnailUrl\":\"https:\\\/\\\/wp.kristdemokraterna.se\\\/uppsala\\\/files\\\/2015\\\/10\\\/business-861323_640.jpg\",\"datePublished\":\"2016-04-06T12:06:37+00:00\",\"dateModified\":\"2024-04-03T22:50:54+00:00\",\"breadcrumb\":{\"@id\":\"https:\\\/\\\/wp.kristdemokraterna.se\\\/uppsala\\\/segersam-kd-skulle-blivit-informerade-om-friskola\\\/#breadcrumb\"},\"inLanguage\":\"sv-SE\",\"potentialAction\":[{\"@type\":\"ReadAction\",\"target\":[\"https:\\\/\\\/wp.kristdemokraterna.se\\\/uppsala\\\/segersam-kd-skulle-blivit-informerade-om-friskola\\\/\"]}]},{\"@type\":\"ImageObject\",\"inLanguage\":\"sv-SE\",\"@id\":\"https:\\\/\\\/wp.kristdemokraterna.se\\\/uppsala\\\/segersam-kd-skulle-blivit-informerade-om-friskola\\\/#primaryimage\",\"url\":\"https:\\\/\\\/wp.kristdemokraterna.se\\\/uppsala\\\/files\\\/2015\\\/10\\\/business-861323_640.jpg\",\"contentUrl\":\"https:\\\/\\\/wp.kristdemokraterna.se\\\/uppsala\\\/files\\\/2015\\\/10\\\/business-861323_640.jpg\",\"width\":640,\"height\":480},{\"@type\":\"BreadcrumbList\",\"@id\":\"https:\\\/\\\/wp.kristdemokraterna.se\\\/uppsala\\\/segersam-kd-skulle-blivit-informerade-om-friskola\\\/#breadcrumb\",\"itemListElement\":[{\"@type\":\"ListItem\",\"position\":1,\"name\":\"Hem\",\"item\":\"https:\\\/\\\/wp.kristdemokraterna.se\\\/uppsala\\\/\"},{\"@type\":\"ListItem\",\"position\":2,\"name\":\"Segersam (KD): Skulle blivit informerade om friskola\"}]},{\"@type\":\"WebSite\",\"@id\":\"https:\\\/\\\/wp.kristdemokraterna.se\\\/uppsala\\\/#website\",\"url\":\"https:\\\/\\\/wp.kristdemokraterna.se\\\/uppsala\\\/\",\"name\":\"Kristdemokraterna Uppsala\",\"description\":\"Tryggare Uppsala\",\"publisher\":{\"@id\":\"https:\\\/\\\/wp.kristdemokraterna.se\\\/uppsala\\\/#organization\"},\"inLanguage\":\"sv-SE\"},{\"@type\":\"Organization\",\"@id\":\"https:\\\/\\\/wp.kristdemokraterna.se\\\/uppsala\\\/#organization\",\"name\":\"Kristdemokraterna Uppsala\",\"url\":\"https:\\\/\\\/wp.kristdemokraterna.se\\\/uppsala\\\/\",\"logo\":{\"@type\":\"ImageObject\",\"inLanguage\":\"sv-SE\",\"@id\":\"https:\\\/\\\/wp.kristdemokraterna.se\\\/uppsala\\\/#\\\/schema\\\/logo\\\/image\\\/\",\"url\":\"https:\\\/\\\/wp.kristdemokraterna.se\\\/uppsala\\\/files\\\/2019\\\/10\\\/kd-uppsala.png\",\"contentUrl\":\"https:\\\/\\\/wp.kristdemokraterna.se\\\/uppsala\\\/files\\\/2019\\\/10\\\/kd-uppsala.png\",\"width\":804,\"height\":421,\"caption\":\"Kristdemokraterna Uppsala\"},\"image\":{\"@id\":\"https:\\\/\\\/wp.kristdemokraterna.se\\\/uppsala\\\/#\\\/schema\\\/logo\\\/image\\\/\"},\"sameAs\":[\"https:\\\/\\\/www.facebook.com\\\/UppsalaKD\\\/\",\"https:\\\/\\\/www.instagram.com\\\/uppsalakd\\\/\"]},{\"@type\":\"Person\",\"@id\":\"https:\\\/\\\/wp.kristdemokraterna.se\\\/uppsala\\\/#\\\/schema\\\/person\\\/038d805d685fb0ce5ad14ab8711d8e84\",\"name\":\"Mimmi Westerlund\",\"image\":{\"@type\":\"ImageObject\",\"inLanguage\":\"sv-SE\",\"@id\":\"https:\\\/\\\/secure.gravatar.com\\\/avatar\\\/a5697359f709b6b10d9c7e6a7c89f3e054554dedb4657d5ffe9e5bc5b1445841?s=96&r=g\",\"url\":\"https:\\\/\\\/secure.gravatar.com\\\/avatar\\\/a5697359f709b6b10d9c7e6a7c89f3e054554dedb4657d5ffe9e5bc5b1445841?s=96&r=g\",\"contentUrl\":\"https:\\\/\\\/secure.gravatar.com\\\/avatar\\\/a5697359f709b6b10d9c7e6a7c89f3e054554dedb4657d5ffe9e5bc5b1445841?s=96&r=g\",\"caption\":\"Mimmi Westerlund\"},\"url\":\"https:\\\/\\\/wp.kristdemokraterna.se\\\/uppsala\\\/author\\\/mimmi\\\/\"}]}<\/script>\n<!-- \/ Yoast SEO plugin. -->","yoast_head_json":{"title":"Segersam (KD): Skulle blivit informerade om friskola | Kristdemokraterna | Uppsala","robots":{"index":"index","follow":"follow","max-snippet":"max-snippet:-1","max-image-preview":"max-image-preview:large","max-video-preview":"max-video-preview:-1"},"canonical":"https:\/\/wp.kristdemokraterna.se\/uppsala\/segersam-kd-skulle-blivit-informerade-om-friskola\/","og_locale":"sv_SE","og_type":"article","og_title":"Segersam (KD): Skulle blivit informerade om friskola | Kristdemokraterna | Uppsala","og_description":"Idag fattar Kommunstyrelsen beslut om en\u00a0lokalf\u00f6rs\u00f6rjningsplan d\u00e4r \u00c5kerl\u00e4nna ing\u00e5r som en mindre del. Utbildningsn\u00e4mnden\u00a0har som bekant redan behandlat fr\u00e5gan och landat i ett beslut som inneb\u00e4r att skolan l\u00e4ggs ned, men det slutliga beslutet ska tas av Kommunstyrelsen. Processen som f\u00f6ranlett beslutet har varit kort och saknat tillr\u00e4cklig dialog med ber\u00f6rda familjer.\u00a0 \u2013\u00a0N\u00e4r politiken fattar Read More","og_url":"https:\/\/wp.kristdemokraterna.se\/uppsala\/segersam-kd-skulle-blivit-informerade-om-friskola\/","og_site_name":"Kristdemokraterna | Uppsala","article_publisher":"https:\/\/www.facebook.com\/UppsalaKD\/","article_published_time":"2016-04-06T12:06:37+00:00","article_modified_time":"2024-04-03T22:50:54+00:00","og_image":[{"width":640,"height":480,"url":"http:\/\/wp.kristdemokraterna.se\/uppsala\/files\/2015\/10\/business-861323_640.jpg","type":"image\/jpeg"}],"author":"Mimmi Westerlund","twitter_card":"summary_large_image","twitter_misc":{"Skriven av":"Mimmi Westerlund","Ber\u00e4knad l\u00e4stid":"1 minut"},"schema":{"@context":"https:\/\/schema.org","@graph":[{"@type":"Article","@id":"https:\/\/wp.kristdemokraterna.se\/uppsala\/segersam-kd-skulle-blivit-informerade-om-friskola\/#article","isPartOf":{"@id":"https:\/\/wp.kristdemokraterna.se\/uppsala\/segersam-kd-skulle-blivit-informerade-om-friskola\/"},"author":{"name":"Mimmi Westerlund","@id":"https:\/\/wp.kristdemokraterna.se\/uppsala\/#\/schema\/person\/038d805d685fb0ce5ad14ab8711d8e84"},"headline":"Segersam (KD): Skulle blivit informerade om friskola","datePublished":"2016-04-06T12:06:37+00:00","dateModified":"2024-04-03T22:50:54+00:00","mainEntityOfPage":{"@id":"https:\/\/wp.kristdemokraterna.se\/uppsala\/segersam-kd-skulle-blivit-informerade-om-friskola\/"},"wordCount":215,"publisher":{"@id":"https:\/\/wp.kristdemokraterna.se\/uppsala\/#organization"},"image":{"@id":"https:\/\/wp.kristdemokraterna.se\/uppsala\/segersam-kd-skulle-blivit-informerade-om-friskola\/#primaryimage"},"thumbnailUrl":"https:\/\/wp.kristdemokraterna.se\/uppsala\/files\/2015\/10\/business-861323_640.jpg","keywords":["Ansvar","Familj","Frihet","h\u00f6ger","Uppsala"],"articleSection":["Familj &amp; skola"],"inLanguage":"sv-SE"},{"@type":"WebPage","@id":"https:\/\/wp.kristdemokraterna.se\/uppsala\/segersam-kd-skulle-blivit-informerade-om-friskola\/","url":"https:\/\/wp.kristdemokraterna.se\/uppsala\/segersam-kd-skulle-blivit-informerade-om-friskola\/","name":"Segersam (KD): Skulle blivit informerade om friskola | Kristdemokraterna | Uppsala","isPartOf":{"@id":"https:\/\/wp.kristdemokraterna.se\/uppsala\/#website"},"primaryImageOfPage":{"@id":"https:\/\/wp.kristdemokraterna.se\/uppsala\/segersam-kd-skulle-blivit-informerade-om-friskola\/#primaryimage"},"image":{"@id":"https:\/\/wp.kristdemokraterna.se\/uppsala\/segersam-kd-skulle-blivit-informerade-om-friskola\/#primaryimage"},"thumbnailUrl":"https:\/\/wp.kristdemokraterna.se\/uppsala\/files\/2015\/10\/business-861323_640.jpg","datePublished":"2016-04-06T12:06:37+00:00","dateModified":"2024-04-03T22:50:54+00:00","breadcrumb":{"@id":"https:\/\/wp.kristdemokraterna.se\/uppsala\/segersam-kd-skulle-blivit-informerade-om-friskola\/#breadcrumb"},"inLanguage":"sv-SE","potentialAction":[{"@type":"ReadAction","target":["https:\/\/wp.kristdemokraterna.se\/uppsala\/segersam-kd-skulle-blivit-informerade-om-friskola\/"]}]},{"@type":"ImageObject","inLanguage":"sv-SE","@id":"https:\/\/wp.kristdemokraterna.se\/uppsala\/segersam-kd-skulle-blivit-informerade-om-friskola\/#primaryimage","url":"https:\/\/wp.kristdemokraterna.se\/uppsala\/files\/2015\/10\/business-861323_640.jpg","contentUrl":"https:\/\/wp.kristdemokraterna.se\/uppsala\/files\/2015\/10\/business-861323_640.jpg","width":640,"height":480},{"@type":"BreadcrumbList","@id":"https:\/\/wp.kristdemokraterna.se\/uppsala\/segersam-kd-skulle-blivit-informerade-om-friskola\/#breadcrumb","itemListElement":[{"@type":"ListItem","position":1,"name":"Hem","item":"https:\/\/wp.kristdemokraterna.se\/uppsala\/"},{"@type":"ListItem","position":2,"name":"Segersam (KD): Skulle blivit informerade om friskola"}]},{"@type":"WebSite","@id":"https:\/\/wp.kristdemokraterna.se\/uppsala\/#website","url":"https:\/\/wp.kristdemokraterna.se\/uppsala\/","name":"Kristdemokraterna Uppsala","description":"Tryggare Uppsala","publisher":{"@id":"https:\/\/wp.kristdemokraterna.se\/uppsala\/#organization"},"inLanguage":"sv-SE"},{"@type":"Organization","@id":"https:\/\/wp.kristdemokraterna.se\/uppsala\/#organization","name":"Kristdemokraterna Uppsala","url":"https:\/\/wp.kristdemokraterna.se\/uppsala\/","logo":{"@type":"ImageObject","inLanguage":"sv-SE","@id":"https:\/\/wp.kristdemokraterna.se\/uppsala\/#\/schema\/logo\/image\/","url":"https:\/\/wp.kristdemokraterna.se\/uppsala\/files\/2019\/10\/kd-uppsala.png","contentUrl":"https:\/\/wp.kristdemokraterna.se\/uppsala\/files\/2019\/10\/kd-uppsala.png","width":804,"height":421,"caption":"Kristdemokraterna Uppsala"},"image":{"@id":"https:\/\/wp.kristdemokraterna.se\/uppsala\/#\/schema\/logo\/image\/"},"sameAs":["https:\/\/www.facebook.com\/UppsalaKD\/","https:\/\/www.instagram.com\/uppsalakd\/"]},{"@type":"Person","@id":"https:\/\/wp.kristdemokraterna.se\/uppsala\/#\/schema\/person\/038d805d685fb0ce5ad14ab8711d8e84","name":"Mimmi Westerlund","image":{"@type":"ImageObject","inLanguage":"sv-SE","@id":"https:\/\/secure.gravatar.com\/avatar\/a5697359f709b6b10d9c7e6a7c89f3e054554dedb4657d5ffe9e5bc5b1445841?s=96&r=g","url":"https:\/\/secure.gravatar.com\/avatar\/a5697359f709b6b10d9c7e6a7c89f3e054554dedb4657d5ffe9e5bc5b1445841?s=96&r=g","contentUrl":"https:\/\/secure.gravatar.com\/avatar\/a5697359f709b6b10d9c7e6a7c89f3e054554dedb4657d5ffe9e5bc5b1445841?s=96&r=g","caption":"Mimmi Westerlund"},"url":"https:\/\/wp.kristdemokraterna.se\/uppsala\/author\/mimmi\/"}]}},"_links":{"self":[{"href":"https:\/\/wp.kristdemokraterna.se\/uppsala\/wp-json\/wp\/v2\/posts\/1966","targetHints":{"allow":["GET"]}}],"collection":[{"href":"https:\/\/wp.kristdemokraterna.se\/uppsala\/wp-json\/wp\/v2\/posts"}],"about":[{"href":"https:\/\/wp.kristdemokraterna.se\/uppsala\/wp-json\/wp\/v2\/types\/post"}],"author":[{"embeddable":true,"href":"https:\/\/wp.kristdemokraterna.se\/uppsala\/wp-json\/wp\/v2\/users\/702"}],"replies":[{"embeddable":true,"href":"https:\/\/wp.kristdemokraterna.se\/uppsala\/wp-json\/wp\/v2\/comments?post=1966"}],"version-history":[{"count":5,"href":"https:\/\/wp.kristdemokraterna.se\/uppsala\/wp-json\/wp\/v2\/posts\/1966\/revisions"}],"predecessor-version":[{"id":2017,"href":"https:\/\/wp.kristdemokraterna.se\/uppsala\/wp-json\/wp\/v2\/posts\/1966\/revisions\/2017"}],"wp:featuredmedia":[{"embeddable":true,"href":"https:\/\/wp.kristdemokraterna.se\/uppsala\/wp-json\/wp\/v2\/media\/1855"}],"wp:attachment":[{"href":"https:\/\/wp.kristdemokraterna.se\/uppsala\/wp-json\/wp\/v2\/media?parent=1966"}],"wp:term":[{"taxonomy":"category","embeddable":true,"href":"https:\/\/wp.kristdemokraterna.se\/uppsala\/wp-json\/wp\/v2\/categories?post=1966"},{"taxonomy":"post_tag","embeddable":true,"href":"https:\/\/wp.kristdemokraterna.se\/uppsala\/wp-json\/wp\/v2\/tags?post=1966"}],"curies":[{"name":"wp","href":"https:\/\/api.w.org\/{rel}","templated":true}]}}