{"id":1982,"date":"2016-04-16T15:13:39","date_gmt":"2016-04-16T13:13:39","guid":{"rendered":"http:\/\/wp.kristdemokraterna.se\/uppsala\/?p=1982"},"modified":"2024-04-04T01:04:55","modified_gmt":"2024-04-03T23:04:55","slug":"segersam-kd-lat-barnen-stanna-i-uppsala","status":"publish","type":"post","link":"https:\/\/wp.kristdemokraterna.se\/uppsala\/segersam-kd-lat-barnen-stanna-i-uppsala\/","title":{"rendered":"L\u00e5t barnen stanna i Uppsala"},"content":{"rendered":"<p><strong>Efter f\u00f6rra \u00e5rets flyktingtillstr\u00f6mning till Sverige uppstod en stor oreda i att hitta boende och gode m\u00e4n f\u00f6r ensamkommande flyktingbarn\/ungdomar. Det \u00e4r en utsatt grupp och f\u00f6r att f\u00e5 en lyckad integration, om uppeh\u00e5llstillst\u00e5nd s\u00e5 sm\u00e5ningom beviljas, \u00e4r det avg\u00f6rande att man g\u00f6r r\u00e4tt fr\u00e5n b\u00f6rjan. Kristdemokraterna anser att man om m\u00f6jligt b\u00f6r prioritera placeringar i familjehem f\u00f6r att f\u00e5 en starkare anknytning till det svenska samh\u00e4llet och kulturen, \u00e4n genom institutionsplaceringar i form av HVB (Hem f\u00f6r v\u00e5rd och boende) och st\u00f6dboenden.<\/strong><\/p>\n<p><em>&#8211; Migrationsverket placerar ungdomar i olika kommuner i landet, men det \u00e4r inte ovanligt att de kommunerna i sin tur placerar dem h\u00e4r i Uppsala p\u00e5 grund av exempelvis bostadsbrist. Det f\u00f6rsv\u00e5rar b\u00e5de f\u00f6r &#8221;hemkommunernas&#8221; m\u00f6jlighet att f\u00f6lja upp placeringarna och f\u00f6r Uppsala att kunna k\u00e4nna till och st\u00f6dja de ungdomar som vistas h\u00e4r p\u00e5 b\u00e4sta s\u00e4tt. Det g\u00e4ller s\u00e5v\u00e4l skola, boendemilj\u00f6 som fritidsverksamhet. Vi f\u00f6resl\u00e5r d\u00e4rf\u00f6r att Uppsala kommun b\u00f6r agera aktivt f\u00f6r, i de fall det \u00e4r l\u00e4mpligt, att ansvaret f\u00f6r de ungdomar som uppeh\u00e5ller sig h\u00e4r \u00f6verf\u00f6rs till just Uppsala kommun. P\u00e5 samma s\u00e4tt b\u00f6r ansvaret f\u00f6r ungdomar tilldelade Uppsala kommun men som placerats i andra kommuner \u00f6verf\u00f6ras till dem<\/em>, s\u00e4ger Jonas Segersam (KD) kommunalr\u00e5d.<\/p>\n<p><em>&#8211; Naturligtvis b\u00f6r dyra och d\u00e5liga placeringar undvikas, men i de fall d\u00e4r man hittat bra placeringar som ger ungdomar goda m\u00f6jligheter till spr\u00e5kinl\u00e4rning och trygga ramar b\u00f6r man se till att ungdomarna kan beh\u00e5lla denna placering. Helt i linje med den dom som f\u00f6rvaltningsr\u00e4tten meddelat i fallet Amir, som Ekot rapporterat om i dagarna,<\/em> avslutar han.<\/p>\n<p>&#8221;\u2013 F\u00f6rst kom jag till Uppsala. De sa att du kan bo i Uppsala. Sen b\u00f6rjade jag skolan och tr\u00e4ffade kompisar och jag spelade fotboll. En dag kom socialen och sa att jag m\u00e5ste flytta till Kumla och jag vill inte flytta till Kumla, s\u00e4ger han.&#8221; Fallet ska nu pr\u00f6vas av kammarr\u00e4tten, men om Uppsala kommun \u00e4r aktiv kan man hj\u00e4lpa de ungdomar som bor h\u00e4r att ans\u00f6ka om \u00f6verflyttning till Uppsala.<\/p>\n<p>&nbsp;<\/p>\n","protected":false},"excerpt":{"rendered":"<p>Efter f\u00f6rra \u00e5rets flyktingtillstr\u00f6mning till Sverige uppstod en stor oreda i att hitta boende och gode m\u00e4n f\u00f6r ensamkommande flyktingbarn\/ungdomar. Det \u00e4r en utsatt grupp och f\u00f6r att f\u00e5 en lyckad integration, om uppeh\u00e5llstillst\u00e5nd s\u00e5 sm\u00e5ningom beviljas, \u00e4r det avg\u00f6rande att man g\u00f6r r\u00e4tt fr\u00e5n b\u00f6rjan. Kristdemokraterna anser att man om m\u00f6jligt b\u00f6r prioritera placeringar <a class=\"read-more-link\" href=\"https:\/\/wp.kristdemokraterna.se\/uppsala\/segersam-kd-lat-barnen-stanna-i-uppsala\/\">Read More<\/a><\/p>\n","protected":false},"author":702,"featured_media":1947,"comment_status":"closed","ping_status":"closed","sticky":false,"template":"","format":"standard","meta":{"_acf_changed":false,"footnotes":""},"categories":[252],"tags":[146,144,98,192,38],"class_list":["post-1982","post","type-post","status-publish","format-standard","hentry","category-migration-o-integration","tag-ansvar","tag-familj","tag-frihet","tag-hoger","tag-uppsala"],"acf":[],"yoast_head":"<!-- This site is optimized with the Yoast SEO plugin v27.4 - https:\/\/yoast.com\/product\/yoast-seo-wordpress\/ -->\n<title>L\u00e5t barnen stanna i Uppsala | Kristdemokraterna | Uppsala<\/title>\n<meta name=\"robots\" content=\"index, follow, max-snippet:-1, max-image-preview:large, max-video-preview:-1\" \/>\n<link rel=\"canonical\" href=\"https:\/\/wp.kristdemokraterna.se\/uppsala\/segersam-kd-lat-barnen-stanna-i-uppsala\/\" \/>\n<meta property=\"og:locale\" content=\"sv_SE\" \/>\n<meta property=\"og:type\" content=\"article\" \/>\n<meta property=\"og:title\" content=\"L\u00e5t barnen stanna i Uppsala | Kristdemokraterna | Uppsala\" \/>\n<meta property=\"og:description\" content=\"Efter f\u00f6rra \u00e5rets flyktingtillstr\u00f6mning till Sverige uppstod en stor oreda i att hitta boende och gode m\u00e4n f\u00f6r ensamkommande flyktingbarn\/ungdomar. Det \u00e4r en utsatt grupp och f\u00f6r att f\u00e5 en lyckad integration, om uppeh\u00e5llstillst\u00e5nd s\u00e5 sm\u00e5ningom beviljas, \u00e4r det avg\u00f6rande att man g\u00f6r r\u00e4tt fr\u00e5n b\u00f6rjan. Kristdemokraterna anser att man om m\u00f6jligt b\u00f6r prioritera placeringar Read More\" \/>\n<meta property=\"og:url\" content=\"https:\/\/wp.kristdemokraterna.se\/uppsala\/segersam-kd-lat-barnen-stanna-i-uppsala\/\" \/>\n<meta property=\"og:site_name\" content=\"Kristdemokraterna | Uppsala\" \/>\n<meta property=\"article:publisher\" content=\"https:\/\/www.facebook.com\/UppsalaKD\/\" \/>\n<meta property=\"article:published_time\" content=\"2016-04-16T13:13:39+00:00\" \/>\n<meta property=\"article:modified_time\" content=\"2024-04-03T23:04:55+00:00\" \/>\n<meta property=\"og:image\" content=\"http:\/\/wp.kristdemokraterna.se\/uppsala\/files\/2016\/03\/untitled-design-1.png\" \/>\n\t<meta property=\"og:image:width\" content=\"1024\" \/>\n\t<meta property=\"og:image:height\" content=\"512\" \/>\n\t<meta property=\"og:image:type\" content=\"image\/png\" \/>\n<meta name=\"author\" content=\"Mimmi Westerlund\" \/>\n<meta name=\"twitter:card\" content=\"summary_large_image\" \/>\n<meta name=\"twitter:label1\" content=\"Skriven av\" \/>\n\t<meta name=\"twitter:data1\" content=\"Mimmi Westerlund\" \/>\n\t<meta name=\"twitter:label2\" content=\"Ber\u00e4knad l\u00e4stid\" \/>\n\t<meta name=\"twitter:data2\" content=\"2 minuter\" \/>\n<script type=\"application\/ld+json\" class=\"yoast-schema-graph\">{\"@context\":\"https:\\\/\\\/schema.org\",\"@graph\":[{\"@type\":\"Article\",\"@id\":\"https:\\\/\\\/wp.kristdemokraterna.se\\\/uppsala\\\/segersam-kd-lat-barnen-stanna-i-uppsala\\\/#article\",\"isPartOf\":{\"@id\":\"https:\\\/\\\/wp.kristdemokraterna.se\\\/uppsala\\\/segersam-kd-lat-barnen-stanna-i-uppsala\\\/\"},\"author\":{\"name\":\"Mimmi Westerlund\",\"@id\":\"https:\\\/\\\/wp.kristdemokraterna.se\\\/uppsala\\\/#\\\/schema\\\/person\\\/038d805d685fb0ce5ad14ab8711d8e84\"},\"headline\":\"L\u00e5t barnen stanna i Uppsala\",\"datePublished\":\"2016-04-16T13:13:39+00:00\",\"dateModified\":\"2024-04-03T23:04:55+00:00\",\"mainEntityOfPage\":{\"@id\":\"https:\\\/\\\/wp.kristdemokraterna.se\\\/uppsala\\\/segersam-kd-lat-barnen-stanna-i-uppsala\\\/\"},\"wordCount\":410,\"publisher\":{\"@id\":\"https:\\\/\\\/wp.kristdemokraterna.se\\\/uppsala\\\/#organization\"},\"image\":{\"@id\":\"https:\\\/\\\/wp.kristdemokraterna.se\\\/uppsala\\\/segersam-kd-lat-barnen-stanna-i-uppsala\\\/#primaryimage\"},\"thumbnailUrl\":\"https:\\\/\\\/wp.kristdemokraterna.se\\\/uppsala\\\/files\\\/2016\\\/03\\\/untitled-design-1.png\",\"keywords\":[\"Ansvar\",\"Familj\",\"Frihet\",\"h\u00f6ger\",\"Uppsala\"],\"articleSection\":[\"Migration &amp; Integration\"],\"inLanguage\":\"sv-SE\"},{\"@type\":\"WebPage\",\"@id\":\"https:\\\/\\\/wp.kristdemokraterna.se\\\/uppsala\\\/segersam-kd-lat-barnen-stanna-i-uppsala\\\/\",\"url\":\"https:\\\/\\\/wp.kristdemokraterna.se\\\/uppsala\\\/segersam-kd-lat-barnen-stanna-i-uppsala\\\/\",\"name\":\"L\u00e5t barnen stanna i Uppsala | Kristdemokraterna | Uppsala\",\"isPartOf\":{\"@id\":\"https:\\\/\\\/wp.kristdemokraterna.se\\\/uppsala\\\/#website\"},\"primaryImageOfPage\":{\"@id\":\"https:\\\/\\\/wp.kristdemokraterna.se\\\/uppsala\\\/segersam-kd-lat-barnen-stanna-i-uppsala\\\/#primaryimage\"},\"image\":{\"@id\":\"https:\\\/\\\/wp.kristdemokraterna.se\\\/uppsala\\\/segersam-kd-lat-barnen-stanna-i-uppsala\\\/#primaryimage\"},\"thumbnailUrl\":\"https:\\\/\\\/wp.kristdemokraterna.se\\\/uppsala\\\/files\\\/2016\\\/03\\\/untitled-design-1.png\",\"datePublished\":\"2016-04-16T13:13:39+00:00\",\"dateModified\":\"2024-04-03T23:04:55+00:00\",\"breadcrumb\":{\"@id\":\"https:\\\/\\\/wp.kristdemokraterna.se\\\/uppsala\\\/segersam-kd-lat-barnen-stanna-i-uppsala\\\/#breadcrumb\"},\"inLanguage\":\"sv-SE\",\"potentialAction\":[{\"@type\":\"ReadAction\",\"target\":[\"https:\\\/\\\/wp.kristdemokraterna.se\\\/uppsala\\\/segersam-kd-lat-barnen-stanna-i-uppsala\\\/\"]}]},{\"@type\":\"ImageObject\",\"inLanguage\":\"sv-SE\",\"@id\":\"https:\\\/\\\/wp.kristdemokraterna.se\\\/uppsala\\\/segersam-kd-lat-barnen-stanna-i-uppsala\\\/#primaryimage\",\"url\":\"https:\\\/\\\/wp.kristdemokraterna.se\\\/uppsala\\\/files\\\/2016\\\/03\\\/untitled-design-1.png\",\"contentUrl\":\"https:\\\/\\\/wp.kristdemokraterna.se\\\/uppsala\\\/files\\\/2016\\\/03\\\/untitled-design-1.png\",\"width\":1024,\"height\":512},{\"@type\":\"BreadcrumbList\",\"@id\":\"https:\\\/\\\/wp.kristdemokraterna.se\\\/uppsala\\\/segersam-kd-lat-barnen-stanna-i-uppsala\\\/#breadcrumb\",\"itemListElement\":[{\"@type\":\"ListItem\",\"position\":1,\"name\":\"Hem\",\"item\":\"https:\\\/\\\/wp.kristdemokraterna.se\\\/uppsala\\\/\"},{\"@type\":\"ListItem\",\"position\":2,\"name\":\"L\u00e5t barnen stanna i Uppsala\"}]},{\"@type\":\"WebSite\",\"@id\":\"https:\\\/\\\/wp.kristdemokraterna.se\\\/uppsala\\\/#website\",\"url\":\"https:\\\/\\\/wp.kristdemokraterna.se\\\/uppsala\\\/\",\"name\":\"Kristdemokraterna Uppsala\",\"description\":\"Tryggare Uppsala\",\"publisher\":{\"@id\":\"https:\\\/\\\/wp.kristdemokraterna.se\\\/uppsala\\\/#organization\"},\"inLanguage\":\"sv-SE\"},{\"@type\":\"Organization\",\"@id\":\"https:\\\/\\\/wp.kristdemokraterna.se\\\/uppsala\\\/#organization\",\"name\":\"Kristdemokraterna Uppsala\",\"url\":\"https:\\\/\\\/wp.kristdemokraterna.se\\\/uppsala\\\/\",\"logo\":{\"@type\":\"ImageObject\",\"inLanguage\":\"sv-SE\",\"@id\":\"https:\\\/\\\/wp.kristdemokraterna.se\\\/uppsala\\\/#\\\/schema\\\/logo\\\/image\\\/\",\"url\":\"https:\\\/\\\/wp.kristdemokraterna.se\\\/uppsala\\\/files\\\/2019\\\/10\\\/kd-uppsala.png\",\"contentUrl\":\"https:\\\/\\\/wp.kristdemokraterna.se\\\/uppsala\\\/files\\\/2019\\\/10\\\/kd-uppsala.png\",\"width\":804,\"height\":421,\"caption\":\"Kristdemokraterna Uppsala\"},\"image\":{\"@id\":\"https:\\\/\\\/wp.kristdemokraterna.se\\\/uppsala\\\/#\\\/schema\\\/logo\\\/image\\\/\"},\"sameAs\":[\"https:\\\/\\\/www.facebook.com\\\/UppsalaKD\\\/\",\"https:\\\/\\\/www.instagram.com\\\/uppsalakd\\\/\"]},{\"@type\":\"Person\",\"@id\":\"https:\\\/\\\/wp.kristdemokraterna.se\\\/uppsala\\\/#\\\/schema\\\/person\\\/038d805d685fb0ce5ad14ab8711d8e84\",\"name\":\"Mimmi Westerlund\",\"image\":{\"@type\":\"ImageObject\",\"inLanguage\":\"sv-SE\",\"@id\":\"https:\\\/\\\/secure.gravatar.com\\\/avatar\\\/a5697359f709b6b10d9c7e6a7c89f3e054554dedb4657d5ffe9e5bc5b1445841?s=96&r=g\",\"url\":\"https:\\\/\\\/secure.gravatar.com\\\/avatar\\\/a5697359f709b6b10d9c7e6a7c89f3e054554dedb4657d5ffe9e5bc5b1445841?s=96&r=g\",\"contentUrl\":\"https:\\\/\\\/secure.gravatar.com\\\/avatar\\\/a5697359f709b6b10d9c7e6a7c89f3e054554dedb4657d5ffe9e5bc5b1445841?s=96&r=g\",\"caption\":\"Mimmi Westerlund\"},\"url\":\"https:\\\/\\\/wp.kristdemokraterna.se\\\/uppsala\\\/author\\\/mimmi\\\/\"}]}<\/script>\n<!-- \/ Yoast SEO plugin. -->","yoast_head_json":{"title":"L\u00e5t barnen stanna i Uppsala | Kristdemokraterna | Uppsala","robots":{"index":"index","follow":"follow","max-snippet":"max-snippet:-1","max-image-preview":"max-image-preview:large","max-video-preview":"max-video-preview:-1"},"canonical":"https:\/\/wp.kristdemokraterna.se\/uppsala\/segersam-kd-lat-barnen-stanna-i-uppsala\/","og_locale":"sv_SE","og_type":"article","og_title":"L\u00e5t barnen stanna i Uppsala | Kristdemokraterna | Uppsala","og_description":"Efter f\u00f6rra \u00e5rets flyktingtillstr\u00f6mning till Sverige uppstod en stor oreda i att hitta boende och gode m\u00e4n f\u00f6r ensamkommande flyktingbarn\/ungdomar. Det \u00e4r en utsatt grupp och f\u00f6r att f\u00e5 en lyckad integration, om uppeh\u00e5llstillst\u00e5nd s\u00e5 sm\u00e5ningom beviljas, \u00e4r det avg\u00f6rande att man g\u00f6r r\u00e4tt fr\u00e5n b\u00f6rjan. Kristdemokraterna anser att man om m\u00f6jligt b\u00f6r prioritera placeringar Read More","og_url":"https:\/\/wp.kristdemokraterna.se\/uppsala\/segersam-kd-lat-barnen-stanna-i-uppsala\/","og_site_name":"Kristdemokraterna | Uppsala","article_publisher":"https:\/\/www.facebook.com\/UppsalaKD\/","article_published_time":"2016-04-16T13:13:39+00:00","article_modified_time":"2024-04-03T23:04:55+00:00","og_image":[{"width":1024,"height":512,"url":"http:\/\/wp.kristdemokraterna.se\/uppsala\/files\/2016\/03\/untitled-design-1.png","type":"image\/png"}],"author":"Mimmi Westerlund","twitter_card":"summary_large_image","twitter_misc":{"Skriven av":"Mimmi Westerlund","Ber\u00e4knad l\u00e4stid":"2 minuter"},"schema":{"@context":"https:\/\/schema.org","@graph":[{"@type":"Article","@id":"https:\/\/wp.kristdemokraterna.se\/uppsala\/segersam-kd-lat-barnen-stanna-i-uppsala\/#article","isPartOf":{"@id":"https:\/\/wp.kristdemokraterna.se\/uppsala\/segersam-kd-lat-barnen-stanna-i-uppsala\/"},"author":{"name":"Mimmi Westerlund","@id":"https:\/\/wp.kristdemokraterna.se\/uppsala\/#\/schema\/person\/038d805d685fb0ce5ad14ab8711d8e84"},"headline":"L\u00e5t barnen stanna i Uppsala","datePublished":"2016-04-16T13:13:39+00:00","dateModified":"2024-04-03T23:04:55+00:00","mainEntityOfPage":{"@id":"https:\/\/wp.kristdemokraterna.se\/uppsala\/segersam-kd-lat-barnen-stanna-i-uppsala\/"},"wordCount":410,"publisher":{"@id":"https:\/\/wp.kristdemokraterna.se\/uppsala\/#organization"},"image":{"@id":"https:\/\/wp.kristdemokraterna.se\/uppsala\/segersam-kd-lat-barnen-stanna-i-uppsala\/#primaryimage"},"thumbnailUrl":"https:\/\/wp.kristdemokraterna.se\/uppsala\/files\/2016\/03\/untitled-design-1.png","keywords":["Ansvar","Familj","Frihet","h\u00f6ger","Uppsala"],"articleSection":["Migration &amp; Integration"],"inLanguage":"sv-SE"},{"@type":"WebPage","@id":"https:\/\/wp.kristdemokraterna.se\/uppsala\/segersam-kd-lat-barnen-stanna-i-uppsala\/","url":"https:\/\/wp.kristdemokraterna.se\/uppsala\/segersam-kd-lat-barnen-stanna-i-uppsala\/","name":"L\u00e5t barnen stanna i Uppsala | Kristdemokraterna | Uppsala","isPartOf":{"@id":"https:\/\/wp.kristdemokraterna.se\/uppsala\/#website"},"primaryImageOfPage":{"@id":"https:\/\/wp.kristdemokraterna.se\/uppsala\/segersam-kd-lat-barnen-stanna-i-uppsala\/#primaryimage"},"image":{"@id":"https:\/\/wp.kristdemokraterna.se\/uppsala\/segersam-kd-lat-barnen-stanna-i-uppsala\/#primaryimage"},"thumbnailUrl":"https:\/\/wp.kristdemokraterna.se\/uppsala\/files\/2016\/03\/untitled-design-1.png","datePublished":"2016-04-16T13:13:39+00:00","dateModified":"2024-04-03T23:04:55+00:00","breadcrumb":{"@id":"https:\/\/wp.kristdemokraterna.se\/uppsala\/segersam-kd-lat-barnen-stanna-i-uppsala\/#breadcrumb"},"inLanguage":"sv-SE","potentialAction":[{"@type":"ReadAction","target":["https:\/\/wp.kristdemokraterna.se\/uppsala\/segersam-kd-lat-barnen-stanna-i-uppsala\/"]}]},{"@type":"ImageObject","inLanguage":"sv-SE","@id":"https:\/\/wp.kristdemokraterna.se\/uppsala\/segersam-kd-lat-barnen-stanna-i-uppsala\/#primaryimage","url":"https:\/\/wp.kristdemokraterna.se\/uppsala\/files\/2016\/03\/untitled-design-1.png","contentUrl":"https:\/\/wp.kristdemokraterna.se\/uppsala\/files\/2016\/03\/untitled-design-1.png","width":1024,"height":512},{"@type":"BreadcrumbList","@id":"https:\/\/wp.kristdemokraterna.se\/uppsala\/segersam-kd-lat-barnen-stanna-i-uppsala\/#breadcrumb","itemListElement":[{"@type":"ListItem","position":1,"name":"Hem","item":"https:\/\/wp.kristdemokraterna.se\/uppsala\/"},{"@type":"ListItem","position":2,"name":"L\u00e5t barnen stanna i Uppsala"}]},{"@type":"WebSite","@id":"https:\/\/wp.kristdemokraterna.se\/uppsala\/#website","url":"https:\/\/wp.kristdemokraterna.se\/uppsala\/","name":"Kristdemokraterna Uppsala","description":"Tryggare Uppsala","publisher":{"@id":"https:\/\/wp.kristdemokraterna.se\/uppsala\/#organization"},"inLanguage":"sv-SE"},{"@type":"Organization","@id":"https:\/\/wp.kristdemokraterna.se\/uppsala\/#organization","name":"Kristdemokraterna Uppsala","url":"https:\/\/wp.kristdemokraterna.se\/uppsala\/","logo":{"@type":"ImageObject","inLanguage":"sv-SE","@id":"https:\/\/wp.kristdemokraterna.se\/uppsala\/#\/schema\/logo\/image\/","url":"https:\/\/wp.kristdemokraterna.se\/uppsala\/files\/2019\/10\/kd-uppsala.png","contentUrl":"https:\/\/wp.kristdemokraterna.se\/uppsala\/files\/2019\/10\/kd-uppsala.png","width":804,"height":421,"caption":"Kristdemokraterna Uppsala"},"image":{"@id":"https:\/\/wp.kristdemokraterna.se\/uppsala\/#\/schema\/logo\/image\/"},"sameAs":["https:\/\/www.facebook.com\/UppsalaKD\/","https:\/\/www.instagram.com\/uppsalakd\/"]},{"@type":"Person","@id":"https:\/\/wp.kristdemokraterna.se\/uppsala\/#\/schema\/person\/038d805d685fb0ce5ad14ab8711d8e84","name":"Mimmi Westerlund","image":{"@type":"ImageObject","inLanguage":"sv-SE","@id":"https:\/\/secure.gravatar.com\/avatar\/a5697359f709b6b10d9c7e6a7c89f3e054554dedb4657d5ffe9e5bc5b1445841?s=96&r=g","url":"https:\/\/secure.gravatar.com\/avatar\/a5697359f709b6b10d9c7e6a7c89f3e054554dedb4657d5ffe9e5bc5b1445841?s=96&r=g","contentUrl":"https:\/\/secure.gravatar.com\/avatar\/a5697359f709b6b10d9c7e6a7c89f3e054554dedb4657d5ffe9e5bc5b1445841?s=96&r=g","caption":"Mimmi Westerlund"},"url":"https:\/\/wp.kristdemokraterna.se\/uppsala\/author\/mimmi\/"}]}},"_links":{"self":[{"href":"https:\/\/wp.kristdemokraterna.se\/uppsala\/wp-json\/wp\/v2\/posts\/1982","targetHints":{"allow":["GET"]}}],"collection":[{"href":"https:\/\/wp.kristdemokraterna.se\/uppsala\/wp-json\/wp\/v2\/posts"}],"about":[{"href":"https:\/\/wp.kristdemokraterna.se\/uppsala\/wp-json\/wp\/v2\/types\/post"}],"author":[{"embeddable":true,"href":"https:\/\/wp.kristdemokraterna.se\/uppsala\/wp-json\/wp\/v2\/users\/702"}],"replies":[{"embeddable":true,"href":"https:\/\/wp.kristdemokraterna.se\/uppsala\/wp-json\/wp\/v2\/comments?post=1982"}],"version-history":[{"count":5,"href":"https:\/\/wp.kristdemokraterna.se\/uppsala\/wp-json\/wp\/v2\/posts\/1982\/revisions"}],"predecessor-version":[{"id":2016,"href":"https:\/\/wp.kristdemokraterna.se\/uppsala\/wp-json\/wp\/v2\/posts\/1982\/revisions\/2016"}],"wp:featuredmedia":[{"embeddable":true,"href":"https:\/\/wp.kristdemokraterna.se\/uppsala\/wp-json\/wp\/v2\/media\/1947"}],"wp:attachment":[{"href":"https:\/\/wp.kristdemokraterna.se\/uppsala\/wp-json\/wp\/v2\/media?parent=1982"}],"wp:term":[{"taxonomy":"category","embeddable":true,"href":"https:\/\/wp.kristdemokraterna.se\/uppsala\/wp-json\/wp\/v2\/categories?post=1982"},{"taxonomy":"post_tag","embeddable":true,"href":"https:\/\/wp.kristdemokraterna.se\/uppsala\/wp-json\/wp\/v2\/tags?post=1982"}],"curies":[{"name":"wp","href":"https:\/\/api.w.org\/{rel}","templated":true}]}}