{"id":2000,"date":"2016-04-25T14:14:10","date_gmt":"2016-04-25T12:14:10","guid":{"rendered":"http:\/\/wp.kristdemokraterna.se\/uppsala\/?p=2000"},"modified":"2024-04-04T00:50:32","modified_gmt":"2024-04-03T22:50:32","slug":"fortsatt-fel-att-kommunen-koper-egna-vindkraftverk","status":"publish","type":"post","link":"https:\/\/wp.kristdemokraterna.se\/uppsala\/fortsatt-fel-att-kommunen-koper-egna-vindkraftverk\/","title":{"rendered":"Fortsatt fel att k\u00f6pa eget vindkraftverk"},"content":{"rendered":"<p><strong>Under dagens kommunfullm\u00e4ktigesammantr\u00e4de i Uppsala kom beskedet: (MP) backar inte fr\u00e5n beslutet att Uppsala kommun ska k\u00f6pa vindkraftverk. De \u00f6ppnar till och med f\u00f6r att k\u00f6pa Knivsta kommuns f\u00f6rlust-vindkraftverk. <\/strong><\/p>\n<p>Vi kristdemokrater har l\u00e4nge varnat f\u00f6r vilken f\u00f6rlustaff\u00e4r det skulle bli att k\u00f6pa dyra vindkraftverk. S\u00e4rskilt n\u00e4r de g\u00e5r med underskott. Vi alltid k\u00e4mpat f\u00f6r ett gott f\u00f6rvaltande av v\u00e5ra resurser f\u00f6r kommande generationer, det g\u00e4ller inte minst energiproduktionen d\u00e4r vi i Uppsala Kommun medverkat till ett mycket ambiti\u00f6st Klimat och milj\u00f6program, och i Knivsta kommun till att investera i ett vindkraftverk.<\/p>\n<p>Vindkraftverket i Knivsta har varit i drift sedan 2009 och de senaste tre \u00e5ren g\u00e5tt med underskott p\u00e5 mellan 400 000 och 1 100 000 kronor. Det \u00e4r tydligt att det vore f\u00f6r\u00f6dande om \u00e4ven Uppsala kommun g\u00e5r in i ett liknande h\u00f6griskprojekt.<\/p>\n<p><strong>V\u00e5ra respektive kommuner borde ist\u00e4llet driva p\u00e5 i klimatarbetet genom att k\u00f6pa el med ursprungscertifikat fr\u00e5n f\u00f6rnybar energi, och genom att f\u00f6lja med i utvecklingen av sol-, vind- och v\u00e5gkraft. \u00c4ven avfallsf\u00f6rbr\u00e4nning \u00e4r exempel p\u00e5 ett bra och billigt s\u00e4tt att utvinna el ur en process som tidigare enbart varit en kostnad.<\/strong><\/p>\n<p>Jonas Segersam (KD)<br \/>\nKommunalr\u00e5d Uppsala<\/p>\n<p>Bj\u00f6rn-Owe Bj\u00f6rk (KD)<br \/>\nKommunalr\u00e5d Knivsta<\/p>\n","protected":false},"excerpt":{"rendered":"<p>Under dagens kommunfullm\u00e4ktigesammantr\u00e4de i Uppsala kom beskedet: (MP) backar inte fr\u00e5n beslutet att Uppsala kommun ska k\u00f6pa vindkraftverk. De \u00f6ppnar till och med f\u00f6r att k\u00f6pa Knivsta kommuns f\u00f6rlust-vindkraftverk. Vi kristdemokrater har l\u00e4nge varnat f\u00f6r vilken f\u00f6rlustaff\u00e4r det skulle bli att k\u00f6pa dyra vindkraftverk. S\u00e4rskilt n\u00e4r de g\u00e5r med underskott. Vi alltid k\u00e4mpat f\u00f6r ett <a class=\"read-more-link\" href=\"https:\/\/wp.kristdemokraterna.se\/uppsala\/fortsatt-fel-att-kommunen-koper-egna-vindkraftverk\/\">Read More<\/a><\/p>\n","protected":false},"author":702,"featured_media":1856,"comment_status":"closed","ping_status":"closed","sticky":false,"template":"","format":"standard","meta":{"_acf_changed":false,"footnotes":""},"categories":[250],"tags":[146,193,98,192,191,194],"class_list":["post-2000","post","type-post","status-publish","format-standard","hentry","category-energi-klimat-o-miljo","tag-ansvar","tag-energi","tag-frihet","tag-hoger","tag-trygghet","tag-vindkraft"],"acf":[],"yoast_head":"<!-- This site is optimized with the Yoast SEO plugin v27.4 - https:\/\/yoast.com\/product\/yoast-seo-wordpress\/ -->\n<title>Fortsatt fel att k\u00f6pa eget vindkraftverk | Kristdemokraterna | Uppsala<\/title>\n<meta name=\"robots\" content=\"index, follow, max-snippet:-1, max-image-preview:large, max-video-preview:-1\" \/>\n<link rel=\"canonical\" href=\"https:\/\/wp.kristdemokraterna.se\/uppsala\/fortsatt-fel-att-kommunen-koper-egna-vindkraftverk\/\" \/>\n<meta property=\"og:locale\" content=\"sv_SE\" \/>\n<meta property=\"og:type\" content=\"article\" \/>\n<meta property=\"og:title\" content=\"Fortsatt fel att k\u00f6pa eget vindkraftverk | Kristdemokraterna | Uppsala\" \/>\n<meta property=\"og:description\" content=\"Under dagens kommunfullm\u00e4ktigesammantr\u00e4de i Uppsala kom beskedet: (MP) backar inte fr\u00e5n beslutet att Uppsala kommun ska k\u00f6pa vindkraftverk. De \u00f6ppnar till och med f\u00f6r att k\u00f6pa Knivsta kommuns f\u00f6rlust-vindkraftverk. Vi kristdemokrater har l\u00e4nge varnat f\u00f6r vilken f\u00f6rlustaff\u00e4r det skulle bli att k\u00f6pa dyra vindkraftverk. S\u00e4rskilt n\u00e4r de g\u00e5r med underskott. Vi alltid k\u00e4mpat f\u00f6r ett Read More\" \/>\n<meta property=\"og:url\" content=\"https:\/\/wp.kristdemokraterna.se\/uppsala\/fortsatt-fel-att-kommunen-koper-egna-vindkraftverk\/\" \/>\n<meta property=\"og:site_name\" content=\"Kristdemokraterna | Uppsala\" \/>\n<meta property=\"article:publisher\" content=\"https:\/\/www.facebook.com\/UppsalaKD\/\" \/>\n<meta property=\"article:published_time\" content=\"2016-04-25T12:14:10+00:00\" \/>\n<meta property=\"article:modified_time\" content=\"2024-04-03T22:50:32+00:00\" \/>\n<meta property=\"og:image\" content=\"http:\/\/wp.kristdemokraterna.se\/uppsala\/files\/2015\/05\/wind-turbine-957438_1920-e1461587763826.jpg\" \/>\n\t<meta property=\"og:image:width\" content=\"500\" \/>\n\t<meta property=\"og:image:height\" content=\"375\" \/>\n\t<meta property=\"og:image:type\" content=\"image\/jpeg\" \/>\n<meta name=\"author\" content=\"Mimmi Westerlund\" \/>\n<meta name=\"twitter:card\" content=\"summary_large_image\" \/>\n<meta name=\"twitter:label1\" content=\"Skriven av\" \/>\n\t<meta name=\"twitter:data1\" content=\"Mimmi Westerlund\" \/>\n\t<meta name=\"twitter:label2\" content=\"Ber\u00e4knad l\u00e4stid\" \/>\n\t<meta name=\"twitter:data2\" content=\"1 minut\" \/>\n<script type=\"application\/ld+json\" class=\"yoast-schema-graph\">{\"@context\":\"https:\\\/\\\/schema.org\",\"@graph\":[{\"@type\":\"Article\",\"@id\":\"https:\\\/\\\/wp.kristdemokraterna.se\\\/uppsala\\\/fortsatt-fel-att-kommunen-koper-egna-vindkraftverk\\\/#article\",\"isPartOf\":{\"@id\":\"https:\\\/\\\/wp.kristdemokraterna.se\\\/uppsala\\\/fortsatt-fel-att-kommunen-koper-egna-vindkraftverk\\\/\"},\"author\":{\"name\":\"Mimmi Westerlund\",\"@id\":\"https:\\\/\\\/wp.kristdemokraterna.se\\\/uppsala\\\/#\\\/schema\\\/person\\\/038d805d685fb0ce5ad14ab8711d8e84\"},\"headline\":\"Fortsatt fel att k\u00f6pa eget vindkraftverk\",\"datePublished\":\"2016-04-25T12:14:10+00:00\",\"dateModified\":\"2024-04-03T22:50:32+00:00\",\"mainEntityOfPage\":{\"@id\":\"https:\\\/\\\/wp.kristdemokraterna.se\\\/uppsala\\\/fortsatt-fel-att-kommunen-koper-egna-vindkraftverk\\\/\"},\"wordCount\":240,\"publisher\":{\"@id\":\"https:\\\/\\\/wp.kristdemokraterna.se\\\/uppsala\\\/#organization\"},\"image\":{\"@id\":\"https:\\\/\\\/wp.kristdemokraterna.se\\\/uppsala\\\/fortsatt-fel-att-kommunen-koper-egna-vindkraftverk\\\/#primaryimage\"},\"thumbnailUrl\":\"https:\\\/\\\/wp.kristdemokraterna.se\\\/uppsala\\\/files\\\/2015\\\/05\\\/wind-turbine-957438_1920-e1461587763826.jpg\",\"keywords\":[\"Ansvar\",\"energi\",\"Frihet\",\"h\u00f6ger\",\"trygghet\",\"vindkraft\"],\"articleSection\":[\"Energi, klimat &amp; milj\u00f6\"],\"inLanguage\":\"sv-SE\"},{\"@type\":\"WebPage\",\"@id\":\"https:\\\/\\\/wp.kristdemokraterna.se\\\/uppsala\\\/fortsatt-fel-att-kommunen-koper-egna-vindkraftverk\\\/\",\"url\":\"https:\\\/\\\/wp.kristdemokraterna.se\\\/uppsala\\\/fortsatt-fel-att-kommunen-koper-egna-vindkraftverk\\\/\",\"name\":\"Fortsatt fel att k\u00f6pa eget vindkraftverk | Kristdemokraterna | Uppsala\",\"isPartOf\":{\"@id\":\"https:\\\/\\\/wp.kristdemokraterna.se\\\/uppsala\\\/#website\"},\"primaryImageOfPage\":{\"@id\":\"https:\\\/\\\/wp.kristdemokraterna.se\\\/uppsala\\\/fortsatt-fel-att-kommunen-koper-egna-vindkraftverk\\\/#primaryimage\"},\"image\":{\"@id\":\"https:\\\/\\\/wp.kristdemokraterna.se\\\/uppsala\\\/fortsatt-fel-att-kommunen-koper-egna-vindkraftverk\\\/#primaryimage\"},\"thumbnailUrl\":\"https:\\\/\\\/wp.kristdemokraterna.se\\\/uppsala\\\/files\\\/2015\\\/05\\\/wind-turbine-957438_1920-e1461587763826.jpg\",\"datePublished\":\"2016-04-25T12:14:10+00:00\",\"dateModified\":\"2024-04-03T22:50:32+00:00\",\"breadcrumb\":{\"@id\":\"https:\\\/\\\/wp.kristdemokraterna.se\\\/uppsala\\\/fortsatt-fel-att-kommunen-koper-egna-vindkraftverk\\\/#breadcrumb\"},\"inLanguage\":\"sv-SE\",\"potentialAction\":[{\"@type\":\"ReadAction\",\"target\":[\"https:\\\/\\\/wp.kristdemokraterna.se\\\/uppsala\\\/fortsatt-fel-att-kommunen-koper-egna-vindkraftverk\\\/\"]}]},{\"@type\":\"ImageObject\",\"inLanguage\":\"sv-SE\",\"@id\":\"https:\\\/\\\/wp.kristdemokraterna.se\\\/uppsala\\\/fortsatt-fel-att-kommunen-koper-egna-vindkraftverk\\\/#primaryimage\",\"url\":\"https:\\\/\\\/wp.kristdemokraterna.se\\\/uppsala\\\/files\\\/2015\\\/05\\\/wind-turbine-957438_1920-e1461587763826.jpg\",\"contentUrl\":\"https:\\\/\\\/wp.kristdemokraterna.se\\\/uppsala\\\/files\\\/2015\\\/05\\\/wind-turbine-957438_1920-e1461587763826.jpg\",\"width\":500,\"height\":375},{\"@type\":\"BreadcrumbList\",\"@id\":\"https:\\\/\\\/wp.kristdemokraterna.se\\\/uppsala\\\/fortsatt-fel-att-kommunen-koper-egna-vindkraftverk\\\/#breadcrumb\",\"itemListElement\":[{\"@type\":\"ListItem\",\"position\":1,\"name\":\"Hem\",\"item\":\"https:\\\/\\\/wp.kristdemokraterna.se\\\/uppsala\\\/\"},{\"@type\":\"ListItem\",\"position\":2,\"name\":\"Fortsatt fel att k\u00f6pa eget vindkraftverk\"}]},{\"@type\":\"WebSite\",\"@id\":\"https:\\\/\\\/wp.kristdemokraterna.se\\\/uppsala\\\/#website\",\"url\":\"https:\\\/\\\/wp.kristdemokraterna.se\\\/uppsala\\\/\",\"name\":\"Kristdemokraterna Uppsala\",\"description\":\"Tryggare Uppsala\",\"publisher\":{\"@id\":\"https:\\\/\\\/wp.kristdemokraterna.se\\\/uppsala\\\/#organization\"},\"inLanguage\":\"sv-SE\"},{\"@type\":\"Organization\",\"@id\":\"https:\\\/\\\/wp.kristdemokraterna.se\\\/uppsala\\\/#organization\",\"name\":\"Kristdemokraterna Uppsala\",\"url\":\"https:\\\/\\\/wp.kristdemokraterna.se\\\/uppsala\\\/\",\"logo\":{\"@type\":\"ImageObject\",\"inLanguage\":\"sv-SE\",\"@id\":\"https:\\\/\\\/wp.kristdemokraterna.se\\\/uppsala\\\/#\\\/schema\\\/logo\\\/image\\\/\",\"url\":\"https:\\\/\\\/wp.kristdemokraterna.se\\\/uppsala\\\/files\\\/2019\\\/10\\\/kd-uppsala.png\",\"contentUrl\":\"https:\\\/\\\/wp.kristdemokraterna.se\\\/uppsala\\\/files\\\/2019\\\/10\\\/kd-uppsala.png\",\"width\":804,\"height\":421,\"caption\":\"Kristdemokraterna Uppsala\"},\"image\":{\"@id\":\"https:\\\/\\\/wp.kristdemokraterna.se\\\/uppsala\\\/#\\\/schema\\\/logo\\\/image\\\/\"},\"sameAs\":[\"https:\\\/\\\/www.facebook.com\\\/UppsalaKD\\\/\",\"https:\\\/\\\/www.instagram.com\\\/uppsalakd\\\/\"]},{\"@type\":\"Person\",\"@id\":\"https:\\\/\\\/wp.kristdemokraterna.se\\\/uppsala\\\/#\\\/schema\\\/person\\\/038d805d685fb0ce5ad14ab8711d8e84\",\"name\":\"Mimmi Westerlund\",\"image\":{\"@type\":\"ImageObject\",\"inLanguage\":\"sv-SE\",\"@id\":\"https:\\\/\\\/secure.gravatar.com\\\/avatar\\\/a5697359f709b6b10d9c7e6a7c89f3e054554dedb4657d5ffe9e5bc5b1445841?s=96&r=g\",\"url\":\"https:\\\/\\\/secure.gravatar.com\\\/avatar\\\/a5697359f709b6b10d9c7e6a7c89f3e054554dedb4657d5ffe9e5bc5b1445841?s=96&r=g\",\"contentUrl\":\"https:\\\/\\\/secure.gravatar.com\\\/avatar\\\/a5697359f709b6b10d9c7e6a7c89f3e054554dedb4657d5ffe9e5bc5b1445841?s=96&r=g\",\"caption\":\"Mimmi Westerlund\"},\"url\":\"https:\\\/\\\/wp.kristdemokraterna.se\\\/uppsala\\\/author\\\/mimmi\\\/\"}]}<\/script>\n<!-- \/ Yoast SEO plugin. -->","yoast_head_json":{"title":"Fortsatt fel att k\u00f6pa eget vindkraftverk | Kristdemokraterna | Uppsala","robots":{"index":"index","follow":"follow","max-snippet":"max-snippet:-1","max-image-preview":"max-image-preview:large","max-video-preview":"max-video-preview:-1"},"canonical":"https:\/\/wp.kristdemokraterna.se\/uppsala\/fortsatt-fel-att-kommunen-koper-egna-vindkraftverk\/","og_locale":"sv_SE","og_type":"article","og_title":"Fortsatt fel att k\u00f6pa eget vindkraftverk | Kristdemokraterna | Uppsala","og_description":"Under dagens kommunfullm\u00e4ktigesammantr\u00e4de i Uppsala kom beskedet: (MP) backar inte fr\u00e5n beslutet att Uppsala kommun ska k\u00f6pa vindkraftverk. De \u00f6ppnar till och med f\u00f6r att k\u00f6pa Knivsta kommuns f\u00f6rlust-vindkraftverk. Vi kristdemokrater har l\u00e4nge varnat f\u00f6r vilken f\u00f6rlustaff\u00e4r det skulle bli att k\u00f6pa dyra vindkraftverk. S\u00e4rskilt n\u00e4r de g\u00e5r med underskott. Vi alltid k\u00e4mpat f\u00f6r ett Read More","og_url":"https:\/\/wp.kristdemokraterna.se\/uppsala\/fortsatt-fel-att-kommunen-koper-egna-vindkraftverk\/","og_site_name":"Kristdemokraterna | Uppsala","article_publisher":"https:\/\/www.facebook.com\/UppsalaKD\/","article_published_time":"2016-04-25T12:14:10+00:00","article_modified_time":"2024-04-03T22:50:32+00:00","og_image":[{"width":500,"height":375,"url":"http:\/\/wp.kristdemokraterna.se\/uppsala\/files\/2015\/05\/wind-turbine-957438_1920-e1461587763826.jpg","type":"image\/jpeg"}],"author":"Mimmi Westerlund","twitter_card":"summary_large_image","twitter_misc":{"Skriven av":"Mimmi Westerlund","Ber\u00e4knad l\u00e4stid":"1 minut"},"schema":{"@context":"https:\/\/schema.org","@graph":[{"@type":"Article","@id":"https:\/\/wp.kristdemokraterna.se\/uppsala\/fortsatt-fel-att-kommunen-koper-egna-vindkraftverk\/#article","isPartOf":{"@id":"https:\/\/wp.kristdemokraterna.se\/uppsala\/fortsatt-fel-att-kommunen-koper-egna-vindkraftverk\/"},"author":{"name":"Mimmi Westerlund","@id":"https:\/\/wp.kristdemokraterna.se\/uppsala\/#\/schema\/person\/038d805d685fb0ce5ad14ab8711d8e84"},"headline":"Fortsatt fel att k\u00f6pa eget vindkraftverk","datePublished":"2016-04-25T12:14:10+00:00","dateModified":"2024-04-03T22:50:32+00:00","mainEntityOfPage":{"@id":"https:\/\/wp.kristdemokraterna.se\/uppsala\/fortsatt-fel-att-kommunen-koper-egna-vindkraftverk\/"},"wordCount":240,"publisher":{"@id":"https:\/\/wp.kristdemokraterna.se\/uppsala\/#organization"},"image":{"@id":"https:\/\/wp.kristdemokraterna.se\/uppsala\/fortsatt-fel-att-kommunen-koper-egna-vindkraftverk\/#primaryimage"},"thumbnailUrl":"https:\/\/wp.kristdemokraterna.se\/uppsala\/files\/2015\/05\/wind-turbine-957438_1920-e1461587763826.jpg","keywords":["Ansvar","energi","Frihet","h\u00f6ger","trygghet","vindkraft"],"articleSection":["Energi, klimat &amp; milj\u00f6"],"inLanguage":"sv-SE"},{"@type":"WebPage","@id":"https:\/\/wp.kristdemokraterna.se\/uppsala\/fortsatt-fel-att-kommunen-koper-egna-vindkraftverk\/","url":"https:\/\/wp.kristdemokraterna.se\/uppsala\/fortsatt-fel-att-kommunen-koper-egna-vindkraftverk\/","name":"Fortsatt fel att k\u00f6pa eget vindkraftverk | Kristdemokraterna | Uppsala","isPartOf":{"@id":"https:\/\/wp.kristdemokraterna.se\/uppsala\/#website"},"primaryImageOfPage":{"@id":"https:\/\/wp.kristdemokraterna.se\/uppsala\/fortsatt-fel-att-kommunen-koper-egna-vindkraftverk\/#primaryimage"},"image":{"@id":"https:\/\/wp.kristdemokraterna.se\/uppsala\/fortsatt-fel-att-kommunen-koper-egna-vindkraftverk\/#primaryimage"},"thumbnailUrl":"https:\/\/wp.kristdemokraterna.se\/uppsala\/files\/2015\/05\/wind-turbine-957438_1920-e1461587763826.jpg","datePublished":"2016-04-25T12:14:10+00:00","dateModified":"2024-04-03T22:50:32+00:00","breadcrumb":{"@id":"https:\/\/wp.kristdemokraterna.se\/uppsala\/fortsatt-fel-att-kommunen-koper-egna-vindkraftverk\/#breadcrumb"},"inLanguage":"sv-SE","potentialAction":[{"@type":"ReadAction","target":["https:\/\/wp.kristdemokraterna.se\/uppsala\/fortsatt-fel-att-kommunen-koper-egna-vindkraftverk\/"]}]},{"@type":"ImageObject","inLanguage":"sv-SE","@id":"https:\/\/wp.kristdemokraterna.se\/uppsala\/fortsatt-fel-att-kommunen-koper-egna-vindkraftverk\/#primaryimage","url":"https:\/\/wp.kristdemokraterna.se\/uppsala\/files\/2015\/05\/wind-turbine-957438_1920-e1461587763826.jpg","contentUrl":"https:\/\/wp.kristdemokraterna.se\/uppsala\/files\/2015\/05\/wind-turbine-957438_1920-e1461587763826.jpg","width":500,"height":375},{"@type":"BreadcrumbList","@id":"https:\/\/wp.kristdemokraterna.se\/uppsala\/fortsatt-fel-att-kommunen-koper-egna-vindkraftverk\/#breadcrumb","itemListElement":[{"@type":"ListItem","position":1,"name":"Hem","item":"https:\/\/wp.kristdemokraterna.se\/uppsala\/"},{"@type":"ListItem","position":2,"name":"Fortsatt fel att k\u00f6pa eget vindkraftverk"}]},{"@type":"WebSite","@id":"https:\/\/wp.kristdemokraterna.se\/uppsala\/#website","url":"https:\/\/wp.kristdemokraterna.se\/uppsala\/","name":"Kristdemokraterna Uppsala","description":"Tryggare Uppsala","publisher":{"@id":"https:\/\/wp.kristdemokraterna.se\/uppsala\/#organization"},"inLanguage":"sv-SE"},{"@type":"Organization","@id":"https:\/\/wp.kristdemokraterna.se\/uppsala\/#organization","name":"Kristdemokraterna Uppsala","url":"https:\/\/wp.kristdemokraterna.se\/uppsala\/","logo":{"@type":"ImageObject","inLanguage":"sv-SE","@id":"https:\/\/wp.kristdemokraterna.se\/uppsala\/#\/schema\/logo\/image\/","url":"https:\/\/wp.kristdemokraterna.se\/uppsala\/files\/2019\/10\/kd-uppsala.png","contentUrl":"https:\/\/wp.kristdemokraterna.se\/uppsala\/files\/2019\/10\/kd-uppsala.png","width":804,"height":421,"caption":"Kristdemokraterna Uppsala"},"image":{"@id":"https:\/\/wp.kristdemokraterna.se\/uppsala\/#\/schema\/logo\/image\/"},"sameAs":["https:\/\/www.facebook.com\/UppsalaKD\/","https:\/\/www.instagram.com\/uppsalakd\/"]},{"@type":"Person","@id":"https:\/\/wp.kristdemokraterna.se\/uppsala\/#\/schema\/person\/038d805d685fb0ce5ad14ab8711d8e84","name":"Mimmi Westerlund","image":{"@type":"ImageObject","inLanguage":"sv-SE","@id":"https:\/\/secure.gravatar.com\/avatar\/a5697359f709b6b10d9c7e6a7c89f3e054554dedb4657d5ffe9e5bc5b1445841?s=96&r=g","url":"https:\/\/secure.gravatar.com\/avatar\/a5697359f709b6b10d9c7e6a7c89f3e054554dedb4657d5ffe9e5bc5b1445841?s=96&r=g","contentUrl":"https:\/\/secure.gravatar.com\/avatar\/a5697359f709b6b10d9c7e6a7c89f3e054554dedb4657d5ffe9e5bc5b1445841?s=96&r=g","caption":"Mimmi Westerlund"},"url":"https:\/\/wp.kristdemokraterna.se\/uppsala\/author\/mimmi\/"}]}},"_links":{"self":[{"href":"https:\/\/wp.kristdemokraterna.se\/uppsala\/wp-json\/wp\/v2\/posts\/2000","targetHints":{"allow":["GET"]}}],"collection":[{"href":"https:\/\/wp.kristdemokraterna.se\/uppsala\/wp-json\/wp\/v2\/posts"}],"about":[{"href":"https:\/\/wp.kristdemokraterna.se\/uppsala\/wp-json\/wp\/v2\/types\/post"}],"author":[{"embeddable":true,"href":"https:\/\/wp.kristdemokraterna.se\/uppsala\/wp-json\/wp\/v2\/users\/702"}],"replies":[{"embeddable":true,"href":"https:\/\/wp.kristdemokraterna.se\/uppsala\/wp-json\/wp\/v2\/comments?post=2000"}],"version-history":[{"count":6,"href":"https:\/\/wp.kristdemokraterna.se\/uppsala\/wp-json\/wp\/v2\/posts\/2000\/revisions"}],"predecessor-version":[{"id":2013,"href":"https:\/\/wp.kristdemokraterna.se\/uppsala\/wp-json\/wp\/v2\/posts\/2000\/revisions\/2013"}],"wp:featuredmedia":[{"embeddable":true,"href":"https:\/\/wp.kristdemokraterna.se\/uppsala\/wp-json\/wp\/v2\/media\/1856"}],"wp:attachment":[{"href":"https:\/\/wp.kristdemokraterna.se\/uppsala\/wp-json\/wp\/v2\/media?parent=2000"}],"wp:term":[{"taxonomy":"category","embeddable":true,"href":"https:\/\/wp.kristdemokraterna.se\/uppsala\/wp-json\/wp\/v2\/categories?post=2000"},{"taxonomy":"post_tag","embeddable":true,"href":"https:\/\/wp.kristdemokraterna.se\/uppsala\/wp-json\/wp\/v2\/tags?post=2000"}],"curies":[{"name":"wp","href":"https:\/\/api.w.org\/{rel}","templated":true}]}}