{"id":2037,"date":"2016-05-26T10:03:55","date_gmt":"2016-05-26T08:03:55","guid":{"rendered":"http:\/\/wp.kristdemokraterna.se\/uppsala\/?p=2037"},"modified":"2024-04-04T01:04:26","modified_gmt":"2024-04-03T23:04:26","slug":"segersam-trygghetskameror-racker-inte","status":"publish","type":"post","link":"https:\/\/wp.kristdemokraterna.se\/uppsala\/segersam-trygghetskameror-racker-inte\/","title":{"rendered":"KD: Trygghetskameror r\u00e4cker inte!"},"content":{"rendered":"<p>Idag presenterar Kristdemokraterna sin vision om hur Uppsalas samh\u00e4llsstruktur kan byggas starkare. I en artikel i UNT (26\/6) redog\u00f6r kommunalr\u00e5det Jonas Segersam (KD) om att det beh\u00f6vs b\u00e5de snabba och l\u00e5ngsiktiga l\u00f6sningar f\u00f6r att bygga upp tryggheten igen. Tillit, ansvar, relationer, gemenskap och dygder beh\u00f6ver \u00e5ter lyftas upp som samh\u00e4llsnormer.<br \/>\n___<\/p>\n<p><strong>&#8221;N\u00e4r samh\u00e4llsstrukturer knakar i fogarna uppst\u00e5r os\u00e4kerhet. Tryggheten brister och oron \u00f6kar i befolkningen, d\u00e4rf\u00f6r m\u00e5ste politiken t\u00e4nka b\u00e5de stort, sm\u00e5tt \u2013 och snabbt. En tydlig signal om att n\u00e5got \u00e4r fel \u00e4r de \u00f6kade fallen av brottslighet p\u00e5 allm\u00e4nna platser. R\u00e5n vid centralen, stenkastning i Gottsunda och v\u00e5ldt\u00e4kter p\u00e5 v\u00e4gen hem fr\u00e5n festen. Alla varningsklockor borde ringa.\u00a0<\/strong><strong>Att i detta l\u00e4ge s\u00e4tta upp trygghetskameror vid utsatta omr\u00e5den \u00e4r en \u00e5tg\u00e4rd god nog \u2013 men det l\u00f6ser inte de underliggande problemen.\u00a0<\/strong><\/p>\n<p>\u00d6kad brottslighet \u00e4r en indikation p\u00e5 att n\u00e5got inte fungerar, att den grundl\u00e4ggande tilliten i v\u00e5r samh\u00e4llsgemenskap saknas.\u00a0Vi tror att det finns tv\u00e5 grundbultar i att f\u00f6rhindra att unga m\u00e4nniskor hamnar i utanf\u00f6rskap som leder till otrygghet p\u00e5 Uppsalas gator.<\/p>\n<p>Den f\u00f6rsta \u00e4r familjen. Starka familjer ger tryggare barn, som v\u00e4xer upp till att bli tryggare vuxna. Alla barn beh\u00f6ver en trygg omgivning och bli \u00e4lskade av sina f\u00f6r\u00e4ldrar. Oavsett hur familjekonstellationen ser ut \u00e4r det viktigt att den \u00e4r stabil. Unders\u00f6kningar har visat att m\u00e5nga uppslitande br\u00e5k inom familjer beror p\u00e5 problem med ekonomin, andra orsaker som t\u00e4r p\u00e5 relationen \u00e4r os\u00e4kra anst\u00e4llningar eller arbetsl\u00f6shet.\u00a0D\u00e4rf\u00f6r beh\u00f6ver vi underl\u00e4tta f\u00f6r familjer att h\u00e5lla ihop, att orka. Att ha t\u00e5lamod.\u00a0Vi beh\u00f6ver fler enkla jobb, flexibla barnomsorgsl\u00f6sningar och skyddsn\u00e4t som fungerar. Det tar tid, men det \u00e4r den grunden vi m\u00e5ste orka bygga.<\/p>\n<p>Den andra grundbulten \u00e4r skolan. Om inte skolg\u00e5ngen fungerar riskerar livet runtomkring ocks\u00e5 att sluta fungera. Att inte g\u00e5 ut gymnasiet med fullst\u00e4ndiga betyg leder ofta till en os\u00e4ker framtid, med s\u00e4mre m\u00f6jligheter till jobb och h\u00f6gre risk att hamna i l\u00e5ngvarigt utanf\u00f6rskap. Om l\u00e4rarna aldrig hinner bygga stabila relationer med elever och f\u00f6r\u00e4ldrar riskerar eleverna att aldrig n\u00e5 sin fulla potential, och om skolh\u00e4lsan brister i tillg\u00e4nglighet riskerar fler att aldrig f\u00e5 hj\u00e4lp.&#8221;<\/p>\n<p>L\u00e4s mer<a href=\"http:\/\/www.unt.se\/asikt\/debatt\/gor-varderevolution-4245112.aspx\"> i UNT h\u00e4r<\/a><\/p>\n","protected":false},"excerpt":{"rendered":"<p>Idag presenterar Kristdemokraterna sin vision om hur Uppsalas samh\u00e4llsstruktur kan byggas starkare. I en artikel i UNT (26\/6) redog\u00f6r kommunalr\u00e5det Jonas Segersam (KD) om att det beh\u00f6vs b\u00e5de snabba och l\u00e5ngsiktiga l\u00f6sningar f\u00f6r att bygga upp tryggheten igen. Tillit, ansvar, relationer, gemenskap och dygder beh\u00f6ver \u00e5ter lyftas upp som samh\u00e4llsnormer. ___ &#8221;N\u00e4r samh\u00e4llsstrukturer knakar i <a class=\"read-more-link\" href=\"https:\/\/wp.kristdemokraterna.se\/uppsala\/segersam-trygghetskameror-racker-inte\/\">Read More<\/a><\/p>\n","protected":false},"author":702,"featured_media":2038,"comment_status":"closed","ping_status":"closed","sticky":false,"template":"","format":"standard","meta":{"_acf_changed":false,"footnotes":""},"categories":[249],"tags":[],"class_list":["post-2037","post","type-post","status-publish","format-standard","hentry","category-trygghet-o-sakerhet"],"acf":[],"yoast_head":"<!-- This site is optimized with the Yoast SEO plugin v27.4 - https:\/\/yoast.com\/product\/yoast-seo-wordpress\/ -->\n<title>KD: Trygghetskameror r\u00e4cker inte! | Kristdemokraterna | Uppsala<\/title>\n<meta name=\"robots\" content=\"index, follow, max-snippet:-1, max-image-preview:large, max-video-preview:-1\" \/>\n<link rel=\"canonical\" href=\"https:\/\/wp.kristdemokraterna.se\/uppsala\/segersam-trygghetskameror-racker-inte\/\" \/>\n<meta property=\"og:locale\" content=\"sv_SE\" \/>\n<meta property=\"og:type\" content=\"article\" \/>\n<meta property=\"og:title\" content=\"KD: Trygghetskameror r\u00e4cker inte! | Kristdemokraterna | Uppsala\" \/>\n<meta property=\"og:description\" content=\"Idag presenterar Kristdemokraterna sin vision om hur Uppsalas samh\u00e4llsstruktur kan byggas starkare. I en artikel i UNT (26\/6) redog\u00f6r kommunalr\u00e5det Jonas Segersam (KD) om att det beh\u00f6vs b\u00e5de snabba och l\u00e5ngsiktiga l\u00f6sningar f\u00f6r att bygga upp tryggheten igen. Tillit, ansvar, relationer, gemenskap och dygder beh\u00f6ver \u00e5ter lyftas upp som samh\u00e4llsnormer. ___ &#8221;N\u00e4r samh\u00e4llsstrukturer knakar i Read More\" \/>\n<meta property=\"og:url\" content=\"https:\/\/wp.kristdemokraterna.se\/uppsala\/segersam-trygghetskameror-racker-inte\/\" \/>\n<meta property=\"og:site_name\" content=\"Kristdemokraterna | Uppsala\" \/>\n<meta property=\"article:publisher\" content=\"https:\/\/www.facebook.com\/UppsalaKD\/\" \/>\n<meta property=\"article:published_time\" content=\"2016-05-26T08:03:55+00:00\" \/>\n<meta property=\"article:modified_time\" content=\"2024-04-03T23:04:26+00:00\" \/>\n<meta property=\"og:image\" content=\"http:\/\/wp.kristdemokraterna.se\/uppsala\/files\/2016\/05\/jonas_sgsm.png\" \/>\n\t<meta property=\"og:image:width\" content=\"1024\" \/>\n\t<meta property=\"og:image:height\" content=\"512\" \/>\n\t<meta property=\"og:image:type\" content=\"image\/png\" \/>\n<meta name=\"author\" content=\"Mimmi Westerlund\" \/>\n<meta name=\"twitter:card\" content=\"summary_large_image\" \/>\n<meta name=\"twitter:label1\" content=\"Skriven av\" \/>\n\t<meta name=\"twitter:data1\" content=\"Mimmi Westerlund\" \/>\n\t<meta name=\"twitter:label2\" content=\"Ber\u00e4knad l\u00e4stid\" \/>\n\t<meta name=\"twitter:data2\" content=\"2 minuter\" \/>\n<script type=\"application\/ld+json\" class=\"yoast-schema-graph\">{\"@context\":\"https:\\\/\\\/schema.org\",\"@graph\":[{\"@type\":\"Article\",\"@id\":\"https:\\\/\\\/wp.kristdemokraterna.se\\\/uppsala\\\/segersam-trygghetskameror-racker-inte\\\/#article\",\"isPartOf\":{\"@id\":\"https:\\\/\\\/wp.kristdemokraterna.se\\\/uppsala\\\/segersam-trygghetskameror-racker-inte\\\/\"},\"author\":{\"name\":\"Mimmi Westerlund\",\"@id\":\"https:\\\/\\\/wp.kristdemokraterna.se\\\/uppsala\\\/#\\\/schema\\\/person\\\/038d805d685fb0ce5ad14ab8711d8e84\"},\"headline\":\"KD: Trygghetskameror r\u00e4cker inte!\",\"datePublished\":\"2016-05-26T08:03:55+00:00\",\"dateModified\":\"2024-04-03T23:04:26+00:00\",\"mainEntityOfPage\":{\"@id\":\"https:\\\/\\\/wp.kristdemokraterna.se\\\/uppsala\\\/segersam-trygghetskameror-racker-inte\\\/\"},\"wordCount\":434,\"publisher\":{\"@id\":\"https:\\\/\\\/wp.kristdemokraterna.se\\\/uppsala\\\/#organization\"},\"image\":{\"@id\":\"https:\\\/\\\/wp.kristdemokraterna.se\\\/uppsala\\\/segersam-trygghetskameror-racker-inte\\\/#primaryimage\"},\"thumbnailUrl\":\"https:\\\/\\\/wp.kristdemokraterna.se\\\/uppsala\\\/files\\\/2016\\\/05\\\/jonas_sgsm.png\",\"articleSection\":[\"Trygghet &amp; S\u00e4kerhet\"],\"inLanguage\":\"sv-SE\"},{\"@type\":\"WebPage\",\"@id\":\"https:\\\/\\\/wp.kristdemokraterna.se\\\/uppsala\\\/segersam-trygghetskameror-racker-inte\\\/\",\"url\":\"https:\\\/\\\/wp.kristdemokraterna.se\\\/uppsala\\\/segersam-trygghetskameror-racker-inte\\\/\",\"name\":\"KD: Trygghetskameror r\u00e4cker inte! | Kristdemokraterna | Uppsala\",\"isPartOf\":{\"@id\":\"https:\\\/\\\/wp.kristdemokraterna.se\\\/uppsala\\\/#website\"},\"primaryImageOfPage\":{\"@id\":\"https:\\\/\\\/wp.kristdemokraterna.se\\\/uppsala\\\/segersam-trygghetskameror-racker-inte\\\/#primaryimage\"},\"image\":{\"@id\":\"https:\\\/\\\/wp.kristdemokraterna.se\\\/uppsala\\\/segersam-trygghetskameror-racker-inte\\\/#primaryimage\"},\"thumbnailUrl\":\"https:\\\/\\\/wp.kristdemokraterna.se\\\/uppsala\\\/files\\\/2016\\\/05\\\/jonas_sgsm.png\",\"datePublished\":\"2016-05-26T08:03:55+00:00\",\"dateModified\":\"2024-04-03T23:04:26+00:00\",\"breadcrumb\":{\"@id\":\"https:\\\/\\\/wp.kristdemokraterna.se\\\/uppsala\\\/segersam-trygghetskameror-racker-inte\\\/#breadcrumb\"},\"inLanguage\":\"sv-SE\",\"potentialAction\":[{\"@type\":\"ReadAction\",\"target\":[\"https:\\\/\\\/wp.kristdemokraterna.se\\\/uppsala\\\/segersam-trygghetskameror-racker-inte\\\/\"]}]},{\"@type\":\"ImageObject\",\"inLanguage\":\"sv-SE\",\"@id\":\"https:\\\/\\\/wp.kristdemokraterna.se\\\/uppsala\\\/segersam-trygghetskameror-racker-inte\\\/#primaryimage\",\"url\":\"https:\\\/\\\/wp.kristdemokraterna.se\\\/uppsala\\\/files\\\/2016\\\/05\\\/jonas_sgsm.png\",\"contentUrl\":\"https:\\\/\\\/wp.kristdemokraterna.se\\\/uppsala\\\/files\\\/2016\\\/05\\\/jonas_sgsm.png\",\"width\":1024,\"height\":512},{\"@type\":\"BreadcrumbList\",\"@id\":\"https:\\\/\\\/wp.kristdemokraterna.se\\\/uppsala\\\/segersam-trygghetskameror-racker-inte\\\/#breadcrumb\",\"itemListElement\":[{\"@type\":\"ListItem\",\"position\":1,\"name\":\"Hem\",\"item\":\"https:\\\/\\\/wp.kristdemokraterna.se\\\/uppsala\\\/\"},{\"@type\":\"ListItem\",\"position\":2,\"name\":\"KD: Trygghetskameror r\u00e4cker inte!\"}]},{\"@type\":\"WebSite\",\"@id\":\"https:\\\/\\\/wp.kristdemokraterna.se\\\/uppsala\\\/#website\",\"url\":\"https:\\\/\\\/wp.kristdemokraterna.se\\\/uppsala\\\/\",\"name\":\"Kristdemokraterna Uppsala\",\"description\":\"Tryggare Uppsala\",\"publisher\":{\"@id\":\"https:\\\/\\\/wp.kristdemokraterna.se\\\/uppsala\\\/#organization\"},\"inLanguage\":\"sv-SE\"},{\"@type\":\"Organization\",\"@id\":\"https:\\\/\\\/wp.kristdemokraterna.se\\\/uppsala\\\/#organization\",\"name\":\"Kristdemokraterna Uppsala\",\"url\":\"https:\\\/\\\/wp.kristdemokraterna.se\\\/uppsala\\\/\",\"logo\":{\"@type\":\"ImageObject\",\"inLanguage\":\"sv-SE\",\"@id\":\"https:\\\/\\\/wp.kristdemokraterna.se\\\/uppsala\\\/#\\\/schema\\\/logo\\\/image\\\/\",\"url\":\"https:\\\/\\\/wp.kristdemokraterna.se\\\/uppsala\\\/files\\\/2019\\\/10\\\/kd-uppsala.png\",\"contentUrl\":\"https:\\\/\\\/wp.kristdemokraterna.se\\\/uppsala\\\/files\\\/2019\\\/10\\\/kd-uppsala.png\",\"width\":804,\"height\":421,\"caption\":\"Kristdemokraterna Uppsala\"},\"image\":{\"@id\":\"https:\\\/\\\/wp.kristdemokraterna.se\\\/uppsala\\\/#\\\/schema\\\/logo\\\/image\\\/\"},\"sameAs\":[\"https:\\\/\\\/www.facebook.com\\\/UppsalaKD\\\/\",\"https:\\\/\\\/www.instagram.com\\\/uppsalakd\\\/\"]},{\"@type\":\"Person\",\"@id\":\"https:\\\/\\\/wp.kristdemokraterna.se\\\/uppsala\\\/#\\\/schema\\\/person\\\/038d805d685fb0ce5ad14ab8711d8e84\",\"name\":\"Mimmi Westerlund\",\"image\":{\"@type\":\"ImageObject\",\"inLanguage\":\"sv-SE\",\"@id\":\"https:\\\/\\\/secure.gravatar.com\\\/avatar\\\/a5697359f709b6b10d9c7e6a7c89f3e054554dedb4657d5ffe9e5bc5b1445841?s=96&r=g\",\"url\":\"https:\\\/\\\/secure.gravatar.com\\\/avatar\\\/a5697359f709b6b10d9c7e6a7c89f3e054554dedb4657d5ffe9e5bc5b1445841?s=96&r=g\",\"contentUrl\":\"https:\\\/\\\/secure.gravatar.com\\\/avatar\\\/a5697359f709b6b10d9c7e6a7c89f3e054554dedb4657d5ffe9e5bc5b1445841?s=96&r=g\",\"caption\":\"Mimmi Westerlund\"},\"url\":\"https:\\\/\\\/wp.kristdemokraterna.se\\\/uppsala\\\/author\\\/mimmi\\\/\"}]}<\/script>\n<!-- \/ Yoast SEO plugin. -->","yoast_head_json":{"title":"KD: Trygghetskameror r\u00e4cker inte! | Kristdemokraterna | Uppsala","robots":{"index":"index","follow":"follow","max-snippet":"max-snippet:-1","max-image-preview":"max-image-preview:large","max-video-preview":"max-video-preview:-1"},"canonical":"https:\/\/wp.kristdemokraterna.se\/uppsala\/segersam-trygghetskameror-racker-inte\/","og_locale":"sv_SE","og_type":"article","og_title":"KD: Trygghetskameror r\u00e4cker inte! | Kristdemokraterna | Uppsala","og_description":"Idag presenterar Kristdemokraterna sin vision om hur Uppsalas samh\u00e4llsstruktur kan byggas starkare. I en artikel i UNT (26\/6) redog\u00f6r kommunalr\u00e5det Jonas Segersam (KD) om att det beh\u00f6vs b\u00e5de snabba och l\u00e5ngsiktiga l\u00f6sningar f\u00f6r att bygga upp tryggheten igen. Tillit, ansvar, relationer, gemenskap och dygder beh\u00f6ver \u00e5ter lyftas upp som samh\u00e4llsnormer. ___ &#8221;N\u00e4r samh\u00e4llsstrukturer knakar i Read More","og_url":"https:\/\/wp.kristdemokraterna.se\/uppsala\/segersam-trygghetskameror-racker-inte\/","og_site_name":"Kristdemokraterna | Uppsala","article_publisher":"https:\/\/www.facebook.com\/UppsalaKD\/","article_published_time":"2016-05-26T08:03:55+00:00","article_modified_time":"2024-04-03T23:04:26+00:00","og_image":[{"width":1024,"height":512,"url":"http:\/\/wp.kristdemokraterna.se\/uppsala\/files\/2016\/05\/jonas_sgsm.png","type":"image\/png"}],"author":"Mimmi Westerlund","twitter_card":"summary_large_image","twitter_misc":{"Skriven av":"Mimmi Westerlund","Ber\u00e4knad l\u00e4stid":"2 minuter"},"schema":{"@context":"https:\/\/schema.org","@graph":[{"@type":"Article","@id":"https:\/\/wp.kristdemokraterna.se\/uppsala\/segersam-trygghetskameror-racker-inte\/#article","isPartOf":{"@id":"https:\/\/wp.kristdemokraterna.se\/uppsala\/segersam-trygghetskameror-racker-inte\/"},"author":{"name":"Mimmi Westerlund","@id":"https:\/\/wp.kristdemokraterna.se\/uppsala\/#\/schema\/person\/038d805d685fb0ce5ad14ab8711d8e84"},"headline":"KD: Trygghetskameror r\u00e4cker inte!","datePublished":"2016-05-26T08:03:55+00:00","dateModified":"2024-04-03T23:04:26+00:00","mainEntityOfPage":{"@id":"https:\/\/wp.kristdemokraterna.se\/uppsala\/segersam-trygghetskameror-racker-inte\/"},"wordCount":434,"publisher":{"@id":"https:\/\/wp.kristdemokraterna.se\/uppsala\/#organization"},"image":{"@id":"https:\/\/wp.kristdemokraterna.se\/uppsala\/segersam-trygghetskameror-racker-inte\/#primaryimage"},"thumbnailUrl":"https:\/\/wp.kristdemokraterna.se\/uppsala\/files\/2016\/05\/jonas_sgsm.png","articleSection":["Trygghet &amp; S\u00e4kerhet"],"inLanguage":"sv-SE"},{"@type":"WebPage","@id":"https:\/\/wp.kristdemokraterna.se\/uppsala\/segersam-trygghetskameror-racker-inte\/","url":"https:\/\/wp.kristdemokraterna.se\/uppsala\/segersam-trygghetskameror-racker-inte\/","name":"KD: Trygghetskameror r\u00e4cker inte! | Kristdemokraterna | Uppsala","isPartOf":{"@id":"https:\/\/wp.kristdemokraterna.se\/uppsala\/#website"},"primaryImageOfPage":{"@id":"https:\/\/wp.kristdemokraterna.se\/uppsala\/segersam-trygghetskameror-racker-inte\/#primaryimage"},"image":{"@id":"https:\/\/wp.kristdemokraterna.se\/uppsala\/segersam-trygghetskameror-racker-inte\/#primaryimage"},"thumbnailUrl":"https:\/\/wp.kristdemokraterna.se\/uppsala\/files\/2016\/05\/jonas_sgsm.png","datePublished":"2016-05-26T08:03:55+00:00","dateModified":"2024-04-03T23:04:26+00:00","breadcrumb":{"@id":"https:\/\/wp.kristdemokraterna.se\/uppsala\/segersam-trygghetskameror-racker-inte\/#breadcrumb"},"inLanguage":"sv-SE","potentialAction":[{"@type":"ReadAction","target":["https:\/\/wp.kristdemokraterna.se\/uppsala\/segersam-trygghetskameror-racker-inte\/"]}]},{"@type":"ImageObject","inLanguage":"sv-SE","@id":"https:\/\/wp.kristdemokraterna.se\/uppsala\/segersam-trygghetskameror-racker-inte\/#primaryimage","url":"https:\/\/wp.kristdemokraterna.se\/uppsala\/files\/2016\/05\/jonas_sgsm.png","contentUrl":"https:\/\/wp.kristdemokraterna.se\/uppsala\/files\/2016\/05\/jonas_sgsm.png","width":1024,"height":512},{"@type":"BreadcrumbList","@id":"https:\/\/wp.kristdemokraterna.se\/uppsala\/segersam-trygghetskameror-racker-inte\/#breadcrumb","itemListElement":[{"@type":"ListItem","position":1,"name":"Hem","item":"https:\/\/wp.kristdemokraterna.se\/uppsala\/"},{"@type":"ListItem","position":2,"name":"KD: Trygghetskameror r\u00e4cker inte!"}]},{"@type":"WebSite","@id":"https:\/\/wp.kristdemokraterna.se\/uppsala\/#website","url":"https:\/\/wp.kristdemokraterna.se\/uppsala\/","name":"Kristdemokraterna Uppsala","description":"Tryggare Uppsala","publisher":{"@id":"https:\/\/wp.kristdemokraterna.se\/uppsala\/#organization"},"inLanguage":"sv-SE"},{"@type":"Organization","@id":"https:\/\/wp.kristdemokraterna.se\/uppsala\/#organization","name":"Kristdemokraterna Uppsala","url":"https:\/\/wp.kristdemokraterna.se\/uppsala\/","logo":{"@type":"ImageObject","inLanguage":"sv-SE","@id":"https:\/\/wp.kristdemokraterna.se\/uppsala\/#\/schema\/logo\/image\/","url":"https:\/\/wp.kristdemokraterna.se\/uppsala\/files\/2019\/10\/kd-uppsala.png","contentUrl":"https:\/\/wp.kristdemokraterna.se\/uppsala\/files\/2019\/10\/kd-uppsala.png","width":804,"height":421,"caption":"Kristdemokraterna Uppsala"},"image":{"@id":"https:\/\/wp.kristdemokraterna.se\/uppsala\/#\/schema\/logo\/image\/"},"sameAs":["https:\/\/www.facebook.com\/UppsalaKD\/","https:\/\/www.instagram.com\/uppsalakd\/"]},{"@type":"Person","@id":"https:\/\/wp.kristdemokraterna.se\/uppsala\/#\/schema\/person\/038d805d685fb0ce5ad14ab8711d8e84","name":"Mimmi Westerlund","image":{"@type":"ImageObject","inLanguage":"sv-SE","@id":"https:\/\/secure.gravatar.com\/avatar\/a5697359f709b6b10d9c7e6a7c89f3e054554dedb4657d5ffe9e5bc5b1445841?s=96&r=g","url":"https:\/\/secure.gravatar.com\/avatar\/a5697359f709b6b10d9c7e6a7c89f3e054554dedb4657d5ffe9e5bc5b1445841?s=96&r=g","contentUrl":"https:\/\/secure.gravatar.com\/avatar\/a5697359f709b6b10d9c7e6a7c89f3e054554dedb4657d5ffe9e5bc5b1445841?s=96&r=g","caption":"Mimmi Westerlund"},"url":"https:\/\/wp.kristdemokraterna.se\/uppsala\/author\/mimmi\/"}]}},"_links":{"self":[{"href":"https:\/\/wp.kristdemokraterna.se\/uppsala\/wp-json\/wp\/v2\/posts\/2037","targetHints":{"allow":["GET"]}}],"collection":[{"href":"https:\/\/wp.kristdemokraterna.se\/uppsala\/wp-json\/wp\/v2\/posts"}],"about":[{"href":"https:\/\/wp.kristdemokraterna.se\/uppsala\/wp-json\/wp\/v2\/types\/post"}],"author":[{"embeddable":true,"href":"https:\/\/wp.kristdemokraterna.se\/uppsala\/wp-json\/wp\/v2\/users\/702"}],"replies":[{"embeddable":true,"href":"https:\/\/wp.kristdemokraterna.se\/uppsala\/wp-json\/wp\/v2\/comments?post=2037"}],"version-history":[{"count":4,"href":"https:\/\/wp.kristdemokraterna.se\/uppsala\/wp-json\/wp\/v2\/posts\/2037\/revisions"}],"predecessor-version":[{"id":2044,"href":"https:\/\/wp.kristdemokraterna.se\/uppsala\/wp-json\/wp\/v2\/posts\/2037\/revisions\/2044"}],"wp:featuredmedia":[{"embeddable":true,"href":"https:\/\/wp.kristdemokraterna.se\/uppsala\/wp-json\/wp\/v2\/media\/2038"}],"wp:attachment":[{"href":"https:\/\/wp.kristdemokraterna.se\/uppsala\/wp-json\/wp\/v2\/media?parent=2037"}],"wp:term":[{"taxonomy":"category","embeddable":true,"href":"https:\/\/wp.kristdemokraterna.se\/uppsala\/wp-json\/wp\/v2\/categories?post=2037"},{"taxonomy":"post_tag","embeddable":true,"href":"https:\/\/wp.kristdemokraterna.se\/uppsala\/wp-json\/wp\/v2\/tags?post=2037"}],"curies":[{"name":"wp","href":"https:\/\/api.w.org\/{rel}","templated":true}]}}