{"id":204,"date":"2011-11-14T21:17:54","date_gmt":"2011-11-14T20:17:54","guid":{"rendered":"http:\/\/www.uppsala.kristdemokraterna.se\/?p=204"},"modified":"2024-04-03T20:34:23","modified_gmt":"2024-04-03T18:34:23","slug":"varddjungeln-ska-bli-mindre-snarig","status":"publish","type":"post","link":"https:\/\/wp.kristdemokraterna.se\/uppsala\/varddjungeln-ska-bli-mindre-snarig\/","title":{"rendered":"V\u00e5rddjungeln ska bli mindre sn\u00e5rig"},"content":{"rendered":"<p><a href=\"http:\/\/wp.kristdemokraterna.se\/uppsala\/files\/2011\/11\/miriameriksson.jpg\"><img loading=\"lazy\" decoding=\"async\" class=\"size-medium wp-image-237 alignnone\" title=\"Miriam Eriksson\" src=\"http:\/\/wp.kristdemokraterna.se\/uppsala\/files\/2011\/11\/miriameriksson-300x161.jpg\" alt=\"Miriam Eriksson (KD); Landstingsr\u00e5d Uppsala L\u00e4n\" width=\"300\" height=\"161\" border=\"0\" \/><\/a><\/p>\n<p>V\u00e5rden uppfattas ofta av patienterna som en djungel. Vi beh\u00f6ver utreda hur bra v\u00e5rden samordnas i dag. \u00c4r det s\u00e5 att det finns stora brister, kan inf\u00f6randet av v\u00e5rdlotsar vara en l\u00f6sning p\u00e5 problemet, s\u00e4ger Miriam Eriksson (KD), ordf\u00f6rande f\u00f6r h\u00e4lso- och sjukv\u00e5rdsstyrelsen<\/p>\n<p><a href=\"http:\/\/www.unt.se\/uppsala\/varddjungeln-ska-bli-mindre-snarig-1533119.aspx\">http:\/\/www.unt.se\/uppsala\/varddjungeln-ska-bli-mindre-snarig-1533119.aspx<\/a><\/p>\n","protected":false},"excerpt":{"rendered":"<p>V\u00e5rden uppfattas ofta av patienterna som en djungel. Vi beh\u00f6ver utreda hur bra v\u00e5rden samordnas i dag. \u00c4r det s\u00e5 att det finns stora brister, kan inf\u00f6randet av v\u00e5rdlotsar vara en l\u00f6sning p\u00e5 problemet, s\u00e4ger Miriam Eriksson (KD), ordf\u00f6rande f\u00f6r h\u00e4lso- och sjukv\u00e5rdsstyrelsen http:\/\/www.unt.se\/uppsala\/varddjungeln-ska-bli-mindre-snarig-1533119.aspx<\/p>\n","protected":false},"author":564,"featured_media":0,"comment_status":"closed","ping_status":"closed","sticky":false,"template":"","format":"standard","meta":{"_acf_changed":false,"footnotes":""},"categories":[236],"tags":[],"class_list":["post-204","post","type-post","status-publish","format-standard","hentry","category-vard-o-omsorg"],"acf":[],"yoast_head":"<!-- This site is optimized with the Yoast SEO plugin v27.4 - https:\/\/yoast.com\/product\/yoast-seo-wordpress\/ -->\n<title>V\u00e5rddjungeln ska bli mindre sn\u00e5rig | Kristdemokraterna | Uppsala<\/title>\n<meta name=\"robots\" content=\"index, follow, max-snippet:-1, max-image-preview:large, max-video-preview:-1\" \/>\n<link rel=\"canonical\" href=\"https:\/\/wp.kristdemokraterna.se\/uppsala\/varddjungeln-ska-bli-mindre-snarig\/\" \/>\n<meta property=\"og:locale\" content=\"sv_SE\" \/>\n<meta property=\"og:type\" content=\"article\" \/>\n<meta property=\"og:title\" content=\"V\u00e5rddjungeln ska bli mindre sn\u00e5rig | Kristdemokraterna | Uppsala\" \/>\n<meta property=\"og:description\" content=\"V\u00e5rden uppfattas ofta av patienterna som en djungel. Vi beh\u00f6ver utreda hur bra v\u00e5rden samordnas i dag. \u00c4r det s\u00e5 att det finns stora brister, kan inf\u00f6randet av v\u00e5rdlotsar vara en l\u00f6sning p\u00e5 problemet, s\u00e4ger Miriam Eriksson (KD), ordf\u00f6rande f\u00f6r h\u00e4lso- och sjukv\u00e5rdsstyrelsen http:\/\/www.unt.se\/uppsala\/varddjungeln-ska-bli-mindre-snarig-1533119.aspx\" \/>\n<meta property=\"og:url\" content=\"https:\/\/wp.kristdemokraterna.se\/uppsala\/varddjungeln-ska-bli-mindre-snarig\/\" \/>\n<meta property=\"og:site_name\" content=\"Kristdemokraterna | Uppsala\" \/>\n<meta property=\"article:publisher\" content=\"https:\/\/www.facebook.com\/UppsalaKD\/\" \/>\n<meta property=\"article:published_time\" content=\"2011-11-14T20:17:54+00:00\" \/>\n<meta property=\"article:modified_time\" content=\"2024-04-03T18:34:23+00:00\" \/>\n<meta property=\"og:image\" content=\"http:\/\/wp.kristdemokraterna.se\/uppsala\/files\/2011\/11\/miriameriksson-300x161.jpg\" \/>\n<meta name=\"author\" content=\"uppsala\" \/>\n<meta name=\"twitter:card\" content=\"summary_large_image\" \/>\n<meta name=\"twitter:label1\" content=\"Skriven av\" \/>\n\t<meta name=\"twitter:data1\" content=\"uppsala\" \/>\n<script type=\"application\/ld+json\" class=\"yoast-schema-graph\">{\"@context\":\"https:\\\/\\\/schema.org\",\"@graph\":[{\"@type\":\"Article\",\"@id\":\"https:\\\/\\\/wp.kristdemokraterna.se\\\/uppsala\\\/varddjungeln-ska-bli-mindre-snarig\\\/#article\",\"isPartOf\":{\"@id\":\"https:\\\/\\\/wp.kristdemokraterna.se\\\/uppsala\\\/varddjungeln-ska-bli-mindre-snarig\\\/\"},\"author\":{\"name\":\"uppsala\",\"@id\":\"https:\\\/\\\/wp.kristdemokraterna.se\\\/uppsala\\\/#\\\/schema\\\/person\\\/1a9d5399e1cba3ef2aaa3e8ae402e7cb\"},\"headline\":\"V\u00e5rddjungeln ska bli mindre sn\u00e5rig\",\"datePublished\":\"2011-11-14T20:17:54+00:00\",\"dateModified\":\"2024-04-03T18:34:23+00:00\",\"mainEntityOfPage\":{\"@id\":\"https:\\\/\\\/wp.kristdemokraterna.se\\\/uppsala\\\/varddjungeln-ska-bli-mindre-snarig\\\/\"},\"wordCount\":68,\"publisher\":{\"@id\":\"https:\\\/\\\/wp.kristdemokraterna.se\\\/uppsala\\\/#organization\"},\"image\":{\"@id\":\"https:\\\/\\\/wp.kristdemokraterna.se\\\/uppsala\\\/varddjungeln-ska-bli-mindre-snarig\\\/#primaryimage\"},\"thumbnailUrl\":\"http:\\\/\\\/wp.kristdemokraterna.se\\\/uppsala\\\/files\\\/2011\\\/11\\\/miriameriksson-300x161.jpg\",\"articleSection\":[\"V\u00e5rd &amp; omsorg\"],\"inLanguage\":\"sv-SE\"},{\"@type\":\"WebPage\",\"@id\":\"https:\\\/\\\/wp.kristdemokraterna.se\\\/uppsala\\\/varddjungeln-ska-bli-mindre-snarig\\\/\",\"url\":\"https:\\\/\\\/wp.kristdemokraterna.se\\\/uppsala\\\/varddjungeln-ska-bli-mindre-snarig\\\/\",\"name\":\"V\u00e5rddjungeln ska bli mindre sn\u00e5rig | Kristdemokraterna | Uppsala\",\"isPartOf\":{\"@id\":\"https:\\\/\\\/wp.kristdemokraterna.se\\\/uppsala\\\/#website\"},\"primaryImageOfPage\":{\"@id\":\"https:\\\/\\\/wp.kristdemokraterna.se\\\/uppsala\\\/varddjungeln-ska-bli-mindre-snarig\\\/#primaryimage\"},\"image\":{\"@id\":\"https:\\\/\\\/wp.kristdemokraterna.se\\\/uppsala\\\/varddjungeln-ska-bli-mindre-snarig\\\/#primaryimage\"},\"thumbnailUrl\":\"http:\\\/\\\/wp.kristdemokraterna.se\\\/uppsala\\\/files\\\/2011\\\/11\\\/miriameriksson-300x161.jpg\",\"datePublished\":\"2011-11-14T20:17:54+00:00\",\"dateModified\":\"2024-04-03T18:34:23+00:00\",\"breadcrumb\":{\"@id\":\"https:\\\/\\\/wp.kristdemokraterna.se\\\/uppsala\\\/varddjungeln-ska-bli-mindre-snarig\\\/#breadcrumb\"},\"inLanguage\":\"sv-SE\",\"potentialAction\":[{\"@type\":\"ReadAction\",\"target\":[\"https:\\\/\\\/wp.kristdemokraterna.se\\\/uppsala\\\/varddjungeln-ska-bli-mindre-snarig\\\/\"]}]},{\"@type\":\"ImageObject\",\"inLanguage\":\"sv-SE\",\"@id\":\"https:\\\/\\\/wp.kristdemokraterna.se\\\/uppsala\\\/varddjungeln-ska-bli-mindre-snarig\\\/#primaryimage\",\"url\":\"http:\\\/\\\/wp.kristdemokraterna.se\\\/uppsala\\\/files\\\/2011\\\/11\\\/miriameriksson-300x161.jpg\",\"contentUrl\":\"http:\\\/\\\/wp.kristdemokraterna.se\\\/uppsala\\\/files\\\/2011\\\/11\\\/miriameriksson-300x161.jpg\"},{\"@type\":\"BreadcrumbList\",\"@id\":\"https:\\\/\\\/wp.kristdemokraterna.se\\\/uppsala\\\/varddjungeln-ska-bli-mindre-snarig\\\/#breadcrumb\",\"itemListElement\":[{\"@type\":\"ListItem\",\"position\":1,\"name\":\"Hem\",\"item\":\"https:\\\/\\\/wp.kristdemokraterna.se\\\/uppsala\\\/\"},{\"@type\":\"ListItem\",\"position\":2,\"name\":\"V\u00e5rddjungeln ska bli mindre sn\u00e5rig\"}]},{\"@type\":\"WebSite\",\"@id\":\"https:\\\/\\\/wp.kristdemokraterna.se\\\/uppsala\\\/#website\",\"url\":\"https:\\\/\\\/wp.kristdemokraterna.se\\\/uppsala\\\/\",\"name\":\"Kristdemokraterna Uppsala\",\"description\":\"Tryggare Uppsala\",\"publisher\":{\"@id\":\"https:\\\/\\\/wp.kristdemokraterna.se\\\/uppsala\\\/#organization\"},\"inLanguage\":\"sv-SE\"},{\"@type\":\"Organization\",\"@id\":\"https:\\\/\\\/wp.kristdemokraterna.se\\\/uppsala\\\/#organization\",\"name\":\"Kristdemokraterna Uppsala\",\"url\":\"https:\\\/\\\/wp.kristdemokraterna.se\\\/uppsala\\\/\",\"logo\":{\"@type\":\"ImageObject\",\"inLanguage\":\"sv-SE\",\"@id\":\"https:\\\/\\\/wp.kristdemokraterna.se\\\/uppsala\\\/#\\\/schema\\\/logo\\\/image\\\/\",\"url\":\"https:\\\/\\\/wp.kristdemokraterna.se\\\/uppsala\\\/files\\\/2019\\\/10\\\/kd-uppsala.png\",\"contentUrl\":\"https:\\\/\\\/wp.kristdemokraterna.se\\\/uppsala\\\/files\\\/2019\\\/10\\\/kd-uppsala.png\",\"width\":804,\"height\":421,\"caption\":\"Kristdemokraterna Uppsala\"},\"image\":{\"@id\":\"https:\\\/\\\/wp.kristdemokraterna.se\\\/uppsala\\\/#\\\/schema\\\/logo\\\/image\\\/\"},\"sameAs\":[\"https:\\\/\\\/www.facebook.com\\\/UppsalaKD\\\/\",\"https:\\\/\\\/www.instagram.com\\\/uppsalakd\\\/\"]},{\"@type\":\"Person\",\"@id\":\"https:\\\/\\\/wp.kristdemokraterna.se\\\/uppsala\\\/#\\\/schema\\\/person\\\/1a9d5399e1cba3ef2aaa3e8ae402e7cb\",\"name\":\"uppsala\",\"image\":{\"@type\":\"ImageObject\",\"inLanguage\":\"sv-SE\",\"@id\":\"https:\\\/\\\/secure.gravatar.com\\\/avatar\\\/6848f3cb6c9639d81462ad411b01edce447fb2c8b6efe4430e030aa29223462f?s=96&r=g\",\"url\":\"https:\\\/\\\/secure.gravatar.com\\\/avatar\\\/6848f3cb6c9639d81462ad411b01edce447fb2c8b6efe4430e030aa29223462f?s=96&r=g\",\"contentUrl\":\"https:\\\/\\\/secure.gravatar.com\\\/avatar\\\/6848f3cb6c9639d81462ad411b01edce447fb2c8b6efe4430e030aa29223462f?s=96&r=g\",\"caption\":\"uppsala\"},\"url\":\"https:\\\/\\\/wp.kristdemokraterna.se\\\/uppsala\\\/author\\\/uppsala\\\/\"}]}<\/script>\n<!-- \/ Yoast SEO plugin. -->","yoast_head_json":{"title":"V\u00e5rddjungeln ska bli mindre sn\u00e5rig | Kristdemokraterna | Uppsala","robots":{"index":"index","follow":"follow","max-snippet":"max-snippet:-1","max-image-preview":"max-image-preview:large","max-video-preview":"max-video-preview:-1"},"canonical":"https:\/\/wp.kristdemokraterna.se\/uppsala\/varddjungeln-ska-bli-mindre-snarig\/","og_locale":"sv_SE","og_type":"article","og_title":"V\u00e5rddjungeln ska bli mindre sn\u00e5rig | Kristdemokraterna | Uppsala","og_description":"V\u00e5rden uppfattas ofta av patienterna som en djungel. Vi beh\u00f6ver utreda hur bra v\u00e5rden samordnas i dag. \u00c4r det s\u00e5 att det finns stora brister, kan inf\u00f6randet av v\u00e5rdlotsar vara en l\u00f6sning p\u00e5 problemet, s\u00e4ger Miriam Eriksson (KD), ordf\u00f6rande f\u00f6r h\u00e4lso- och sjukv\u00e5rdsstyrelsen http:\/\/www.unt.se\/uppsala\/varddjungeln-ska-bli-mindre-snarig-1533119.aspx","og_url":"https:\/\/wp.kristdemokraterna.se\/uppsala\/varddjungeln-ska-bli-mindre-snarig\/","og_site_name":"Kristdemokraterna | Uppsala","article_publisher":"https:\/\/www.facebook.com\/UppsalaKD\/","article_published_time":"2011-11-14T20:17:54+00:00","article_modified_time":"2024-04-03T18:34:23+00:00","og_image":[{"url":"http:\/\/wp.kristdemokraterna.se\/uppsala\/files\/2011\/11\/miriameriksson-300x161.jpg","type":"","width":"","height":""}],"author":"uppsala","twitter_card":"summary_large_image","twitter_misc":{"Skriven av":"uppsala"},"schema":{"@context":"https:\/\/schema.org","@graph":[{"@type":"Article","@id":"https:\/\/wp.kristdemokraterna.se\/uppsala\/varddjungeln-ska-bli-mindre-snarig\/#article","isPartOf":{"@id":"https:\/\/wp.kristdemokraterna.se\/uppsala\/varddjungeln-ska-bli-mindre-snarig\/"},"author":{"name":"uppsala","@id":"https:\/\/wp.kristdemokraterna.se\/uppsala\/#\/schema\/person\/1a9d5399e1cba3ef2aaa3e8ae402e7cb"},"headline":"V\u00e5rddjungeln ska bli mindre sn\u00e5rig","datePublished":"2011-11-14T20:17:54+00:00","dateModified":"2024-04-03T18:34:23+00:00","mainEntityOfPage":{"@id":"https:\/\/wp.kristdemokraterna.se\/uppsala\/varddjungeln-ska-bli-mindre-snarig\/"},"wordCount":68,"publisher":{"@id":"https:\/\/wp.kristdemokraterna.se\/uppsala\/#organization"},"image":{"@id":"https:\/\/wp.kristdemokraterna.se\/uppsala\/varddjungeln-ska-bli-mindre-snarig\/#primaryimage"},"thumbnailUrl":"http:\/\/wp.kristdemokraterna.se\/uppsala\/files\/2011\/11\/miriameriksson-300x161.jpg","articleSection":["V\u00e5rd &amp; omsorg"],"inLanguage":"sv-SE"},{"@type":"WebPage","@id":"https:\/\/wp.kristdemokraterna.se\/uppsala\/varddjungeln-ska-bli-mindre-snarig\/","url":"https:\/\/wp.kristdemokraterna.se\/uppsala\/varddjungeln-ska-bli-mindre-snarig\/","name":"V\u00e5rddjungeln ska bli mindre sn\u00e5rig | Kristdemokraterna | Uppsala","isPartOf":{"@id":"https:\/\/wp.kristdemokraterna.se\/uppsala\/#website"},"primaryImageOfPage":{"@id":"https:\/\/wp.kristdemokraterna.se\/uppsala\/varddjungeln-ska-bli-mindre-snarig\/#primaryimage"},"image":{"@id":"https:\/\/wp.kristdemokraterna.se\/uppsala\/varddjungeln-ska-bli-mindre-snarig\/#primaryimage"},"thumbnailUrl":"http:\/\/wp.kristdemokraterna.se\/uppsala\/files\/2011\/11\/miriameriksson-300x161.jpg","datePublished":"2011-11-14T20:17:54+00:00","dateModified":"2024-04-03T18:34:23+00:00","breadcrumb":{"@id":"https:\/\/wp.kristdemokraterna.se\/uppsala\/varddjungeln-ska-bli-mindre-snarig\/#breadcrumb"},"inLanguage":"sv-SE","potentialAction":[{"@type":"ReadAction","target":["https:\/\/wp.kristdemokraterna.se\/uppsala\/varddjungeln-ska-bli-mindre-snarig\/"]}]},{"@type":"ImageObject","inLanguage":"sv-SE","@id":"https:\/\/wp.kristdemokraterna.se\/uppsala\/varddjungeln-ska-bli-mindre-snarig\/#primaryimage","url":"http:\/\/wp.kristdemokraterna.se\/uppsala\/files\/2011\/11\/miriameriksson-300x161.jpg","contentUrl":"http:\/\/wp.kristdemokraterna.se\/uppsala\/files\/2011\/11\/miriameriksson-300x161.jpg"},{"@type":"BreadcrumbList","@id":"https:\/\/wp.kristdemokraterna.se\/uppsala\/varddjungeln-ska-bli-mindre-snarig\/#breadcrumb","itemListElement":[{"@type":"ListItem","position":1,"name":"Hem","item":"https:\/\/wp.kristdemokraterna.se\/uppsala\/"},{"@type":"ListItem","position":2,"name":"V\u00e5rddjungeln ska bli mindre sn\u00e5rig"}]},{"@type":"WebSite","@id":"https:\/\/wp.kristdemokraterna.se\/uppsala\/#website","url":"https:\/\/wp.kristdemokraterna.se\/uppsala\/","name":"Kristdemokraterna Uppsala","description":"Tryggare Uppsala","publisher":{"@id":"https:\/\/wp.kristdemokraterna.se\/uppsala\/#organization"},"inLanguage":"sv-SE"},{"@type":"Organization","@id":"https:\/\/wp.kristdemokraterna.se\/uppsala\/#organization","name":"Kristdemokraterna Uppsala","url":"https:\/\/wp.kristdemokraterna.se\/uppsala\/","logo":{"@type":"ImageObject","inLanguage":"sv-SE","@id":"https:\/\/wp.kristdemokraterna.se\/uppsala\/#\/schema\/logo\/image\/","url":"https:\/\/wp.kristdemokraterna.se\/uppsala\/files\/2019\/10\/kd-uppsala.png","contentUrl":"https:\/\/wp.kristdemokraterna.se\/uppsala\/files\/2019\/10\/kd-uppsala.png","width":804,"height":421,"caption":"Kristdemokraterna Uppsala"},"image":{"@id":"https:\/\/wp.kristdemokraterna.se\/uppsala\/#\/schema\/logo\/image\/"},"sameAs":["https:\/\/www.facebook.com\/UppsalaKD\/","https:\/\/www.instagram.com\/uppsalakd\/"]},{"@type":"Person","@id":"https:\/\/wp.kristdemokraterna.se\/uppsala\/#\/schema\/person\/1a9d5399e1cba3ef2aaa3e8ae402e7cb","name":"uppsala","image":{"@type":"ImageObject","inLanguage":"sv-SE","@id":"https:\/\/secure.gravatar.com\/avatar\/6848f3cb6c9639d81462ad411b01edce447fb2c8b6efe4430e030aa29223462f?s=96&r=g","url":"https:\/\/secure.gravatar.com\/avatar\/6848f3cb6c9639d81462ad411b01edce447fb2c8b6efe4430e030aa29223462f?s=96&r=g","contentUrl":"https:\/\/secure.gravatar.com\/avatar\/6848f3cb6c9639d81462ad411b01edce447fb2c8b6efe4430e030aa29223462f?s=96&r=g","caption":"uppsala"},"url":"https:\/\/wp.kristdemokraterna.se\/uppsala\/author\/uppsala\/"}]}},"_links":{"self":[{"href":"https:\/\/wp.kristdemokraterna.se\/uppsala\/wp-json\/wp\/v2\/posts\/204","targetHints":{"allow":["GET"]}}],"collection":[{"href":"https:\/\/wp.kristdemokraterna.se\/uppsala\/wp-json\/wp\/v2\/posts"}],"about":[{"href":"https:\/\/wp.kristdemokraterna.se\/uppsala\/wp-json\/wp\/v2\/types\/post"}],"author":[{"embeddable":true,"href":"https:\/\/wp.kristdemokraterna.se\/uppsala\/wp-json\/wp\/v2\/users\/564"}],"replies":[{"embeddable":true,"href":"https:\/\/wp.kristdemokraterna.se\/uppsala\/wp-json\/wp\/v2\/comments?post=204"}],"version-history":[{"count":1,"href":"https:\/\/wp.kristdemokraterna.se\/uppsala\/wp-json\/wp\/v2\/posts\/204\/revisions"}],"predecessor-version":[{"id":1830,"href":"https:\/\/wp.kristdemokraterna.se\/uppsala\/wp-json\/wp\/v2\/posts\/204\/revisions\/1830"}],"wp:attachment":[{"href":"https:\/\/wp.kristdemokraterna.se\/uppsala\/wp-json\/wp\/v2\/media?parent=204"}],"wp:term":[{"taxonomy":"category","embeddable":true,"href":"https:\/\/wp.kristdemokraterna.se\/uppsala\/wp-json\/wp\/v2\/categories?post=204"},{"taxonomy":"post_tag","embeddable":true,"href":"https:\/\/wp.kristdemokraterna.se\/uppsala\/wp-json\/wp\/v2\/tags?post=204"}],"curies":[{"name":"wp","href":"https:\/\/api.w.org\/{rel}","templated":true}]}}