{"id":2049,"date":"2016-05-27T13:44:53","date_gmt":"2016-05-27T11:44:53","guid":{"rendered":"http:\/\/wp.kristdemokraterna.se\/uppsala\/?p=2049"},"modified":"2024-04-04T00:48:47","modified_gmt":"2024-04-03T22:48:47","slug":"modersmalsbeslut-maste-grundas-pa-kunskap","status":"publish","type":"post","link":"https:\/\/wp.kristdemokraterna.se\/uppsala\/modersmalsbeslut-maste-grundas-pa-kunskap\/","title":{"rendered":"Modersm\u00e5lsbeslut m\u00e5ste  grundas p\u00e5 kunskap"},"content":{"rendered":"<p>Majoriteten i Utbildningsn\u00e4mnden har lagt \u00e4nnu ett besparingsf\u00f6rslag. Som vanligt med v\u00e4nstermajoriteten har processen blivit fel, och i st\u00e4llet f\u00f6r en dialog med de som drabbas av f\u00f6r\u00e4ndringen blir det namnunderskrifter, upprop och protester mot det som uppfattas som ett redan fattat beslut.<\/p>\n<p><strong>Efter omfattande kritik fr\u00e5n s\u00e5v\u00e4l forskare som f\u00f6r\u00e4ldrar och modersm\u00e5lspedagoger finns nu ett modifierat f\u00f6rslag till Utbildningsn\u00e4mndens m\u00f6te 1 juni. Detta g\u00e5r i r\u00e4tt riktning men vi skulle vilja se f\u00f6rslaget \u00e5terremitterat till h\u00f6sten. <\/strong><\/p>\n<p>En sj\u00e4lvklar utg\u00e5ngspunkt f\u00f6r oss \u00e4r att alla barn i Uppsala kommun, som har ett annat modersm\u00e5l \u00e4n svenska, ska st\u00f6djas till fullt fungerande tv\u00e5(eller tre-)spr\u00e5kighet. Detta kommer att ge stora f\u00f6rdelar i framtiden b\u00e5de f\u00f6r den enskilde och f\u00f6r samh\u00e4llet i stort. Vi vill samtidigt p\u00e5peka att f\u00f6rskolan aldrig kan ers\u00e4tta f\u00f6r\u00e4ldrarnas roll i inl\u00e4rningen av modersm\u00e5let.<\/p>\n<p>Sm\u00e5 barns spr\u00e5kinl\u00e4rning och spr\u00e5kanv\u00e4ndning bygger p\u00e5 relationer. H\u00e4r \u00e4r det betydelsefullt att ge barnen en trygg anknytning i en liten barngrupp med f\u00e5 vuxna och andra barn att f\u00f6rh\u00e5lla sig till. Genom att bygga bra och trygga relationer mellan f\u00f6rskolepersonalen och barnen kan man ocks\u00e5 skapa bra f\u00f6ruts\u00e4ttningar f\u00f6r personalen att arbeta med barnens spr\u00e5k och kulturella bakgrund. D\u00e4rf\u00f6r \u00e4r vi i grunden positiva till att se \u00f6ver modersm\u00e5lsst\u00f6det f\u00f6r f\u00f6rskolebarnen, samtidigt som vi m\u00e5ste ha stor lyh\u00f6rdhet f\u00f6r expertisens r\u00f6n.<\/p>\n<p>F\u00f6rskoll\u00e4rarna b\u00f6r ses som suver\u00e4na pedagoger med helhetsansvaret f\u00f6r den pedagogiska verksamheten. \u00a0Det kan d\u00e4rf\u00f6r tyckas naturligt att \u00f6verf\u00f6ra ansvaret f\u00f6r modersm\u00e5lsst\u00f6det till f\u00f6rskolorna och barnomsorgen, och ge den personal som redan finns d\u00e4r st\u00f6rre kunskaper och f\u00f6rm\u00e5ga att arbeta med de sm\u00e5 barnens spr\u00e5kliga och kulturella identitet.<\/p>\n<p>Det beh\u00f6vs en redovisning av tillg\u00e4nglig forskning eller erfarenhet som grund f\u00f6r f\u00f6rslaget. Vad finns det f\u00f6r tidigare erfarenheter av att personal som varken f\u00f6rst\u00e5r eller kan tala barnens olika modersm\u00e5l lyckas med uppgiften att f\u00e5 barnen att utveckla sin kulturella identitet och sin f\u00f6rm\u00e5ga att kommunicera p\u00e5 sitt modersm\u00e5l?<\/p>\n<ol>\n<li><strong><strong>M\u00e5nga barn \u00e4r ensamma om att tala sitt hemspr\u00e5k p\u00e5 den f\u00f6rskola d\u00e4r de g\u00e5r. Det beh\u00f6ver belysas n\u00e4rmare hur dessa barn f\u00e5r r\u00e4tt st\u00f6d.<\/strong><\/strong><\/li>\n<li><strong><strong>Det \u00e4r ocks\u00e5 viktigt att <u>alla<\/u> barn f\u00e5r st\u00f6d i sitt modersm\u00e5l i f\u00f6rskolan. H\u00e4r finns skrivningar i majoritetens f\u00f6rslag om barn med <em>\u201dbehov\u201d<\/em> av s\u00e5dant st\u00f6d.<\/strong><\/strong><\/li>\n<li><strong>Vi vill \u00e5teremittera \u00e4rendet s\u00e5 att ytterligare \u00f6verl\u00e4ggningar med bland annat representanter f\u00f6r forskningen kan genomf\u00f6ras.<\/strong><\/li>\n<\/ol>\n<p>&nbsp;<\/p>\n<p><strong>Martin Wisell (KD)<\/strong><br \/>\nLedamot i utbildningsn\u00e4mnden<\/p>\n<p><strong>Felicia Sundmark (KD)<\/strong><br \/>\nErs\u00e4ttare i utbildningsn\u00e4mnden<\/p>\n","protected":false},"excerpt":{"rendered":"<p>Majoriteten i Utbildningsn\u00e4mnden har lagt \u00e4nnu ett besparingsf\u00f6rslag. Som vanligt med v\u00e4nstermajoriteten har processen blivit fel, och i st\u00e4llet f\u00f6r en dialog med de som drabbas av f\u00f6r\u00e4ndringen blir det namnunderskrifter, upprop och protester mot det som uppfattas som ett redan fattat beslut. Efter omfattande kritik fr\u00e5n s\u00e5v\u00e4l forskare som f\u00f6r\u00e4ldrar och modersm\u00e5lspedagoger finns nu <a class=\"read-more-link\" href=\"https:\/\/wp.kristdemokraterna.se\/uppsala\/modersmalsbeslut-maste-grundas-pa-kunskap\/\">Read More<\/a><\/p>\n","protected":false},"author":702,"featured_media":2056,"comment_status":"closed","ping_status":"closed","sticky":false,"template":"","format":"standard","meta":{"_acf_changed":false,"footnotes":""},"categories":[241],"tags":[],"class_list":["post-2049","post","type-post","status-publish","format-standard","hentry","category-familj-och-skola"],"acf":[],"yoast_head":"<!-- This site is optimized with the Yoast SEO plugin v27.4 - https:\/\/yoast.com\/product\/yoast-seo-wordpress\/ -->\n<title>Modersm\u00e5lsbeslut m\u00e5ste grundas p\u00e5 kunskap | Kristdemokraterna | Uppsala<\/title>\n<meta name=\"robots\" content=\"index, follow, max-snippet:-1, max-image-preview:large, max-video-preview:-1\" \/>\n<link rel=\"canonical\" href=\"https:\/\/wp.kristdemokraterna.se\/uppsala\/modersmalsbeslut-maste-grundas-pa-kunskap\/\" \/>\n<meta property=\"og:locale\" content=\"sv_SE\" \/>\n<meta property=\"og:type\" content=\"article\" \/>\n<meta property=\"og:title\" content=\"Modersm\u00e5lsbeslut m\u00e5ste grundas p\u00e5 kunskap | Kristdemokraterna | Uppsala\" \/>\n<meta property=\"og:description\" content=\"Majoriteten i Utbildningsn\u00e4mnden har lagt \u00e4nnu ett besparingsf\u00f6rslag. Som vanligt med v\u00e4nstermajoriteten har processen blivit fel, och i st\u00e4llet f\u00f6r en dialog med de som drabbas av f\u00f6r\u00e4ndringen blir det namnunderskrifter, upprop och protester mot det som uppfattas som ett redan fattat beslut. Efter omfattande kritik fr\u00e5n s\u00e5v\u00e4l forskare som f\u00f6r\u00e4ldrar och modersm\u00e5lspedagoger finns nu Read More\" \/>\n<meta property=\"og:url\" content=\"https:\/\/wp.kristdemokraterna.se\/uppsala\/modersmalsbeslut-maste-grundas-pa-kunskap\/\" \/>\n<meta property=\"og:site_name\" content=\"Kristdemokraterna | Uppsala\" \/>\n<meta property=\"article:publisher\" content=\"https:\/\/www.facebook.com\/UppsalaKD\/\" \/>\n<meta property=\"article:published_time\" content=\"2016-05-27T11:44:53+00:00\" \/>\n<meta property=\"article:modified_time\" content=\"2024-04-03T22:48:47+00:00\" \/>\n<meta property=\"og:image\" content=\"http:\/\/wp.kristdemokraterna.se\/uppsala\/files\/2016\/05\/martin-felicia-1.png\" \/>\n\t<meta property=\"og:image:width\" content=\"1024\" \/>\n\t<meta property=\"og:image:height\" content=\"512\" \/>\n\t<meta property=\"og:image:type\" content=\"image\/png\" \/>\n<meta name=\"author\" content=\"Mimmi Westerlund\" \/>\n<meta name=\"twitter:card\" content=\"summary_large_image\" \/>\n<meta name=\"twitter:label1\" content=\"Skriven av\" \/>\n\t<meta name=\"twitter:data1\" content=\"Mimmi Westerlund\" \/>\n\t<meta name=\"twitter:label2\" content=\"Ber\u00e4knad l\u00e4stid\" \/>\n\t<meta name=\"twitter:data2\" content=\"3 minuter\" \/>\n<script type=\"application\/ld+json\" class=\"yoast-schema-graph\">{\"@context\":\"https:\\\/\\\/schema.org\",\"@graph\":[{\"@type\":\"Article\",\"@id\":\"https:\\\/\\\/wp.kristdemokraterna.se\\\/uppsala\\\/modersmalsbeslut-maste-grundas-pa-kunskap\\\/#article\",\"isPartOf\":{\"@id\":\"https:\\\/\\\/wp.kristdemokraterna.se\\\/uppsala\\\/modersmalsbeslut-maste-grundas-pa-kunskap\\\/\"},\"author\":{\"name\":\"Mimmi Westerlund\",\"@id\":\"https:\\\/\\\/wp.kristdemokraterna.se\\\/uppsala\\\/#\\\/schema\\\/person\\\/038d805d685fb0ce5ad14ab8711d8e84\"},\"headline\":\"Modersm\u00e5lsbeslut m\u00e5ste grundas p\u00e5 kunskap\",\"datePublished\":\"2016-05-27T11:44:53+00:00\",\"dateModified\":\"2024-04-03T22:48:47+00:00\",\"mainEntityOfPage\":{\"@id\":\"https:\\\/\\\/wp.kristdemokraterna.se\\\/uppsala\\\/modersmalsbeslut-maste-grundas-pa-kunskap\\\/\"},\"wordCount\":516,\"publisher\":{\"@id\":\"https:\\\/\\\/wp.kristdemokraterna.se\\\/uppsala\\\/#organization\"},\"image\":{\"@id\":\"https:\\\/\\\/wp.kristdemokraterna.se\\\/uppsala\\\/modersmalsbeslut-maste-grundas-pa-kunskap\\\/#primaryimage\"},\"thumbnailUrl\":\"https:\\\/\\\/wp.kristdemokraterna.se\\\/uppsala\\\/files\\\/2016\\\/05\\\/martin-felicia-1.png\",\"articleSection\":[\"Familj &amp; skola\"],\"inLanguage\":\"sv-SE\"},{\"@type\":\"WebPage\",\"@id\":\"https:\\\/\\\/wp.kristdemokraterna.se\\\/uppsala\\\/modersmalsbeslut-maste-grundas-pa-kunskap\\\/\",\"url\":\"https:\\\/\\\/wp.kristdemokraterna.se\\\/uppsala\\\/modersmalsbeslut-maste-grundas-pa-kunskap\\\/\",\"name\":\"Modersm\u00e5lsbeslut m\u00e5ste grundas p\u00e5 kunskap | Kristdemokraterna | Uppsala\",\"isPartOf\":{\"@id\":\"https:\\\/\\\/wp.kristdemokraterna.se\\\/uppsala\\\/#website\"},\"primaryImageOfPage\":{\"@id\":\"https:\\\/\\\/wp.kristdemokraterna.se\\\/uppsala\\\/modersmalsbeslut-maste-grundas-pa-kunskap\\\/#primaryimage\"},\"image\":{\"@id\":\"https:\\\/\\\/wp.kristdemokraterna.se\\\/uppsala\\\/modersmalsbeslut-maste-grundas-pa-kunskap\\\/#primaryimage\"},\"thumbnailUrl\":\"https:\\\/\\\/wp.kristdemokraterna.se\\\/uppsala\\\/files\\\/2016\\\/05\\\/martin-felicia-1.png\",\"datePublished\":\"2016-05-27T11:44:53+00:00\",\"dateModified\":\"2024-04-03T22:48:47+00:00\",\"breadcrumb\":{\"@id\":\"https:\\\/\\\/wp.kristdemokraterna.se\\\/uppsala\\\/modersmalsbeslut-maste-grundas-pa-kunskap\\\/#breadcrumb\"},\"inLanguage\":\"sv-SE\",\"potentialAction\":[{\"@type\":\"ReadAction\",\"target\":[\"https:\\\/\\\/wp.kristdemokraterna.se\\\/uppsala\\\/modersmalsbeslut-maste-grundas-pa-kunskap\\\/\"]}]},{\"@type\":\"ImageObject\",\"inLanguage\":\"sv-SE\",\"@id\":\"https:\\\/\\\/wp.kristdemokraterna.se\\\/uppsala\\\/modersmalsbeslut-maste-grundas-pa-kunskap\\\/#primaryimage\",\"url\":\"https:\\\/\\\/wp.kristdemokraterna.se\\\/uppsala\\\/files\\\/2016\\\/05\\\/martin-felicia-1.png\",\"contentUrl\":\"https:\\\/\\\/wp.kristdemokraterna.se\\\/uppsala\\\/files\\\/2016\\\/05\\\/martin-felicia-1.png\",\"width\":1024,\"height\":512},{\"@type\":\"BreadcrumbList\",\"@id\":\"https:\\\/\\\/wp.kristdemokraterna.se\\\/uppsala\\\/modersmalsbeslut-maste-grundas-pa-kunskap\\\/#breadcrumb\",\"itemListElement\":[{\"@type\":\"ListItem\",\"position\":1,\"name\":\"Hem\",\"item\":\"https:\\\/\\\/wp.kristdemokraterna.se\\\/uppsala\\\/\"},{\"@type\":\"ListItem\",\"position\":2,\"name\":\"Modersm\u00e5lsbeslut m\u00e5ste grundas p\u00e5 kunskap\"}]},{\"@type\":\"WebSite\",\"@id\":\"https:\\\/\\\/wp.kristdemokraterna.se\\\/uppsala\\\/#website\",\"url\":\"https:\\\/\\\/wp.kristdemokraterna.se\\\/uppsala\\\/\",\"name\":\"Kristdemokraterna Uppsala\",\"description\":\"Tryggare Uppsala\",\"publisher\":{\"@id\":\"https:\\\/\\\/wp.kristdemokraterna.se\\\/uppsala\\\/#organization\"},\"inLanguage\":\"sv-SE\"},{\"@type\":\"Organization\",\"@id\":\"https:\\\/\\\/wp.kristdemokraterna.se\\\/uppsala\\\/#organization\",\"name\":\"Kristdemokraterna Uppsala\",\"url\":\"https:\\\/\\\/wp.kristdemokraterna.se\\\/uppsala\\\/\",\"logo\":{\"@type\":\"ImageObject\",\"inLanguage\":\"sv-SE\",\"@id\":\"https:\\\/\\\/wp.kristdemokraterna.se\\\/uppsala\\\/#\\\/schema\\\/logo\\\/image\\\/\",\"url\":\"https:\\\/\\\/wp.kristdemokraterna.se\\\/uppsala\\\/files\\\/2019\\\/10\\\/kd-uppsala.png\",\"contentUrl\":\"https:\\\/\\\/wp.kristdemokraterna.se\\\/uppsala\\\/files\\\/2019\\\/10\\\/kd-uppsala.png\",\"width\":804,\"height\":421,\"caption\":\"Kristdemokraterna Uppsala\"},\"image\":{\"@id\":\"https:\\\/\\\/wp.kristdemokraterna.se\\\/uppsala\\\/#\\\/schema\\\/logo\\\/image\\\/\"},\"sameAs\":[\"https:\\\/\\\/www.facebook.com\\\/UppsalaKD\\\/\",\"https:\\\/\\\/www.instagram.com\\\/uppsalakd\\\/\"]},{\"@type\":\"Person\",\"@id\":\"https:\\\/\\\/wp.kristdemokraterna.se\\\/uppsala\\\/#\\\/schema\\\/person\\\/038d805d685fb0ce5ad14ab8711d8e84\",\"name\":\"Mimmi Westerlund\",\"image\":{\"@type\":\"ImageObject\",\"inLanguage\":\"sv-SE\",\"@id\":\"https:\\\/\\\/secure.gravatar.com\\\/avatar\\\/a5697359f709b6b10d9c7e6a7c89f3e054554dedb4657d5ffe9e5bc5b1445841?s=96&r=g\",\"url\":\"https:\\\/\\\/secure.gravatar.com\\\/avatar\\\/a5697359f709b6b10d9c7e6a7c89f3e054554dedb4657d5ffe9e5bc5b1445841?s=96&r=g\",\"contentUrl\":\"https:\\\/\\\/secure.gravatar.com\\\/avatar\\\/a5697359f709b6b10d9c7e6a7c89f3e054554dedb4657d5ffe9e5bc5b1445841?s=96&r=g\",\"caption\":\"Mimmi Westerlund\"},\"url\":\"https:\\\/\\\/wp.kristdemokraterna.se\\\/uppsala\\\/author\\\/mimmi\\\/\"}]}<\/script>\n<!-- \/ Yoast SEO plugin. -->","yoast_head_json":{"title":"Modersm\u00e5lsbeslut m\u00e5ste grundas p\u00e5 kunskap | Kristdemokraterna | Uppsala","robots":{"index":"index","follow":"follow","max-snippet":"max-snippet:-1","max-image-preview":"max-image-preview:large","max-video-preview":"max-video-preview:-1"},"canonical":"https:\/\/wp.kristdemokraterna.se\/uppsala\/modersmalsbeslut-maste-grundas-pa-kunskap\/","og_locale":"sv_SE","og_type":"article","og_title":"Modersm\u00e5lsbeslut m\u00e5ste grundas p\u00e5 kunskap | Kristdemokraterna | Uppsala","og_description":"Majoriteten i Utbildningsn\u00e4mnden har lagt \u00e4nnu ett besparingsf\u00f6rslag. Som vanligt med v\u00e4nstermajoriteten har processen blivit fel, och i st\u00e4llet f\u00f6r en dialog med de som drabbas av f\u00f6r\u00e4ndringen blir det namnunderskrifter, upprop och protester mot det som uppfattas som ett redan fattat beslut. Efter omfattande kritik fr\u00e5n s\u00e5v\u00e4l forskare som f\u00f6r\u00e4ldrar och modersm\u00e5lspedagoger finns nu Read More","og_url":"https:\/\/wp.kristdemokraterna.se\/uppsala\/modersmalsbeslut-maste-grundas-pa-kunskap\/","og_site_name":"Kristdemokraterna | Uppsala","article_publisher":"https:\/\/www.facebook.com\/UppsalaKD\/","article_published_time":"2016-05-27T11:44:53+00:00","article_modified_time":"2024-04-03T22:48:47+00:00","og_image":[{"width":1024,"height":512,"url":"http:\/\/wp.kristdemokraterna.se\/uppsala\/files\/2016\/05\/martin-felicia-1.png","type":"image\/png"}],"author":"Mimmi Westerlund","twitter_card":"summary_large_image","twitter_misc":{"Skriven av":"Mimmi Westerlund","Ber\u00e4knad l\u00e4stid":"3 minuter"},"schema":{"@context":"https:\/\/schema.org","@graph":[{"@type":"Article","@id":"https:\/\/wp.kristdemokraterna.se\/uppsala\/modersmalsbeslut-maste-grundas-pa-kunskap\/#article","isPartOf":{"@id":"https:\/\/wp.kristdemokraterna.se\/uppsala\/modersmalsbeslut-maste-grundas-pa-kunskap\/"},"author":{"name":"Mimmi Westerlund","@id":"https:\/\/wp.kristdemokraterna.se\/uppsala\/#\/schema\/person\/038d805d685fb0ce5ad14ab8711d8e84"},"headline":"Modersm\u00e5lsbeslut m\u00e5ste grundas p\u00e5 kunskap","datePublished":"2016-05-27T11:44:53+00:00","dateModified":"2024-04-03T22:48:47+00:00","mainEntityOfPage":{"@id":"https:\/\/wp.kristdemokraterna.se\/uppsala\/modersmalsbeslut-maste-grundas-pa-kunskap\/"},"wordCount":516,"publisher":{"@id":"https:\/\/wp.kristdemokraterna.se\/uppsala\/#organization"},"image":{"@id":"https:\/\/wp.kristdemokraterna.se\/uppsala\/modersmalsbeslut-maste-grundas-pa-kunskap\/#primaryimage"},"thumbnailUrl":"https:\/\/wp.kristdemokraterna.se\/uppsala\/files\/2016\/05\/martin-felicia-1.png","articleSection":["Familj &amp; skola"],"inLanguage":"sv-SE"},{"@type":"WebPage","@id":"https:\/\/wp.kristdemokraterna.se\/uppsala\/modersmalsbeslut-maste-grundas-pa-kunskap\/","url":"https:\/\/wp.kristdemokraterna.se\/uppsala\/modersmalsbeslut-maste-grundas-pa-kunskap\/","name":"Modersm\u00e5lsbeslut m\u00e5ste grundas p\u00e5 kunskap | Kristdemokraterna | Uppsala","isPartOf":{"@id":"https:\/\/wp.kristdemokraterna.se\/uppsala\/#website"},"primaryImageOfPage":{"@id":"https:\/\/wp.kristdemokraterna.se\/uppsala\/modersmalsbeslut-maste-grundas-pa-kunskap\/#primaryimage"},"image":{"@id":"https:\/\/wp.kristdemokraterna.se\/uppsala\/modersmalsbeslut-maste-grundas-pa-kunskap\/#primaryimage"},"thumbnailUrl":"https:\/\/wp.kristdemokraterna.se\/uppsala\/files\/2016\/05\/martin-felicia-1.png","datePublished":"2016-05-27T11:44:53+00:00","dateModified":"2024-04-03T22:48:47+00:00","breadcrumb":{"@id":"https:\/\/wp.kristdemokraterna.se\/uppsala\/modersmalsbeslut-maste-grundas-pa-kunskap\/#breadcrumb"},"inLanguage":"sv-SE","potentialAction":[{"@type":"ReadAction","target":["https:\/\/wp.kristdemokraterna.se\/uppsala\/modersmalsbeslut-maste-grundas-pa-kunskap\/"]}]},{"@type":"ImageObject","inLanguage":"sv-SE","@id":"https:\/\/wp.kristdemokraterna.se\/uppsala\/modersmalsbeslut-maste-grundas-pa-kunskap\/#primaryimage","url":"https:\/\/wp.kristdemokraterna.se\/uppsala\/files\/2016\/05\/martin-felicia-1.png","contentUrl":"https:\/\/wp.kristdemokraterna.se\/uppsala\/files\/2016\/05\/martin-felicia-1.png","width":1024,"height":512},{"@type":"BreadcrumbList","@id":"https:\/\/wp.kristdemokraterna.se\/uppsala\/modersmalsbeslut-maste-grundas-pa-kunskap\/#breadcrumb","itemListElement":[{"@type":"ListItem","position":1,"name":"Hem","item":"https:\/\/wp.kristdemokraterna.se\/uppsala\/"},{"@type":"ListItem","position":2,"name":"Modersm\u00e5lsbeslut m\u00e5ste grundas p\u00e5 kunskap"}]},{"@type":"WebSite","@id":"https:\/\/wp.kristdemokraterna.se\/uppsala\/#website","url":"https:\/\/wp.kristdemokraterna.se\/uppsala\/","name":"Kristdemokraterna Uppsala","description":"Tryggare Uppsala","publisher":{"@id":"https:\/\/wp.kristdemokraterna.se\/uppsala\/#organization"},"inLanguage":"sv-SE"},{"@type":"Organization","@id":"https:\/\/wp.kristdemokraterna.se\/uppsala\/#organization","name":"Kristdemokraterna Uppsala","url":"https:\/\/wp.kristdemokraterna.se\/uppsala\/","logo":{"@type":"ImageObject","inLanguage":"sv-SE","@id":"https:\/\/wp.kristdemokraterna.se\/uppsala\/#\/schema\/logo\/image\/","url":"https:\/\/wp.kristdemokraterna.se\/uppsala\/files\/2019\/10\/kd-uppsala.png","contentUrl":"https:\/\/wp.kristdemokraterna.se\/uppsala\/files\/2019\/10\/kd-uppsala.png","width":804,"height":421,"caption":"Kristdemokraterna Uppsala"},"image":{"@id":"https:\/\/wp.kristdemokraterna.se\/uppsala\/#\/schema\/logo\/image\/"},"sameAs":["https:\/\/www.facebook.com\/UppsalaKD\/","https:\/\/www.instagram.com\/uppsalakd\/"]},{"@type":"Person","@id":"https:\/\/wp.kristdemokraterna.se\/uppsala\/#\/schema\/person\/038d805d685fb0ce5ad14ab8711d8e84","name":"Mimmi Westerlund","image":{"@type":"ImageObject","inLanguage":"sv-SE","@id":"https:\/\/secure.gravatar.com\/avatar\/a5697359f709b6b10d9c7e6a7c89f3e054554dedb4657d5ffe9e5bc5b1445841?s=96&r=g","url":"https:\/\/secure.gravatar.com\/avatar\/a5697359f709b6b10d9c7e6a7c89f3e054554dedb4657d5ffe9e5bc5b1445841?s=96&r=g","contentUrl":"https:\/\/secure.gravatar.com\/avatar\/a5697359f709b6b10d9c7e6a7c89f3e054554dedb4657d5ffe9e5bc5b1445841?s=96&r=g","caption":"Mimmi Westerlund"},"url":"https:\/\/wp.kristdemokraterna.se\/uppsala\/author\/mimmi\/"}]}},"_links":{"self":[{"href":"https:\/\/wp.kristdemokraterna.se\/uppsala\/wp-json\/wp\/v2\/posts\/2049","targetHints":{"allow":["GET"]}}],"collection":[{"href":"https:\/\/wp.kristdemokraterna.se\/uppsala\/wp-json\/wp\/v2\/posts"}],"about":[{"href":"https:\/\/wp.kristdemokraterna.se\/uppsala\/wp-json\/wp\/v2\/types\/post"}],"author":[{"embeddable":true,"href":"https:\/\/wp.kristdemokraterna.se\/uppsala\/wp-json\/wp\/v2\/users\/702"}],"replies":[{"embeddable":true,"href":"https:\/\/wp.kristdemokraterna.se\/uppsala\/wp-json\/wp\/v2\/comments?post=2049"}],"version-history":[{"count":5,"href":"https:\/\/wp.kristdemokraterna.se\/uppsala\/wp-json\/wp\/v2\/posts\/2049\/revisions"}],"predecessor-version":[{"id":2058,"href":"https:\/\/wp.kristdemokraterna.se\/uppsala\/wp-json\/wp\/v2\/posts\/2049\/revisions\/2058"}],"wp:featuredmedia":[{"embeddable":true,"href":"https:\/\/wp.kristdemokraterna.se\/uppsala\/wp-json\/wp\/v2\/media\/2056"}],"wp:attachment":[{"href":"https:\/\/wp.kristdemokraterna.se\/uppsala\/wp-json\/wp\/v2\/media?parent=2049"}],"wp:term":[{"taxonomy":"category","embeddable":true,"href":"https:\/\/wp.kristdemokraterna.se\/uppsala\/wp-json\/wp\/v2\/categories?post=2049"},{"taxonomy":"post_tag","embeddable":true,"href":"https:\/\/wp.kristdemokraterna.se\/uppsala\/wp-json\/wp\/v2\/tags?post=2049"}],"curies":[{"name":"wp","href":"https:\/\/api.w.org\/{rel}","templated":true}]}}