{"id":2059,"date":"2016-05-30T14:20:54","date_gmt":"2016-05-30T12:20:54","guid":{"rendered":"http:\/\/wp.kristdemokraterna.se\/uppsala\/?p=2059"},"modified":"2024-04-04T01:04:12","modified_gmt":"2024-04-03T23:04:12","slug":"ordning-och-reda-i-mottagandet-kd-vill-flytta-over-ensamkommande","status":"publish","type":"post","link":"https:\/\/wp.kristdemokraterna.se\/uppsala\/ordning-och-reda-i-mottagandet-kd-vill-flytta-over-ensamkommande\/","title":{"rendered":"Ordning och reda i mottagandet &#8211; KD vill flytta \u00f6ver ensamkommande"},"content":{"rendered":"<p><strong>Efter f\u00f6rra \u00e5rets flyktingtillstr\u00f6mning till Sverige uppstod en stor oreda i att hitta boende och gode m\u00e4n f\u00f6r ensamkommande flyktingbarn- och ungdomar. <\/strong><strong>Av de 1 326 placerade i Uppsala kommun har 618 placerats\u00a0h\u00e4r av andra kommuner, vilket g\u00f6r insatserna sv\u00e5ra att koordinera. Nu ber Jonas Segersam (KD) den r\u00f6dgr\u00f6na majoriteten att p\u00e5b\u00f6rja \u00f6verflyttningen.<\/strong><\/p>\n<p>Migrationsverket placerar ungdomar i olika kommuner i landet, men det \u00e4r<\/p>\n<p>inte ovanligt att de kommunerna i sin tur placerar dem h\u00e4r i Uppsala p\u00e5 grund av exempelvis bostadsbrist. Det f\u00f6rsv\u00e5rar b\u00e5de f\u00f6r &#8221;hemkommunernas&#8221; m\u00f6jlighet att f\u00f6lja upp placeringarna och f\u00f6r Uppsala att kunna k\u00e4nna till och st\u00f6dja de som vistas h\u00e4r p\u00e5 b\u00e4sta s\u00e4tt.\u00a0Uppsala kommun b\u00f6r agera aktivt f\u00f6r, i de fall det \u00e4r l\u00e4mpligt, att ansvaret f\u00f6r de ungdomar som uppeh\u00e5ller sig h\u00e4r \u00f6verf\u00f6rs till just Uppsala kommun. P\u00e5 samma s\u00e4tt b\u00f6r ansvaret f\u00f6r ungdomar tilldelade Uppsala kommun men som placerats i andra kommuner \u00f6verf\u00f6ras till dem.<\/p>\n<div id=\"attachment_2060\" style=\"width: 310px\" class=\"wp-caption alignleft\"><img loading=\"lazy\" decoding=\"async\" aria-describedby=\"caption-attachment-2060\" class=\"wp-image-2060 size-medium\" src=\"http:\/\/wp.kristdemokraterna.se\/uppsala\/files\/2016\/05\/bildhemsidanflykting-300x224.png\" alt=\"Statistik per maj 2016\" width=\"300\" height=\"224\" srcset=\"https:\/\/wp.kristdemokraterna.se\/uppsala\/files\/2016\/05\/bildhemsidanflykting-300x224.png 300w, https:\/\/wp.kristdemokraterna.se\/uppsala\/files\/2016\/05\/bildhemsidanflykting-540x403.png 540w, https:\/\/wp.kristdemokraterna.se\/uppsala\/files\/2016\/05\/bildhemsidanflykting.png 718w\" sizes=\"auto, (max-width: 300px) 100vw, 300px\" \/><p id=\"caption-attachment-2060\" class=\"wp-caption-text\">Statistik per maj 2016<\/p><\/div>\n<p><strong>D\u00e4rf\u00f6r har vi fr\u00e5gat kommunstyrelsens ordf\u00f6rande Marlene Burwick (S) om hon \u00e4r beredd att jobba f\u00f6r att \u00f6verf\u00f6ringen mellan kommunerna styrs upp. Hon har dock inte i sitt svar l\u00e4mnat n\u00e5got besked om detta \u00e4r n\u00e5got Uppsala kommun kommer att verka f\u00f6r.<\/strong><\/p>\n<p>L\u00e4s handlingen <a href=\"https:\/\/www.uppsala.se\/contentassets\/e189f188b8c6468a94cf93e802bdb2a4\/kf-89-svar-interpellation-ensamkommande-barn.pdf\">h\u00e4r<\/a><\/p>\n","protected":false},"excerpt":{"rendered":"<p>Efter f\u00f6rra \u00e5rets flyktingtillstr\u00f6mning till Sverige uppstod en stor oreda i att hitta boende och gode m\u00e4n f\u00f6r ensamkommande flyktingbarn- och ungdomar. Av de 1 326 placerade i Uppsala kommun har 618 placerats\u00a0h\u00e4r av andra kommuner, vilket g\u00f6r insatserna sv\u00e5ra att koordinera. Nu ber Jonas Segersam (KD) den r\u00f6dgr\u00f6na majoriteten att p\u00e5b\u00f6rja \u00f6verflyttningen. Migrationsverket placerar <a class=\"read-more-link\" href=\"https:\/\/wp.kristdemokraterna.se\/uppsala\/ordning-och-reda-i-mottagandet-kd-vill-flytta-over-ensamkommande\/\">Read More<\/a><\/p>\n","protected":false},"author":702,"featured_media":2062,"comment_status":"closed","ping_status":"closed","sticky":false,"template":"","format":"standard","meta":{"_acf_changed":false,"footnotes":""},"categories":[252],"tags":[],"class_list":["post-2059","post","type-post","status-publish","format-standard","hentry","category-migration-o-integration"],"acf":[],"yoast_head":"<!-- This site is optimized with the Yoast SEO plugin v27.4 - https:\/\/yoast.com\/product\/yoast-seo-wordpress\/ -->\n<title>Ordning och reda i mottagandet - KD vill flytta \u00f6ver ensamkommande | Kristdemokraterna | Uppsala<\/title>\n<meta name=\"robots\" content=\"index, follow, max-snippet:-1, max-image-preview:large, max-video-preview:-1\" \/>\n<link rel=\"canonical\" href=\"https:\/\/wp.kristdemokraterna.se\/uppsala\/ordning-och-reda-i-mottagandet-kd-vill-flytta-over-ensamkommande\/\" \/>\n<meta property=\"og:locale\" content=\"sv_SE\" \/>\n<meta property=\"og:type\" content=\"article\" \/>\n<meta property=\"og:title\" content=\"Ordning och reda i mottagandet - KD vill flytta \u00f6ver ensamkommande | Kristdemokraterna | Uppsala\" \/>\n<meta property=\"og:description\" content=\"Efter f\u00f6rra \u00e5rets flyktingtillstr\u00f6mning till Sverige uppstod en stor oreda i att hitta boende och gode m\u00e4n f\u00f6r ensamkommande flyktingbarn- och ungdomar. Av de 1 326 placerade i Uppsala kommun har 618 placerats\u00a0h\u00e4r av andra kommuner, vilket g\u00f6r insatserna sv\u00e5ra att koordinera. Nu ber Jonas Segersam (KD) den r\u00f6dgr\u00f6na majoriteten att p\u00e5b\u00f6rja \u00f6verflyttningen. Migrationsverket placerar Read More\" \/>\n<meta property=\"og:url\" content=\"https:\/\/wp.kristdemokraterna.se\/uppsala\/ordning-och-reda-i-mottagandet-kd-vill-flytta-over-ensamkommande\/\" \/>\n<meta property=\"og:site_name\" content=\"Kristdemokraterna | Uppsala\" \/>\n<meta property=\"article:publisher\" content=\"https:\/\/www.facebook.com\/UppsalaKD\/\" \/>\n<meta property=\"article:published_time\" content=\"2016-05-30T12:20:54+00:00\" \/>\n<meta property=\"article:modified_time\" content=\"2024-04-03T23:04:12+00:00\" \/>\n<meta property=\"og:image\" content=\"http:\/\/wp.kristdemokraterna.se\/uppsala\/files\/2016\/05\/jonassegersam1.png\" \/>\n\t<meta property=\"og:image:width\" content=\"1024\" \/>\n\t<meta property=\"og:image:height\" content=\"512\" \/>\n\t<meta property=\"og:image:type\" content=\"image\/png\" \/>\n<meta name=\"author\" content=\"Mimmi Westerlund\" \/>\n<meta name=\"twitter:card\" content=\"summary_large_image\" \/>\n<meta name=\"twitter:label1\" content=\"Skriven av\" \/>\n\t<meta name=\"twitter:data1\" content=\"Mimmi Westerlund\" \/>\n\t<meta name=\"twitter:label2\" content=\"Ber\u00e4knad l\u00e4stid\" \/>\n\t<meta name=\"twitter:data2\" content=\"1 minut\" \/>\n<script type=\"application\/ld+json\" class=\"yoast-schema-graph\">{\"@context\":\"https:\\\/\\\/schema.org\",\"@graph\":[{\"@type\":\"Article\",\"@id\":\"https:\\\/\\\/wp.kristdemokraterna.se\\\/uppsala\\\/ordning-och-reda-i-mottagandet-kd-vill-flytta-over-ensamkommande\\\/#article\",\"isPartOf\":{\"@id\":\"https:\\\/\\\/wp.kristdemokraterna.se\\\/uppsala\\\/ordning-och-reda-i-mottagandet-kd-vill-flytta-over-ensamkommande\\\/\"},\"author\":{\"name\":\"Mimmi Westerlund\",\"@id\":\"https:\\\/\\\/wp.kristdemokraterna.se\\\/uppsala\\\/#\\\/schema\\\/person\\\/038d805d685fb0ce5ad14ab8711d8e84\"},\"headline\":\"Ordning och reda i mottagandet &#8211; KD vill flytta \u00f6ver ensamkommande\",\"datePublished\":\"2016-05-30T12:20:54+00:00\",\"dateModified\":\"2024-04-03T23:04:12+00:00\",\"mainEntityOfPage\":{\"@id\":\"https:\\\/\\\/wp.kristdemokraterna.se\\\/uppsala\\\/ordning-och-reda-i-mottagandet-kd-vill-flytta-over-ensamkommande\\\/\"},\"wordCount\":264,\"publisher\":{\"@id\":\"https:\\\/\\\/wp.kristdemokraterna.se\\\/uppsala\\\/#organization\"},\"image\":{\"@id\":\"https:\\\/\\\/wp.kristdemokraterna.se\\\/uppsala\\\/ordning-och-reda-i-mottagandet-kd-vill-flytta-over-ensamkommande\\\/#primaryimage\"},\"thumbnailUrl\":\"https:\\\/\\\/wp.kristdemokraterna.se\\\/uppsala\\\/files\\\/2016\\\/05\\\/jonassegersam1.png\",\"articleSection\":[\"Migration &amp; Integration\"],\"inLanguage\":\"sv-SE\"},{\"@type\":\"WebPage\",\"@id\":\"https:\\\/\\\/wp.kristdemokraterna.se\\\/uppsala\\\/ordning-och-reda-i-mottagandet-kd-vill-flytta-over-ensamkommande\\\/\",\"url\":\"https:\\\/\\\/wp.kristdemokraterna.se\\\/uppsala\\\/ordning-och-reda-i-mottagandet-kd-vill-flytta-over-ensamkommande\\\/\",\"name\":\"Ordning och reda i mottagandet - KD vill flytta \u00f6ver ensamkommande | Kristdemokraterna | Uppsala\",\"isPartOf\":{\"@id\":\"https:\\\/\\\/wp.kristdemokraterna.se\\\/uppsala\\\/#website\"},\"primaryImageOfPage\":{\"@id\":\"https:\\\/\\\/wp.kristdemokraterna.se\\\/uppsala\\\/ordning-och-reda-i-mottagandet-kd-vill-flytta-over-ensamkommande\\\/#primaryimage\"},\"image\":{\"@id\":\"https:\\\/\\\/wp.kristdemokraterna.se\\\/uppsala\\\/ordning-och-reda-i-mottagandet-kd-vill-flytta-over-ensamkommande\\\/#primaryimage\"},\"thumbnailUrl\":\"https:\\\/\\\/wp.kristdemokraterna.se\\\/uppsala\\\/files\\\/2016\\\/05\\\/jonassegersam1.png\",\"datePublished\":\"2016-05-30T12:20:54+00:00\",\"dateModified\":\"2024-04-03T23:04:12+00:00\",\"breadcrumb\":{\"@id\":\"https:\\\/\\\/wp.kristdemokraterna.se\\\/uppsala\\\/ordning-och-reda-i-mottagandet-kd-vill-flytta-over-ensamkommande\\\/#breadcrumb\"},\"inLanguage\":\"sv-SE\",\"potentialAction\":[{\"@type\":\"ReadAction\",\"target\":[\"https:\\\/\\\/wp.kristdemokraterna.se\\\/uppsala\\\/ordning-och-reda-i-mottagandet-kd-vill-flytta-over-ensamkommande\\\/\"]}]},{\"@type\":\"ImageObject\",\"inLanguage\":\"sv-SE\",\"@id\":\"https:\\\/\\\/wp.kristdemokraterna.se\\\/uppsala\\\/ordning-och-reda-i-mottagandet-kd-vill-flytta-over-ensamkommande\\\/#primaryimage\",\"url\":\"https:\\\/\\\/wp.kristdemokraterna.se\\\/uppsala\\\/files\\\/2016\\\/05\\\/jonassegersam1.png\",\"contentUrl\":\"https:\\\/\\\/wp.kristdemokraterna.se\\\/uppsala\\\/files\\\/2016\\\/05\\\/jonassegersam1.png\",\"width\":1024,\"height\":512},{\"@type\":\"BreadcrumbList\",\"@id\":\"https:\\\/\\\/wp.kristdemokraterna.se\\\/uppsala\\\/ordning-och-reda-i-mottagandet-kd-vill-flytta-over-ensamkommande\\\/#breadcrumb\",\"itemListElement\":[{\"@type\":\"ListItem\",\"position\":1,\"name\":\"Hem\",\"item\":\"https:\\\/\\\/wp.kristdemokraterna.se\\\/uppsala\\\/\"},{\"@type\":\"ListItem\",\"position\":2,\"name\":\"Ordning och reda i mottagandet &#8211; KD vill flytta \u00f6ver ensamkommande\"}]},{\"@type\":\"WebSite\",\"@id\":\"https:\\\/\\\/wp.kristdemokraterna.se\\\/uppsala\\\/#website\",\"url\":\"https:\\\/\\\/wp.kristdemokraterna.se\\\/uppsala\\\/\",\"name\":\"Kristdemokraterna Uppsala\",\"description\":\"Tryggare Uppsala\",\"publisher\":{\"@id\":\"https:\\\/\\\/wp.kristdemokraterna.se\\\/uppsala\\\/#organization\"},\"inLanguage\":\"sv-SE\"},{\"@type\":\"Organization\",\"@id\":\"https:\\\/\\\/wp.kristdemokraterna.se\\\/uppsala\\\/#organization\",\"name\":\"Kristdemokraterna Uppsala\",\"url\":\"https:\\\/\\\/wp.kristdemokraterna.se\\\/uppsala\\\/\",\"logo\":{\"@type\":\"ImageObject\",\"inLanguage\":\"sv-SE\",\"@id\":\"https:\\\/\\\/wp.kristdemokraterna.se\\\/uppsala\\\/#\\\/schema\\\/logo\\\/image\\\/\",\"url\":\"https:\\\/\\\/wp.kristdemokraterna.se\\\/uppsala\\\/files\\\/2019\\\/10\\\/kd-uppsala.png\",\"contentUrl\":\"https:\\\/\\\/wp.kristdemokraterna.se\\\/uppsala\\\/files\\\/2019\\\/10\\\/kd-uppsala.png\",\"width\":804,\"height\":421,\"caption\":\"Kristdemokraterna Uppsala\"},\"image\":{\"@id\":\"https:\\\/\\\/wp.kristdemokraterna.se\\\/uppsala\\\/#\\\/schema\\\/logo\\\/image\\\/\"},\"sameAs\":[\"https:\\\/\\\/www.facebook.com\\\/UppsalaKD\\\/\",\"https:\\\/\\\/www.instagram.com\\\/uppsalakd\\\/\"]},{\"@type\":\"Person\",\"@id\":\"https:\\\/\\\/wp.kristdemokraterna.se\\\/uppsala\\\/#\\\/schema\\\/person\\\/038d805d685fb0ce5ad14ab8711d8e84\",\"name\":\"Mimmi Westerlund\",\"image\":{\"@type\":\"ImageObject\",\"inLanguage\":\"sv-SE\",\"@id\":\"https:\\\/\\\/secure.gravatar.com\\\/avatar\\\/a5697359f709b6b10d9c7e6a7c89f3e054554dedb4657d5ffe9e5bc5b1445841?s=96&r=g\",\"url\":\"https:\\\/\\\/secure.gravatar.com\\\/avatar\\\/a5697359f709b6b10d9c7e6a7c89f3e054554dedb4657d5ffe9e5bc5b1445841?s=96&r=g\",\"contentUrl\":\"https:\\\/\\\/secure.gravatar.com\\\/avatar\\\/a5697359f709b6b10d9c7e6a7c89f3e054554dedb4657d5ffe9e5bc5b1445841?s=96&r=g\",\"caption\":\"Mimmi Westerlund\"},\"url\":\"https:\\\/\\\/wp.kristdemokraterna.se\\\/uppsala\\\/author\\\/mimmi\\\/\"}]}<\/script>\n<!-- \/ Yoast SEO plugin. -->","yoast_head_json":{"title":"Ordning och reda i mottagandet - KD vill flytta \u00f6ver ensamkommande | Kristdemokraterna | Uppsala","robots":{"index":"index","follow":"follow","max-snippet":"max-snippet:-1","max-image-preview":"max-image-preview:large","max-video-preview":"max-video-preview:-1"},"canonical":"https:\/\/wp.kristdemokraterna.se\/uppsala\/ordning-och-reda-i-mottagandet-kd-vill-flytta-over-ensamkommande\/","og_locale":"sv_SE","og_type":"article","og_title":"Ordning och reda i mottagandet - KD vill flytta \u00f6ver ensamkommande | Kristdemokraterna | Uppsala","og_description":"Efter f\u00f6rra \u00e5rets flyktingtillstr\u00f6mning till Sverige uppstod en stor oreda i att hitta boende och gode m\u00e4n f\u00f6r ensamkommande flyktingbarn- och ungdomar. Av de 1 326 placerade i Uppsala kommun har 618 placerats\u00a0h\u00e4r av andra kommuner, vilket g\u00f6r insatserna sv\u00e5ra att koordinera. Nu ber Jonas Segersam (KD) den r\u00f6dgr\u00f6na majoriteten att p\u00e5b\u00f6rja \u00f6verflyttningen. Migrationsverket placerar Read More","og_url":"https:\/\/wp.kristdemokraterna.se\/uppsala\/ordning-och-reda-i-mottagandet-kd-vill-flytta-over-ensamkommande\/","og_site_name":"Kristdemokraterna | Uppsala","article_publisher":"https:\/\/www.facebook.com\/UppsalaKD\/","article_published_time":"2016-05-30T12:20:54+00:00","article_modified_time":"2024-04-03T23:04:12+00:00","og_image":[{"width":1024,"height":512,"url":"http:\/\/wp.kristdemokraterna.se\/uppsala\/files\/2016\/05\/jonassegersam1.png","type":"image\/png"}],"author":"Mimmi Westerlund","twitter_card":"summary_large_image","twitter_misc":{"Skriven av":"Mimmi Westerlund","Ber\u00e4knad l\u00e4stid":"1 minut"},"schema":{"@context":"https:\/\/schema.org","@graph":[{"@type":"Article","@id":"https:\/\/wp.kristdemokraterna.se\/uppsala\/ordning-och-reda-i-mottagandet-kd-vill-flytta-over-ensamkommande\/#article","isPartOf":{"@id":"https:\/\/wp.kristdemokraterna.se\/uppsala\/ordning-och-reda-i-mottagandet-kd-vill-flytta-over-ensamkommande\/"},"author":{"name":"Mimmi Westerlund","@id":"https:\/\/wp.kristdemokraterna.se\/uppsala\/#\/schema\/person\/038d805d685fb0ce5ad14ab8711d8e84"},"headline":"Ordning och reda i mottagandet &#8211; KD vill flytta \u00f6ver ensamkommande","datePublished":"2016-05-30T12:20:54+00:00","dateModified":"2024-04-03T23:04:12+00:00","mainEntityOfPage":{"@id":"https:\/\/wp.kristdemokraterna.se\/uppsala\/ordning-och-reda-i-mottagandet-kd-vill-flytta-over-ensamkommande\/"},"wordCount":264,"publisher":{"@id":"https:\/\/wp.kristdemokraterna.se\/uppsala\/#organization"},"image":{"@id":"https:\/\/wp.kristdemokraterna.se\/uppsala\/ordning-och-reda-i-mottagandet-kd-vill-flytta-over-ensamkommande\/#primaryimage"},"thumbnailUrl":"https:\/\/wp.kristdemokraterna.se\/uppsala\/files\/2016\/05\/jonassegersam1.png","articleSection":["Migration &amp; Integration"],"inLanguage":"sv-SE"},{"@type":"WebPage","@id":"https:\/\/wp.kristdemokraterna.se\/uppsala\/ordning-och-reda-i-mottagandet-kd-vill-flytta-over-ensamkommande\/","url":"https:\/\/wp.kristdemokraterna.se\/uppsala\/ordning-och-reda-i-mottagandet-kd-vill-flytta-over-ensamkommande\/","name":"Ordning och reda i mottagandet - KD vill flytta \u00f6ver ensamkommande | Kristdemokraterna | Uppsala","isPartOf":{"@id":"https:\/\/wp.kristdemokraterna.se\/uppsala\/#website"},"primaryImageOfPage":{"@id":"https:\/\/wp.kristdemokraterna.se\/uppsala\/ordning-och-reda-i-mottagandet-kd-vill-flytta-over-ensamkommande\/#primaryimage"},"image":{"@id":"https:\/\/wp.kristdemokraterna.se\/uppsala\/ordning-och-reda-i-mottagandet-kd-vill-flytta-over-ensamkommande\/#primaryimage"},"thumbnailUrl":"https:\/\/wp.kristdemokraterna.se\/uppsala\/files\/2016\/05\/jonassegersam1.png","datePublished":"2016-05-30T12:20:54+00:00","dateModified":"2024-04-03T23:04:12+00:00","breadcrumb":{"@id":"https:\/\/wp.kristdemokraterna.se\/uppsala\/ordning-och-reda-i-mottagandet-kd-vill-flytta-over-ensamkommande\/#breadcrumb"},"inLanguage":"sv-SE","potentialAction":[{"@type":"ReadAction","target":["https:\/\/wp.kristdemokraterna.se\/uppsala\/ordning-och-reda-i-mottagandet-kd-vill-flytta-over-ensamkommande\/"]}]},{"@type":"ImageObject","inLanguage":"sv-SE","@id":"https:\/\/wp.kristdemokraterna.se\/uppsala\/ordning-och-reda-i-mottagandet-kd-vill-flytta-over-ensamkommande\/#primaryimage","url":"https:\/\/wp.kristdemokraterna.se\/uppsala\/files\/2016\/05\/jonassegersam1.png","contentUrl":"https:\/\/wp.kristdemokraterna.se\/uppsala\/files\/2016\/05\/jonassegersam1.png","width":1024,"height":512},{"@type":"BreadcrumbList","@id":"https:\/\/wp.kristdemokraterna.se\/uppsala\/ordning-och-reda-i-mottagandet-kd-vill-flytta-over-ensamkommande\/#breadcrumb","itemListElement":[{"@type":"ListItem","position":1,"name":"Hem","item":"https:\/\/wp.kristdemokraterna.se\/uppsala\/"},{"@type":"ListItem","position":2,"name":"Ordning och reda i mottagandet &#8211; KD vill flytta \u00f6ver ensamkommande"}]},{"@type":"WebSite","@id":"https:\/\/wp.kristdemokraterna.se\/uppsala\/#website","url":"https:\/\/wp.kristdemokraterna.se\/uppsala\/","name":"Kristdemokraterna Uppsala","description":"Tryggare Uppsala","publisher":{"@id":"https:\/\/wp.kristdemokraterna.se\/uppsala\/#organization"},"inLanguage":"sv-SE"},{"@type":"Organization","@id":"https:\/\/wp.kristdemokraterna.se\/uppsala\/#organization","name":"Kristdemokraterna Uppsala","url":"https:\/\/wp.kristdemokraterna.se\/uppsala\/","logo":{"@type":"ImageObject","inLanguage":"sv-SE","@id":"https:\/\/wp.kristdemokraterna.se\/uppsala\/#\/schema\/logo\/image\/","url":"https:\/\/wp.kristdemokraterna.se\/uppsala\/files\/2019\/10\/kd-uppsala.png","contentUrl":"https:\/\/wp.kristdemokraterna.se\/uppsala\/files\/2019\/10\/kd-uppsala.png","width":804,"height":421,"caption":"Kristdemokraterna Uppsala"},"image":{"@id":"https:\/\/wp.kristdemokraterna.se\/uppsala\/#\/schema\/logo\/image\/"},"sameAs":["https:\/\/www.facebook.com\/UppsalaKD\/","https:\/\/www.instagram.com\/uppsalakd\/"]},{"@type":"Person","@id":"https:\/\/wp.kristdemokraterna.se\/uppsala\/#\/schema\/person\/038d805d685fb0ce5ad14ab8711d8e84","name":"Mimmi Westerlund","image":{"@type":"ImageObject","inLanguage":"sv-SE","@id":"https:\/\/secure.gravatar.com\/avatar\/a5697359f709b6b10d9c7e6a7c89f3e054554dedb4657d5ffe9e5bc5b1445841?s=96&r=g","url":"https:\/\/secure.gravatar.com\/avatar\/a5697359f709b6b10d9c7e6a7c89f3e054554dedb4657d5ffe9e5bc5b1445841?s=96&r=g","contentUrl":"https:\/\/secure.gravatar.com\/avatar\/a5697359f709b6b10d9c7e6a7c89f3e054554dedb4657d5ffe9e5bc5b1445841?s=96&r=g","caption":"Mimmi Westerlund"},"url":"https:\/\/wp.kristdemokraterna.se\/uppsala\/author\/mimmi\/"}]}},"_links":{"self":[{"href":"https:\/\/wp.kristdemokraterna.se\/uppsala\/wp-json\/wp\/v2\/posts\/2059","targetHints":{"allow":["GET"]}}],"collection":[{"href":"https:\/\/wp.kristdemokraterna.se\/uppsala\/wp-json\/wp\/v2\/posts"}],"about":[{"href":"https:\/\/wp.kristdemokraterna.se\/uppsala\/wp-json\/wp\/v2\/types\/post"}],"author":[{"embeddable":true,"href":"https:\/\/wp.kristdemokraterna.se\/uppsala\/wp-json\/wp\/v2\/users\/702"}],"replies":[{"embeddable":true,"href":"https:\/\/wp.kristdemokraterna.se\/uppsala\/wp-json\/wp\/v2\/comments?post=2059"}],"version-history":[{"count":6,"href":"https:\/\/wp.kristdemokraterna.se\/uppsala\/wp-json\/wp\/v2\/posts\/2059\/revisions"}],"predecessor-version":[{"id":2068,"href":"https:\/\/wp.kristdemokraterna.se\/uppsala\/wp-json\/wp\/v2\/posts\/2059\/revisions\/2068"}],"wp:featuredmedia":[{"embeddable":true,"href":"https:\/\/wp.kristdemokraterna.se\/uppsala\/wp-json\/wp\/v2\/media\/2062"}],"wp:attachment":[{"href":"https:\/\/wp.kristdemokraterna.se\/uppsala\/wp-json\/wp\/v2\/media?parent=2059"}],"wp:term":[{"taxonomy":"category","embeddable":true,"href":"https:\/\/wp.kristdemokraterna.se\/uppsala\/wp-json\/wp\/v2\/categories?post=2059"},{"taxonomy":"post_tag","embeddable":true,"href":"https:\/\/wp.kristdemokraterna.se\/uppsala\/wp-json\/wp\/v2\/tags?post=2059"}],"curies":[{"name":"wp","href":"https:\/\/api.w.org\/{rel}","templated":true}]}}