{"id":2072,"date":"2016-08-24T13:45:56","date_gmt":"2016-08-24T11:45:56","guid":{"rendered":"http:\/\/wp.kristdemokraterna.se\/uppsala\/?p=2072"},"modified":"2024-04-04T01:04:01","modified_gmt":"2024-04-03T23:04:01","slug":"kd-kraver-modigare-handlingsplan-mot-valdsbejakande-islamistisk-extremism","status":"publish","type":"post","link":"https:\/\/wp.kristdemokraterna.se\/uppsala\/kd-kraver-modigare-handlingsplan-mot-valdsbejakande-islamistisk-extremism\/","title":{"rendered":"KD kr\u00e4ver modigare handlingsplan mot v\u00e5ldsbejakande islamistisk extremism"},"content":{"rendered":"<p>Kristdemokraterna i Uppsala har under det senaste \u00e5ret uppmanat majoriteten att ta fram en handlingsplan mot v\u00e5ldsbejakande extremism. Vi v\u00e4lkomnar att den finns f\u00e4rdig f\u00f6r behandling till morgondagens kommunstyrelse, men \u00e4r besvikna \u00f6ver att den saknar handlingskraft och inte tar problemen p\u00e5 tillr\u00e4ckligt allvar.<\/p>\n<p>\u2013 Hela syftet med handlingsplanen \u00e4r att jobba f\u00f6rebyggande, men den aspekten har man n\u00e4stan missat helt. Man h\u00e4nvisar till att det inte finns bekr\u00e4ftade uppgifter p\u00e5 att n\u00e5gon fr\u00e5n Uppsala anslutit sig till v\u00e5ldsbejakande islamistiska r\u00f6relser utomlands. Men det \u00e4r ju sista steget \u2013 vi kr\u00e4ver att man g\u00f6r n\u00e5got f\u00f6r att f\u00f6rebygga radikala tendenser i sina tidigaste skeden, innan det h\u00e4nder n\u00e5got, s\u00e4ger Jonas Segersam (KD)<\/p>\n<p>\u2013 M\u00e5nga vittnar om att det finns olika typer av sammanslutningar med radikala islamistiska inslag i kommunen, och det \u00e4r d\u00e4r de tidiga insatserna ska s\u00e4ttas in. Vi l\u00e4mnar en hel rad f\u00f6rslag p\u00e5 konkreta f\u00f6rb\u00e4ttringar till kommunstyrelsens m\u00f6te imorgon, avslutar han.<\/p>\n<p>Vi l\u00e4mnar f\u00f6ljande f\u00f6rslag:<\/p>\n<p>1. Formalisera samverkan med mosk\u00e9er och islamska organisationer som kan inneb\u00e4ra en bro f\u00f6r personer som riskerar hamna i islamistisk extremism<br \/>\n2. Inf\u00f6r en kommunal kontaktpunkt dit man kan v\u00e4nda sig om en anh\u00f6rig eller v\u00e4n radikaliseras<br \/>\n3. Genom SSP-samverkan \u00e4ven involvera fritidsg\u00e5rdar och s\u00e4kerhetspolis i ett strukturerat samarbete<br \/>\n4. Grundligt utbilda personal i skolor och fritidsg\u00e5rdar i hur man p\u00e5 ett tidigt skede kan f\u00f6rebygga, uppt\u00e4cka och f\u00f6rhindra radikalisering<br \/>\n5. Utbyt erfarenheter med Europeiska st\u00e4der, kommuner och regioner som har kommit l\u00e5ngt i arbetet med att motverka islamistisk extremism<\/p>\n","protected":false},"excerpt":{"rendered":"<p>Kristdemokraterna i Uppsala har under det senaste \u00e5ret uppmanat majoriteten att ta fram en handlingsplan mot v\u00e5ldsbejakande extremism. Vi v\u00e4lkomnar att den finns f\u00e4rdig f\u00f6r behandling till morgondagens kommunstyrelse, men \u00e4r besvikna \u00f6ver att den saknar handlingskraft och inte tar problemen p\u00e5 tillr\u00e4ckligt allvar. \u2013 Hela syftet med handlingsplanen \u00e4r att jobba f\u00f6rebyggande, men den <a class=\"read-more-link\" href=\"https:\/\/wp.kristdemokraterna.se\/uppsala\/kd-kraver-modigare-handlingsplan-mot-valdsbejakande-islamistisk-extremism\/\">Read More<\/a><\/p>\n","protected":false},"author":702,"featured_media":2062,"comment_status":"closed","ping_status":"closed","sticky":false,"template":"","format":"standard","meta":{"_acf_changed":false,"footnotes":""},"categories":[249],"tags":[],"class_list":["post-2072","post","type-post","status-publish","format-standard","hentry","category-trygghet-o-sakerhet"],"acf":[],"yoast_head":"<!-- This site is optimized with the Yoast SEO plugin v27.4 - https:\/\/yoast.com\/product\/yoast-seo-wordpress\/ -->\n<title>KD kr\u00e4ver modigare handlingsplan mot v\u00e5ldsbejakande islamistisk extremism | Kristdemokraterna | Uppsala<\/title>\n<meta name=\"robots\" content=\"index, follow, max-snippet:-1, max-image-preview:large, max-video-preview:-1\" \/>\n<link rel=\"canonical\" href=\"https:\/\/wp.kristdemokraterna.se\/uppsala\/kd-kraver-modigare-handlingsplan-mot-valdsbejakande-islamistisk-extremism\/\" \/>\n<meta property=\"og:locale\" content=\"sv_SE\" \/>\n<meta property=\"og:type\" content=\"article\" \/>\n<meta property=\"og:title\" content=\"KD kr\u00e4ver modigare handlingsplan mot v\u00e5ldsbejakande islamistisk extremism | Kristdemokraterna | Uppsala\" \/>\n<meta property=\"og:description\" content=\"Kristdemokraterna i Uppsala har under det senaste \u00e5ret uppmanat majoriteten att ta fram en handlingsplan mot v\u00e5ldsbejakande extremism. Vi v\u00e4lkomnar att den finns f\u00e4rdig f\u00f6r behandling till morgondagens kommunstyrelse, men \u00e4r besvikna \u00f6ver att den saknar handlingskraft och inte tar problemen p\u00e5 tillr\u00e4ckligt allvar. \u2013 Hela syftet med handlingsplanen \u00e4r att jobba f\u00f6rebyggande, men den Read More\" \/>\n<meta property=\"og:url\" content=\"https:\/\/wp.kristdemokraterna.se\/uppsala\/kd-kraver-modigare-handlingsplan-mot-valdsbejakande-islamistisk-extremism\/\" \/>\n<meta property=\"og:site_name\" content=\"Kristdemokraterna | Uppsala\" \/>\n<meta property=\"article:publisher\" content=\"https:\/\/www.facebook.com\/UppsalaKD\/\" \/>\n<meta property=\"article:published_time\" content=\"2016-08-24T11:45:56+00:00\" \/>\n<meta property=\"article:modified_time\" content=\"2024-04-03T23:04:01+00:00\" \/>\n<meta property=\"og:image\" content=\"http:\/\/wp.kristdemokraterna.se\/uppsala\/files\/2016\/05\/jonassegersam1.png\" \/>\n\t<meta property=\"og:image:width\" content=\"1024\" \/>\n\t<meta property=\"og:image:height\" content=\"512\" \/>\n\t<meta property=\"og:image:type\" content=\"image\/png\" \/>\n<meta name=\"author\" content=\"Mimmi Westerlund\" \/>\n<meta name=\"twitter:card\" content=\"summary_large_image\" \/>\n<meta name=\"twitter:label1\" content=\"Skriven av\" \/>\n\t<meta name=\"twitter:data1\" content=\"Mimmi Westerlund\" \/>\n\t<meta name=\"twitter:label2\" content=\"Ber\u00e4knad l\u00e4stid\" \/>\n\t<meta name=\"twitter:data2\" content=\"1 minut\" \/>\n<script type=\"application\/ld+json\" class=\"yoast-schema-graph\">{\"@context\":\"https:\\\/\\\/schema.org\",\"@graph\":[{\"@type\":\"Article\",\"@id\":\"https:\\\/\\\/wp.kristdemokraterna.se\\\/uppsala\\\/kd-kraver-modigare-handlingsplan-mot-valdsbejakande-islamistisk-extremism\\\/#article\",\"isPartOf\":{\"@id\":\"https:\\\/\\\/wp.kristdemokraterna.se\\\/uppsala\\\/kd-kraver-modigare-handlingsplan-mot-valdsbejakande-islamistisk-extremism\\\/\"},\"author\":{\"name\":\"Mimmi Westerlund\",\"@id\":\"https:\\\/\\\/wp.kristdemokraterna.se\\\/uppsala\\\/#\\\/schema\\\/person\\\/038d805d685fb0ce5ad14ab8711d8e84\"},\"headline\":\"KD kr\u00e4ver modigare handlingsplan mot v\u00e5ldsbejakande islamistisk extremism\",\"datePublished\":\"2016-08-24T11:45:56+00:00\",\"dateModified\":\"2024-04-03T23:04:01+00:00\",\"mainEntityOfPage\":{\"@id\":\"https:\\\/\\\/wp.kristdemokraterna.se\\\/uppsala\\\/kd-kraver-modigare-handlingsplan-mot-valdsbejakande-islamistisk-extremism\\\/\"},\"wordCount\":297,\"publisher\":{\"@id\":\"https:\\\/\\\/wp.kristdemokraterna.se\\\/uppsala\\\/#organization\"},\"image\":{\"@id\":\"https:\\\/\\\/wp.kristdemokraterna.se\\\/uppsala\\\/kd-kraver-modigare-handlingsplan-mot-valdsbejakande-islamistisk-extremism\\\/#primaryimage\"},\"thumbnailUrl\":\"https:\\\/\\\/wp.kristdemokraterna.se\\\/uppsala\\\/files\\\/2016\\\/05\\\/jonassegersam1.png\",\"articleSection\":[\"Trygghet &amp; S\u00e4kerhet\"],\"inLanguage\":\"sv-SE\"},{\"@type\":\"WebPage\",\"@id\":\"https:\\\/\\\/wp.kristdemokraterna.se\\\/uppsala\\\/kd-kraver-modigare-handlingsplan-mot-valdsbejakande-islamistisk-extremism\\\/\",\"url\":\"https:\\\/\\\/wp.kristdemokraterna.se\\\/uppsala\\\/kd-kraver-modigare-handlingsplan-mot-valdsbejakande-islamistisk-extremism\\\/\",\"name\":\"KD kr\u00e4ver modigare handlingsplan mot v\u00e5ldsbejakande islamistisk extremism | Kristdemokraterna | Uppsala\",\"isPartOf\":{\"@id\":\"https:\\\/\\\/wp.kristdemokraterna.se\\\/uppsala\\\/#website\"},\"primaryImageOfPage\":{\"@id\":\"https:\\\/\\\/wp.kristdemokraterna.se\\\/uppsala\\\/kd-kraver-modigare-handlingsplan-mot-valdsbejakande-islamistisk-extremism\\\/#primaryimage\"},\"image\":{\"@id\":\"https:\\\/\\\/wp.kristdemokraterna.se\\\/uppsala\\\/kd-kraver-modigare-handlingsplan-mot-valdsbejakande-islamistisk-extremism\\\/#primaryimage\"},\"thumbnailUrl\":\"https:\\\/\\\/wp.kristdemokraterna.se\\\/uppsala\\\/files\\\/2016\\\/05\\\/jonassegersam1.png\",\"datePublished\":\"2016-08-24T11:45:56+00:00\",\"dateModified\":\"2024-04-03T23:04:01+00:00\",\"breadcrumb\":{\"@id\":\"https:\\\/\\\/wp.kristdemokraterna.se\\\/uppsala\\\/kd-kraver-modigare-handlingsplan-mot-valdsbejakande-islamistisk-extremism\\\/#breadcrumb\"},\"inLanguage\":\"sv-SE\",\"potentialAction\":[{\"@type\":\"ReadAction\",\"target\":[\"https:\\\/\\\/wp.kristdemokraterna.se\\\/uppsala\\\/kd-kraver-modigare-handlingsplan-mot-valdsbejakande-islamistisk-extremism\\\/\"]}]},{\"@type\":\"ImageObject\",\"inLanguage\":\"sv-SE\",\"@id\":\"https:\\\/\\\/wp.kristdemokraterna.se\\\/uppsala\\\/kd-kraver-modigare-handlingsplan-mot-valdsbejakande-islamistisk-extremism\\\/#primaryimage\",\"url\":\"https:\\\/\\\/wp.kristdemokraterna.se\\\/uppsala\\\/files\\\/2016\\\/05\\\/jonassegersam1.png\",\"contentUrl\":\"https:\\\/\\\/wp.kristdemokraterna.se\\\/uppsala\\\/files\\\/2016\\\/05\\\/jonassegersam1.png\",\"width\":1024,\"height\":512},{\"@type\":\"BreadcrumbList\",\"@id\":\"https:\\\/\\\/wp.kristdemokraterna.se\\\/uppsala\\\/kd-kraver-modigare-handlingsplan-mot-valdsbejakande-islamistisk-extremism\\\/#breadcrumb\",\"itemListElement\":[{\"@type\":\"ListItem\",\"position\":1,\"name\":\"Hem\",\"item\":\"https:\\\/\\\/wp.kristdemokraterna.se\\\/uppsala\\\/\"},{\"@type\":\"ListItem\",\"position\":2,\"name\":\"KD kr\u00e4ver modigare handlingsplan mot v\u00e5ldsbejakande islamistisk extremism\"}]},{\"@type\":\"WebSite\",\"@id\":\"https:\\\/\\\/wp.kristdemokraterna.se\\\/uppsala\\\/#website\",\"url\":\"https:\\\/\\\/wp.kristdemokraterna.se\\\/uppsala\\\/\",\"name\":\"Kristdemokraterna Uppsala\",\"description\":\"Tryggare Uppsala\",\"publisher\":{\"@id\":\"https:\\\/\\\/wp.kristdemokraterna.se\\\/uppsala\\\/#organization\"},\"inLanguage\":\"sv-SE\"},{\"@type\":\"Organization\",\"@id\":\"https:\\\/\\\/wp.kristdemokraterna.se\\\/uppsala\\\/#organization\",\"name\":\"Kristdemokraterna Uppsala\",\"url\":\"https:\\\/\\\/wp.kristdemokraterna.se\\\/uppsala\\\/\",\"logo\":{\"@type\":\"ImageObject\",\"inLanguage\":\"sv-SE\",\"@id\":\"https:\\\/\\\/wp.kristdemokraterna.se\\\/uppsala\\\/#\\\/schema\\\/logo\\\/image\\\/\",\"url\":\"https:\\\/\\\/wp.kristdemokraterna.se\\\/uppsala\\\/files\\\/2019\\\/10\\\/kd-uppsala.png\",\"contentUrl\":\"https:\\\/\\\/wp.kristdemokraterna.se\\\/uppsala\\\/files\\\/2019\\\/10\\\/kd-uppsala.png\",\"width\":804,\"height\":421,\"caption\":\"Kristdemokraterna Uppsala\"},\"image\":{\"@id\":\"https:\\\/\\\/wp.kristdemokraterna.se\\\/uppsala\\\/#\\\/schema\\\/logo\\\/image\\\/\"},\"sameAs\":[\"https:\\\/\\\/www.facebook.com\\\/UppsalaKD\\\/\",\"https:\\\/\\\/www.instagram.com\\\/uppsalakd\\\/\"]},{\"@type\":\"Person\",\"@id\":\"https:\\\/\\\/wp.kristdemokraterna.se\\\/uppsala\\\/#\\\/schema\\\/person\\\/038d805d685fb0ce5ad14ab8711d8e84\",\"name\":\"Mimmi Westerlund\",\"image\":{\"@type\":\"ImageObject\",\"inLanguage\":\"sv-SE\",\"@id\":\"https:\\\/\\\/secure.gravatar.com\\\/avatar\\\/a5697359f709b6b10d9c7e6a7c89f3e054554dedb4657d5ffe9e5bc5b1445841?s=96&r=g\",\"url\":\"https:\\\/\\\/secure.gravatar.com\\\/avatar\\\/a5697359f709b6b10d9c7e6a7c89f3e054554dedb4657d5ffe9e5bc5b1445841?s=96&r=g\",\"contentUrl\":\"https:\\\/\\\/secure.gravatar.com\\\/avatar\\\/a5697359f709b6b10d9c7e6a7c89f3e054554dedb4657d5ffe9e5bc5b1445841?s=96&r=g\",\"caption\":\"Mimmi Westerlund\"},\"url\":\"https:\\\/\\\/wp.kristdemokraterna.se\\\/uppsala\\\/author\\\/mimmi\\\/\"}]}<\/script>\n<!-- \/ Yoast SEO plugin. -->","yoast_head_json":{"title":"KD kr\u00e4ver modigare handlingsplan mot v\u00e5ldsbejakande islamistisk extremism | Kristdemokraterna | Uppsala","robots":{"index":"index","follow":"follow","max-snippet":"max-snippet:-1","max-image-preview":"max-image-preview:large","max-video-preview":"max-video-preview:-1"},"canonical":"https:\/\/wp.kristdemokraterna.se\/uppsala\/kd-kraver-modigare-handlingsplan-mot-valdsbejakande-islamistisk-extremism\/","og_locale":"sv_SE","og_type":"article","og_title":"KD kr\u00e4ver modigare handlingsplan mot v\u00e5ldsbejakande islamistisk extremism | Kristdemokraterna | Uppsala","og_description":"Kristdemokraterna i Uppsala har under det senaste \u00e5ret uppmanat majoriteten att ta fram en handlingsplan mot v\u00e5ldsbejakande extremism. Vi v\u00e4lkomnar att den finns f\u00e4rdig f\u00f6r behandling till morgondagens kommunstyrelse, men \u00e4r besvikna \u00f6ver att den saknar handlingskraft och inte tar problemen p\u00e5 tillr\u00e4ckligt allvar. \u2013 Hela syftet med handlingsplanen \u00e4r att jobba f\u00f6rebyggande, men den Read More","og_url":"https:\/\/wp.kristdemokraterna.se\/uppsala\/kd-kraver-modigare-handlingsplan-mot-valdsbejakande-islamistisk-extremism\/","og_site_name":"Kristdemokraterna | Uppsala","article_publisher":"https:\/\/www.facebook.com\/UppsalaKD\/","article_published_time":"2016-08-24T11:45:56+00:00","article_modified_time":"2024-04-03T23:04:01+00:00","og_image":[{"width":1024,"height":512,"url":"http:\/\/wp.kristdemokraterna.se\/uppsala\/files\/2016\/05\/jonassegersam1.png","type":"image\/png"}],"author":"Mimmi Westerlund","twitter_card":"summary_large_image","twitter_misc":{"Skriven av":"Mimmi Westerlund","Ber\u00e4knad l\u00e4stid":"1 minut"},"schema":{"@context":"https:\/\/schema.org","@graph":[{"@type":"Article","@id":"https:\/\/wp.kristdemokraterna.se\/uppsala\/kd-kraver-modigare-handlingsplan-mot-valdsbejakande-islamistisk-extremism\/#article","isPartOf":{"@id":"https:\/\/wp.kristdemokraterna.se\/uppsala\/kd-kraver-modigare-handlingsplan-mot-valdsbejakande-islamistisk-extremism\/"},"author":{"name":"Mimmi Westerlund","@id":"https:\/\/wp.kristdemokraterna.se\/uppsala\/#\/schema\/person\/038d805d685fb0ce5ad14ab8711d8e84"},"headline":"KD kr\u00e4ver modigare handlingsplan mot v\u00e5ldsbejakande islamistisk extremism","datePublished":"2016-08-24T11:45:56+00:00","dateModified":"2024-04-03T23:04:01+00:00","mainEntityOfPage":{"@id":"https:\/\/wp.kristdemokraterna.se\/uppsala\/kd-kraver-modigare-handlingsplan-mot-valdsbejakande-islamistisk-extremism\/"},"wordCount":297,"publisher":{"@id":"https:\/\/wp.kristdemokraterna.se\/uppsala\/#organization"},"image":{"@id":"https:\/\/wp.kristdemokraterna.se\/uppsala\/kd-kraver-modigare-handlingsplan-mot-valdsbejakande-islamistisk-extremism\/#primaryimage"},"thumbnailUrl":"https:\/\/wp.kristdemokraterna.se\/uppsala\/files\/2016\/05\/jonassegersam1.png","articleSection":["Trygghet &amp; S\u00e4kerhet"],"inLanguage":"sv-SE"},{"@type":"WebPage","@id":"https:\/\/wp.kristdemokraterna.se\/uppsala\/kd-kraver-modigare-handlingsplan-mot-valdsbejakande-islamistisk-extremism\/","url":"https:\/\/wp.kristdemokraterna.se\/uppsala\/kd-kraver-modigare-handlingsplan-mot-valdsbejakande-islamistisk-extremism\/","name":"KD kr\u00e4ver modigare handlingsplan mot v\u00e5ldsbejakande islamistisk extremism | Kristdemokraterna | Uppsala","isPartOf":{"@id":"https:\/\/wp.kristdemokraterna.se\/uppsala\/#website"},"primaryImageOfPage":{"@id":"https:\/\/wp.kristdemokraterna.se\/uppsala\/kd-kraver-modigare-handlingsplan-mot-valdsbejakande-islamistisk-extremism\/#primaryimage"},"image":{"@id":"https:\/\/wp.kristdemokraterna.se\/uppsala\/kd-kraver-modigare-handlingsplan-mot-valdsbejakande-islamistisk-extremism\/#primaryimage"},"thumbnailUrl":"https:\/\/wp.kristdemokraterna.se\/uppsala\/files\/2016\/05\/jonassegersam1.png","datePublished":"2016-08-24T11:45:56+00:00","dateModified":"2024-04-03T23:04:01+00:00","breadcrumb":{"@id":"https:\/\/wp.kristdemokraterna.se\/uppsala\/kd-kraver-modigare-handlingsplan-mot-valdsbejakande-islamistisk-extremism\/#breadcrumb"},"inLanguage":"sv-SE","potentialAction":[{"@type":"ReadAction","target":["https:\/\/wp.kristdemokraterna.se\/uppsala\/kd-kraver-modigare-handlingsplan-mot-valdsbejakande-islamistisk-extremism\/"]}]},{"@type":"ImageObject","inLanguage":"sv-SE","@id":"https:\/\/wp.kristdemokraterna.se\/uppsala\/kd-kraver-modigare-handlingsplan-mot-valdsbejakande-islamistisk-extremism\/#primaryimage","url":"https:\/\/wp.kristdemokraterna.se\/uppsala\/files\/2016\/05\/jonassegersam1.png","contentUrl":"https:\/\/wp.kristdemokraterna.se\/uppsala\/files\/2016\/05\/jonassegersam1.png","width":1024,"height":512},{"@type":"BreadcrumbList","@id":"https:\/\/wp.kristdemokraterna.se\/uppsala\/kd-kraver-modigare-handlingsplan-mot-valdsbejakande-islamistisk-extremism\/#breadcrumb","itemListElement":[{"@type":"ListItem","position":1,"name":"Hem","item":"https:\/\/wp.kristdemokraterna.se\/uppsala\/"},{"@type":"ListItem","position":2,"name":"KD kr\u00e4ver modigare handlingsplan mot v\u00e5ldsbejakande islamistisk extremism"}]},{"@type":"WebSite","@id":"https:\/\/wp.kristdemokraterna.se\/uppsala\/#website","url":"https:\/\/wp.kristdemokraterna.se\/uppsala\/","name":"Kristdemokraterna Uppsala","description":"Tryggare Uppsala","publisher":{"@id":"https:\/\/wp.kristdemokraterna.se\/uppsala\/#organization"},"inLanguage":"sv-SE"},{"@type":"Organization","@id":"https:\/\/wp.kristdemokraterna.se\/uppsala\/#organization","name":"Kristdemokraterna Uppsala","url":"https:\/\/wp.kristdemokraterna.se\/uppsala\/","logo":{"@type":"ImageObject","inLanguage":"sv-SE","@id":"https:\/\/wp.kristdemokraterna.se\/uppsala\/#\/schema\/logo\/image\/","url":"https:\/\/wp.kristdemokraterna.se\/uppsala\/files\/2019\/10\/kd-uppsala.png","contentUrl":"https:\/\/wp.kristdemokraterna.se\/uppsala\/files\/2019\/10\/kd-uppsala.png","width":804,"height":421,"caption":"Kristdemokraterna Uppsala"},"image":{"@id":"https:\/\/wp.kristdemokraterna.se\/uppsala\/#\/schema\/logo\/image\/"},"sameAs":["https:\/\/www.facebook.com\/UppsalaKD\/","https:\/\/www.instagram.com\/uppsalakd\/"]},{"@type":"Person","@id":"https:\/\/wp.kristdemokraterna.se\/uppsala\/#\/schema\/person\/038d805d685fb0ce5ad14ab8711d8e84","name":"Mimmi Westerlund","image":{"@type":"ImageObject","inLanguage":"sv-SE","@id":"https:\/\/secure.gravatar.com\/avatar\/a5697359f709b6b10d9c7e6a7c89f3e054554dedb4657d5ffe9e5bc5b1445841?s=96&r=g","url":"https:\/\/secure.gravatar.com\/avatar\/a5697359f709b6b10d9c7e6a7c89f3e054554dedb4657d5ffe9e5bc5b1445841?s=96&r=g","contentUrl":"https:\/\/secure.gravatar.com\/avatar\/a5697359f709b6b10d9c7e6a7c89f3e054554dedb4657d5ffe9e5bc5b1445841?s=96&r=g","caption":"Mimmi Westerlund"},"url":"https:\/\/wp.kristdemokraterna.se\/uppsala\/author\/mimmi\/"}]}},"_links":{"self":[{"href":"https:\/\/wp.kristdemokraterna.se\/uppsala\/wp-json\/wp\/v2\/posts\/2072","targetHints":{"allow":["GET"]}}],"collection":[{"href":"https:\/\/wp.kristdemokraterna.se\/uppsala\/wp-json\/wp\/v2\/posts"}],"about":[{"href":"https:\/\/wp.kristdemokraterna.se\/uppsala\/wp-json\/wp\/v2\/types\/post"}],"author":[{"embeddable":true,"href":"https:\/\/wp.kristdemokraterna.se\/uppsala\/wp-json\/wp\/v2\/users\/702"}],"replies":[{"embeddable":true,"href":"https:\/\/wp.kristdemokraterna.se\/uppsala\/wp-json\/wp\/v2\/comments?post=2072"}],"version-history":[{"count":1,"href":"https:\/\/wp.kristdemokraterna.se\/uppsala\/wp-json\/wp\/v2\/posts\/2072\/revisions"}],"predecessor-version":[{"id":2073,"href":"https:\/\/wp.kristdemokraterna.se\/uppsala\/wp-json\/wp\/v2\/posts\/2072\/revisions\/2073"}],"wp:featuredmedia":[{"embeddable":true,"href":"https:\/\/wp.kristdemokraterna.se\/uppsala\/wp-json\/wp\/v2\/media\/2062"}],"wp:attachment":[{"href":"https:\/\/wp.kristdemokraterna.se\/uppsala\/wp-json\/wp\/v2\/media?parent=2072"}],"wp:term":[{"taxonomy":"category","embeddable":true,"href":"https:\/\/wp.kristdemokraterna.se\/uppsala\/wp-json\/wp\/v2\/categories?post=2072"},{"taxonomy":"post_tag","embeddable":true,"href":"https:\/\/wp.kristdemokraterna.se\/uppsala\/wp-json\/wp\/v2\/tags?post=2072"}],"curies":[{"name":"wp","href":"https:\/\/api.w.org\/{rel}","templated":true}]}}