{"id":2079,"date":"2016-08-31T19:25:53","date_gmt":"2016-08-31T17:25:53","guid":{"rendered":"http:\/\/wp.kristdemokraterna.se\/uppsala\/?p=2079"},"modified":"2024-04-04T00:47:23","modified_gmt":"2024-04-03T22:47:23","slug":"oscarsson-nej-till-nord-stream-2","status":"publish","type":"post","link":"https:\/\/wp.kristdemokraterna.se\/uppsala\/oscarsson-nej-till-nord-stream-2\/","title":{"rendered":"Oscarsson: Nej till Nord Stream 2"},"content":{"rendered":"<p>SvD rapporterar om Nord Stream 2 &#8211; efter Mikael Oscarsson (KD) beg\u00e4rt interpellationsdebatt.<br \/>\n<em>\u2013 Regeringens taktik har varit att ducka och avvakta, men nu m\u00e5ste man bek\u00e4nna f\u00e4rg. Ryssland vill helst av allt bli av med sanktionerna och en ny ledning skulle \u00f6ka m\u00f6jligheterna att anv\u00e4nda gasleveranser till Europa som ett p\u00e5tryckningsmedel.<\/em><\/p>\n<p><strong>Nord Stream 2<\/strong> ska l\u00e4ggas ut inom svensk ekonomisk zon i \u00d6stersj\u00f6n, men utanf\u00f6r den svenska territorialvattengr\u00e4nsen vid den gotl\u00e4ndska kusten. F\u00f6r Gotlands del kan projektet betyda b\u00e5de inkomster och arbetstillf\u00e4llen. N\u00e4r den f\u00f6rsta gasledningen byggdes hyrde konsortiet Slite hamn f\u00f6r 80 miljoner kronor och investerade ocks\u00e5 i en ny kajplats. Nu kan det handla om 50 nya miljoner.<\/p>\n<p>Men enligt Mikael Oscarsson finns det stora risker med en ny ledning. Rysk n\u00e4rvaro p\u00e5 Gotland kan inneb\u00e4ra att \u201dden ryska flottan f\u00f6rst\u00e4rker sin n\u00e4rvaro i omr\u00e5det\u201d och \u00e4ven andra s\u00e4kerhetsproblem:<\/p>\n<p><em>&#8211; Det \u00e4r uppenbart att svenska f\u00f6rsvarets f\u00f6rm\u00e5ga att v\u00e4rna Sveriges territorium p\u00e5verkas negativt under byggtiden. Slite hamn skulle kunna anv\u00e4ndas som en m\u00f6jlig plattform f\u00f6r hybrid-krigf\u00f6ring\u201d.<\/em><\/p>\n","protected":false},"excerpt":{"rendered":"<p>SvD rapporterar om Nord Stream 2 &#8211; efter Mikael Oscarsson (KD) beg\u00e4rt interpellationsdebatt. \u2013 Regeringens taktik har varit att ducka och avvakta, men nu m\u00e5ste man bek\u00e4nna f\u00e4rg. Ryssland vill helst av allt bli av med sanktionerna och en ny ledning skulle \u00f6ka m\u00f6jligheterna att anv\u00e4nda gasleveranser till Europa som ett p\u00e5tryckningsmedel. Nord Stream 2 <a class=\"read-more-link\" href=\"https:\/\/wp.kristdemokraterna.se\/uppsala\/oscarsson-nej-till-nord-stream-2\/\">Read More<\/a><\/p>\n","protected":false},"author":702,"featured_media":2080,"comment_status":"closed","ping_status":"closed","sticky":false,"template":"","format":"standard","meta":{"_acf_changed":false,"footnotes":""},"categories":[249],"tags":[],"class_list":["post-2079","post","type-post","status-publish","format-standard","hentry","category-trygghet-o-sakerhet"],"acf":[],"yoast_head":"<!-- This site is optimized with the Yoast SEO plugin v27.4 - https:\/\/yoast.com\/product\/yoast-seo-wordpress\/ -->\n<title>Oscarsson: Nej till Nord Stream 2 | Kristdemokraterna | Uppsala<\/title>\n<meta name=\"robots\" content=\"index, follow, max-snippet:-1, max-image-preview:large, max-video-preview:-1\" \/>\n<link rel=\"canonical\" href=\"https:\/\/wp.kristdemokraterna.se\/uppsala\/oscarsson-nej-till-nord-stream-2\/\" \/>\n<meta property=\"og:locale\" content=\"sv_SE\" \/>\n<meta property=\"og:type\" content=\"article\" \/>\n<meta property=\"og:title\" content=\"Oscarsson: Nej till Nord Stream 2 | Kristdemokraterna | Uppsala\" \/>\n<meta property=\"og:description\" content=\"SvD rapporterar om Nord Stream 2 &#8211; efter Mikael Oscarsson (KD) beg\u00e4rt interpellationsdebatt. \u2013 Regeringens taktik har varit att ducka och avvakta, men nu m\u00e5ste man bek\u00e4nna f\u00e4rg. Ryssland vill helst av allt bli av med sanktionerna och en ny ledning skulle \u00f6ka m\u00f6jligheterna att anv\u00e4nda gasleveranser till Europa som ett p\u00e5tryckningsmedel. Nord Stream 2 Read More\" \/>\n<meta property=\"og:url\" content=\"https:\/\/wp.kristdemokraterna.se\/uppsala\/oscarsson-nej-till-nord-stream-2\/\" \/>\n<meta property=\"og:site_name\" content=\"Kristdemokraterna | Uppsala\" \/>\n<meta property=\"article:publisher\" content=\"https:\/\/www.facebook.com\/UppsalaKD\/\" \/>\n<meta property=\"article:published_time\" content=\"2016-08-31T17:25:53+00:00\" \/>\n<meta property=\"article:modified_time\" content=\"2024-04-03T22:47:23+00:00\" \/>\n<meta property=\"og:image\" content=\"http:\/\/wp.kristdemokraterna.se\/uppsala\/files\/2016\/08\/980.jpg\" \/>\n\t<meta property=\"og:image:width\" content=\"980\" \/>\n\t<meta property=\"og:image:height\" content=\"653\" \/>\n\t<meta property=\"og:image:type\" content=\"image\/jpeg\" \/>\n<meta name=\"author\" content=\"Mimmi Westerlund\" \/>\n<meta name=\"twitter:card\" content=\"summary_large_image\" \/>\n<meta name=\"twitter:label1\" content=\"Skriven av\" \/>\n\t<meta name=\"twitter:data1\" content=\"Mimmi Westerlund\" \/>\n\t<meta name=\"twitter:label2\" content=\"Ber\u00e4knad l\u00e4stid\" \/>\n\t<meta name=\"twitter:data2\" content=\"1 minut\" \/>\n<script type=\"application\/ld+json\" class=\"yoast-schema-graph\">{\"@context\":\"https:\\\/\\\/schema.org\",\"@graph\":[{\"@type\":\"Article\",\"@id\":\"https:\\\/\\\/wp.kristdemokraterna.se\\\/uppsala\\\/oscarsson-nej-till-nord-stream-2\\\/#article\",\"isPartOf\":{\"@id\":\"https:\\\/\\\/wp.kristdemokraterna.se\\\/uppsala\\\/oscarsson-nej-till-nord-stream-2\\\/\"},\"author\":{\"name\":\"Mimmi Westerlund\",\"@id\":\"https:\\\/\\\/wp.kristdemokraterna.se\\\/uppsala\\\/#\\\/schema\\\/person\\\/038d805d685fb0ce5ad14ab8711d8e84\"},\"headline\":\"Oscarsson: Nej till Nord Stream 2\",\"datePublished\":\"2016-08-31T17:25:53+00:00\",\"dateModified\":\"2024-04-03T22:47:23+00:00\",\"mainEntityOfPage\":{\"@id\":\"https:\\\/\\\/wp.kristdemokraterna.se\\\/uppsala\\\/oscarsson-nej-till-nord-stream-2\\\/\"},\"wordCount\":203,\"publisher\":{\"@id\":\"https:\\\/\\\/wp.kristdemokraterna.se\\\/uppsala\\\/#organization\"},\"image\":{\"@id\":\"https:\\\/\\\/wp.kristdemokraterna.se\\\/uppsala\\\/oscarsson-nej-till-nord-stream-2\\\/#primaryimage\"},\"thumbnailUrl\":\"https:\\\/\\\/wp.kristdemokraterna.se\\\/uppsala\\\/files\\\/2016\\\/08\\\/980.jpg\",\"articleSection\":[\"Trygghet &amp; S\u00e4kerhet\"],\"inLanguage\":\"sv-SE\"},{\"@type\":\"WebPage\",\"@id\":\"https:\\\/\\\/wp.kristdemokraterna.se\\\/uppsala\\\/oscarsson-nej-till-nord-stream-2\\\/\",\"url\":\"https:\\\/\\\/wp.kristdemokraterna.se\\\/uppsala\\\/oscarsson-nej-till-nord-stream-2\\\/\",\"name\":\"Oscarsson: Nej till Nord Stream 2 | Kristdemokraterna | Uppsala\",\"isPartOf\":{\"@id\":\"https:\\\/\\\/wp.kristdemokraterna.se\\\/uppsala\\\/#website\"},\"primaryImageOfPage\":{\"@id\":\"https:\\\/\\\/wp.kristdemokraterna.se\\\/uppsala\\\/oscarsson-nej-till-nord-stream-2\\\/#primaryimage\"},\"image\":{\"@id\":\"https:\\\/\\\/wp.kristdemokraterna.se\\\/uppsala\\\/oscarsson-nej-till-nord-stream-2\\\/#primaryimage\"},\"thumbnailUrl\":\"https:\\\/\\\/wp.kristdemokraterna.se\\\/uppsala\\\/files\\\/2016\\\/08\\\/980.jpg\",\"datePublished\":\"2016-08-31T17:25:53+00:00\",\"dateModified\":\"2024-04-03T22:47:23+00:00\",\"breadcrumb\":{\"@id\":\"https:\\\/\\\/wp.kristdemokraterna.se\\\/uppsala\\\/oscarsson-nej-till-nord-stream-2\\\/#breadcrumb\"},\"inLanguage\":\"sv-SE\",\"potentialAction\":[{\"@type\":\"ReadAction\",\"target\":[\"https:\\\/\\\/wp.kristdemokraterna.se\\\/uppsala\\\/oscarsson-nej-till-nord-stream-2\\\/\"]}]},{\"@type\":\"ImageObject\",\"inLanguage\":\"sv-SE\",\"@id\":\"https:\\\/\\\/wp.kristdemokraterna.se\\\/uppsala\\\/oscarsson-nej-till-nord-stream-2\\\/#primaryimage\",\"url\":\"https:\\\/\\\/wp.kristdemokraterna.se\\\/uppsala\\\/files\\\/2016\\\/08\\\/980.jpg\",\"contentUrl\":\"https:\\\/\\\/wp.kristdemokraterna.se\\\/uppsala\\\/files\\\/2016\\\/08\\\/980.jpg\",\"width\":980,\"height\":653},{\"@type\":\"BreadcrumbList\",\"@id\":\"https:\\\/\\\/wp.kristdemokraterna.se\\\/uppsala\\\/oscarsson-nej-till-nord-stream-2\\\/#breadcrumb\",\"itemListElement\":[{\"@type\":\"ListItem\",\"position\":1,\"name\":\"Hem\",\"item\":\"https:\\\/\\\/wp.kristdemokraterna.se\\\/uppsala\\\/\"},{\"@type\":\"ListItem\",\"position\":2,\"name\":\"Oscarsson: Nej till Nord Stream 2\"}]},{\"@type\":\"WebSite\",\"@id\":\"https:\\\/\\\/wp.kristdemokraterna.se\\\/uppsala\\\/#website\",\"url\":\"https:\\\/\\\/wp.kristdemokraterna.se\\\/uppsala\\\/\",\"name\":\"Kristdemokraterna Uppsala\",\"description\":\"Tryggare Uppsala\",\"publisher\":{\"@id\":\"https:\\\/\\\/wp.kristdemokraterna.se\\\/uppsala\\\/#organization\"},\"inLanguage\":\"sv-SE\"},{\"@type\":\"Organization\",\"@id\":\"https:\\\/\\\/wp.kristdemokraterna.se\\\/uppsala\\\/#organization\",\"name\":\"Kristdemokraterna Uppsala\",\"url\":\"https:\\\/\\\/wp.kristdemokraterna.se\\\/uppsala\\\/\",\"logo\":{\"@type\":\"ImageObject\",\"inLanguage\":\"sv-SE\",\"@id\":\"https:\\\/\\\/wp.kristdemokraterna.se\\\/uppsala\\\/#\\\/schema\\\/logo\\\/image\\\/\",\"url\":\"https:\\\/\\\/wp.kristdemokraterna.se\\\/uppsala\\\/files\\\/2019\\\/10\\\/kd-uppsala.png\",\"contentUrl\":\"https:\\\/\\\/wp.kristdemokraterna.se\\\/uppsala\\\/files\\\/2019\\\/10\\\/kd-uppsala.png\",\"width\":804,\"height\":421,\"caption\":\"Kristdemokraterna Uppsala\"},\"image\":{\"@id\":\"https:\\\/\\\/wp.kristdemokraterna.se\\\/uppsala\\\/#\\\/schema\\\/logo\\\/image\\\/\"},\"sameAs\":[\"https:\\\/\\\/www.facebook.com\\\/UppsalaKD\\\/\",\"https:\\\/\\\/www.instagram.com\\\/uppsalakd\\\/\"]},{\"@type\":\"Person\",\"@id\":\"https:\\\/\\\/wp.kristdemokraterna.se\\\/uppsala\\\/#\\\/schema\\\/person\\\/038d805d685fb0ce5ad14ab8711d8e84\",\"name\":\"Mimmi Westerlund\",\"image\":{\"@type\":\"ImageObject\",\"inLanguage\":\"sv-SE\",\"@id\":\"https:\\\/\\\/secure.gravatar.com\\\/avatar\\\/a5697359f709b6b10d9c7e6a7c89f3e054554dedb4657d5ffe9e5bc5b1445841?s=96&r=g\",\"url\":\"https:\\\/\\\/secure.gravatar.com\\\/avatar\\\/a5697359f709b6b10d9c7e6a7c89f3e054554dedb4657d5ffe9e5bc5b1445841?s=96&r=g\",\"contentUrl\":\"https:\\\/\\\/secure.gravatar.com\\\/avatar\\\/a5697359f709b6b10d9c7e6a7c89f3e054554dedb4657d5ffe9e5bc5b1445841?s=96&r=g\",\"caption\":\"Mimmi Westerlund\"},\"url\":\"https:\\\/\\\/wp.kristdemokraterna.se\\\/uppsala\\\/author\\\/mimmi\\\/\"}]}<\/script>\n<!-- \/ Yoast SEO plugin. -->","yoast_head_json":{"title":"Oscarsson: Nej till Nord Stream 2 | Kristdemokraterna | Uppsala","robots":{"index":"index","follow":"follow","max-snippet":"max-snippet:-1","max-image-preview":"max-image-preview:large","max-video-preview":"max-video-preview:-1"},"canonical":"https:\/\/wp.kristdemokraterna.se\/uppsala\/oscarsson-nej-till-nord-stream-2\/","og_locale":"sv_SE","og_type":"article","og_title":"Oscarsson: Nej till Nord Stream 2 | Kristdemokraterna | Uppsala","og_description":"SvD rapporterar om Nord Stream 2 &#8211; efter Mikael Oscarsson (KD) beg\u00e4rt interpellationsdebatt. \u2013 Regeringens taktik har varit att ducka och avvakta, men nu m\u00e5ste man bek\u00e4nna f\u00e4rg. Ryssland vill helst av allt bli av med sanktionerna och en ny ledning skulle \u00f6ka m\u00f6jligheterna att anv\u00e4nda gasleveranser till Europa som ett p\u00e5tryckningsmedel. Nord Stream 2 Read More","og_url":"https:\/\/wp.kristdemokraterna.se\/uppsala\/oscarsson-nej-till-nord-stream-2\/","og_site_name":"Kristdemokraterna | Uppsala","article_publisher":"https:\/\/www.facebook.com\/UppsalaKD\/","article_published_time":"2016-08-31T17:25:53+00:00","article_modified_time":"2024-04-03T22:47:23+00:00","og_image":[{"width":980,"height":653,"url":"http:\/\/wp.kristdemokraterna.se\/uppsala\/files\/2016\/08\/980.jpg","type":"image\/jpeg"}],"author":"Mimmi Westerlund","twitter_card":"summary_large_image","twitter_misc":{"Skriven av":"Mimmi Westerlund","Ber\u00e4knad l\u00e4stid":"1 minut"},"schema":{"@context":"https:\/\/schema.org","@graph":[{"@type":"Article","@id":"https:\/\/wp.kristdemokraterna.se\/uppsala\/oscarsson-nej-till-nord-stream-2\/#article","isPartOf":{"@id":"https:\/\/wp.kristdemokraterna.se\/uppsala\/oscarsson-nej-till-nord-stream-2\/"},"author":{"name":"Mimmi Westerlund","@id":"https:\/\/wp.kristdemokraterna.se\/uppsala\/#\/schema\/person\/038d805d685fb0ce5ad14ab8711d8e84"},"headline":"Oscarsson: Nej till Nord Stream 2","datePublished":"2016-08-31T17:25:53+00:00","dateModified":"2024-04-03T22:47:23+00:00","mainEntityOfPage":{"@id":"https:\/\/wp.kristdemokraterna.se\/uppsala\/oscarsson-nej-till-nord-stream-2\/"},"wordCount":203,"publisher":{"@id":"https:\/\/wp.kristdemokraterna.se\/uppsala\/#organization"},"image":{"@id":"https:\/\/wp.kristdemokraterna.se\/uppsala\/oscarsson-nej-till-nord-stream-2\/#primaryimage"},"thumbnailUrl":"https:\/\/wp.kristdemokraterna.se\/uppsala\/files\/2016\/08\/980.jpg","articleSection":["Trygghet &amp; S\u00e4kerhet"],"inLanguage":"sv-SE"},{"@type":"WebPage","@id":"https:\/\/wp.kristdemokraterna.se\/uppsala\/oscarsson-nej-till-nord-stream-2\/","url":"https:\/\/wp.kristdemokraterna.se\/uppsala\/oscarsson-nej-till-nord-stream-2\/","name":"Oscarsson: Nej till Nord Stream 2 | Kristdemokraterna | Uppsala","isPartOf":{"@id":"https:\/\/wp.kristdemokraterna.se\/uppsala\/#website"},"primaryImageOfPage":{"@id":"https:\/\/wp.kristdemokraterna.se\/uppsala\/oscarsson-nej-till-nord-stream-2\/#primaryimage"},"image":{"@id":"https:\/\/wp.kristdemokraterna.se\/uppsala\/oscarsson-nej-till-nord-stream-2\/#primaryimage"},"thumbnailUrl":"https:\/\/wp.kristdemokraterna.se\/uppsala\/files\/2016\/08\/980.jpg","datePublished":"2016-08-31T17:25:53+00:00","dateModified":"2024-04-03T22:47:23+00:00","breadcrumb":{"@id":"https:\/\/wp.kristdemokraterna.se\/uppsala\/oscarsson-nej-till-nord-stream-2\/#breadcrumb"},"inLanguage":"sv-SE","potentialAction":[{"@type":"ReadAction","target":["https:\/\/wp.kristdemokraterna.se\/uppsala\/oscarsson-nej-till-nord-stream-2\/"]}]},{"@type":"ImageObject","inLanguage":"sv-SE","@id":"https:\/\/wp.kristdemokraterna.se\/uppsala\/oscarsson-nej-till-nord-stream-2\/#primaryimage","url":"https:\/\/wp.kristdemokraterna.se\/uppsala\/files\/2016\/08\/980.jpg","contentUrl":"https:\/\/wp.kristdemokraterna.se\/uppsala\/files\/2016\/08\/980.jpg","width":980,"height":653},{"@type":"BreadcrumbList","@id":"https:\/\/wp.kristdemokraterna.se\/uppsala\/oscarsson-nej-till-nord-stream-2\/#breadcrumb","itemListElement":[{"@type":"ListItem","position":1,"name":"Hem","item":"https:\/\/wp.kristdemokraterna.se\/uppsala\/"},{"@type":"ListItem","position":2,"name":"Oscarsson: Nej till Nord Stream 2"}]},{"@type":"WebSite","@id":"https:\/\/wp.kristdemokraterna.se\/uppsala\/#website","url":"https:\/\/wp.kristdemokraterna.se\/uppsala\/","name":"Kristdemokraterna Uppsala","description":"Tryggare Uppsala","publisher":{"@id":"https:\/\/wp.kristdemokraterna.se\/uppsala\/#organization"},"inLanguage":"sv-SE"},{"@type":"Organization","@id":"https:\/\/wp.kristdemokraterna.se\/uppsala\/#organization","name":"Kristdemokraterna Uppsala","url":"https:\/\/wp.kristdemokraterna.se\/uppsala\/","logo":{"@type":"ImageObject","inLanguage":"sv-SE","@id":"https:\/\/wp.kristdemokraterna.se\/uppsala\/#\/schema\/logo\/image\/","url":"https:\/\/wp.kristdemokraterna.se\/uppsala\/files\/2019\/10\/kd-uppsala.png","contentUrl":"https:\/\/wp.kristdemokraterna.se\/uppsala\/files\/2019\/10\/kd-uppsala.png","width":804,"height":421,"caption":"Kristdemokraterna Uppsala"},"image":{"@id":"https:\/\/wp.kristdemokraterna.se\/uppsala\/#\/schema\/logo\/image\/"},"sameAs":["https:\/\/www.facebook.com\/UppsalaKD\/","https:\/\/www.instagram.com\/uppsalakd\/"]},{"@type":"Person","@id":"https:\/\/wp.kristdemokraterna.se\/uppsala\/#\/schema\/person\/038d805d685fb0ce5ad14ab8711d8e84","name":"Mimmi Westerlund","image":{"@type":"ImageObject","inLanguage":"sv-SE","@id":"https:\/\/secure.gravatar.com\/avatar\/a5697359f709b6b10d9c7e6a7c89f3e054554dedb4657d5ffe9e5bc5b1445841?s=96&r=g","url":"https:\/\/secure.gravatar.com\/avatar\/a5697359f709b6b10d9c7e6a7c89f3e054554dedb4657d5ffe9e5bc5b1445841?s=96&r=g","contentUrl":"https:\/\/secure.gravatar.com\/avatar\/a5697359f709b6b10d9c7e6a7c89f3e054554dedb4657d5ffe9e5bc5b1445841?s=96&r=g","caption":"Mimmi Westerlund"},"url":"https:\/\/wp.kristdemokraterna.se\/uppsala\/author\/mimmi\/"}]}},"_links":{"self":[{"href":"https:\/\/wp.kristdemokraterna.se\/uppsala\/wp-json\/wp\/v2\/posts\/2079","targetHints":{"allow":["GET"]}}],"collection":[{"href":"https:\/\/wp.kristdemokraterna.se\/uppsala\/wp-json\/wp\/v2\/posts"}],"about":[{"href":"https:\/\/wp.kristdemokraterna.se\/uppsala\/wp-json\/wp\/v2\/types\/post"}],"author":[{"embeddable":true,"href":"https:\/\/wp.kristdemokraterna.se\/uppsala\/wp-json\/wp\/v2\/users\/702"}],"replies":[{"embeddable":true,"href":"https:\/\/wp.kristdemokraterna.se\/uppsala\/wp-json\/wp\/v2\/comments?post=2079"}],"version-history":[{"count":1,"href":"https:\/\/wp.kristdemokraterna.se\/uppsala\/wp-json\/wp\/v2\/posts\/2079\/revisions"}],"predecessor-version":[{"id":2081,"href":"https:\/\/wp.kristdemokraterna.se\/uppsala\/wp-json\/wp\/v2\/posts\/2079\/revisions\/2081"}],"wp:featuredmedia":[{"embeddable":true,"href":"https:\/\/wp.kristdemokraterna.se\/uppsala\/wp-json\/wp\/v2\/media\/2080"}],"wp:attachment":[{"href":"https:\/\/wp.kristdemokraterna.se\/uppsala\/wp-json\/wp\/v2\/media?parent=2079"}],"wp:term":[{"taxonomy":"category","embeddable":true,"href":"https:\/\/wp.kristdemokraterna.se\/uppsala\/wp-json\/wp\/v2\/categories?post=2079"},{"taxonomy":"post_tag","embeddable":true,"href":"https:\/\/wp.kristdemokraterna.se\/uppsala\/wp-json\/wp\/v2\/tags?post=2079"}],"curies":[{"name":"wp","href":"https:\/\/api.w.org\/{rel}","templated":true}]}}