{"id":209,"date":"2011-10-31T16:19:17","date_gmt":"2011-10-31T15:19:17","guid":{"rendered":"http:\/\/www.uppsala.kristdemokraterna.se\/?p=209"},"modified":"2024-04-03T20:33:42","modified_gmt":"2024-04-03T18:33:42","slug":"nej-till-riksintag-gor-skola-sarbar","status":"publish","type":"post","link":"https:\/\/wp.kristdemokraterna.se\/uppsala\/nej-till-riksintag-gor-skola-sarbar\/","title":{"rendered":"Nej till riksintag g\u00f6r skola s\u00e5rbar"},"content":{"rendered":"<p><a href=\"http:\/\/wp.kristdemokraterna.se\/uppsala\/files\/2011\/10\/mikaeloscarsson.jpg\"><img loading=\"lazy\" decoding=\"async\" class=\"alignleft  wp-image-233\" title=\"Mikael Oscarsson\" src=\"http:\/\/wp.kristdemokraterna.se\/uppsala\/files\/2011\/10\/mikaeloscarsson-300x279.jpg\" alt=\"Mikael Oscarsson (KD), riksdagsledamot\" width=\"263\" height=\"252\" \/><\/a><\/p>\n<p>Forsmarks skola f\u00e5r medh\u00e5ll av riksdagsledamoten Mikael Oscarsson i fr\u00e5gan om riksintag. Fr\u00e5gan f\u00f6rtj\u00e4nar att tas upp, f\u00f6r att ta reda p\u00e5 om Jan Bj\u00f6rklund (FP) har pejl p\u00e5 att Skolverket \u00e4r s\u00e5 fyrkantigt som stoppar en skola som funnits i 25 \u00e5r och som utexaminerat runt 1\u2009500 elever kanske helt f\u00f6rsvinner, s\u00e4ger han.<\/p>\n<p><a href=\"http:\/\/www.unt.se\/osthammar\/nej-till-riksintag-gor-skola-sarbar-1513868.aspx\">http:\/\/www.unt.se\/osthammar\/nej-till-riksintag-gor-skola-sarbar-1513868.aspx<\/a><\/p>\n","protected":false},"excerpt":{"rendered":"<p>Forsmarks skola f\u00e5r medh\u00e5ll av riksdagsledamoten Mikael Oscarsson i fr\u00e5gan om riksintag. Fr\u00e5gan f\u00f6rtj\u00e4nar att tas upp, f\u00f6r att ta reda p\u00e5 om Jan Bj\u00f6rklund (FP) har pejl p\u00e5 att Skolverket \u00e4r s\u00e5 fyrkantigt som stoppar en skola som funnits i 25 \u00e5r och som utexaminerat runt 1\u2009500 elever kanske helt f\u00f6rsvinner, s\u00e4ger han. http:\/\/www.unt.se\/osthammar\/nej-till-riksintag-gor-skola-sarbar-1513868.aspx<\/p>\n","protected":false},"author":564,"featured_media":0,"comment_status":"closed","ping_status":"closed","sticky":false,"template":"","format":"standard","meta":{"_acf_changed":false,"footnotes":""},"categories":[241],"tags":[],"class_list":["post-209","post","type-post","status-publish","format-standard","hentry","category-familj-och-skola"],"acf":[],"yoast_head":"<!-- This site is optimized with the Yoast SEO plugin v27.4 - https:\/\/yoast.com\/product\/yoast-seo-wordpress\/ -->\n<title>Nej till riksintag g\u00f6r skola s\u00e5rbar | Kristdemokraterna | Uppsala<\/title>\n<meta name=\"robots\" content=\"index, follow, max-snippet:-1, max-image-preview:large, max-video-preview:-1\" \/>\n<link rel=\"canonical\" href=\"https:\/\/wp.kristdemokraterna.se\/uppsala\/nej-till-riksintag-gor-skola-sarbar\/\" \/>\n<meta property=\"og:locale\" content=\"sv_SE\" \/>\n<meta property=\"og:type\" content=\"article\" \/>\n<meta property=\"og:title\" content=\"Nej till riksintag g\u00f6r skola s\u00e5rbar | Kristdemokraterna | Uppsala\" \/>\n<meta property=\"og:description\" content=\"Forsmarks skola f\u00e5r medh\u00e5ll av riksdagsledamoten Mikael Oscarsson i fr\u00e5gan om riksintag. Fr\u00e5gan f\u00f6rtj\u00e4nar att tas upp, f\u00f6r att ta reda p\u00e5 om Jan Bj\u00f6rklund (FP) har pejl p\u00e5 att Skolverket \u00e4r s\u00e5 fyrkantigt som stoppar en skola som funnits i 25 \u00e5r och som utexaminerat runt 1\u2009500 elever kanske helt f\u00f6rsvinner, s\u00e4ger han. http:\/\/www.unt.se\/osthammar\/nej-till-riksintag-gor-skola-sarbar-1513868.aspx\" \/>\n<meta property=\"og:url\" content=\"https:\/\/wp.kristdemokraterna.se\/uppsala\/nej-till-riksintag-gor-skola-sarbar\/\" \/>\n<meta property=\"og:site_name\" content=\"Kristdemokraterna | Uppsala\" \/>\n<meta property=\"article:publisher\" content=\"https:\/\/www.facebook.com\/UppsalaKD\/\" \/>\n<meta property=\"article:published_time\" content=\"2011-10-31T15:19:17+00:00\" \/>\n<meta property=\"article:modified_time\" content=\"2024-04-03T18:33:42+00:00\" \/>\n<meta property=\"og:image\" content=\"http:\/\/wp.kristdemokraterna.se\/uppsala\/files\/2011\/10\/mikaeloscarsson-300x279.jpg\" \/>\n<meta name=\"author\" content=\"uppsala\" \/>\n<meta name=\"twitter:card\" content=\"summary_large_image\" \/>\n<meta name=\"twitter:label1\" content=\"Skriven av\" \/>\n\t<meta name=\"twitter:data1\" content=\"uppsala\" \/>\n<script type=\"application\/ld+json\" class=\"yoast-schema-graph\">{\"@context\":\"https:\\\/\\\/schema.org\",\"@graph\":[{\"@type\":\"Article\",\"@id\":\"https:\\\/\\\/wp.kristdemokraterna.se\\\/uppsala\\\/nej-till-riksintag-gor-skola-sarbar\\\/#article\",\"isPartOf\":{\"@id\":\"https:\\\/\\\/wp.kristdemokraterna.se\\\/uppsala\\\/nej-till-riksintag-gor-skola-sarbar\\\/\"},\"author\":{\"name\":\"uppsala\",\"@id\":\"https:\\\/\\\/wp.kristdemokraterna.se\\\/uppsala\\\/#\\\/schema\\\/person\\\/1a9d5399e1cba3ef2aaa3e8ae402e7cb\"},\"headline\":\"Nej till riksintag g\u00f6r skola s\u00e5rbar\",\"datePublished\":\"2011-10-31T15:19:17+00:00\",\"dateModified\":\"2024-04-03T18:33:42+00:00\",\"mainEntityOfPage\":{\"@id\":\"https:\\\/\\\/wp.kristdemokraterna.se\\\/uppsala\\\/nej-till-riksintag-gor-skola-sarbar\\\/\"},\"wordCount\":77,\"publisher\":{\"@id\":\"https:\\\/\\\/wp.kristdemokraterna.se\\\/uppsala\\\/#organization\"},\"image\":{\"@id\":\"https:\\\/\\\/wp.kristdemokraterna.se\\\/uppsala\\\/nej-till-riksintag-gor-skola-sarbar\\\/#primaryimage\"},\"thumbnailUrl\":\"http:\\\/\\\/wp.kristdemokraterna.se\\\/uppsala\\\/files\\\/2011\\\/10\\\/mikaeloscarsson-300x279.jpg\",\"articleSection\":[\"Familj &amp; skola\"],\"inLanguage\":\"sv-SE\"},{\"@type\":\"WebPage\",\"@id\":\"https:\\\/\\\/wp.kristdemokraterna.se\\\/uppsala\\\/nej-till-riksintag-gor-skola-sarbar\\\/\",\"url\":\"https:\\\/\\\/wp.kristdemokraterna.se\\\/uppsala\\\/nej-till-riksintag-gor-skola-sarbar\\\/\",\"name\":\"Nej till riksintag g\u00f6r skola s\u00e5rbar | Kristdemokraterna | Uppsala\",\"isPartOf\":{\"@id\":\"https:\\\/\\\/wp.kristdemokraterna.se\\\/uppsala\\\/#website\"},\"primaryImageOfPage\":{\"@id\":\"https:\\\/\\\/wp.kristdemokraterna.se\\\/uppsala\\\/nej-till-riksintag-gor-skola-sarbar\\\/#primaryimage\"},\"image\":{\"@id\":\"https:\\\/\\\/wp.kristdemokraterna.se\\\/uppsala\\\/nej-till-riksintag-gor-skola-sarbar\\\/#primaryimage\"},\"thumbnailUrl\":\"http:\\\/\\\/wp.kristdemokraterna.se\\\/uppsala\\\/files\\\/2011\\\/10\\\/mikaeloscarsson-300x279.jpg\",\"datePublished\":\"2011-10-31T15:19:17+00:00\",\"dateModified\":\"2024-04-03T18:33:42+00:00\",\"breadcrumb\":{\"@id\":\"https:\\\/\\\/wp.kristdemokraterna.se\\\/uppsala\\\/nej-till-riksintag-gor-skola-sarbar\\\/#breadcrumb\"},\"inLanguage\":\"sv-SE\",\"potentialAction\":[{\"@type\":\"ReadAction\",\"target\":[\"https:\\\/\\\/wp.kristdemokraterna.se\\\/uppsala\\\/nej-till-riksintag-gor-skola-sarbar\\\/\"]}]},{\"@type\":\"ImageObject\",\"inLanguage\":\"sv-SE\",\"@id\":\"https:\\\/\\\/wp.kristdemokraterna.se\\\/uppsala\\\/nej-till-riksintag-gor-skola-sarbar\\\/#primaryimage\",\"url\":\"http:\\\/\\\/wp.kristdemokraterna.se\\\/uppsala\\\/files\\\/2011\\\/10\\\/mikaeloscarsson-300x279.jpg\",\"contentUrl\":\"http:\\\/\\\/wp.kristdemokraterna.se\\\/uppsala\\\/files\\\/2011\\\/10\\\/mikaeloscarsson-300x279.jpg\"},{\"@type\":\"BreadcrumbList\",\"@id\":\"https:\\\/\\\/wp.kristdemokraterna.se\\\/uppsala\\\/nej-till-riksintag-gor-skola-sarbar\\\/#breadcrumb\",\"itemListElement\":[{\"@type\":\"ListItem\",\"position\":1,\"name\":\"Hem\",\"item\":\"https:\\\/\\\/wp.kristdemokraterna.se\\\/uppsala\\\/\"},{\"@type\":\"ListItem\",\"position\":2,\"name\":\"Nej till riksintag g\u00f6r skola s\u00e5rbar\"}]},{\"@type\":\"WebSite\",\"@id\":\"https:\\\/\\\/wp.kristdemokraterna.se\\\/uppsala\\\/#website\",\"url\":\"https:\\\/\\\/wp.kristdemokraterna.se\\\/uppsala\\\/\",\"name\":\"Kristdemokraterna Uppsala\",\"description\":\"Tryggare Uppsala\",\"publisher\":{\"@id\":\"https:\\\/\\\/wp.kristdemokraterna.se\\\/uppsala\\\/#organization\"},\"inLanguage\":\"sv-SE\"},{\"@type\":\"Organization\",\"@id\":\"https:\\\/\\\/wp.kristdemokraterna.se\\\/uppsala\\\/#organization\",\"name\":\"Kristdemokraterna Uppsala\",\"url\":\"https:\\\/\\\/wp.kristdemokraterna.se\\\/uppsala\\\/\",\"logo\":{\"@type\":\"ImageObject\",\"inLanguage\":\"sv-SE\",\"@id\":\"https:\\\/\\\/wp.kristdemokraterna.se\\\/uppsala\\\/#\\\/schema\\\/logo\\\/image\\\/\",\"url\":\"https:\\\/\\\/wp.kristdemokraterna.se\\\/uppsala\\\/files\\\/2019\\\/10\\\/kd-uppsala.png\",\"contentUrl\":\"https:\\\/\\\/wp.kristdemokraterna.se\\\/uppsala\\\/files\\\/2019\\\/10\\\/kd-uppsala.png\",\"width\":804,\"height\":421,\"caption\":\"Kristdemokraterna Uppsala\"},\"image\":{\"@id\":\"https:\\\/\\\/wp.kristdemokraterna.se\\\/uppsala\\\/#\\\/schema\\\/logo\\\/image\\\/\"},\"sameAs\":[\"https:\\\/\\\/www.facebook.com\\\/UppsalaKD\\\/\",\"https:\\\/\\\/www.instagram.com\\\/uppsalakd\\\/\"]},{\"@type\":\"Person\",\"@id\":\"https:\\\/\\\/wp.kristdemokraterna.se\\\/uppsala\\\/#\\\/schema\\\/person\\\/1a9d5399e1cba3ef2aaa3e8ae402e7cb\",\"name\":\"uppsala\",\"image\":{\"@type\":\"ImageObject\",\"inLanguage\":\"sv-SE\",\"@id\":\"https:\\\/\\\/secure.gravatar.com\\\/avatar\\\/6848f3cb6c9639d81462ad411b01edce447fb2c8b6efe4430e030aa29223462f?s=96&r=g\",\"url\":\"https:\\\/\\\/secure.gravatar.com\\\/avatar\\\/6848f3cb6c9639d81462ad411b01edce447fb2c8b6efe4430e030aa29223462f?s=96&r=g\",\"contentUrl\":\"https:\\\/\\\/secure.gravatar.com\\\/avatar\\\/6848f3cb6c9639d81462ad411b01edce447fb2c8b6efe4430e030aa29223462f?s=96&r=g\",\"caption\":\"uppsala\"},\"url\":\"https:\\\/\\\/wp.kristdemokraterna.se\\\/uppsala\\\/author\\\/uppsala\\\/\"}]}<\/script>\n<!-- \/ Yoast SEO plugin. -->","yoast_head_json":{"title":"Nej till riksintag g\u00f6r skola s\u00e5rbar | Kristdemokraterna | Uppsala","robots":{"index":"index","follow":"follow","max-snippet":"max-snippet:-1","max-image-preview":"max-image-preview:large","max-video-preview":"max-video-preview:-1"},"canonical":"https:\/\/wp.kristdemokraterna.se\/uppsala\/nej-till-riksintag-gor-skola-sarbar\/","og_locale":"sv_SE","og_type":"article","og_title":"Nej till riksintag g\u00f6r skola s\u00e5rbar | Kristdemokraterna | Uppsala","og_description":"Forsmarks skola f\u00e5r medh\u00e5ll av riksdagsledamoten Mikael Oscarsson i fr\u00e5gan om riksintag. Fr\u00e5gan f\u00f6rtj\u00e4nar att tas upp, f\u00f6r att ta reda p\u00e5 om Jan Bj\u00f6rklund (FP) har pejl p\u00e5 att Skolverket \u00e4r s\u00e5 fyrkantigt som stoppar en skola som funnits i 25 \u00e5r och som utexaminerat runt 1\u2009500 elever kanske helt f\u00f6rsvinner, s\u00e4ger han. http:\/\/www.unt.se\/osthammar\/nej-till-riksintag-gor-skola-sarbar-1513868.aspx","og_url":"https:\/\/wp.kristdemokraterna.se\/uppsala\/nej-till-riksintag-gor-skola-sarbar\/","og_site_name":"Kristdemokraterna | Uppsala","article_publisher":"https:\/\/www.facebook.com\/UppsalaKD\/","article_published_time":"2011-10-31T15:19:17+00:00","article_modified_time":"2024-04-03T18:33:42+00:00","og_image":[{"url":"http:\/\/wp.kristdemokraterna.se\/uppsala\/files\/2011\/10\/mikaeloscarsson-300x279.jpg","type":"","width":"","height":""}],"author":"uppsala","twitter_card":"summary_large_image","twitter_misc":{"Skriven av":"uppsala"},"schema":{"@context":"https:\/\/schema.org","@graph":[{"@type":"Article","@id":"https:\/\/wp.kristdemokraterna.se\/uppsala\/nej-till-riksintag-gor-skola-sarbar\/#article","isPartOf":{"@id":"https:\/\/wp.kristdemokraterna.se\/uppsala\/nej-till-riksintag-gor-skola-sarbar\/"},"author":{"name":"uppsala","@id":"https:\/\/wp.kristdemokraterna.se\/uppsala\/#\/schema\/person\/1a9d5399e1cba3ef2aaa3e8ae402e7cb"},"headline":"Nej till riksintag g\u00f6r skola s\u00e5rbar","datePublished":"2011-10-31T15:19:17+00:00","dateModified":"2024-04-03T18:33:42+00:00","mainEntityOfPage":{"@id":"https:\/\/wp.kristdemokraterna.se\/uppsala\/nej-till-riksintag-gor-skola-sarbar\/"},"wordCount":77,"publisher":{"@id":"https:\/\/wp.kristdemokraterna.se\/uppsala\/#organization"},"image":{"@id":"https:\/\/wp.kristdemokraterna.se\/uppsala\/nej-till-riksintag-gor-skola-sarbar\/#primaryimage"},"thumbnailUrl":"http:\/\/wp.kristdemokraterna.se\/uppsala\/files\/2011\/10\/mikaeloscarsson-300x279.jpg","articleSection":["Familj &amp; skola"],"inLanguage":"sv-SE"},{"@type":"WebPage","@id":"https:\/\/wp.kristdemokraterna.se\/uppsala\/nej-till-riksintag-gor-skola-sarbar\/","url":"https:\/\/wp.kristdemokraterna.se\/uppsala\/nej-till-riksintag-gor-skola-sarbar\/","name":"Nej till riksintag g\u00f6r skola s\u00e5rbar | Kristdemokraterna | Uppsala","isPartOf":{"@id":"https:\/\/wp.kristdemokraterna.se\/uppsala\/#website"},"primaryImageOfPage":{"@id":"https:\/\/wp.kristdemokraterna.se\/uppsala\/nej-till-riksintag-gor-skola-sarbar\/#primaryimage"},"image":{"@id":"https:\/\/wp.kristdemokraterna.se\/uppsala\/nej-till-riksintag-gor-skola-sarbar\/#primaryimage"},"thumbnailUrl":"http:\/\/wp.kristdemokraterna.se\/uppsala\/files\/2011\/10\/mikaeloscarsson-300x279.jpg","datePublished":"2011-10-31T15:19:17+00:00","dateModified":"2024-04-03T18:33:42+00:00","breadcrumb":{"@id":"https:\/\/wp.kristdemokraterna.se\/uppsala\/nej-till-riksintag-gor-skola-sarbar\/#breadcrumb"},"inLanguage":"sv-SE","potentialAction":[{"@type":"ReadAction","target":["https:\/\/wp.kristdemokraterna.se\/uppsala\/nej-till-riksintag-gor-skola-sarbar\/"]}]},{"@type":"ImageObject","inLanguage":"sv-SE","@id":"https:\/\/wp.kristdemokraterna.se\/uppsala\/nej-till-riksintag-gor-skola-sarbar\/#primaryimage","url":"http:\/\/wp.kristdemokraterna.se\/uppsala\/files\/2011\/10\/mikaeloscarsson-300x279.jpg","contentUrl":"http:\/\/wp.kristdemokraterna.se\/uppsala\/files\/2011\/10\/mikaeloscarsson-300x279.jpg"},{"@type":"BreadcrumbList","@id":"https:\/\/wp.kristdemokraterna.se\/uppsala\/nej-till-riksintag-gor-skola-sarbar\/#breadcrumb","itemListElement":[{"@type":"ListItem","position":1,"name":"Hem","item":"https:\/\/wp.kristdemokraterna.se\/uppsala\/"},{"@type":"ListItem","position":2,"name":"Nej till riksintag g\u00f6r skola s\u00e5rbar"}]},{"@type":"WebSite","@id":"https:\/\/wp.kristdemokraterna.se\/uppsala\/#website","url":"https:\/\/wp.kristdemokraterna.se\/uppsala\/","name":"Kristdemokraterna Uppsala","description":"Tryggare Uppsala","publisher":{"@id":"https:\/\/wp.kristdemokraterna.se\/uppsala\/#organization"},"inLanguage":"sv-SE"},{"@type":"Organization","@id":"https:\/\/wp.kristdemokraterna.se\/uppsala\/#organization","name":"Kristdemokraterna Uppsala","url":"https:\/\/wp.kristdemokraterna.se\/uppsala\/","logo":{"@type":"ImageObject","inLanguage":"sv-SE","@id":"https:\/\/wp.kristdemokraterna.se\/uppsala\/#\/schema\/logo\/image\/","url":"https:\/\/wp.kristdemokraterna.se\/uppsala\/files\/2019\/10\/kd-uppsala.png","contentUrl":"https:\/\/wp.kristdemokraterna.se\/uppsala\/files\/2019\/10\/kd-uppsala.png","width":804,"height":421,"caption":"Kristdemokraterna Uppsala"},"image":{"@id":"https:\/\/wp.kristdemokraterna.se\/uppsala\/#\/schema\/logo\/image\/"},"sameAs":["https:\/\/www.facebook.com\/UppsalaKD\/","https:\/\/www.instagram.com\/uppsalakd\/"]},{"@type":"Person","@id":"https:\/\/wp.kristdemokraterna.se\/uppsala\/#\/schema\/person\/1a9d5399e1cba3ef2aaa3e8ae402e7cb","name":"uppsala","image":{"@type":"ImageObject","inLanguage":"sv-SE","@id":"https:\/\/secure.gravatar.com\/avatar\/6848f3cb6c9639d81462ad411b01edce447fb2c8b6efe4430e030aa29223462f?s=96&r=g","url":"https:\/\/secure.gravatar.com\/avatar\/6848f3cb6c9639d81462ad411b01edce447fb2c8b6efe4430e030aa29223462f?s=96&r=g","contentUrl":"https:\/\/secure.gravatar.com\/avatar\/6848f3cb6c9639d81462ad411b01edce447fb2c8b6efe4430e030aa29223462f?s=96&r=g","caption":"uppsala"},"url":"https:\/\/wp.kristdemokraterna.se\/uppsala\/author\/uppsala\/"}]}},"_links":{"self":[{"href":"https:\/\/wp.kristdemokraterna.se\/uppsala\/wp-json\/wp\/v2\/posts\/209","targetHints":{"allow":["GET"]}}],"collection":[{"href":"https:\/\/wp.kristdemokraterna.se\/uppsala\/wp-json\/wp\/v2\/posts"}],"about":[{"href":"https:\/\/wp.kristdemokraterna.se\/uppsala\/wp-json\/wp\/v2\/types\/post"}],"author":[{"embeddable":true,"href":"https:\/\/wp.kristdemokraterna.se\/uppsala\/wp-json\/wp\/v2\/users\/564"}],"replies":[{"embeddable":true,"href":"https:\/\/wp.kristdemokraterna.se\/uppsala\/wp-json\/wp\/v2\/comments?post=209"}],"version-history":[{"count":1,"href":"https:\/\/wp.kristdemokraterna.se\/uppsala\/wp-json\/wp\/v2\/posts\/209\/revisions"}],"predecessor-version":[{"id":4654,"href":"https:\/\/wp.kristdemokraterna.se\/uppsala\/wp-json\/wp\/v2\/posts\/209\/revisions\/4654"}],"wp:attachment":[{"href":"https:\/\/wp.kristdemokraterna.se\/uppsala\/wp-json\/wp\/v2\/media?parent=209"}],"wp:term":[{"taxonomy":"category","embeddable":true,"href":"https:\/\/wp.kristdemokraterna.se\/uppsala\/wp-json\/wp\/v2\/categories?post=209"},{"taxonomy":"post_tag","embeddable":true,"href":"https:\/\/wp.kristdemokraterna.se\/uppsala\/wp-json\/wp\/v2\/tags?post=209"}],"curies":[{"name":"wp","href":"https:\/\/api.w.org\/{rel}","templated":true}]}}