{"id":2098,"date":"2016-10-10T12:16:14","date_gmt":"2016-10-10T10:16:14","guid":{"rendered":"http:\/\/wp.kristdemokraterna.se\/uppsala\/?p=2098"},"modified":"2024-04-04T00:46:12","modified_gmt":"2024-04-03T22:46:12","slug":"nya-seniortraffpunkter-i-uppsala-kommun","status":"publish","type":"post","link":"https:\/\/wp.kristdemokraterna.se\/uppsala\/nya-seniortraffpunkter-i-uppsala-kommun\/","title":{"rendered":"Nya seniortr\u00e4ffpunkter i Uppsala kommun"},"content":{"rendered":"<p><b>Inl\u00e4mnad 3 oktober 2016<\/b><\/p>\n<p>M\u00e5nga studier visar att daglig motion fr\u00e4mjar h\u00e4lsa och v\u00e4lm\u00e5ende, inte minst bland v\u00e5ra \u00e4ldre, det kan d\u00e4rf\u00f6r ses som b\u00e5de f\u00f6rebyggande och livskvalitetsh\u00f6jande. Tyv\u00e4rr vet vi att m\u00e5nga \u00e4ldre kan k\u00e4nna sig ensamma i hemmet, och steget att sj\u00e4lv motionera kan vara stort. Genom att erbjuda en m\u00f6tesplats f\u00f6r fysisk aktivitet ges s\u00e5v\u00e4l socialt sammanhang som h\u00e4lsofr\u00e4mjande \u00e5tg\u00e4rder.<\/p>\n<p>Idag finns Seniorgym p\u00e5 sju st\u00e4llen i kommunen, varav fem ligger n\u00e4ra staden (Karl-Johan, Bozorgan, S\u00e4vja, \u00c5rsta och Nyby) och tv\u00e5 p\u00e5 landsbygden (Medelpunkten och B\u00e4linge). <strong>\u00a0<\/strong>F\u00f6r n\u00e4rvarande \u00e4r det k\u00f6 och man placeras p\u00e5 v\u00e4ntelista. Tr\u00e4ffarna f\u00f6reg\u00e5s av m\u00f6te med sjukgymnast som l\u00e4gger upp ett tr\u00e4ningsschema, d\u00e4refter tr\u00e4nar man under eget ansvar med visst st\u00f6d fr\u00e5n n\u00e4rvarande personal.<\/p>\n<p>Ut\u00f6ver Seniorgym erbjuds vid vissa tr\u00e4ffpunkter med (eller utan) styrkegympa, seniorgympa, sittgympa och l\u00e4ttgympa. Tyv\u00e4rr saknas resurser och d\u00e4rmed har bland annat tr\u00e4ffpunkten i J\u00e4rl\u00e5sa tvingats l\u00e4gga ned.<\/p>\n<p>Vi Kristdemokrater vill v\u00e4rna v\u00e5ra \u00e4ldre och s\u00e4kerst\u00e4lla livskvalitet i livets alla skeden, d\u00e4rf\u00f6r vill vi att kommunen satsar pengar p\u00e5 att \u00e5ter\u00f6ppna de tr\u00e4ffpunkter som st\u00e4ngt pga resursbrist och \u00f6ppna verksamheter p\u00e5 st\u00e4llen det efterfr\u00e5gas.<br \/>\n<strong>Kristdemokraterna f\u00f6resl\u00e5r Kommunfullm\u00e4ktige besluta<\/p>\n<p>att <\/strong>\u00f6ppna minst tre nya tr\u00e4ffpunkter utanf\u00f6r staden<\/p>\n<p><strong>att<\/strong> erbjuda l\u00e4ttare gympa vid ytterligare fyra tr\u00e4ffpunkter p\u00e5 landsbygden<\/p>\n<p><strong>att <\/strong>\u00e5ter\u00f6ppna de tr\u00e4ffpunkter som lagts ned pga resursbrist<\/p>\n","protected":false},"excerpt":{"rendered":"<p>Inl\u00e4mnad 3 oktober 2016 M\u00e5nga studier visar att daglig motion fr\u00e4mjar h\u00e4lsa och v\u00e4lm\u00e5ende, inte minst bland v\u00e5ra \u00e4ldre, det kan d\u00e4rf\u00f6r ses som b\u00e5de f\u00f6rebyggande och livskvalitetsh\u00f6jande. Tyv\u00e4rr vet vi att m\u00e5nga \u00e4ldre kan k\u00e4nna sig ensamma i hemmet, och steget att sj\u00e4lv motionera kan vara stort. Genom att erbjuda en m\u00f6tesplats f\u00f6r fysisk <a class=\"read-more-link\" href=\"https:\/\/wp.kristdemokraterna.se\/uppsala\/nya-seniortraffpunkter-i-uppsala-kommun\/\">Read More<\/a><\/p>\n","protected":false},"author":702,"featured_media":2099,"comment_status":"closed","ping_status":"closed","sticky":false,"template":"","format":"standard","meta":{"_acf_changed":false,"footnotes":""},"categories":[236],"tags":[],"class_list":["post-2098","post","type-post","status-publish","format-standard","hentry","category-vard-o-omsorg"],"acf":[],"yoast_head":"<!-- This site is optimized with the Yoast SEO plugin v27.4 - https:\/\/yoast.com\/product\/yoast-seo-wordpress\/ -->\n<title>Nya seniortr\u00e4ffpunkter i Uppsala kommun | Kristdemokraterna | Uppsala<\/title>\n<meta name=\"robots\" content=\"index, follow, max-snippet:-1, max-image-preview:large, max-video-preview:-1\" \/>\n<link rel=\"canonical\" href=\"https:\/\/wp.kristdemokraterna.se\/uppsala\/nya-seniortraffpunkter-i-uppsala-kommun\/\" \/>\n<meta property=\"og:locale\" content=\"sv_SE\" \/>\n<meta property=\"og:type\" content=\"article\" \/>\n<meta property=\"og:title\" content=\"Nya seniortr\u00e4ffpunkter i Uppsala kommun | Kristdemokraterna | Uppsala\" \/>\n<meta property=\"og:description\" content=\"Inl\u00e4mnad 3 oktober 2016 M\u00e5nga studier visar att daglig motion fr\u00e4mjar h\u00e4lsa och v\u00e4lm\u00e5ende, inte minst bland v\u00e5ra \u00e4ldre, det kan d\u00e4rf\u00f6r ses som b\u00e5de f\u00f6rebyggande och livskvalitetsh\u00f6jande. Tyv\u00e4rr vet vi att m\u00e5nga \u00e4ldre kan k\u00e4nna sig ensamma i hemmet, och steget att sj\u00e4lv motionera kan vara stort. Genom att erbjuda en m\u00f6tesplats f\u00f6r fysisk Read More\" \/>\n<meta property=\"og:url\" content=\"https:\/\/wp.kristdemokraterna.se\/uppsala\/nya-seniortraffpunkter-i-uppsala-kommun\/\" \/>\n<meta property=\"og:site_name\" content=\"Kristdemokraterna | Uppsala\" \/>\n<meta property=\"article:publisher\" content=\"https:\/\/www.facebook.com\/UppsalaKD\/\" \/>\n<meta property=\"article:published_time\" content=\"2016-10-10T10:16:14+00:00\" \/>\n<meta property=\"article:modified_time\" content=\"2024-04-03T22:46:12+00:00\" \/>\n<meta property=\"og:image\" content=\"http:\/\/wp.kristdemokraterna.se\/uppsala\/files\/2016\/10\/hands-216982_960_720.jpg\" \/>\n\t<meta property=\"og:image:width\" content=\"932\" \/>\n\t<meta property=\"og:image:height\" content=\"720\" \/>\n\t<meta property=\"og:image:type\" content=\"image\/jpeg\" \/>\n<meta name=\"author\" content=\"Mimmi Westerlund\" \/>\n<meta name=\"twitter:card\" content=\"summary_large_image\" \/>\n<meta name=\"twitter:label1\" content=\"Skriven av\" \/>\n\t<meta name=\"twitter:data1\" content=\"Mimmi Westerlund\" \/>\n\t<meta name=\"twitter:label2\" content=\"Ber\u00e4knad l\u00e4stid\" \/>\n\t<meta name=\"twitter:data2\" content=\"1 minut\" \/>\n<script type=\"application\/ld+json\" class=\"yoast-schema-graph\">{\"@context\":\"https:\\\/\\\/schema.org\",\"@graph\":[{\"@type\":\"Article\",\"@id\":\"https:\\\/\\\/wp.kristdemokraterna.se\\\/uppsala\\\/nya-seniortraffpunkter-i-uppsala-kommun\\\/#article\",\"isPartOf\":{\"@id\":\"https:\\\/\\\/wp.kristdemokraterna.se\\\/uppsala\\\/nya-seniortraffpunkter-i-uppsala-kommun\\\/\"},\"author\":{\"name\":\"Mimmi Westerlund\",\"@id\":\"https:\\\/\\\/wp.kristdemokraterna.se\\\/uppsala\\\/#\\\/schema\\\/person\\\/038d805d685fb0ce5ad14ab8711d8e84\"},\"headline\":\"Nya seniortr\u00e4ffpunkter i Uppsala kommun\",\"datePublished\":\"2016-10-10T10:16:14+00:00\",\"dateModified\":\"2024-04-03T22:46:12+00:00\",\"mainEntityOfPage\":{\"@id\":\"https:\\\/\\\/wp.kristdemokraterna.se\\\/uppsala\\\/nya-seniortraffpunkter-i-uppsala-kommun\\\/\"},\"wordCount\":291,\"publisher\":{\"@id\":\"https:\\\/\\\/wp.kristdemokraterna.se\\\/uppsala\\\/#organization\"},\"image\":{\"@id\":\"https:\\\/\\\/wp.kristdemokraterna.se\\\/uppsala\\\/nya-seniortraffpunkter-i-uppsala-kommun\\\/#primaryimage\"},\"thumbnailUrl\":\"https:\\\/\\\/wp.kristdemokraterna.se\\\/uppsala\\\/files\\\/2016\\\/10\\\/hands-216982_960_720.jpg\",\"articleSection\":[\"V\u00e5rd &amp; omsorg\"],\"inLanguage\":\"sv-SE\"},{\"@type\":\"WebPage\",\"@id\":\"https:\\\/\\\/wp.kristdemokraterna.se\\\/uppsala\\\/nya-seniortraffpunkter-i-uppsala-kommun\\\/\",\"url\":\"https:\\\/\\\/wp.kristdemokraterna.se\\\/uppsala\\\/nya-seniortraffpunkter-i-uppsala-kommun\\\/\",\"name\":\"Nya seniortr\u00e4ffpunkter i Uppsala kommun | Kristdemokraterna | Uppsala\",\"isPartOf\":{\"@id\":\"https:\\\/\\\/wp.kristdemokraterna.se\\\/uppsala\\\/#website\"},\"primaryImageOfPage\":{\"@id\":\"https:\\\/\\\/wp.kristdemokraterna.se\\\/uppsala\\\/nya-seniortraffpunkter-i-uppsala-kommun\\\/#primaryimage\"},\"image\":{\"@id\":\"https:\\\/\\\/wp.kristdemokraterna.se\\\/uppsala\\\/nya-seniortraffpunkter-i-uppsala-kommun\\\/#primaryimage\"},\"thumbnailUrl\":\"https:\\\/\\\/wp.kristdemokraterna.se\\\/uppsala\\\/files\\\/2016\\\/10\\\/hands-216982_960_720.jpg\",\"datePublished\":\"2016-10-10T10:16:14+00:00\",\"dateModified\":\"2024-04-03T22:46:12+00:00\",\"breadcrumb\":{\"@id\":\"https:\\\/\\\/wp.kristdemokraterna.se\\\/uppsala\\\/nya-seniortraffpunkter-i-uppsala-kommun\\\/#breadcrumb\"},\"inLanguage\":\"sv-SE\",\"potentialAction\":[{\"@type\":\"ReadAction\",\"target\":[\"https:\\\/\\\/wp.kristdemokraterna.se\\\/uppsala\\\/nya-seniortraffpunkter-i-uppsala-kommun\\\/\"]}]},{\"@type\":\"ImageObject\",\"inLanguage\":\"sv-SE\",\"@id\":\"https:\\\/\\\/wp.kristdemokraterna.se\\\/uppsala\\\/nya-seniortraffpunkter-i-uppsala-kommun\\\/#primaryimage\",\"url\":\"https:\\\/\\\/wp.kristdemokraterna.se\\\/uppsala\\\/files\\\/2016\\\/10\\\/hands-216982_960_720.jpg\",\"contentUrl\":\"https:\\\/\\\/wp.kristdemokraterna.se\\\/uppsala\\\/files\\\/2016\\\/10\\\/hands-216982_960_720.jpg\",\"width\":932,\"height\":720},{\"@type\":\"BreadcrumbList\",\"@id\":\"https:\\\/\\\/wp.kristdemokraterna.se\\\/uppsala\\\/nya-seniortraffpunkter-i-uppsala-kommun\\\/#breadcrumb\",\"itemListElement\":[{\"@type\":\"ListItem\",\"position\":1,\"name\":\"Hem\",\"item\":\"https:\\\/\\\/wp.kristdemokraterna.se\\\/uppsala\\\/\"},{\"@type\":\"ListItem\",\"position\":2,\"name\":\"Nya seniortr\u00e4ffpunkter i Uppsala kommun\"}]},{\"@type\":\"WebSite\",\"@id\":\"https:\\\/\\\/wp.kristdemokraterna.se\\\/uppsala\\\/#website\",\"url\":\"https:\\\/\\\/wp.kristdemokraterna.se\\\/uppsala\\\/\",\"name\":\"Kristdemokraterna Uppsala\",\"description\":\"Tryggare Uppsala\",\"publisher\":{\"@id\":\"https:\\\/\\\/wp.kristdemokraterna.se\\\/uppsala\\\/#organization\"},\"inLanguage\":\"sv-SE\"},{\"@type\":\"Organization\",\"@id\":\"https:\\\/\\\/wp.kristdemokraterna.se\\\/uppsala\\\/#organization\",\"name\":\"Kristdemokraterna Uppsala\",\"url\":\"https:\\\/\\\/wp.kristdemokraterna.se\\\/uppsala\\\/\",\"logo\":{\"@type\":\"ImageObject\",\"inLanguage\":\"sv-SE\",\"@id\":\"https:\\\/\\\/wp.kristdemokraterna.se\\\/uppsala\\\/#\\\/schema\\\/logo\\\/image\\\/\",\"url\":\"https:\\\/\\\/wp.kristdemokraterna.se\\\/uppsala\\\/files\\\/2019\\\/10\\\/kd-uppsala.png\",\"contentUrl\":\"https:\\\/\\\/wp.kristdemokraterna.se\\\/uppsala\\\/files\\\/2019\\\/10\\\/kd-uppsala.png\",\"width\":804,\"height\":421,\"caption\":\"Kristdemokraterna Uppsala\"},\"image\":{\"@id\":\"https:\\\/\\\/wp.kristdemokraterna.se\\\/uppsala\\\/#\\\/schema\\\/logo\\\/image\\\/\"},\"sameAs\":[\"https:\\\/\\\/www.facebook.com\\\/UppsalaKD\\\/\",\"https:\\\/\\\/www.instagram.com\\\/uppsalakd\\\/\"]},{\"@type\":\"Person\",\"@id\":\"https:\\\/\\\/wp.kristdemokraterna.se\\\/uppsala\\\/#\\\/schema\\\/person\\\/038d805d685fb0ce5ad14ab8711d8e84\",\"name\":\"Mimmi Westerlund\",\"image\":{\"@type\":\"ImageObject\",\"inLanguage\":\"sv-SE\",\"@id\":\"https:\\\/\\\/secure.gravatar.com\\\/avatar\\\/a5697359f709b6b10d9c7e6a7c89f3e054554dedb4657d5ffe9e5bc5b1445841?s=96&r=g\",\"url\":\"https:\\\/\\\/secure.gravatar.com\\\/avatar\\\/a5697359f709b6b10d9c7e6a7c89f3e054554dedb4657d5ffe9e5bc5b1445841?s=96&r=g\",\"contentUrl\":\"https:\\\/\\\/secure.gravatar.com\\\/avatar\\\/a5697359f709b6b10d9c7e6a7c89f3e054554dedb4657d5ffe9e5bc5b1445841?s=96&r=g\",\"caption\":\"Mimmi Westerlund\"},\"url\":\"https:\\\/\\\/wp.kristdemokraterna.se\\\/uppsala\\\/author\\\/mimmi\\\/\"}]}<\/script>\n<!-- \/ Yoast SEO plugin. -->","yoast_head_json":{"title":"Nya seniortr\u00e4ffpunkter i Uppsala kommun | Kristdemokraterna | Uppsala","robots":{"index":"index","follow":"follow","max-snippet":"max-snippet:-1","max-image-preview":"max-image-preview:large","max-video-preview":"max-video-preview:-1"},"canonical":"https:\/\/wp.kristdemokraterna.se\/uppsala\/nya-seniortraffpunkter-i-uppsala-kommun\/","og_locale":"sv_SE","og_type":"article","og_title":"Nya seniortr\u00e4ffpunkter i Uppsala kommun | Kristdemokraterna | Uppsala","og_description":"Inl\u00e4mnad 3 oktober 2016 M\u00e5nga studier visar att daglig motion fr\u00e4mjar h\u00e4lsa och v\u00e4lm\u00e5ende, inte minst bland v\u00e5ra \u00e4ldre, det kan d\u00e4rf\u00f6r ses som b\u00e5de f\u00f6rebyggande och livskvalitetsh\u00f6jande. Tyv\u00e4rr vet vi att m\u00e5nga \u00e4ldre kan k\u00e4nna sig ensamma i hemmet, och steget att sj\u00e4lv motionera kan vara stort. Genom att erbjuda en m\u00f6tesplats f\u00f6r fysisk Read More","og_url":"https:\/\/wp.kristdemokraterna.se\/uppsala\/nya-seniortraffpunkter-i-uppsala-kommun\/","og_site_name":"Kristdemokraterna | Uppsala","article_publisher":"https:\/\/www.facebook.com\/UppsalaKD\/","article_published_time":"2016-10-10T10:16:14+00:00","article_modified_time":"2024-04-03T22:46:12+00:00","og_image":[{"width":932,"height":720,"url":"http:\/\/wp.kristdemokraterna.se\/uppsala\/files\/2016\/10\/hands-216982_960_720.jpg","type":"image\/jpeg"}],"author":"Mimmi Westerlund","twitter_card":"summary_large_image","twitter_misc":{"Skriven av":"Mimmi Westerlund","Ber\u00e4knad l\u00e4stid":"1 minut"},"schema":{"@context":"https:\/\/schema.org","@graph":[{"@type":"Article","@id":"https:\/\/wp.kristdemokraterna.se\/uppsala\/nya-seniortraffpunkter-i-uppsala-kommun\/#article","isPartOf":{"@id":"https:\/\/wp.kristdemokraterna.se\/uppsala\/nya-seniortraffpunkter-i-uppsala-kommun\/"},"author":{"name":"Mimmi Westerlund","@id":"https:\/\/wp.kristdemokraterna.se\/uppsala\/#\/schema\/person\/038d805d685fb0ce5ad14ab8711d8e84"},"headline":"Nya seniortr\u00e4ffpunkter i Uppsala kommun","datePublished":"2016-10-10T10:16:14+00:00","dateModified":"2024-04-03T22:46:12+00:00","mainEntityOfPage":{"@id":"https:\/\/wp.kristdemokraterna.se\/uppsala\/nya-seniortraffpunkter-i-uppsala-kommun\/"},"wordCount":291,"publisher":{"@id":"https:\/\/wp.kristdemokraterna.se\/uppsala\/#organization"},"image":{"@id":"https:\/\/wp.kristdemokraterna.se\/uppsala\/nya-seniortraffpunkter-i-uppsala-kommun\/#primaryimage"},"thumbnailUrl":"https:\/\/wp.kristdemokraterna.se\/uppsala\/files\/2016\/10\/hands-216982_960_720.jpg","articleSection":["V\u00e5rd &amp; omsorg"],"inLanguage":"sv-SE"},{"@type":"WebPage","@id":"https:\/\/wp.kristdemokraterna.se\/uppsala\/nya-seniortraffpunkter-i-uppsala-kommun\/","url":"https:\/\/wp.kristdemokraterna.se\/uppsala\/nya-seniortraffpunkter-i-uppsala-kommun\/","name":"Nya seniortr\u00e4ffpunkter i Uppsala kommun | Kristdemokraterna | Uppsala","isPartOf":{"@id":"https:\/\/wp.kristdemokraterna.se\/uppsala\/#website"},"primaryImageOfPage":{"@id":"https:\/\/wp.kristdemokraterna.se\/uppsala\/nya-seniortraffpunkter-i-uppsala-kommun\/#primaryimage"},"image":{"@id":"https:\/\/wp.kristdemokraterna.se\/uppsala\/nya-seniortraffpunkter-i-uppsala-kommun\/#primaryimage"},"thumbnailUrl":"https:\/\/wp.kristdemokraterna.se\/uppsala\/files\/2016\/10\/hands-216982_960_720.jpg","datePublished":"2016-10-10T10:16:14+00:00","dateModified":"2024-04-03T22:46:12+00:00","breadcrumb":{"@id":"https:\/\/wp.kristdemokraterna.se\/uppsala\/nya-seniortraffpunkter-i-uppsala-kommun\/#breadcrumb"},"inLanguage":"sv-SE","potentialAction":[{"@type":"ReadAction","target":["https:\/\/wp.kristdemokraterna.se\/uppsala\/nya-seniortraffpunkter-i-uppsala-kommun\/"]}]},{"@type":"ImageObject","inLanguage":"sv-SE","@id":"https:\/\/wp.kristdemokraterna.se\/uppsala\/nya-seniortraffpunkter-i-uppsala-kommun\/#primaryimage","url":"https:\/\/wp.kristdemokraterna.se\/uppsala\/files\/2016\/10\/hands-216982_960_720.jpg","contentUrl":"https:\/\/wp.kristdemokraterna.se\/uppsala\/files\/2016\/10\/hands-216982_960_720.jpg","width":932,"height":720},{"@type":"BreadcrumbList","@id":"https:\/\/wp.kristdemokraterna.se\/uppsala\/nya-seniortraffpunkter-i-uppsala-kommun\/#breadcrumb","itemListElement":[{"@type":"ListItem","position":1,"name":"Hem","item":"https:\/\/wp.kristdemokraterna.se\/uppsala\/"},{"@type":"ListItem","position":2,"name":"Nya seniortr\u00e4ffpunkter i Uppsala kommun"}]},{"@type":"WebSite","@id":"https:\/\/wp.kristdemokraterna.se\/uppsala\/#website","url":"https:\/\/wp.kristdemokraterna.se\/uppsala\/","name":"Kristdemokraterna Uppsala","description":"Tryggare Uppsala","publisher":{"@id":"https:\/\/wp.kristdemokraterna.se\/uppsala\/#organization"},"inLanguage":"sv-SE"},{"@type":"Organization","@id":"https:\/\/wp.kristdemokraterna.se\/uppsala\/#organization","name":"Kristdemokraterna Uppsala","url":"https:\/\/wp.kristdemokraterna.se\/uppsala\/","logo":{"@type":"ImageObject","inLanguage":"sv-SE","@id":"https:\/\/wp.kristdemokraterna.se\/uppsala\/#\/schema\/logo\/image\/","url":"https:\/\/wp.kristdemokraterna.se\/uppsala\/files\/2019\/10\/kd-uppsala.png","contentUrl":"https:\/\/wp.kristdemokraterna.se\/uppsala\/files\/2019\/10\/kd-uppsala.png","width":804,"height":421,"caption":"Kristdemokraterna Uppsala"},"image":{"@id":"https:\/\/wp.kristdemokraterna.se\/uppsala\/#\/schema\/logo\/image\/"},"sameAs":["https:\/\/www.facebook.com\/UppsalaKD\/","https:\/\/www.instagram.com\/uppsalakd\/"]},{"@type":"Person","@id":"https:\/\/wp.kristdemokraterna.se\/uppsala\/#\/schema\/person\/038d805d685fb0ce5ad14ab8711d8e84","name":"Mimmi Westerlund","image":{"@type":"ImageObject","inLanguage":"sv-SE","@id":"https:\/\/secure.gravatar.com\/avatar\/a5697359f709b6b10d9c7e6a7c89f3e054554dedb4657d5ffe9e5bc5b1445841?s=96&r=g","url":"https:\/\/secure.gravatar.com\/avatar\/a5697359f709b6b10d9c7e6a7c89f3e054554dedb4657d5ffe9e5bc5b1445841?s=96&r=g","contentUrl":"https:\/\/secure.gravatar.com\/avatar\/a5697359f709b6b10d9c7e6a7c89f3e054554dedb4657d5ffe9e5bc5b1445841?s=96&r=g","caption":"Mimmi Westerlund"},"url":"https:\/\/wp.kristdemokraterna.se\/uppsala\/author\/mimmi\/"}]}},"_links":{"self":[{"href":"https:\/\/wp.kristdemokraterna.se\/uppsala\/wp-json\/wp\/v2\/posts\/2098","targetHints":{"allow":["GET"]}}],"collection":[{"href":"https:\/\/wp.kristdemokraterna.se\/uppsala\/wp-json\/wp\/v2\/posts"}],"about":[{"href":"https:\/\/wp.kristdemokraterna.se\/uppsala\/wp-json\/wp\/v2\/types\/post"}],"author":[{"embeddable":true,"href":"https:\/\/wp.kristdemokraterna.se\/uppsala\/wp-json\/wp\/v2\/users\/702"}],"replies":[{"embeddable":true,"href":"https:\/\/wp.kristdemokraterna.se\/uppsala\/wp-json\/wp\/v2\/comments?post=2098"}],"version-history":[{"count":1,"href":"https:\/\/wp.kristdemokraterna.se\/uppsala\/wp-json\/wp\/v2\/posts\/2098\/revisions"}],"predecessor-version":[{"id":2100,"href":"https:\/\/wp.kristdemokraterna.se\/uppsala\/wp-json\/wp\/v2\/posts\/2098\/revisions\/2100"}],"wp:featuredmedia":[{"embeddable":true,"href":"https:\/\/wp.kristdemokraterna.se\/uppsala\/wp-json\/wp\/v2\/media\/2099"}],"wp:attachment":[{"href":"https:\/\/wp.kristdemokraterna.se\/uppsala\/wp-json\/wp\/v2\/media?parent=2098"}],"wp:term":[{"taxonomy":"category","embeddable":true,"href":"https:\/\/wp.kristdemokraterna.se\/uppsala\/wp-json\/wp\/v2\/categories?post=2098"},{"taxonomy":"post_tag","embeddable":true,"href":"https:\/\/wp.kristdemokraterna.se\/uppsala\/wp-json\/wp\/v2\/tags?post=2098"}],"curies":[{"name":"wp","href":"https:\/\/api.w.org\/{rel}","templated":true}]}}