{"id":2124,"date":"2016-12-14T13:35:31","date_gmt":"2016-12-14T12:35:31","guid":{"rendered":"http:\/\/wp.kristdemokraterna.se\/uppsala\/?p=2124"},"modified":"2024-04-04T00:45:10","modified_gmt":"2024-04-03T22:45:10","slug":"kd-motsatter-sig-den-bilfientliga-politiken","status":"publish","type":"post","link":"https:\/\/wp.kristdemokraterna.se\/uppsala\/kd-motsatter-sig-den-bilfientliga-politiken\/","title":{"rendered":"KD mots\u00e4tter sig den bilfientliga politiken"},"content":{"rendered":"<p><strong>Uttalande med anledning av Gatu- och samh\u00e4llsmilj\u00f6n\u00e4mndens budget<\/strong><\/p>\n<p><strong>2016-12-14<\/strong><\/p>\n<p>Gatu- och samh\u00e4llsmilj\u00f6n\u00e4mnden har en viktig roll, inte minst i utvecklandet av transportinfrastrukturen i kommunens t\u00e4torter. S\u00e5v\u00e4l kollektivtrafik, biltrafik som g\u00e5ng- och cykeltrafik ska ges utrymme och planeras l\u00e5ngsiktigt och med ett helhetsperspektiv.<\/p>\n<p>Kristdemokraterna vill inte vara en del av de r\u00f6dgr\u00f6nas (S+MP+V) variant av \u201daktiv parkeringspolitik\u201d eller \u201domst\u00e4llning till h\u00e5llbara transporter\u201d p\u00e5 grund av att detta i de r\u00f6dgr\u00f6nas v\u00e4rld \u00e4r att aktivt f\u00f6rsv\u00e5ra och f\u00f6rs\u00e4mra f\u00f6r biltrafikanterna i Uppsala. De r\u00f6dgr\u00f6na f\u00f6rs\u00e4mrar med sin politik villkoren f\u00f6r att vara bilburen, genom b\u00e5de ombyggnation av gator till utformningar som riskerar att skapa trafikinfarkter och d\u00e5lig framkomlighet f\u00f6r utryckningsfordon, borttagande av viktiga parkeringsplatser och otillr\u00e4ckligt motiverade parkeringsregleringar vad g\u00e4ller taxa och tider. \u00a0Dessutom oaktat att bilen \u00e4r det enda rimliga fortskaffningsmedlet f\u00f6r m\u00e5nga trafikanter i kommunen. Bilen, som blir mer och mer milj\u00f6v\u00e4nlig, \u00e4r och kommer fortsatt att vara ett viktigt transports\u00e4tt i Uppsala kommun, s\u00e4rskilt med beaktande av Uppsala kommuns stora befolkningsandel som bor utanf\u00f6r Uppsala stad och att kommunen har som m\u00e5l att ha en levande cityhandel. Kommunen b\u00f6r \u00f6verv\u00e4ga om dubbd\u00e4cksf\u00f6rbudet p\u00e5 fr\u00e4mst Kungsgatan kan ers\u00e4ttas av annan \u00e5tg\u00e4rd f\u00f6r f\u00f6rb\u00e4ttrad luftkvalitet.<\/p>\n<p>Vi mots\u00e4tter oss delstrategin att f\u00f6rt\u00e4ta innerstaden p\u00e5 bilarnas bekostnad. Uppsala stad best\u00e5r av m\u00e5nga historiska platser som \u00e4r v\u00e4l v\u00e4rda att bevara, och att f\u00f6rt\u00e4ta dessa omr\u00e5den \u00e4r inte i sig ett m\u00e5l och s\u00e4rskilt inte i syfte att bygga bort all biltrafik. Det finns m\u00e5nga l\u00e4mpliga platser utanf\u00f6r den direkta innerstaden som med f\u00f6rdel kan f\u00f6rt\u00e4tas och bebyggas utan att f\u00f6r den delen ta historiska kvarter i anspr\u00e5k.<\/p>\n<p>Utvecklingen av den s\u00e4rskilda kollektivtrafiken (tidigare ben\u00e4mnd f\u00e4rdtj\u00e4nst) b\u00f6r i kommande upphandlingar f\u00e5 ett st\u00f6rre inslag av eget val av utf\u00f6rare, till exempel genom att vikta in utf\u00f6rar\u00f6nskem\u00e5let i beslutet om att tilldela resa till transportf\u00f6retag utifr\u00e5n kvalitetspo\u00e4ng i det enskilda fallet.<\/p>\n<p>G\u00e4llande kommunens heltidsreform anser Kristdemokraterna att heltid ska vara en m\u00f6jlighet men inte ett tv\u00e5ng.<\/p>\n<p>Den r\u00f6dgr\u00f6na budgeten och verksamhetsplanen b\u00f6r arbetas om s\u00e5 att den f\u00f6ljer den av Kristdemokraterna f\u00f6reslagna budgeten f\u00f6r kommunen, framlagd i kommunfullm\u00e4ktige under novembersammantr\u00e4det.<\/p>\n","protected":false},"excerpt":{"rendered":"<p>Uttalande med anledning av Gatu- och samh\u00e4llsmilj\u00f6n\u00e4mndens budget 2016-12-14 Gatu- och samh\u00e4llsmilj\u00f6n\u00e4mnden har en viktig roll, inte minst i utvecklandet av transportinfrastrukturen i kommunens t\u00e4torter. S\u00e5v\u00e4l kollektivtrafik, biltrafik som g\u00e5ng- och cykeltrafik ska ges utrymme och planeras l\u00e5ngsiktigt och med ett helhetsperspektiv. Kristdemokraterna vill inte vara en del av de r\u00f6dgr\u00f6nas (S+MP+V) variant av \u201daktiv <a class=\"read-more-link\" href=\"https:\/\/wp.kristdemokraterna.se\/uppsala\/kd-motsatter-sig-den-bilfientliga-politiken\/\">Read More<\/a><\/p>\n","protected":false},"author":702,"featured_media":1610,"comment_status":"closed","ping_status":"closed","sticky":false,"template":"","format":"standard","meta":{"_acf_changed":false,"footnotes":""},"categories":[232],"tags":[],"class_list":["post-2124","post","type-post","status-publish","format-standard","hentry","category-kollektivtrafik-o-stadsplanering"],"acf":[],"yoast_head":"<!-- This site is optimized with the Yoast SEO plugin v27.4 - https:\/\/yoast.com\/product\/yoast-seo-wordpress\/ -->\n<title>KD mots\u00e4tter sig den bilfientliga politiken | Kristdemokraterna | Uppsala<\/title>\n<meta name=\"robots\" content=\"index, follow, max-snippet:-1, max-image-preview:large, max-video-preview:-1\" \/>\n<link rel=\"canonical\" href=\"https:\/\/wp.kristdemokraterna.se\/uppsala\/kd-motsatter-sig-den-bilfientliga-politiken\/\" \/>\n<meta property=\"og:locale\" content=\"sv_SE\" \/>\n<meta property=\"og:type\" content=\"article\" \/>\n<meta property=\"og:title\" content=\"KD mots\u00e4tter sig den bilfientliga politiken | Kristdemokraterna | Uppsala\" \/>\n<meta property=\"og:description\" content=\"Uttalande med anledning av Gatu- och samh\u00e4llsmilj\u00f6n\u00e4mndens budget 2016-12-14 Gatu- och samh\u00e4llsmilj\u00f6n\u00e4mnden har en viktig roll, inte minst i utvecklandet av transportinfrastrukturen i kommunens t\u00e4torter. S\u00e5v\u00e4l kollektivtrafik, biltrafik som g\u00e5ng- och cykeltrafik ska ges utrymme och planeras l\u00e5ngsiktigt och med ett helhetsperspektiv. Kristdemokraterna vill inte vara en del av de r\u00f6dgr\u00f6nas (S+MP+V) variant av \u201daktiv Read More\" \/>\n<meta property=\"og:url\" content=\"https:\/\/wp.kristdemokraterna.se\/uppsala\/kd-motsatter-sig-den-bilfientliga-politiken\/\" \/>\n<meta property=\"og:site_name\" content=\"Kristdemokraterna | Uppsala\" \/>\n<meta property=\"article:publisher\" content=\"https:\/\/www.facebook.com\/UppsalaKD\/\" \/>\n<meta property=\"article:published_time\" content=\"2016-12-14T12:35:31+00:00\" \/>\n<meta property=\"article:modified_time\" content=\"2024-04-03T22:45:10+00:00\" \/>\n<meta property=\"og:image\" content=\"http:\/\/wp.kristdemokraterna.se\/uppsala\/files\/2015\/07\/dsc7348.jpg\" \/>\n\t<meta property=\"og:image:width\" content=\"705\" \/>\n\t<meta property=\"og:image:height\" content=\"471\" \/>\n\t<meta property=\"og:image:type\" content=\"image\/jpeg\" \/>\n<meta name=\"author\" content=\"Mimmi Westerlund\" \/>\n<meta name=\"twitter:card\" content=\"summary_large_image\" \/>\n<meta name=\"twitter:label1\" content=\"Skriven av\" \/>\n\t<meta name=\"twitter:data1\" content=\"Mimmi Westerlund\" \/>\n\t<meta name=\"twitter:label2\" content=\"Ber\u00e4knad l\u00e4stid\" \/>\n\t<meta name=\"twitter:data2\" content=\"2 minuter\" \/>\n<script type=\"application\/ld+json\" class=\"yoast-schema-graph\">{\"@context\":\"https:\\\/\\\/schema.org\",\"@graph\":[{\"@type\":\"Article\",\"@id\":\"https:\\\/\\\/wp.kristdemokraterna.se\\\/uppsala\\\/kd-motsatter-sig-den-bilfientliga-politiken\\\/#article\",\"isPartOf\":{\"@id\":\"https:\\\/\\\/wp.kristdemokraterna.se\\\/uppsala\\\/kd-motsatter-sig-den-bilfientliga-politiken\\\/\"},\"author\":{\"name\":\"Mimmi Westerlund\",\"@id\":\"https:\\\/\\\/wp.kristdemokraterna.se\\\/uppsala\\\/#\\\/schema\\\/person\\\/038d805d685fb0ce5ad14ab8711d8e84\"},\"headline\":\"KD mots\u00e4tter sig den bilfientliga politiken\",\"datePublished\":\"2016-12-14T12:35:31+00:00\",\"dateModified\":\"2024-04-03T22:45:10+00:00\",\"mainEntityOfPage\":{\"@id\":\"https:\\\/\\\/wp.kristdemokraterna.se\\\/uppsala\\\/kd-motsatter-sig-den-bilfientliga-politiken\\\/\"},\"wordCount\":450,\"publisher\":{\"@id\":\"https:\\\/\\\/wp.kristdemokraterna.se\\\/uppsala\\\/#organization\"},\"image\":{\"@id\":\"https:\\\/\\\/wp.kristdemokraterna.se\\\/uppsala\\\/kd-motsatter-sig-den-bilfientliga-politiken\\\/#primaryimage\"},\"thumbnailUrl\":\"https:\\\/\\\/wp.kristdemokraterna.se\\\/uppsala\\\/files\\\/2015\\\/07\\\/dsc7348.jpg\",\"articleSection\":[\"Kollektivtrafik &amp; Stadsplanering\"],\"inLanguage\":\"sv-SE\"},{\"@type\":\"WebPage\",\"@id\":\"https:\\\/\\\/wp.kristdemokraterna.se\\\/uppsala\\\/kd-motsatter-sig-den-bilfientliga-politiken\\\/\",\"url\":\"https:\\\/\\\/wp.kristdemokraterna.se\\\/uppsala\\\/kd-motsatter-sig-den-bilfientliga-politiken\\\/\",\"name\":\"KD mots\u00e4tter sig den bilfientliga politiken | Kristdemokraterna | Uppsala\",\"isPartOf\":{\"@id\":\"https:\\\/\\\/wp.kristdemokraterna.se\\\/uppsala\\\/#website\"},\"primaryImageOfPage\":{\"@id\":\"https:\\\/\\\/wp.kristdemokraterna.se\\\/uppsala\\\/kd-motsatter-sig-den-bilfientliga-politiken\\\/#primaryimage\"},\"image\":{\"@id\":\"https:\\\/\\\/wp.kristdemokraterna.se\\\/uppsala\\\/kd-motsatter-sig-den-bilfientliga-politiken\\\/#primaryimage\"},\"thumbnailUrl\":\"https:\\\/\\\/wp.kristdemokraterna.se\\\/uppsala\\\/files\\\/2015\\\/07\\\/dsc7348.jpg\",\"datePublished\":\"2016-12-14T12:35:31+00:00\",\"dateModified\":\"2024-04-03T22:45:10+00:00\",\"breadcrumb\":{\"@id\":\"https:\\\/\\\/wp.kristdemokraterna.se\\\/uppsala\\\/kd-motsatter-sig-den-bilfientliga-politiken\\\/#breadcrumb\"},\"inLanguage\":\"sv-SE\",\"potentialAction\":[{\"@type\":\"ReadAction\",\"target\":[\"https:\\\/\\\/wp.kristdemokraterna.se\\\/uppsala\\\/kd-motsatter-sig-den-bilfientliga-politiken\\\/\"]}]},{\"@type\":\"ImageObject\",\"inLanguage\":\"sv-SE\",\"@id\":\"https:\\\/\\\/wp.kristdemokraterna.se\\\/uppsala\\\/kd-motsatter-sig-den-bilfientliga-politiken\\\/#primaryimage\",\"url\":\"https:\\\/\\\/wp.kristdemokraterna.se\\\/uppsala\\\/files\\\/2015\\\/07\\\/dsc7348.jpg\",\"contentUrl\":\"https:\\\/\\\/wp.kristdemokraterna.se\\\/uppsala\\\/files\\\/2015\\\/07\\\/dsc7348.jpg\",\"width\":705,\"height\":471},{\"@type\":\"BreadcrumbList\",\"@id\":\"https:\\\/\\\/wp.kristdemokraterna.se\\\/uppsala\\\/kd-motsatter-sig-den-bilfientliga-politiken\\\/#breadcrumb\",\"itemListElement\":[{\"@type\":\"ListItem\",\"position\":1,\"name\":\"Hem\",\"item\":\"https:\\\/\\\/wp.kristdemokraterna.se\\\/uppsala\\\/\"},{\"@type\":\"ListItem\",\"position\":2,\"name\":\"KD mots\u00e4tter sig den bilfientliga politiken\"}]},{\"@type\":\"WebSite\",\"@id\":\"https:\\\/\\\/wp.kristdemokraterna.se\\\/uppsala\\\/#website\",\"url\":\"https:\\\/\\\/wp.kristdemokraterna.se\\\/uppsala\\\/\",\"name\":\"Kristdemokraterna Uppsala\",\"description\":\"Tryggare Uppsala\",\"publisher\":{\"@id\":\"https:\\\/\\\/wp.kristdemokraterna.se\\\/uppsala\\\/#organization\"},\"inLanguage\":\"sv-SE\"},{\"@type\":\"Organization\",\"@id\":\"https:\\\/\\\/wp.kristdemokraterna.se\\\/uppsala\\\/#organization\",\"name\":\"Kristdemokraterna Uppsala\",\"url\":\"https:\\\/\\\/wp.kristdemokraterna.se\\\/uppsala\\\/\",\"logo\":{\"@type\":\"ImageObject\",\"inLanguage\":\"sv-SE\",\"@id\":\"https:\\\/\\\/wp.kristdemokraterna.se\\\/uppsala\\\/#\\\/schema\\\/logo\\\/image\\\/\",\"url\":\"https:\\\/\\\/wp.kristdemokraterna.se\\\/uppsala\\\/files\\\/2019\\\/10\\\/kd-uppsala.png\",\"contentUrl\":\"https:\\\/\\\/wp.kristdemokraterna.se\\\/uppsala\\\/files\\\/2019\\\/10\\\/kd-uppsala.png\",\"width\":804,\"height\":421,\"caption\":\"Kristdemokraterna Uppsala\"},\"image\":{\"@id\":\"https:\\\/\\\/wp.kristdemokraterna.se\\\/uppsala\\\/#\\\/schema\\\/logo\\\/image\\\/\"},\"sameAs\":[\"https:\\\/\\\/www.facebook.com\\\/UppsalaKD\\\/\",\"https:\\\/\\\/www.instagram.com\\\/uppsalakd\\\/\"]},{\"@type\":\"Person\",\"@id\":\"https:\\\/\\\/wp.kristdemokraterna.se\\\/uppsala\\\/#\\\/schema\\\/person\\\/038d805d685fb0ce5ad14ab8711d8e84\",\"name\":\"Mimmi Westerlund\",\"image\":{\"@type\":\"ImageObject\",\"inLanguage\":\"sv-SE\",\"@id\":\"https:\\\/\\\/secure.gravatar.com\\\/avatar\\\/a5697359f709b6b10d9c7e6a7c89f3e054554dedb4657d5ffe9e5bc5b1445841?s=96&r=g\",\"url\":\"https:\\\/\\\/secure.gravatar.com\\\/avatar\\\/a5697359f709b6b10d9c7e6a7c89f3e054554dedb4657d5ffe9e5bc5b1445841?s=96&r=g\",\"contentUrl\":\"https:\\\/\\\/secure.gravatar.com\\\/avatar\\\/a5697359f709b6b10d9c7e6a7c89f3e054554dedb4657d5ffe9e5bc5b1445841?s=96&r=g\",\"caption\":\"Mimmi Westerlund\"},\"url\":\"https:\\\/\\\/wp.kristdemokraterna.se\\\/uppsala\\\/author\\\/mimmi\\\/\"}]}<\/script>\n<!-- \/ Yoast SEO plugin. -->","yoast_head_json":{"title":"KD mots\u00e4tter sig den bilfientliga politiken | Kristdemokraterna | Uppsala","robots":{"index":"index","follow":"follow","max-snippet":"max-snippet:-1","max-image-preview":"max-image-preview:large","max-video-preview":"max-video-preview:-1"},"canonical":"https:\/\/wp.kristdemokraterna.se\/uppsala\/kd-motsatter-sig-den-bilfientliga-politiken\/","og_locale":"sv_SE","og_type":"article","og_title":"KD mots\u00e4tter sig den bilfientliga politiken | Kristdemokraterna | Uppsala","og_description":"Uttalande med anledning av Gatu- och samh\u00e4llsmilj\u00f6n\u00e4mndens budget 2016-12-14 Gatu- och samh\u00e4llsmilj\u00f6n\u00e4mnden har en viktig roll, inte minst i utvecklandet av transportinfrastrukturen i kommunens t\u00e4torter. S\u00e5v\u00e4l kollektivtrafik, biltrafik som g\u00e5ng- och cykeltrafik ska ges utrymme och planeras l\u00e5ngsiktigt och med ett helhetsperspektiv. Kristdemokraterna vill inte vara en del av de r\u00f6dgr\u00f6nas (S+MP+V) variant av \u201daktiv Read More","og_url":"https:\/\/wp.kristdemokraterna.se\/uppsala\/kd-motsatter-sig-den-bilfientliga-politiken\/","og_site_name":"Kristdemokraterna | Uppsala","article_publisher":"https:\/\/www.facebook.com\/UppsalaKD\/","article_published_time":"2016-12-14T12:35:31+00:00","article_modified_time":"2024-04-03T22:45:10+00:00","og_image":[{"width":705,"height":471,"url":"http:\/\/wp.kristdemokraterna.se\/uppsala\/files\/2015\/07\/dsc7348.jpg","type":"image\/jpeg"}],"author":"Mimmi Westerlund","twitter_card":"summary_large_image","twitter_misc":{"Skriven av":"Mimmi Westerlund","Ber\u00e4knad l\u00e4stid":"2 minuter"},"schema":{"@context":"https:\/\/schema.org","@graph":[{"@type":"Article","@id":"https:\/\/wp.kristdemokraterna.se\/uppsala\/kd-motsatter-sig-den-bilfientliga-politiken\/#article","isPartOf":{"@id":"https:\/\/wp.kristdemokraterna.se\/uppsala\/kd-motsatter-sig-den-bilfientliga-politiken\/"},"author":{"name":"Mimmi Westerlund","@id":"https:\/\/wp.kristdemokraterna.se\/uppsala\/#\/schema\/person\/038d805d685fb0ce5ad14ab8711d8e84"},"headline":"KD mots\u00e4tter sig den bilfientliga politiken","datePublished":"2016-12-14T12:35:31+00:00","dateModified":"2024-04-03T22:45:10+00:00","mainEntityOfPage":{"@id":"https:\/\/wp.kristdemokraterna.se\/uppsala\/kd-motsatter-sig-den-bilfientliga-politiken\/"},"wordCount":450,"publisher":{"@id":"https:\/\/wp.kristdemokraterna.se\/uppsala\/#organization"},"image":{"@id":"https:\/\/wp.kristdemokraterna.se\/uppsala\/kd-motsatter-sig-den-bilfientliga-politiken\/#primaryimage"},"thumbnailUrl":"https:\/\/wp.kristdemokraterna.se\/uppsala\/files\/2015\/07\/dsc7348.jpg","articleSection":["Kollektivtrafik &amp; Stadsplanering"],"inLanguage":"sv-SE"},{"@type":"WebPage","@id":"https:\/\/wp.kristdemokraterna.se\/uppsala\/kd-motsatter-sig-den-bilfientliga-politiken\/","url":"https:\/\/wp.kristdemokraterna.se\/uppsala\/kd-motsatter-sig-den-bilfientliga-politiken\/","name":"KD mots\u00e4tter sig den bilfientliga politiken | Kristdemokraterna | Uppsala","isPartOf":{"@id":"https:\/\/wp.kristdemokraterna.se\/uppsala\/#website"},"primaryImageOfPage":{"@id":"https:\/\/wp.kristdemokraterna.se\/uppsala\/kd-motsatter-sig-den-bilfientliga-politiken\/#primaryimage"},"image":{"@id":"https:\/\/wp.kristdemokraterna.se\/uppsala\/kd-motsatter-sig-den-bilfientliga-politiken\/#primaryimage"},"thumbnailUrl":"https:\/\/wp.kristdemokraterna.se\/uppsala\/files\/2015\/07\/dsc7348.jpg","datePublished":"2016-12-14T12:35:31+00:00","dateModified":"2024-04-03T22:45:10+00:00","breadcrumb":{"@id":"https:\/\/wp.kristdemokraterna.se\/uppsala\/kd-motsatter-sig-den-bilfientliga-politiken\/#breadcrumb"},"inLanguage":"sv-SE","potentialAction":[{"@type":"ReadAction","target":["https:\/\/wp.kristdemokraterna.se\/uppsala\/kd-motsatter-sig-den-bilfientliga-politiken\/"]}]},{"@type":"ImageObject","inLanguage":"sv-SE","@id":"https:\/\/wp.kristdemokraterna.se\/uppsala\/kd-motsatter-sig-den-bilfientliga-politiken\/#primaryimage","url":"https:\/\/wp.kristdemokraterna.se\/uppsala\/files\/2015\/07\/dsc7348.jpg","contentUrl":"https:\/\/wp.kristdemokraterna.se\/uppsala\/files\/2015\/07\/dsc7348.jpg","width":705,"height":471},{"@type":"BreadcrumbList","@id":"https:\/\/wp.kristdemokraterna.se\/uppsala\/kd-motsatter-sig-den-bilfientliga-politiken\/#breadcrumb","itemListElement":[{"@type":"ListItem","position":1,"name":"Hem","item":"https:\/\/wp.kristdemokraterna.se\/uppsala\/"},{"@type":"ListItem","position":2,"name":"KD mots\u00e4tter sig den bilfientliga politiken"}]},{"@type":"WebSite","@id":"https:\/\/wp.kristdemokraterna.se\/uppsala\/#website","url":"https:\/\/wp.kristdemokraterna.se\/uppsala\/","name":"Kristdemokraterna Uppsala","description":"Tryggare Uppsala","publisher":{"@id":"https:\/\/wp.kristdemokraterna.se\/uppsala\/#organization"},"inLanguage":"sv-SE"},{"@type":"Organization","@id":"https:\/\/wp.kristdemokraterna.se\/uppsala\/#organization","name":"Kristdemokraterna Uppsala","url":"https:\/\/wp.kristdemokraterna.se\/uppsala\/","logo":{"@type":"ImageObject","inLanguage":"sv-SE","@id":"https:\/\/wp.kristdemokraterna.se\/uppsala\/#\/schema\/logo\/image\/","url":"https:\/\/wp.kristdemokraterna.se\/uppsala\/files\/2019\/10\/kd-uppsala.png","contentUrl":"https:\/\/wp.kristdemokraterna.se\/uppsala\/files\/2019\/10\/kd-uppsala.png","width":804,"height":421,"caption":"Kristdemokraterna Uppsala"},"image":{"@id":"https:\/\/wp.kristdemokraterna.se\/uppsala\/#\/schema\/logo\/image\/"},"sameAs":["https:\/\/www.facebook.com\/UppsalaKD\/","https:\/\/www.instagram.com\/uppsalakd\/"]},{"@type":"Person","@id":"https:\/\/wp.kristdemokraterna.se\/uppsala\/#\/schema\/person\/038d805d685fb0ce5ad14ab8711d8e84","name":"Mimmi Westerlund","image":{"@type":"ImageObject","inLanguage":"sv-SE","@id":"https:\/\/secure.gravatar.com\/avatar\/a5697359f709b6b10d9c7e6a7c89f3e054554dedb4657d5ffe9e5bc5b1445841?s=96&r=g","url":"https:\/\/secure.gravatar.com\/avatar\/a5697359f709b6b10d9c7e6a7c89f3e054554dedb4657d5ffe9e5bc5b1445841?s=96&r=g","contentUrl":"https:\/\/secure.gravatar.com\/avatar\/a5697359f709b6b10d9c7e6a7c89f3e054554dedb4657d5ffe9e5bc5b1445841?s=96&r=g","caption":"Mimmi Westerlund"},"url":"https:\/\/wp.kristdemokraterna.se\/uppsala\/author\/mimmi\/"}]}},"_links":{"self":[{"href":"https:\/\/wp.kristdemokraterna.se\/uppsala\/wp-json\/wp\/v2\/posts\/2124","targetHints":{"allow":["GET"]}}],"collection":[{"href":"https:\/\/wp.kristdemokraterna.se\/uppsala\/wp-json\/wp\/v2\/posts"}],"about":[{"href":"https:\/\/wp.kristdemokraterna.se\/uppsala\/wp-json\/wp\/v2\/types\/post"}],"author":[{"embeddable":true,"href":"https:\/\/wp.kristdemokraterna.se\/uppsala\/wp-json\/wp\/v2\/users\/702"}],"replies":[{"embeddable":true,"href":"https:\/\/wp.kristdemokraterna.se\/uppsala\/wp-json\/wp\/v2\/comments?post=2124"}],"version-history":[{"count":1,"href":"https:\/\/wp.kristdemokraterna.se\/uppsala\/wp-json\/wp\/v2\/posts\/2124\/revisions"}],"predecessor-version":[{"id":2125,"href":"https:\/\/wp.kristdemokraterna.se\/uppsala\/wp-json\/wp\/v2\/posts\/2124\/revisions\/2125"}],"wp:featuredmedia":[{"embeddable":true,"href":"https:\/\/wp.kristdemokraterna.se\/uppsala\/wp-json\/wp\/v2\/media\/1610"}],"wp:attachment":[{"href":"https:\/\/wp.kristdemokraterna.se\/uppsala\/wp-json\/wp\/v2\/media?parent=2124"}],"wp:term":[{"taxonomy":"category","embeddable":true,"href":"https:\/\/wp.kristdemokraterna.se\/uppsala\/wp-json\/wp\/v2\/categories?post=2124"},{"taxonomy":"post_tag","embeddable":true,"href":"https:\/\/wp.kristdemokraterna.se\/uppsala\/wp-json\/wp\/v2\/tags?post=2124"}],"curies":[{"name":"wp","href":"https:\/\/api.w.org\/{rel}","templated":true}]}}