{"id":2127,"date":"2017-01-17T14:41:55","date_gmt":"2017-01-17T13:41:55","guid":{"rendered":"http:\/\/wp.kristdemokraterna.se\/uppsala\/?p=2127"},"modified":"2024-04-04T00:45:03","modified_gmt":"2024-04-03T22:45:03","slug":"kd-kravet-granska-arbetsmiljon-inom-barnomsorgen","status":"publish","type":"post","link":"https:\/\/wp.kristdemokraterna.se\/uppsala\/kd-kravet-granska-arbetsmiljon-inom-barnomsorgen\/","title":{"rendered":"KD-kravet: Granska arbetsmilj\u00f6n inom barnomsorgen"},"content":{"rendered":"<p><strong>Studier visar att utbr\u00e4ndhet och ljudtr\u00f6tthet \u00e4r vanligare inom barnomsorgen \u00e4n inom andra yrken. Om arbetsmilj\u00f6n \u00e4r d\u00e5lig f\u00f6r personalen kan vi utg\u00e5 fr\u00e5n att den ocks\u00e5 \u00e4r d\u00e5lig f\u00f6r barnen.\u00a0 Nu vill Kristdemokraterna i Uppsala s\u00e4rskilt utreda arbetsmilj\u00f6n p\u00e5 kommunens f\u00f6rskolor.<\/strong><\/p>\n<p><strong>\u00a0<\/strong>\u00c5r 2011 genomf\u00f6rdes en studie av Fredrik Sj\u00f6din m fl i Ume\u00e5. Den slog fast att de h\u00f6ga stressmilj\u00f6erna i f\u00f6rskolan sl\u00e5r h\u00e5rt mot personalens h\u00e4lsa och att det finns mer ljudtr\u00f6tthet och allm\u00e4ntr\u00f6tthet \u00e4n i andra yrken, detta tillsammans med oroande h\u00f6ga stressniv\u00e5er, som h\u00f6js redan innan de g\u00e5r till jobbet och sjunker inte f\u00f6rr\u00e4n sent p\u00e5 kv\u00e4llen. Det borde vara h\u00f6gt prioriterat av varje arbetsgivare att motverka detta.<\/p>\n<p>Enligt L\u00e4rarf\u00f6rbundets f\u00f6rra ordf\u00f6rande Eva-Lis Sir\u00e9n \u00e4r det n\u00e4stan dubbelt s\u00e5 vanligt med stressrelaterade sjukdomar f\u00f6r f\u00f6rskoll\u00e4rare och l\u00e4rare i fritidshem \u00e4n j\u00e4mf\u00f6rt med andra yrkesgrupper. Enligt statistik fr\u00e5n F\u00f6rs\u00e4kringskassan var det 2014 n\u00e4stan dubbelt s\u00e5 vanligt med sjukskrivningar f\u00f6r psykiska diagnoser f\u00f6r personal inom barnomsorgen \u00e4n f\u00f6r arbetsmarknaden i sin helhet. \u00d6kningen \u00e4r 27% p\u00e5 bara fem \u00e5r.<\/p>\n<p><strong>F\u00f6r \u00e5r 2015 l\u00e5g Uppsala kommun p\u00e5 16,3 barn per barngrupp i snitt. Skolverkets allm\u00e4nna rekommendationer \u00e4r sex till tolv barn mellan ett och tre \u00e5r, och nio till 15 barn f\u00f6r barn mellan fyra och fem \u00e5r. H\u00e4ri \u00e5terfinns med stor sannolikhet orsaken till varf\u00f6r personalen blir ljudtr\u00f6tta, d\u00e4rf\u00f6r \u00e4r minskade barngrupper ett viktigt verktyg i arbetet mot en lugnare arbetsmilj\u00f6 f\u00f6r alla inblandade. <\/strong><\/p>\n<p>Barnens tre f\u00f6rsta \u00e5r l\u00e4gger grunden f\u00f6r utvecklingen resten av livet. Det har att g\u00f6ra med kognitiv utveckling men \u00e4ven emotionell utveckling. Relationen mellan personalen och barnen \u00e4r det som m\u00e5ste st\u00e5 i centrum. F\u00f6r att sm\u00e5 barn ska kunna knyta an beh\u00f6ver personalen ha tid f\u00f6r vart och ett utav dem.<\/p>\n<p>I samband med den skoldialog som Utbildningsn\u00e4mnden genomf\u00f6rt under 2016 har flera v\u00e4rdefulla synpunkter inkommit fr\u00e5n personalen inom f\u00f6rskolan. En del som lyfts fram \u00e4r behovet av att arbeta mer aktivt och strukturerat med arbetsmilj\u00f6n. Storleken p\u00e5 barngrupper p\u00e5verkar arbetsmilj\u00f6n och synpunkter om problem med l\u00e5g grundbemanning och stora barngrupper tas upp i dialogerna.<\/p>\n<p>&#8211; Som vice ordf\u00f6rande i Utbildningsn\u00e4mndens f\u00f6rskoleutskott kommer jag se till att den h\u00e4r fr\u00e5gan f\u00f6ljs upp ordentligt. Arbetsmilj\u00f6situationen i f\u00f6rskolan \u00e4r b\u00e5de en fr\u00e5ga om barnens uppv\u00e4xtvillkor och om goda arbetsvillkor f\u00f6r kommunens medarbetare. Om Uppsala kommun menar allvar med att vara en attraktiv arbetsgivare \u00e4r det v\u00e5r skyldighet att se till att arbetsmilj\u00f6n \u00e4r god, kommenterar Marin Wisell (KD) vice ordf\u00f6rande i Utbildningsn\u00e4mndens f\u00f6rskoleutskott.<\/p>\n<p>&#8211; Vi vill f\u00f6rb\u00e4ttra arbetsmilj\u00f6n f\u00f6r b\u00e5de personalen och f\u00f6r barnen, som \u00e4nd\u00e5 \u00e4r de som \u00e4r d\u00e4r upp till 50 timmar i veckan. Det \u00e4r ju mer \u00e4n en vanlig heltid f\u00f6r en arbetande vuxen, avslutar Jonas Segersam (KD) kommunalr\u00e5d.<\/p>\n<p>Kristdemokraterna l\u00e4gger nu en motion till Kommunfullm\u00e4ktige d\u00e4r man f\u00f6resl\u00e5r en genomgripande kartl\u00e4ggning av arbetsmilj\u00f6situationen inom kommunens alla f\u00f6rskolor, d\u00e4r bland annat ljudtr\u00f6tthet och stress ska m\u00e4tas. Detta ska \u00e4ven resultera i ett konkret \u00e5tg\u00e4rdspaket.<\/p>\n","protected":false},"excerpt":{"rendered":"<p>Studier visar att utbr\u00e4ndhet och ljudtr\u00f6tthet \u00e4r vanligare inom barnomsorgen \u00e4n inom andra yrken. Om arbetsmilj\u00f6n \u00e4r d\u00e5lig f\u00f6r personalen kan vi utg\u00e5 fr\u00e5n att den ocks\u00e5 \u00e4r d\u00e5lig f\u00f6r barnen.\u00a0 Nu vill Kristdemokraterna i Uppsala s\u00e4rskilt utreda arbetsmilj\u00f6n p\u00e5 kommunens f\u00f6rskolor. \u00a0\u00c5r 2011 genomf\u00f6rdes en studie av Fredrik Sj\u00f6din m fl i Ume\u00e5. Den <a class=\"read-more-link\" href=\"https:\/\/wp.kristdemokraterna.se\/uppsala\/kd-kravet-granska-arbetsmiljon-inom-barnomsorgen\/\">Read More<\/a><\/p>\n","protected":false},"author":702,"featured_media":1852,"comment_status":"closed","ping_status":"closed","sticky":false,"template":"","format":"standard","meta":{"_acf_changed":false,"footnotes":""},"categories":[241],"tags":[],"class_list":["post-2127","post","type-post","status-publish","format-standard","hentry","category-familj-och-skola"],"acf":[],"yoast_head":"<!-- This site is optimized with the Yoast SEO plugin v27.4 - https:\/\/yoast.com\/product\/yoast-seo-wordpress\/ -->\n<title>KD-kravet: Granska arbetsmilj\u00f6n inom barnomsorgen | Kristdemokraterna | Uppsala<\/title>\n<meta name=\"robots\" content=\"index, follow, max-snippet:-1, max-image-preview:large, max-video-preview:-1\" \/>\n<link rel=\"canonical\" href=\"https:\/\/wp.kristdemokraterna.se\/uppsala\/kd-kravet-granska-arbetsmiljon-inom-barnomsorgen\/\" \/>\n<meta property=\"og:locale\" content=\"sv_SE\" \/>\n<meta property=\"og:type\" content=\"article\" \/>\n<meta property=\"og:title\" content=\"KD-kravet: Granska arbetsmilj\u00f6n inom barnomsorgen | Kristdemokraterna | Uppsala\" \/>\n<meta property=\"og:description\" content=\"Studier visar att utbr\u00e4ndhet och ljudtr\u00f6tthet \u00e4r vanligare inom barnomsorgen \u00e4n inom andra yrken. Om arbetsmilj\u00f6n \u00e4r d\u00e5lig f\u00f6r personalen kan vi utg\u00e5 fr\u00e5n att den ocks\u00e5 \u00e4r d\u00e5lig f\u00f6r barnen.\u00a0 Nu vill Kristdemokraterna i Uppsala s\u00e4rskilt utreda arbetsmilj\u00f6n p\u00e5 kommunens f\u00f6rskolor. \u00a0\u00c5r 2011 genomf\u00f6rdes en studie av Fredrik Sj\u00f6din m fl i Ume\u00e5. Den Read More\" \/>\n<meta property=\"og:url\" content=\"https:\/\/wp.kristdemokraterna.se\/uppsala\/kd-kravet-granska-arbetsmiljon-inom-barnomsorgen\/\" \/>\n<meta property=\"og:site_name\" content=\"Kristdemokraterna | Uppsala\" \/>\n<meta property=\"article:publisher\" content=\"https:\/\/www.facebook.com\/UppsalaKD\/\" \/>\n<meta property=\"article:published_time\" content=\"2017-01-17T13:41:55+00:00\" \/>\n<meta property=\"article:modified_time\" content=\"2024-04-03T22:45:03+00:00\" \/>\n<meta property=\"og:image\" content=\"http:\/\/wp.kristdemokraterna.se\/uppsala\/files\/2015\/11\/forskola.jpg\" \/>\n\t<meta property=\"og:image:width\" content=\"1920\" \/>\n\t<meta property=\"og:image:height\" content=\"1275\" \/>\n\t<meta property=\"og:image:type\" content=\"image\/jpeg\" \/>\n<meta name=\"author\" content=\"Mimmi Westerlund\" \/>\n<meta name=\"twitter:card\" content=\"summary_large_image\" \/>\n<meta name=\"twitter:label1\" content=\"Skriven av\" \/>\n\t<meta name=\"twitter:data1\" content=\"Mimmi Westerlund\" \/>\n\t<meta name=\"twitter:label2\" content=\"Ber\u00e4knad l\u00e4stid\" \/>\n\t<meta name=\"twitter:data2\" content=\"3 minuter\" \/>\n<script type=\"application\/ld+json\" class=\"yoast-schema-graph\">{\"@context\":\"https:\\\/\\\/schema.org\",\"@graph\":[{\"@type\":\"Article\",\"@id\":\"https:\\\/\\\/wp.kristdemokraterna.se\\\/uppsala\\\/kd-kravet-granska-arbetsmiljon-inom-barnomsorgen\\\/#article\",\"isPartOf\":{\"@id\":\"https:\\\/\\\/wp.kristdemokraterna.se\\\/uppsala\\\/kd-kravet-granska-arbetsmiljon-inom-barnomsorgen\\\/\"},\"author\":{\"name\":\"Mimmi Westerlund\",\"@id\":\"https:\\\/\\\/wp.kristdemokraterna.se\\\/uppsala\\\/#\\\/schema\\\/person\\\/038d805d685fb0ce5ad14ab8711d8e84\"},\"headline\":\"KD-kravet: Granska arbetsmilj\u00f6n inom barnomsorgen\",\"datePublished\":\"2017-01-17T13:41:55+00:00\",\"dateModified\":\"2024-04-03T22:45:03+00:00\",\"mainEntityOfPage\":{\"@id\":\"https:\\\/\\\/wp.kristdemokraterna.se\\\/uppsala\\\/kd-kravet-granska-arbetsmiljon-inom-barnomsorgen\\\/\"},\"wordCount\":596,\"publisher\":{\"@id\":\"https:\\\/\\\/wp.kristdemokraterna.se\\\/uppsala\\\/#organization\"},\"image\":{\"@id\":\"https:\\\/\\\/wp.kristdemokraterna.se\\\/uppsala\\\/kd-kravet-granska-arbetsmiljon-inom-barnomsorgen\\\/#primaryimage\"},\"thumbnailUrl\":\"https:\\\/\\\/wp.kristdemokraterna.se\\\/uppsala\\\/files\\\/2015\\\/11\\\/forskola.jpg\",\"articleSection\":[\"Familj &amp; skola\"],\"inLanguage\":\"sv-SE\"},{\"@type\":\"WebPage\",\"@id\":\"https:\\\/\\\/wp.kristdemokraterna.se\\\/uppsala\\\/kd-kravet-granska-arbetsmiljon-inom-barnomsorgen\\\/\",\"url\":\"https:\\\/\\\/wp.kristdemokraterna.se\\\/uppsala\\\/kd-kravet-granska-arbetsmiljon-inom-barnomsorgen\\\/\",\"name\":\"KD-kravet: Granska arbetsmilj\u00f6n inom barnomsorgen | Kristdemokraterna | Uppsala\",\"isPartOf\":{\"@id\":\"https:\\\/\\\/wp.kristdemokraterna.se\\\/uppsala\\\/#website\"},\"primaryImageOfPage\":{\"@id\":\"https:\\\/\\\/wp.kristdemokraterna.se\\\/uppsala\\\/kd-kravet-granska-arbetsmiljon-inom-barnomsorgen\\\/#primaryimage\"},\"image\":{\"@id\":\"https:\\\/\\\/wp.kristdemokraterna.se\\\/uppsala\\\/kd-kravet-granska-arbetsmiljon-inom-barnomsorgen\\\/#primaryimage\"},\"thumbnailUrl\":\"https:\\\/\\\/wp.kristdemokraterna.se\\\/uppsala\\\/files\\\/2015\\\/11\\\/forskola.jpg\",\"datePublished\":\"2017-01-17T13:41:55+00:00\",\"dateModified\":\"2024-04-03T22:45:03+00:00\",\"breadcrumb\":{\"@id\":\"https:\\\/\\\/wp.kristdemokraterna.se\\\/uppsala\\\/kd-kravet-granska-arbetsmiljon-inom-barnomsorgen\\\/#breadcrumb\"},\"inLanguage\":\"sv-SE\",\"potentialAction\":[{\"@type\":\"ReadAction\",\"target\":[\"https:\\\/\\\/wp.kristdemokraterna.se\\\/uppsala\\\/kd-kravet-granska-arbetsmiljon-inom-barnomsorgen\\\/\"]}]},{\"@type\":\"ImageObject\",\"inLanguage\":\"sv-SE\",\"@id\":\"https:\\\/\\\/wp.kristdemokraterna.se\\\/uppsala\\\/kd-kravet-granska-arbetsmiljon-inom-barnomsorgen\\\/#primaryimage\",\"url\":\"https:\\\/\\\/wp.kristdemokraterna.se\\\/uppsala\\\/files\\\/2015\\\/11\\\/forskola.jpg\",\"contentUrl\":\"https:\\\/\\\/wp.kristdemokraterna.se\\\/uppsala\\\/files\\\/2015\\\/11\\\/forskola.jpg\",\"width\":1920,\"height\":1275},{\"@type\":\"BreadcrumbList\",\"@id\":\"https:\\\/\\\/wp.kristdemokraterna.se\\\/uppsala\\\/kd-kravet-granska-arbetsmiljon-inom-barnomsorgen\\\/#breadcrumb\",\"itemListElement\":[{\"@type\":\"ListItem\",\"position\":1,\"name\":\"Hem\",\"item\":\"https:\\\/\\\/wp.kristdemokraterna.se\\\/uppsala\\\/\"},{\"@type\":\"ListItem\",\"position\":2,\"name\":\"KD-kravet: Granska arbetsmilj\u00f6n inom barnomsorgen\"}]},{\"@type\":\"WebSite\",\"@id\":\"https:\\\/\\\/wp.kristdemokraterna.se\\\/uppsala\\\/#website\",\"url\":\"https:\\\/\\\/wp.kristdemokraterna.se\\\/uppsala\\\/\",\"name\":\"Kristdemokraterna Uppsala\",\"description\":\"Tryggare Uppsala\",\"publisher\":{\"@id\":\"https:\\\/\\\/wp.kristdemokraterna.se\\\/uppsala\\\/#organization\"},\"inLanguage\":\"sv-SE\"},{\"@type\":\"Organization\",\"@id\":\"https:\\\/\\\/wp.kristdemokraterna.se\\\/uppsala\\\/#organization\",\"name\":\"Kristdemokraterna Uppsala\",\"url\":\"https:\\\/\\\/wp.kristdemokraterna.se\\\/uppsala\\\/\",\"logo\":{\"@type\":\"ImageObject\",\"inLanguage\":\"sv-SE\",\"@id\":\"https:\\\/\\\/wp.kristdemokraterna.se\\\/uppsala\\\/#\\\/schema\\\/logo\\\/image\\\/\",\"url\":\"https:\\\/\\\/wp.kristdemokraterna.se\\\/uppsala\\\/files\\\/2019\\\/10\\\/kd-uppsala.png\",\"contentUrl\":\"https:\\\/\\\/wp.kristdemokraterna.se\\\/uppsala\\\/files\\\/2019\\\/10\\\/kd-uppsala.png\",\"width\":804,\"height\":421,\"caption\":\"Kristdemokraterna Uppsala\"},\"image\":{\"@id\":\"https:\\\/\\\/wp.kristdemokraterna.se\\\/uppsala\\\/#\\\/schema\\\/logo\\\/image\\\/\"},\"sameAs\":[\"https:\\\/\\\/www.facebook.com\\\/UppsalaKD\\\/\",\"https:\\\/\\\/www.instagram.com\\\/uppsalakd\\\/\"]},{\"@type\":\"Person\",\"@id\":\"https:\\\/\\\/wp.kristdemokraterna.se\\\/uppsala\\\/#\\\/schema\\\/person\\\/038d805d685fb0ce5ad14ab8711d8e84\",\"name\":\"Mimmi Westerlund\",\"image\":{\"@type\":\"ImageObject\",\"inLanguage\":\"sv-SE\",\"@id\":\"https:\\\/\\\/secure.gravatar.com\\\/avatar\\\/a5697359f709b6b10d9c7e6a7c89f3e054554dedb4657d5ffe9e5bc5b1445841?s=96&r=g\",\"url\":\"https:\\\/\\\/secure.gravatar.com\\\/avatar\\\/a5697359f709b6b10d9c7e6a7c89f3e054554dedb4657d5ffe9e5bc5b1445841?s=96&r=g\",\"contentUrl\":\"https:\\\/\\\/secure.gravatar.com\\\/avatar\\\/a5697359f709b6b10d9c7e6a7c89f3e054554dedb4657d5ffe9e5bc5b1445841?s=96&r=g\",\"caption\":\"Mimmi Westerlund\"},\"url\":\"https:\\\/\\\/wp.kristdemokraterna.se\\\/uppsala\\\/author\\\/mimmi\\\/\"}]}<\/script>\n<!-- \/ Yoast SEO plugin. -->","yoast_head_json":{"title":"KD-kravet: Granska arbetsmilj\u00f6n inom barnomsorgen | Kristdemokraterna | Uppsala","robots":{"index":"index","follow":"follow","max-snippet":"max-snippet:-1","max-image-preview":"max-image-preview:large","max-video-preview":"max-video-preview:-1"},"canonical":"https:\/\/wp.kristdemokraterna.se\/uppsala\/kd-kravet-granska-arbetsmiljon-inom-barnomsorgen\/","og_locale":"sv_SE","og_type":"article","og_title":"KD-kravet: Granska arbetsmilj\u00f6n inom barnomsorgen | Kristdemokraterna | Uppsala","og_description":"Studier visar att utbr\u00e4ndhet och ljudtr\u00f6tthet \u00e4r vanligare inom barnomsorgen \u00e4n inom andra yrken. Om arbetsmilj\u00f6n \u00e4r d\u00e5lig f\u00f6r personalen kan vi utg\u00e5 fr\u00e5n att den ocks\u00e5 \u00e4r d\u00e5lig f\u00f6r barnen.\u00a0 Nu vill Kristdemokraterna i Uppsala s\u00e4rskilt utreda arbetsmilj\u00f6n p\u00e5 kommunens f\u00f6rskolor. \u00a0\u00c5r 2011 genomf\u00f6rdes en studie av Fredrik Sj\u00f6din m fl i Ume\u00e5. Den Read More","og_url":"https:\/\/wp.kristdemokraterna.se\/uppsala\/kd-kravet-granska-arbetsmiljon-inom-barnomsorgen\/","og_site_name":"Kristdemokraterna | Uppsala","article_publisher":"https:\/\/www.facebook.com\/UppsalaKD\/","article_published_time":"2017-01-17T13:41:55+00:00","article_modified_time":"2024-04-03T22:45:03+00:00","og_image":[{"width":1920,"height":1275,"url":"http:\/\/wp.kristdemokraterna.se\/uppsala\/files\/2015\/11\/forskola.jpg","type":"image\/jpeg"}],"author":"Mimmi Westerlund","twitter_card":"summary_large_image","twitter_misc":{"Skriven av":"Mimmi Westerlund","Ber\u00e4knad l\u00e4stid":"3 minuter"},"schema":{"@context":"https:\/\/schema.org","@graph":[{"@type":"Article","@id":"https:\/\/wp.kristdemokraterna.se\/uppsala\/kd-kravet-granska-arbetsmiljon-inom-barnomsorgen\/#article","isPartOf":{"@id":"https:\/\/wp.kristdemokraterna.se\/uppsala\/kd-kravet-granska-arbetsmiljon-inom-barnomsorgen\/"},"author":{"name":"Mimmi Westerlund","@id":"https:\/\/wp.kristdemokraterna.se\/uppsala\/#\/schema\/person\/038d805d685fb0ce5ad14ab8711d8e84"},"headline":"KD-kravet: Granska arbetsmilj\u00f6n inom barnomsorgen","datePublished":"2017-01-17T13:41:55+00:00","dateModified":"2024-04-03T22:45:03+00:00","mainEntityOfPage":{"@id":"https:\/\/wp.kristdemokraterna.se\/uppsala\/kd-kravet-granska-arbetsmiljon-inom-barnomsorgen\/"},"wordCount":596,"publisher":{"@id":"https:\/\/wp.kristdemokraterna.se\/uppsala\/#organization"},"image":{"@id":"https:\/\/wp.kristdemokraterna.se\/uppsala\/kd-kravet-granska-arbetsmiljon-inom-barnomsorgen\/#primaryimage"},"thumbnailUrl":"https:\/\/wp.kristdemokraterna.se\/uppsala\/files\/2015\/11\/forskola.jpg","articleSection":["Familj &amp; skola"],"inLanguage":"sv-SE"},{"@type":"WebPage","@id":"https:\/\/wp.kristdemokraterna.se\/uppsala\/kd-kravet-granska-arbetsmiljon-inom-barnomsorgen\/","url":"https:\/\/wp.kristdemokraterna.se\/uppsala\/kd-kravet-granska-arbetsmiljon-inom-barnomsorgen\/","name":"KD-kravet: Granska arbetsmilj\u00f6n inom barnomsorgen | Kristdemokraterna | Uppsala","isPartOf":{"@id":"https:\/\/wp.kristdemokraterna.se\/uppsala\/#website"},"primaryImageOfPage":{"@id":"https:\/\/wp.kristdemokraterna.se\/uppsala\/kd-kravet-granska-arbetsmiljon-inom-barnomsorgen\/#primaryimage"},"image":{"@id":"https:\/\/wp.kristdemokraterna.se\/uppsala\/kd-kravet-granska-arbetsmiljon-inom-barnomsorgen\/#primaryimage"},"thumbnailUrl":"https:\/\/wp.kristdemokraterna.se\/uppsala\/files\/2015\/11\/forskola.jpg","datePublished":"2017-01-17T13:41:55+00:00","dateModified":"2024-04-03T22:45:03+00:00","breadcrumb":{"@id":"https:\/\/wp.kristdemokraterna.se\/uppsala\/kd-kravet-granska-arbetsmiljon-inom-barnomsorgen\/#breadcrumb"},"inLanguage":"sv-SE","potentialAction":[{"@type":"ReadAction","target":["https:\/\/wp.kristdemokraterna.se\/uppsala\/kd-kravet-granska-arbetsmiljon-inom-barnomsorgen\/"]}]},{"@type":"ImageObject","inLanguage":"sv-SE","@id":"https:\/\/wp.kristdemokraterna.se\/uppsala\/kd-kravet-granska-arbetsmiljon-inom-barnomsorgen\/#primaryimage","url":"https:\/\/wp.kristdemokraterna.se\/uppsala\/files\/2015\/11\/forskola.jpg","contentUrl":"https:\/\/wp.kristdemokraterna.se\/uppsala\/files\/2015\/11\/forskola.jpg","width":1920,"height":1275},{"@type":"BreadcrumbList","@id":"https:\/\/wp.kristdemokraterna.se\/uppsala\/kd-kravet-granska-arbetsmiljon-inom-barnomsorgen\/#breadcrumb","itemListElement":[{"@type":"ListItem","position":1,"name":"Hem","item":"https:\/\/wp.kristdemokraterna.se\/uppsala\/"},{"@type":"ListItem","position":2,"name":"KD-kravet: Granska arbetsmilj\u00f6n inom barnomsorgen"}]},{"@type":"WebSite","@id":"https:\/\/wp.kristdemokraterna.se\/uppsala\/#website","url":"https:\/\/wp.kristdemokraterna.se\/uppsala\/","name":"Kristdemokraterna Uppsala","description":"Tryggare Uppsala","publisher":{"@id":"https:\/\/wp.kristdemokraterna.se\/uppsala\/#organization"},"inLanguage":"sv-SE"},{"@type":"Organization","@id":"https:\/\/wp.kristdemokraterna.se\/uppsala\/#organization","name":"Kristdemokraterna Uppsala","url":"https:\/\/wp.kristdemokraterna.se\/uppsala\/","logo":{"@type":"ImageObject","inLanguage":"sv-SE","@id":"https:\/\/wp.kristdemokraterna.se\/uppsala\/#\/schema\/logo\/image\/","url":"https:\/\/wp.kristdemokraterna.se\/uppsala\/files\/2019\/10\/kd-uppsala.png","contentUrl":"https:\/\/wp.kristdemokraterna.se\/uppsala\/files\/2019\/10\/kd-uppsala.png","width":804,"height":421,"caption":"Kristdemokraterna Uppsala"},"image":{"@id":"https:\/\/wp.kristdemokraterna.se\/uppsala\/#\/schema\/logo\/image\/"},"sameAs":["https:\/\/www.facebook.com\/UppsalaKD\/","https:\/\/www.instagram.com\/uppsalakd\/"]},{"@type":"Person","@id":"https:\/\/wp.kristdemokraterna.se\/uppsala\/#\/schema\/person\/038d805d685fb0ce5ad14ab8711d8e84","name":"Mimmi Westerlund","image":{"@type":"ImageObject","inLanguage":"sv-SE","@id":"https:\/\/secure.gravatar.com\/avatar\/a5697359f709b6b10d9c7e6a7c89f3e054554dedb4657d5ffe9e5bc5b1445841?s=96&r=g","url":"https:\/\/secure.gravatar.com\/avatar\/a5697359f709b6b10d9c7e6a7c89f3e054554dedb4657d5ffe9e5bc5b1445841?s=96&r=g","contentUrl":"https:\/\/secure.gravatar.com\/avatar\/a5697359f709b6b10d9c7e6a7c89f3e054554dedb4657d5ffe9e5bc5b1445841?s=96&r=g","caption":"Mimmi Westerlund"},"url":"https:\/\/wp.kristdemokraterna.se\/uppsala\/author\/mimmi\/"}]}},"_links":{"self":[{"href":"https:\/\/wp.kristdemokraterna.se\/uppsala\/wp-json\/wp\/v2\/posts\/2127","targetHints":{"allow":["GET"]}}],"collection":[{"href":"https:\/\/wp.kristdemokraterna.se\/uppsala\/wp-json\/wp\/v2\/posts"}],"about":[{"href":"https:\/\/wp.kristdemokraterna.se\/uppsala\/wp-json\/wp\/v2\/types\/post"}],"author":[{"embeddable":true,"href":"https:\/\/wp.kristdemokraterna.se\/uppsala\/wp-json\/wp\/v2\/users\/702"}],"replies":[{"embeddable":true,"href":"https:\/\/wp.kristdemokraterna.se\/uppsala\/wp-json\/wp\/v2\/comments?post=2127"}],"version-history":[{"count":1,"href":"https:\/\/wp.kristdemokraterna.se\/uppsala\/wp-json\/wp\/v2\/posts\/2127\/revisions"}],"predecessor-version":[{"id":2128,"href":"https:\/\/wp.kristdemokraterna.se\/uppsala\/wp-json\/wp\/v2\/posts\/2127\/revisions\/2128"}],"wp:featuredmedia":[{"embeddable":true,"href":"https:\/\/wp.kristdemokraterna.se\/uppsala\/wp-json\/wp\/v2\/media\/1852"}],"wp:attachment":[{"href":"https:\/\/wp.kristdemokraterna.se\/uppsala\/wp-json\/wp\/v2\/media?parent=2127"}],"wp:term":[{"taxonomy":"category","embeddable":true,"href":"https:\/\/wp.kristdemokraterna.se\/uppsala\/wp-json\/wp\/v2\/categories?post=2127"},{"taxonomy":"post_tag","embeddable":true,"href":"https:\/\/wp.kristdemokraterna.se\/uppsala\/wp-json\/wp\/v2\/tags?post=2127"}],"curies":[{"name":"wp","href":"https:\/\/api.w.org\/{rel}","templated":true}]}}