{"id":2163,"date":"2017-02-27T10:01:34","date_gmt":"2017-02-27T09:01:34","guid":{"rendered":"http:\/\/wp.kristdemokraterna.se\/uppsala\/?p=2163"},"modified":"2024-04-04T00:44:40","modified_gmt":"2024-04-03T22:44:40","slug":"kd-inga-bilar-ska-brinna-i-uppsala","status":"publish","type":"post","link":"https:\/\/wp.kristdemokraterna.se\/uppsala\/kd-inga-bilar-ska-brinna-i-uppsala\/","title":{"rendered":"(KD): Inga bilar ska brinna i Uppsala"},"content":{"rendered":"<h3><strong>Inga bilar ska brinna i Uppsala &#8211;\u00a0dags att inf\u00f6ra kommunala ordningsvakter<\/strong><\/h3>\n<p>S\u00e4kerheten i Uppsala har f\u00f6rs\u00e4mrats. De senaste \u00e5ren har det rapporteras om flertalet bilbr\u00e4nder och v\u00e5ldsamma upplopp i bland annat Gottsunda och Stenhagen. Senast i slutet av september 2016 rapporterade Polisen i Uppsala l\u00e4n via sin hemsida om tre bilar som skadats i bilbr\u00e4nder p\u00e5 August S\u00f6dermans v\u00e4g d\u00e4r maskerade m\u00e4n setts i omr\u00e5det. Kristdemokraterna har tidigare f\u00f6reslagit att inf\u00f6ra fotboja p\u00e5 stenkastare, i samband med att en man dog till f\u00f6ljd av att r\u00e4ddningstj\u00e4nsten inte hann fram i tid p\u00e5 grund av stenkastning.<\/p>\n<p>P\u00e5 l\u00e5ng sikt vill vi lyfta utsatta omr\u00e5den genom att h\u00f6ja kvaliteten i skolorna, bygga fler bost\u00e4der och attrahera fler f\u00f6retag att etablera sig just d\u00e4r. N\u00e4r m\u00e4nniskor k\u00e4nner ansvar f\u00f6r sig sj\u00e4lva och sina n\u00e4ra \u00f6kar n\u00e4mligen ocks\u00e5 k\u00e4nslan av ansvar \u00f6ver sitt bostadsomr\u00e5de. P\u00e5 kort sikt vill vi \u00f6ka s\u00e4kerheten p\u00e5 Uppsalas gator och torg, och d\u00e4rf\u00f6r ansl\u00e5r vi 5 miljoner till 10 nya ordningsvakter som ska st\u00e4rka n\u00e4rvaron ute p\u00e5 f\u00e4ltet i oroliga omr\u00e5den.<\/p>\n<p><strong>Tyv\u00e4rr \u00e4r inte Kristdemokraterna med och styr i Uppsala. D\u00e4rf\u00f6r har vi beg\u00e4rt debatt med (S) i dagens kommunfullm\u00e4ktige.<\/strong><\/p>\n<p>______<\/p>\n<p><strong>Interpellation ang\u00e5ende kommunala ordningsvakter<br \/>\n<\/strong><br \/>\nVi kristdemokrater f\u00f6rslog i v\u00e5r budget att kommunen till att b\u00f6rja med borde anst\u00e4lla 10 kommunala ordningsvakter. Bakgrunden \u00e4r naturligtvis den \u00f6kning av brott i centrala Uppsala \u2013 d\u00e4r personr\u00e5n och sexuella v\u00e5ldsbrott \u00f6kat med 30-40% p\u00e5 senare tid. Vi ser ocks\u00e5 flera exempel p\u00e5 oro i stadens ytteromr\u00e5den med stenkastning och bilbr\u00e4nder, d\u00e4r en \u00f6kad n\u00e4rvaro av personal med ordningsfunktion \u00e4r \u00f6nskv\u00e4rd. Naturligtvis \u00e4r det i f\u00f6rsta hand polisens uppgift att utreda, lagf\u00f6ra och st\u00e4vja brott. Men med tanke p\u00e5 polisens begr\u00e4nsade resurser \u00e4r det sj\u00e4lvklart ett bra komplement med mer uniformerad personal f\u00f6r att skapa trygghet. P\u00e5 resecentrum har ett m\u00e5lmedvetet arbete skett med alla intressenter, exempelvis kommun, polis och fastighets\u00e4gare, som ocks\u00e5 visat sig f\u00e5 resultat. Det \u00e4r ett arbete som b\u00f6r spridas.<\/p>\n<p>Ordningsvakter s\u00e5 v\u00e4l som frivilliga bidrar till en deskalering och en trygghet. Vuxna p\u00e5 stan och andra organisationer som finns ute i milj\u00f6er med social oro och \u00f6kad brottsrisk bidrar p\u00e5 ett utm\u00e4rkt s\u00e4tt, och kommunens st\u00f6d av civilsamh\u00e4llet p\u00e5 detta omr\u00e5de som p\u00e5 m\u00e5nga andra beh\u00f6ver f\u00f6rb\u00e4ttras. Genom en palett av \u00e5tg\u00e4rder kan vi bidra till en \u00f6kad trygghet och samh\u00e4llsgemenskap i Uppsala. Kommunen har redan idag personal i olika funktioner som finns ute i gatubilden och bidrar till n\u00e4rvaro och ordning. En m\u00f6jlighet skulle kunna vara att ut\u00f6ka eller samordna arbetsuppgifterna f\u00f6r dessa personer s\u00e5 att de \u00e4ven delvis kan fylla en funktion att bidra till ordning och trygghet. Det skulle ocks\u00e5 kunna finnas en m\u00f6jlighet att frig\u00f6ra resurser genom att v\u00e4ktartj\u00e4nster som idag k\u00f6ps in externt kan g\u00f6ras om till kommunanst\u00e4llda ordningsvakter. \u00c4ven brandf\u00f6rsvaret \u00e4r en del av kommunens verksamhet som skulle kunna utveckla sitt arbete p\u00e5 detta omr\u00e5de.<\/p>\n<p>Som det \u00e4r idag m\u00e5ste de i vissa l\u00e4gen inv\u00e4nta polisen i st\u00e4llet f\u00f6r att kunna fullg\u00f6ra sina egna k\u00e4rnuppgifter. Med egen personal anst\u00e4lld med kompetens att arbeta mer proaktivt gentemot s\u00e4kerhetsrisker skulle arbetet kunna effektiviseras. Dessutom har brandf\u00f6rsvarets personal ofta tid f\u00f6r \u00f6vning som skulle kunna f\u00f6rl\u00e4ggas till omr\u00e5den d\u00e4r \u00f6kad n\u00e4rvaro och f\u00f6rtroendebyggande \u00e4r \u00f6nskv\u00e4rd.<\/p>\n<p><strong>Jag vill d\u00e4rf\u00f6r fr\u00e5ga kommunstyrelsens ordf\u00f6rande, Marlene Burwick (S) <\/strong><\/p>\n<p>\u2022 Hur m\u00e5nga ordningsvakter anlitar kommunen i dag p\u00e5 olika s\u00e4tt, b\u00e5de f\u00f6r bevakning av exempelvis de fastigheter som kommunen nyttjar och\/eller \u00e4ger, och genom de olika bolag som finns i kommunkoncernen?<\/p>\n<p>\u2022 Hur m\u00e5nga parkeringsvakter finns anst\u00e4llda i Uppsala kommun, och skulle dessa kunna fullg\u00f6ra andra arbetsuppgifter som exempelvis ordningsvakter?<\/p>\n<p>\u2022 Skulle brandf\u00f6rsvaret kunna avdela personal f\u00f6r att bidra till att uppr\u00e4tth\u00e5lla ordning och arbeta proaktivt f\u00f6r en b\u00e4ttre trygghet och s\u00e4kerhet?<\/p>\n<p>Jonas Segersam (KD) Kommunalr\u00e5d<\/p>\n","protected":false},"excerpt":{"rendered":"<p>Inga bilar ska brinna i Uppsala &#8211;\u00a0dags att inf\u00f6ra kommunala ordningsvakter S\u00e4kerheten i Uppsala har f\u00f6rs\u00e4mrats. De senaste \u00e5ren har det rapporteras om flertalet bilbr\u00e4nder och v\u00e5ldsamma upplopp i bland annat Gottsunda och Stenhagen. Senast i slutet av september 2016 rapporterade Polisen i Uppsala l\u00e4n via sin hemsida om tre bilar som skadats i bilbr\u00e4nder <a class=\"read-more-link\" href=\"https:\/\/wp.kristdemokraterna.se\/uppsala\/kd-inga-bilar-ska-brinna-i-uppsala\/\">Read More<\/a><\/p>\n","protected":false},"author":702,"featured_media":2165,"comment_status":"closed","ping_status":"closed","sticky":false,"template":"","format":"standard","meta":{"_acf_changed":false,"footnotes":""},"categories":[249],"tags":[],"class_list":["post-2163","post","type-post","status-publish","format-standard","hentry","category-trygghet-o-sakerhet"],"acf":[],"yoast_head":"<!-- This site is optimized with the Yoast SEO plugin v27.4 - https:\/\/yoast.com\/product\/yoast-seo-wordpress\/ -->\n<title>(KD): Inga bilar ska brinna i Uppsala | Kristdemokraterna | Uppsala<\/title>\n<meta name=\"robots\" content=\"index, follow, max-snippet:-1, max-image-preview:large, max-video-preview:-1\" \/>\n<link rel=\"canonical\" href=\"https:\/\/wp.kristdemokraterna.se\/uppsala\/kd-inga-bilar-ska-brinna-i-uppsala\/\" \/>\n<meta property=\"og:locale\" content=\"sv_SE\" \/>\n<meta property=\"og:type\" content=\"article\" \/>\n<meta property=\"og:title\" content=\"(KD): Inga bilar ska brinna i Uppsala | Kristdemokraterna | Uppsala\" \/>\n<meta property=\"og:description\" content=\"Inga bilar ska brinna i Uppsala &#8211;\u00a0dags att inf\u00f6ra kommunala ordningsvakter S\u00e4kerheten i Uppsala har f\u00f6rs\u00e4mrats. De senaste \u00e5ren har det rapporteras om flertalet bilbr\u00e4nder och v\u00e5ldsamma upplopp i bland annat Gottsunda och Stenhagen. Senast i slutet av september 2016 rapporterade Polisen i Uppsala l\u00e4n via sin hemsida om tre bilar som skadats i bilbr\u00e4nder Read More\" \/>\n<meta property=\"og:url\" content=\"https:\/\/wp.kristdemokraterna.se\/uppsala\/kd-inga-bilar-ska-brinna-i-uppsala\/\" \/>\n<meta property=\"og:site_name\" content=\"Kristdemokraterna | Uppsala\" \/>\n<meta property=\"article:publisher\" content=\"https:\/\/www.facebook.com\/UppsalaKD\/\" \/>\n<meta property=\"article:published_time\" content=\"2017-02-27T09:01:34+00:00\" \/>\n<meta property=\"article:modified_time\" content=\"2024-04-03T22:44:40+00:00\" \/>\n<meta property=\"og:image\" content=\"http:\/\/wp.kristdemokraterna.se\/uppsala\/files\/2017\/02\/js_ordningsvakter.png\" \/>\n\t<meta property=\"og:image:width\" content=\"1024\" \/>\n\t<meta property=\"og:image:height\" content=\"512\" \/>\n\t<meta property=\"og:image:type\" content=\"image\/png\" \/>\n<meta name=\"author\" content=\"Mimmi Westerlund\" \/>\n<meta name=\"twitter:card\" content=\"summary_large_image\" \/>\n<meta name=\"twitter:label1\" content=\"Skriven av\" \/>\n\t<meta name=\"twitter:data1\" content=\"Mimmi Westerlund\" \/>\n\t<meta name=\"twitter:label2\" content=\"Ber\u00e4knad l\u00e4stid\" \/>\n\t<meta name=\"twitter:data2\" content=\"4 minuter\" \/>\n<script type=\"application\/ld+json\" class=\"yoast-schema-graph\">{\"@context\":\"https:\\\/\\\/schema.org\",\"@graph\":[{\"@type\":\"Article\",\"@id\":\"https:\\\/\\\/wp.kristdemokraterna.se\\\/uppsala\\\/kd-inga-bilar-ska-brinna-i-uppsala\\\/#article\",\"isPartOf\":{\"@id\":\"https:\\\/\\\/wp.kristdemokraterna.se\\\/uppsala\\\/kd-inga-bilar-ska-brinna-i-uppsala\\\/\"},\"author\":{\"name\":\"Mimmi Westerlund\",\"@id\":\"https:\\\/\\\/wp.kristdemokraterna.se\\\/uppsala\\\/#\\\/schema\\\/person\\\/038d805d685fb0ce5ad14ab8711d8e84\"},\"headline\":\"(KD): Inga bilar ska brinna i Uppsala\",\"datePublished\":\"2017-02-27T09:01:34+00:00\",\"dateModified\":\"2024-04-03T22:44:40+00:00\",\"mainEntityOfPage\":{\"@id\":\"https:\\\/\\\/wp.kristdemokraterna.se\\\/uppsala\\\/kd-inga-bilar-ska-brinna-i-uppsala\\\/\"},\"wordCount\":748,\"publisher\":{\"@id\":\"https:\\\/\\\/wp.kristdemokraterna.se\\\/uppsala\\\/#organization\"},\"image\":{\"@id\":\"https:\\\/\\\/wp.kristdemokraterna.se\\\/uppsala\\\/kd-inga-bilar-ska-brinna-i-uppsala\\\/#primaryimage\"},\"thumbnailUrl\":\"https:\\\/\\\/wp.kristdemokraterna.se\\\/uppsala\\\/files\\\/2017\\\/02\\\/js_ordningsvakter.png\",\"articleSection\":[\"Trygghet &amp; S\u00e4kerhet\"],\"inLanguage\":\"sv-SE\"},{\"@type\":\"WebPage\",\"@id\":\"https:\\\/\\\/wp.kristdemokraterna.se\\\/uppsala\\\/kd-inga-bilar-ska-brinna-i-uppsala\\\/\",\"url\":\"https:\\\/\\\/wp.kristdemokraterna.se\\\/uppsala\\\/kd-inga-bilar-ska-brinna-i-uppsala\\\/\",\"name\":\"(KD): Inga bilar ska brinna i Uppsala | Kristdemokraterna | Uppsala\",\"isPartOf\":{\"@id\":\"https:\\\/\\\/wp.kristdemokraterna.se\\\/uppsala\\\/#website\"},\"primaryImageOfPage\":{\"@id\":\"https:\\\/\\\/wp.kristdemokraterna.se\\\/uppsala\\\/kd-inga-bilar-ska-brinna-i-uppsala\\\/#primaryimage\"},\"image\":{\"@id\":\"https:\\\/\\\/wp.kristdemokraterna.se\\\/uppsala\\\/kd-inga-bilar-ska-brinna-i-uppsala\\\/#primaryimage\"},\"thumbnailUrl\":\"https:\\\/\\\/wp.kristdemokraterna.se\\\/uppsala\\\/files\\\/2017\\\/02\\\/js_ordningsvakter.png\",\"datePublished\":\"2017-02-27T09:01:34+00:00\",\"dateModified\":\"2024-04-03T22:44:40+00:00\",\"breadcrumb\":{\"@id\":\"https:\\\/\\\/wp.kristdemokraterna.se\\\/uppsala\\\/kd-inga-bilar-ska-brinna-i-uppsala\\\/#breadcrumb\"},\"inLanguage\":\"sv-SE\",\"potentialAction\":[{\"@type\":\"ReadAction\",\"target\":[\"https:\\\/\\\/wp.kristdemokraterna.se\\\/uppsala\\\/kd-inga-bilar-ska-brinna-i-uppsala\\\/\"]}]},{\"@type\":\"ImageObject\",\"inLanguage\":\"sv-SE\",\"@id\":\"https:\\\/\\\/wp.kristdemokraterna.se\\\/uppsala\\\/kd-inga-bilar-ska-brinna-i-uppsala\\\/#primaryimage\",\"url\":\"https:\\\/\\\/wp.kristdemokraterna.se\\\/uppsala\\\/files\\\/2017\\\/02\\\/js_ordningsvakter.png\",\"contentUrl\":\"https:\\\/\\\/wp.kristdemokraterna.se\\\/uppsala\\\/files\\\/2017\\\/02\\\/js_ordningsvakter.png\",\"width\":1024,\"height\":512},{\"@type\":\"BreadcrumbList\",\"@id\":\"https:\\\/\\\/wp.kristdemokraterna.se\\\/uppsala\\\/kd-inga-bilar-ska-brinna-i-uppsala\\\/#breadcrumb\",\"itemListElement\":[{\"@type\":\"ListItem\",\"position\":1,\"name\":\"Hem\",\"item\":\"https:\\\/\\\/wp.kristdemokraterna.se\\\/uppsala\\\/\"},{\"@type\":\"ListItem\",\"position\":2,\"name\":\"(KD): Inga bilar ska brinna i Uppsala\"}]},{\"@type\":\"WebSite\",\"@id\":\"https:\\\/\\\/wp.kristdemokraterna.se\\\/uppsala\\\/#website\",\"url\":\"https:\\\/\\\/wp.kristdemokraterna.se\\\/uppsala\\\/\",\"name\":\"Kristdemokraterna Uppsala\",\"description\":\"Tryggare Uppsala\",\"publisher\":{\"@id\":\"https:\\\/\\\/wp.kristdemokraterna.se\\\/uppsala\\\/#organization\"},\"inLanguage\":\"sv-SE\"},{\"@type\":\"Organization\",\"@id\":\"https:\\\/\\\/wp.kristdemokraterna.se\\\/uppsala\\\/#organization\",\"name\":\"Kristdemokraterna Uppsala\",\"url\":\"https:\\\/\\\/wp.kristdemokraterna.se\\\/uppsala\\\/\",\"logo\":{\"@type\":\"ImageObject\",\"inLanguage\":\"sv-SE\",\"@id\":\"https:\\\/\\\/wp.kristdemokraterna.se\\\/uppsala\\\/#\\\/schema\\\/logo\\\/image\\\/\",\"url\":\"https:\\\/\\\/wp.kristdemokraterna.se\\\/uppsala\\\/files\\\/2019\\\/10\\\/kd-uppsala.png\",\"contentUrl\":\"https:\\\/\\\/wp.kristdemokraterna.se\\\/uppsala\\\/files\\\/2019\\\/10\\\/kd-uppsala.png\",\"width\":804,\"height\":421,\"caption\":\"Kristdemokraterna Uppsala\"},\"image\":{\"@id\":\"https:\\\/\\\/wp.kristdemokraterna.se\\\/uppsala\\\/#\\\/schema\\\/logo\\\/image\\\/\"},\"sameAs\":[\"https:\\\/\\\/www.facebook.com\\\/UppsalaKD\\\/\",\"https:\\\/\\\/www.instagram.com\\\/uppsalakd\\\/\"]},{\"@type\":\"Person\",\"@id\":\"https:\\\/\\\/wp.kristdemokraterna.se\\\/uppsala\\\/#\\\/schema\\\/person\\\/038d805d685fb0ce5ad14ab8711d8e84\",\"name\":\"Mimmi Westerlund\",\"image\":{\"@type\":\"ImageObject\",\"inLanguage\":\"sv-SE\",\"@id\":\"https:\\\/\\\/secure.gravatar.com\\\/avatar\\\/a5697359f709b6b10d9c7e6a7c89f3e054554dedb4657d5ffe9e5bc5b1445841?s=96&r=g\",\"url\":\"https:\\\/\\\/secure.gravatar.com\\\/avatar\\\/a5697359f709b6b10d9c7e6a7c89f3e054554dedb4657d5ffe9e5bc5b1445841?s=96&r=g\",\"contentUrl\":\"https:\\\/\\\/secure.gravatar.com\\\/avatar\\\/a5697359f709b6b10d9c7e6a7c89f3e054554dedb4657d5ffe9e5bc5b1445841?s=96&r=g\",\"caption\":\"Mimmi Westerlund\"},\"url\":\"https:\\\/\\\/wp.kristdemokraterna.se\\\/uppsala\\\/author\\\/mimmi\\\/\"}]}<\/script>\n<!-- \/ Yoast SEO plugin. -->","yoast_head_json":{"title":"(KD): Inga bilar ska brinna i Uppsala | Kristdemokraterna | Uppsala","robots":{"index":"index","follow":"follow","max-snippet":"max-snippet:-1","max-image-preview":"max-image-preview:large","max-video-preview":"max-video-preview:-1"},"canonical":"https:\/\/wp.kristdemokraterna.se\/uppsala\/kd-inga-bilar-ska-brinna-i-uppsala\/","og_locale":"sv_SE","og_type":"article","og_title":"(KD): Inga bilar ska brinna i Uppsala | Kristdemokraterna | Uppsala","og_description":"Inga bilar ska brinna i Uppsala &#8211;\u00a0dags att inf\u00f6ra kommunala ordningsvakter S\u00e4kerheten i Uppsala har f\u00f6rs\u00e4mrats. De senaste \u00e5ren har det rapporteras om flertalet bilbr\u00e4nder och v\u00e5ldsamma upplopp i bland annat Gottsunda och Stenhagen. Senast i slutet av september 2016 rapporterade Polisen i Uppsala l\u00e4n via sin hemsida om tre bilar som skadats i bilbr\u00e4nder Read More","og_url":"https:\/\/wp.kristdemokraterna.se\/uppsala\/kd-inga-bilar-ska-brinna-i-uppsala\/","og_site_name":"Kristdemokraterna | Uppsala","article_publisher":"https:\/\/www.facebook.com\/UppsalaKD\/","article_published_time":"2017-02-27T09:01:34+00:00","article_modified_time":"2024-04-03T22:44:40+00:00","og_image":[{"width":1024,"height":512,"url":"http:\/\/wp.kristdemokraterna.se\/uppsala\/files\/2017\/02\/js_ordningsvakter.png","type":"image\/png"}],"author":"Mimmi Westerlund","twitter_card":"summary_large_image","twitter_misc":{"Skriven av":"Mimmi Westerlund","Ber\u00e4knad l\u00e4stid":"4 minuter"},"schema":{"@context":"https:\/\/schema.org","@graph":[{"@type":"Article","@id":"https:\/\/wp.kristdemokraterna.se\/uppsala\/kd-inga-bilar-ska-brinna-i-uppsala\/#article","isPartOf":{"@id":"https:\/\/wp.kristdemokraterna.se\/uppsala\/kd-inga-bilar-ska-brinna-i-uppsala\/"},"author":{"name":"Mimmi Westerlund","@id":"https:\/\/wp.kristdemokraterna.se\/uppsala\/#\/schema\/person\/038d805d685fb0ce5ad14ab8711d8e84"},"headline":"(KD): Inga bilar ska brinna i Uppsala","datePublished":"2017-02-27T09:01:34+00:00","dateModified":"2024-04-03T22:44:40+00:00","mainEntityOfPage":{"@id":"https:\/\/wp.kristdemokraterna.se\/uppsala\/kd-inga-bilar-ska-brinna-i-uppsala\/"},"wordCount":748,"publisher":{"@id":"https:\/\/wp.kristdemokraterna.se\/uppsala\/#organization"},"image":{"@id":"https:\/\/wp.kristdemokraterna.se\/uppsala\/kd-inga-bilar-ska-brinna-i-uppsala\/#primaryimage"},"thumbnailUrl":"https:\/\/wp.kristdemokraterna.se\/uppsala\/files\/2017\/02\/js_ordningsvakter.png","articleSection":["Trygghet &amp; S\u00e4kerhet"],"inLanguage":"sv-SE"},{"@type":"WebPage","@id":"https:\/\/wp.kristdemokraterna.se\/uppsala\/kd-inga-bilar-ska-brinna-i-uppsala\/","url":"https:\/\/wp.kristdemokraterna.se\/uppsala\/kd-inga-bilar-ska-brinna-i-uppsala\/","name":"(KD): Inga bilar ska brinna i Uppsala | Kristdemokraterna | Uppsala","isPartOf":{"@id":"https:\/\/wp.kristdemokraterna.se\/uppsala\/#website"},"primaryImageOfPage":{"@id":"https:\/\/wp.kristdemokraterna.se\/uppsala\/kd-inga-bilar-ska-brinna-i-uppsala\/#primaryimage"},"image":{"@id":"https:\/\/wp.kristdemokraterna.se\/uppsala\/kd-inga-bilar-ska-brinna-i-uppsala\/#primaryimage"},"thumbnailUrl":"https:\/\/wp.kristdemokraterna.se\/uppsala\/files\/2017\/02\/js_ordningsvakter.png","datePublished":"2017-02-27T09:01:34+00:00","dateModified":"2024-04-03T22:44:40+00:00","breadcrumb":{"@id":"https:\/\/wp.kristdemokraterna.se\/uppsala\/kd-inga-bilar-ska-brinna-i-uppsala\/#breadcrumb"},"inLanguage":"sv-SE","potentialAction":[{"@type":"ReadAction","target":["https:\/\/wp.kristdemokraterna.se\/uppsala\/kd-inga-bilar-ska-brinna-i-uppsala\/"]}]},{"@type":"ImageObject","inLanguage":"sv-SE","@id":"https:\/\/wp.kristdemokraterna.se\/uppsala\/kd-inga-bilar-ska-brinna-i-uppsala\/#primaryimage","url":"https:\/\/wp.kristdemokraterna.se\/uppsala\/files\/2017\/02\/js_ordningsvakter.png","contentUrl":"https:\/\/wp.kristdemokraterna.se\/uppsala\/files\/2017\/02\/js_ordningsvakter.png","width":1024,"height":512},{"@type":"BreadcrumbList","@id":"https:\/\/wp.kristdemokraterna.se\/uppsala\/kd-inga-bilar-ska-brinna-i-uppsala\/#breadcrumb","itemListElement":[{"@type":"ListItem","position":1,"name":"Hem","item":"https:\/\/wp.kristdemokraterna.se\/uppsala\/"},{"@type":"ListItem","position":2,"name":"(KD): Inga bilar ska brinna i Uppsala"}]},{"@type":"WebSite","@id":"https:\/\/wp.kristdemokraterna.se\/uppsala\/#website","url":"https:\/\/wp.kristdemokraterna.se\/uppsala\/","name":"Kristdemokraterna Uppsala","description":"Tryggare Uppsala","publisher":{"@id":"https:\/\/wp.kristdemokraterna.se\/uppsala\/#organization"},"inLanguage":"sv-SE"},{"@type":"Organization","@id":"https:\/\/wp.kristdemokraterna.se\/uppsala\/#organization","name":"Kristdemokraterna Uppsala","url":"https:\/\/wp.kristdemokraterna.se\/uppsala\/","logo":{"@type":"ImageObject","inLanguage":"sv-SE","@id":"https:\/\/wp.kristdemokraterna.se\/uppsala\/#\/schema\/logo\/image\/","url":"https:\/\/wp.kristdemokraterna.se\/uppsala\/files\/2019\/10\/kd-uppsala.png","contentUrl":"https:\/\/wp.kristdemokraterna.se\/uppsala\/files\/2019\/10\/kd-uppsala.png","width":804,"height":421,"caption":"Kristdemokraterna Uppsala"},"image":{"@id":"https:\/\/wp.kristdemokraterna.se\/uppsala\/#\/schema\/logo\/image\/"},"sameAs":["https:\/\/www.facebook.com\/UppsalaKD\/","https:\/\/www.instagram.com\/uppsalakd\/"]},{"@type":"Person","@id":"https:\/\/wp.kristdemokraterna.se\/uppsala\/#\/schema\/person\/038d805d685fb0ce5ad14ab8711d8e84","name":"Mimmi Westerlund","image":{"@type":"ImageObject","inLanguage":"sv-SE","@id":"https:\/\/secure.gravatar.com\/avatar\/a5697359f709b6b10d9c7e6a7c89f3e054554dedb4657d5ffe9e5bc5b1445841?s=96&r=g","url":"https:\/\/secure.gravatar.com\/avatar\/a5697359f709b6b10d9c7e6a7c89f3e054554dedb4657d5ffe9e5bc5b1445841?s=96&r=g","contentUrl":"https:\/\/secure.gravatar.com\/avatar\/a5697359f709b6b10d9c7e6a7c89f3e054554dedb4657d5ffe9e5bc5b1445841?s=96&r=g","caption":"Mimmi Westerlund"},"url":"https:\/\/wp.kristdemokraterna.se\/uppsala\/author\/mimmi\/"}]}},"_links":{"self":[{"href":"https:\/\/wp.kristdemokraterna.se\/uppsala\/wp-json\/wp\/v2\/posts\/2163","targetHints":{"allow":["GET"]}}],"collection":[{"href":"https:\/\/wp.kristdemokraterna.se\/uppsala\/wp-json\/wp\/v2\/posts"}],"about":[{"href":"https:\/\/wp.kristdemokraterna.se\/uppsala\/wp-json\/wp\/v2\/types\/post"}],"author":[{"embeddable":true,"href":"https:\/\/wp.kristdemokraterna.se\/uppsala\/wp-json\/wp\/v2\/users\/702"}],"replies":[{"embeddable":true,"href":"https:\/\/wp.kristdemokraterna.se\/uppsala\/wp-json\/wp\/v2\/comments?post=2163"}],"version-history":[{"count":1,"href":"https:\/\/wp.kristdemokraterna.se\/uppsala\/wp-json\/wp\/v2\/posts\/2163\/revisions"}],"predecessor-version":[{"id":2166,"href":"https:\/\/wp.kristdemokraterna.se\/uppsala\/wp-json\/wp\/v2\/posts\/2163\/revisions\/2166"}],"wp:featuredmedia":[{"embeddable":true,"href":"https:\/\/wp.kristdemokraterna.se\/uppsala\/wp-json\/wp\/v2\/media\/2165"}],"wp:attachment":[{"href":"https:\/\/wp.kristdemokraterna.se\/uppsala\/wp-json\/wp\/v2\/media?parent=2163"}],"wp:term":[{"taxonomy":"category","embeddable":true,"href":"https:\/\/wp.kristdemokraterna.se\/uppsala\/wp-json\/wp\/v2\/categories?post=2163"},{"taxonomy":"post_tag","embeddable":true,"href":"https:\/\/wp.kristdemokraterna.se\/uppsala\/wp-json\/wp\/v2\/tags?post=2163"}],"curies":[{"name":"wp","href":"https:\/\/api.w.org\/{rel}","templated":true}]}}