{"id":2169,"date":"2017-02-27T13:44:47","date_gmt":"2017-02-27T12:44:47","guid":{"rendered":"http:\/\/wp.kristdemokraterna.se\/uppsala\/?p=2169"},"modified":"2024-04-04T00:44:32","modified_gmt":"2024-04-03T22:44:32","slug":"infor-palliativt-vardteam-for-vara-aldreboenden","status":"publish","type":"post","link":"https:\/\/wp.kristdemokraterna.se\/uppsala\/infor-palliativt-vardteam-for-vara-aldreboenden\/","title":{"rendered":"Inf\u00f6r palliativt v\u00e5rdteam f\u00f6r v\u00e5ra \u00e4ldreboenden"},"content":{"rendered":"<p>Hur m\u00e4nniskor d\u00f6r \u00e4r en viktig v\u00e4rdem\u00e4tare p\u00e5 tillst\u00e5ndet i samh\u00e4llet. D\u00e4rf\u00f6r mots\u00e4tter vi oss best\u00e4mt aktiv d\u00f6dshj\u00e4lp, som skulle inneb\u00e4ra att m\u00e4nniskolivet b\u00f6rjar graderas. Men i de allra flesta fall kommer inte d\u00f6den ov\u00e4ntat, utan blir ett, om \u00e4n sorgligt s\u00e5 \u00e4nd\u00e5 oundvikligt, slut p\u00e5 \u00e5ldrandeprocessen. Idealt sett borde alla f\u00e5 sluta livet i kretsen av n\u00e4ra och k\u00e4ra, med sm\u00e4rtlindring och ett sammanhang som inneb\u00e4r ett v\u00e4rdigt d\u00f6ende. Tyv\u00e4rr \u00e4r detta n\u00e5got som m\u00e5nga aldrig f\u00e5r uppleva i v\u00e5rt svenska samh\u00e4lle. I v\u00e5rt land d\u00e4r m\u00e5nga m\u00e4nniskor slutar sina liv p\u00e5 boenden och i hemmen, ofta utan anh\u00f6riga eller n\u00e4rst\u00e5ende, har kommunens \u00e4ldreomsorg i form av s\u00e4rskilda boenden och hemtj\u00e4nst en avg\u00f6rande betydelse f\u00f6r en professionell och god palliativ v\u00e5rd.<\/p>\n<p>Palliativ v\u00e5rd betyder <em>v\u00e5rd vid livets slut<\/em>, och \u00e4r mycket viktig f\u00f6r att kunna ge ett s\u00e5 fridfullt avslut som m\u00f6jligt. Tyv\u00e4rr \u00e4r den h\u00e4r typen av v\u00e5rd ett eftersatt omr\u00e5de generellt, och personal p\u00e5 v\u00e5ra \u00e4ldreboenden kan idag sakna relevant utbildning i klinisk sm\u00e4rtbed\u00f6mning, trots att de har en sjukv\u00e5rdsutbildning f\u00f6r \u00f6vrigt.\u00a0Det h\u00e4r kan i praktiken inneb\u00e4ra att under helger, d\u00e5 sjuksk\u00f6terskor ofta inte finns p\u00e5 plats ute p\u00e5 \u00e4ldreboenden, saknas helt kunskaper om v\u00e5rd i livets slutskede och vad som kan g\u00f6ras f\u00f6r att underl\u00e4tta f\u00f6r patienten.<\/p>\n<p><strong>Den person som g\u00e5r in i en terminal fas p\u00e5 fredag eftermiddag riskerar allts\u00e5 att inte f\u00e5 den v\u00e5rd hon eller han beh\u00f6vt bara f\u00f6r att det \u00e4r helg. Det kan r\u00f6ra sig om utebliven \u00e5ngest- och sm\u00e4rtlindring, som i sin tur g\u00f6r att livets slut blir sv\u00e5rare \u00e4n vad det beh\u00f6vt vara.<\/strong><\/p>\n<div class=\"\">\n<div class=\"_1mf _1mj\"><span>KD Uppsala vill d\u00e4rf\u00f6r:<\/span><\/div>\n<\/div>\n<div class=\"\">\n<div class=\"_1mf _1mj\"><span>&#8211; Inr\u00e4tta ett s\u00e4rskilt palliativt sjukv\u00e5rdsteam som vid behov \u00e5ker till kommunens \u00e4ldreboenden, i likhet med det sjukv\u00e5rdsteam f\u00f6r avancerad v\u00e5rd i hemmet som kan f\u00e5s genom Trygghetsjouren.<\/span><\/div>\n<\/div>\n<div class=\"\">\n<div class=\"_1mf _1mj\"><span>&#8211; \u00d6ka bemanningen av sjuksk\u00f6terskor p\u00e5 \u00e4ldreboenden, kombinerat med kompetensutveckling f\u00f6r undersk\u00f6terskorna<\/span><\/div>\n<\/div>\n<div class=\"\">\n<div class=\"_1mf _1mj\"><span>&#8211; F\u00f6rb\u00e4ttra rutinerna kring inskrivning, d\u00e4r h\u00e4nsyn tas till spr\u00e5k, kultur och religion f\u00f6r att s\u00e5 l\u00e5ngt som m\u00f6jligt kunna respektera den boendes \u00f6nskan vid livets slut<\/span><\/div>\n<\/div>\n","protected":false},"excerpt":{"rendered":"<p>Hur m\u00e4nniskor d\u00f6r \u00e4r en viktig v\u00e4rdem\u00e4tare p\u00e5 tillst\u00e5ndet i samh\u00e4llet. D\u00e4rf\u00f6r mots\u00e4tter vi oss best\u00e4mt aktiv d\u00f6dshj\u00e4lp, som skulle inneb\u00e4ra att m\u00e4nniskolivet b\u00f6rjar graderas. Men i de allra flesta fall kommer inte d\u00f6den ov\u00e4ntat, utan blir ett, om \u00e4n sorgligt s\u00e5 \u00e4nd\u00e5 oundvikligt, slut p\u00e5 \u00e5ldrandeprocessen. Idealt sett borde alla f\u00e5 sluta livet i <a class=\"read-more-link\" href=\"https:\/\/wp.kristdemokraterna.se\/uppsala\/infor-palliativt-vardteam-for-vara-aldreboenden\/\">Read More<\/a><\/p>\n","protected":false},"author":702,"featured_media":2170,"comment_status":"closed","ping_status":"closed","sticky":false,"template":"","format":"standard","meta":{"_acf_changed":false,"footnotes":""},"categories":[236],"tags":[],"class_list":["post-2169","post","type-post","status-publish","format-standard","hentry","category-vard-o-omsorg"],"acf":[],"yoast_head":"<!-- This site is optimized with the Yoast SEO plugin v27.4 - https:\/\/yoast.com\/product\/yoast-seo-wordpress\/ -->\n<title>Inf\u00f6r palliativt v\u00e5rdteam f\u00f6r v\u00e5ra \u00e4ldreboenden | Kristdemokraterna | Uppsala<\/title>\n<meta name=\"robots\" content=\"index, follow, max-snippet:-1, max-image-preview:large, max-video-preview:-1\" \/>\n<link rel=\"canonical\" href=\"https:\/\/wp.kristdemokraterna.se\/uppsala\/infor-palliativt-vardteam-for-vara-aldreboenden\/\" \/>\n<meta property=\"og:locale\" content=\"sv_SE\" \/>\n<meta property=\"og:type\" content=\"article\" \/>\n<meta property=\"og:title\" content=\"Inf\u00f6r palliativt v\u00e5rdteam f\u00f6r v\u00e5ra \u00e4ldreboenden | Kristdemokraterna | Uppsala\" \/>\n<meta property=\"og:description\" content=\"Hur m\u00e4nniskor d\u00f6r \u00e4r en viktig v\u00e4rdem\u00e4tare p\u00e5 tillst\u00e5ndet i samh\u00e4llet. D\u00e4rf\u00f6r mots\u00e4tter vi oss best\u00e4mt aktiv d\u00f6dshj\u00e4lp, som skulle inneb\u00e4ra att m\u00e4nniskolivet b\u00f6rjar graderas. Men i de allra flesta fall kommer inte d\u00f6den ov\u00e4ntat, utan blir ett, om \u00e4n sorgligt s\u00e5 \u00e4nd\u00e5 oundvikligt, slut p\u00e5 \u00e5ldrandeprocessen. Idealt sett borde alla f\u00e5 sluta livet i Read More\" \/>\n<meta property=\"og:url\" content=\"https:\/\/wp.kristdemokraterna.se\/uppsala\/infor-palliativt-vardteam-for-vara-aldreboenden\/\" \/>\n<meta property=\"og:site_name\" content=\"Kristdemokraterna | Uppsala\" \/>\n<meta property=\"article:publisher\" content=\"https:\/\/www.facebook.com\/UppsalaKD\/\" \/>\n<meta property=\"article:published_time\" content=\"2017-02-27T12:44:47+00:00\" \/>\n<meta property=\"article:modified_time\" content=\"2024-04-03T22:44:32+00:00\" \/>\n<meta property=\"og:image\" content=\"http:\/\/wp.kristdemokraterna.se\/uppsala\/files\/2017\/02\/elderly-1461424_1920.jpg\" \/>\n\t<meta property=\"og:image:width\" content=\"1920\" \/>\n\t<meta property=\"og:image:height\" content=\"1280\" \/>\n\t<meta property=\"og:image:type\" content=\"image\/jpeg\" \/>\n<meta name=\"author\" content=\"Mimmi Westerlund\" \/>\n<meta name=\"twitter:card\" content=\"summary_large_image\" \/>\n<meta name=\"twitter:label1\" content=\"Skriven av\" \/>\n\t<meta name=\"twitter:data1\" content=\"Mimmi Westerlund\" \/>\n\t<meta name=\"twitter:label2\" content=\"Ber\u00e4knad l\u00e4stid\" \/>\n\t<meta name=\"twitter:data2\" content=\"2 minuter\" \/>\n<script type=\"application\/ld+json\" class=\"yoast-schema-graph\">{\"@context\":\"https:\\\/\\\/schema.org\",\"@graph\":[{\"@type\":\"Article\",\"@id\":\"https:\\\/\\\/wp.kristdemokraterna.se\\\/uppsala\\\/infor-palliativt-vardteam-for-vara-aldreboenden\\\/#article\",\"isPartOf\":{\"@id\":\"https:\\\/\\\/wp.kristdemokraterna.se\\\/uppsala\\\/infor-palliativt-vardteam-for-vara-aldreboenden\\\/\"},\"author\":{\"name\":\"Mimmi Westerlund\",\"@id\":\"https:\\\/\\\/wp.kristdemokraterna.se\\\/uppsala\\\/#\\\/schema\\\/person\\\/038d805d685fb0ce5ad14ab8711d8e84\"},\"headline\":\"Inf\u00f6r palliativt v\u00e5rdteam f\u00f6r v\u00e5ra \u00e4ldreboenden\",\"datePublished\":\"2017-02-27T12:44:47+00:00\",\"dateModified\":\"2024-04-03T22:44:32+00:00\",\"mainEntityOfPage\":{\"@id\":\"https:\\\/\\\/wp.kristdemokraterna.se\\\/uppsala\\\/infor-palliativt-vardteam-for-vara-aldreboenden\\\/\"},\"wordCount\":437,\"publisher\":{\"@id\":\"https:\\\/\\\/wp.kristdemokraterna.se\\\/uppsala\\\/#organization\"},\"image\":{\"@id\":\"https:\\\/\\\/wp.kristdemokraterna.se\\\/uppsala\\\/infor-palliativt-vardteam-for-vara-aldreboenden\\\/#primaryimage\"},\"thumbnailUrl\":\"https:\\\/\\\/wp.kristdemokraterna.se\\\/uppsala\\\/files\\\/2017\\\/02\\\/elderly-1461424_1920.jpg\",\"articleSection\":[\"V\u00e5rd &amp; omsorg\"],\"inLanguage\":\"sv-SE\"},{\"@type\":\"WebPage\",\"@id\":\"https:\\\/\\\/wp.kristdemokraterna.se\\\/uppsala\\\/infor-palliativt-vardteam-for-vara-aldreboenden\\\/\",\"url\":\"https:\\\/\\\/wp.kristdemokraterna.se\\\/uppsala\\\/infor-palliativt-vardteam-for-vara-aldreboenden\\\/\",\"name\":\"Inf\u00f6r palliativt v\u00e5rdteam f\u00f6r v\u00e5ra \u00e4ldreboenden | Kristdemokraterna | Uppsala\",\"isPartOf\":{\"@id\":\"https:\\\/\\\/wp.kristdemokraterna.se\\\/uppsala\\\/#website\"},\"primaryImageOfPage\":{\"@id\":\"https:\\\/\\\/wp.kristdemokraterna.se\\\/uppsala\\\/infor-palliativt-vardteam-for-vara-aldreboenden\\\/#primaryimage\"},\"image\":{\"@id\":\"https:\\\/\\\/wp.kristdemokraterna.se\\\/uppsala\\\/infor-palliativt-vardteam-for-vara-aldreboenden\\\/#primaryimage\"},\"thumbnailUrl\":\"https:\\\/\\\/wp.kristdemokraterna.se\\\/uppsala\\\/files\\\/2017\\\/02\\\/elderly-1461424_1920.jpg\",\"datePublished\":\"2017-02-27T12:44:47+00:00\",\"dateModified\":\"2024-04-03T22:44:32+00:00\",\"breadcrumb\":{\"@id\":\"https:\\\/\\\/wp.kristdemokraterna.se\\\/uppsala\\\/infor-palliativt-vardteam-for-vara-aldreboenden\\\/#breadcrumb\"},\"inLanguage\":\"sv-SE\",\"potentialAction\":[{\"@type\":\"ReadAction\",\"target\":[\"https:\\\/\\\/wp.kristdemokraterna.se\\\/uppsala\\\/infor-palliativt-vardteam-for-vara-aldreboenden\\\/\"]}]},{\"@type\":\"ImageObject\",\"inLanguage\":\"sv-SE\",\"@id\":\"https:\\\/\\\/wp.kristdemokraterna.se\\\/uppsala\\\/infor-palliativt-vardteam-for-vara-aldreboenden\\\/#primaryimage\",\"url\":\"https:\\\/\\\/wp.kristdemokraterna.se\\\/uppsala\\\/files\\\/2017\\\/02\\\/elderly-1461424_1920.jpg\",\"contentUrl\":\"https:\\\/\\\/wp.kristdemokraterna.se\\\/uppsala\\\/files\\\/2017\\\/02\\\/elderly-1461424_1920.jpg\",\"width\":1920,\"height\":1280},{\"@type\":\"BreadcrumbList\",\"@id\":\"https:\\\/\\\/wp.kristdemokraterna.se\\\/uppsala\\\/infor-palliativt-vardteam-for-vara-aldreboenden\\\/#breadcrumb\",\"itemListElement\":[{\"@type\":\"ListItem\",\"position\":1,\"name\":\"Hem\",\"item\":\"https:\\\/\\\/wp.kristdemokraterna.se\\\/uppsala\\\/\"},{\"@type\":\"ListItem\",\"position\":2,\"name\":\"Inf\u00f6r palliativt v\u00e5rdteam f\u00f6r v\u00e5ra \u00e4ldreboenden\"}]},{\"@type\":\"WebSite\",\"@id\":\"https:\\\/\\\/wp.kristdemokraterna.se\\\/uppsala\\\/#website\",\"url\":\"https:\\\/\\\/wp.kristdemokraterna.se\\\/uppsala\\\/\",\"name\":\"Kristdemokraterna Uppsala\",\"description\":\"Tryggare Uppsala\",\"publisher\":{\"@id\":\"https:\\\/\\\/wp.kristdemokraterna.se\\\/uppsala\\\/#organization\"},\"inLanguage\":\"sv-SE\"},{\"@type\":\"Organization\",\"@id\":\"https:\\\/\\\/wp.kristdemokraterna.se\\\/uppsala\\\/#organization\",\"name\":\"Kristdemokraterna Uppsala\",\"url\":\"https:\\\/\\\/wp.kristdemokraterna.se\\\/uppsala\\\/\",\"logo\":{\"@type\":\"ImageObject\",\"inLanguage\":\"sv-SE\",\"@id\":\"https:\\\/\\\/wp.kristdemokraterna.se\\\/uppsala\\\/#\\\/schema\\\/logo\\\/image\\\/\",\"url\":\"https:\\\/\\\/wp.kristdemokraterna.se\\\/uppsala\\\/files\\\/2019\\\/10\\\/kd-uppsala.png\",\"contentUrl\":\"https:\\\/\\\/wp.kristdemokraterna.se\\\/uppsala\\\/files\\\/2019\\\/10\\\/kd-uppsala.png\",\"width\":804,\"height\":421,\"caption\":\"Kristdemokraterna Uppsala\"},\"image\":{\"@id\":\"https:\\\/\\\/wp.kristdemokraterna.se\\\/uppsala\\\/#\\\/schema\\\/logo\\\/image\\\/\"},\"sameAs\":[\"https:\\\/\\\/www.facebook.com\\\/UppsalaKD\\\/\",\"https:\\\/\\\/www.instagram.com\\\/uppsalakd\\\/\"]},{\"@type\":\"Person\",\"@id\":\"https:\\\/\\\/wp.kristdemokraterna.se\\\/uppsala\\\/#\\\/schema\\\/person\\\/038d805d685fb0ce5ad14ab8711d8e84\",\"name\":\"Mimmi Westerlund\",\"image\":{\"@type\":\"ImageObject\",\"inLanguage\":\"sv-SE\",\"@id\":\"https:\\\/\\\/secure.gravatar.com\\\/avatar\\\/a5697359f709b6b10d9c7e6a7c89f3e054554dedb4657d5ffe9e5bc5b1445841?s=96&r=g\",\"url\":\"https:\\\/\\\/secure.gravatar.com\\\/avatar\\\/a5697359f709b6b10d9c7e6a7c89f3e054554dedb4657d5ffe9e5bc5b1445841?s=96&r=g\",\"contentUrl\":\"https:\\\/\\\/secure.gravatar.com\\\/avatar\\\/a5697359f709b6b10d9c7e6a7c89f3e054554dedb4657d5ffe9e5bc5b1445841?s=96&r=g\",\"caption\":\"Mimmi Westerlund\"},\"url\":\"https:\\\/\\\/wp.kristdemokraterna.se\\\/uppsala\\\/author\\\/mimmi\\\/\"}]}<\/script>\n<!-- \/ Yoast SEO plugin. -->","yoast_head_json":{"title":"Inf\u00f6r palliativt v\u00e5rdteam f\u00f6r v\u00e5ra \u00e4ldreboenden | Kristdemokraterna | Uppsala","robots":{"index":"index","follow":"follow","max-snippet":"max-snippet:-1","max-image-preview":"max-image-preview:large","max-video-preview":"max-video-preview:-1"},"canonical":"https:\/\/wp.kristdemokraterna.se\/uppsala\/infor-palliativt-vardteam-for-vara-aldreboenden\/","og_locale":"sv_SE","og_type":"article","og_title":"Inf\u00f6r palliativt v\u00e5rdteam f\u00f6r v\u00e5ra \u00e4ldreboenden | Kristdemokraterna | Uppsala","og_description":"Hur m\u00e4nniskor d\u00f6r \u00e4r en viktig v\u00e4rdem\u00e4tare p\u00e5 tillst\u00e5ndet i samh\u00e4llet. D\u00e4rf\u00f6r mots\u00e4tter vi oss best\u00e4mt aktiv d\u00f6dshj\u00e4lp, som skulle inneb\u00e4ra att m\u00e4nniskolivet b\u00f6rjar graderas. Men i de allra flesta fall kommer inte d\u00f6den ov\u00e4ntat, utan blir ett, om \u00e4n sorgligt s\u00e5 \u00e4nd\u00e5 oundvikligt, slut p\u00e5 \u00e5ldrandeprocessen. Idealt sett borde alla f\u00e5 sluta livet i Read More","og_url":"https:\/\/wp.kristdemokraterna.se\/uppsala\/infor-palliativt-vardteam-for-vara-aldreboenden\/","og_site_name":"Kristdemokraterna | Uppsala","article_publisher":"https:\/\/www.facebook.com\/UppsalaKD\/","article_published_time":"2017-02-27T12:44:47+00:00","article_modified_time":"2024-04-03T22:44:32+00:00","og_image":[{"width":1920,"height":1280,"url":"http:\/\/wp.kristdemokraterna.se\/uppsala\/files\/2017\/02\/elderly-1461424_1920.jpg","type":"image\/jpeg"}],"author":"Mimmi Westerlund","twitter_card":"summary_large_image","twitter_misc":{"Skriven av":"Mimmi Westerlund","Ber\u00e4knad l\u00e4stid":"2 minuter"},"schema":{"@context":"https:\/\/schema.org","@graph":[{"@type":"Article","@id":"https:\/\/wp.kristdemokraterna.se\/uppsala\/infor-palliativt-vardteam-for-vara-aldreboenden\/#article","isPartOf":{"@id":"https:\/\/wp.kristdemokraterna.se\/uppsala\/infor-palliativt-vardteam-for-vara-aldreboenden\/"},"author":{"name":"Mimmi Westerlund","@id":"https:\/\/wp.kristdemokraterna.se\/uppsala\/#\/schema\/person\/038d805d685fb0ce5ad14ab8711d8e84"},"headline":"Inf\u00f6r palliativt v\u00e5rdteam f\u00f6r v\u00e5ra \u00e4ldreboenden","datePublished":"2017-02-27T12:44:47+00:00","dateModified":"2024-04-03T22:44:32+00:00","mainEntityOfPage":{"@id":"https:\/\/wp.kristdemokraterna.se\/uppsala\/infor-palliativt-vardteam-for-vara-aldreboenden\/"},"wordCount":437,"publisher":{"@id":"https:\/\/wp.kristdemokraterna.se\/uppsala\/#organization"},"image":{"@id":"https:\/\/wp.kristdemokraterna.se\/uppsala\/infor-palliativt-vardteam-for-vara-aldreboenden\/#primaryimage"},"thumbnailUrl":"https:\/\/wp.kristdemokraterna.se\/uppsala\/files\/2017\/02\/elderly-1461424_1920.jpg","articleSection":["V\u00e5rd &amp; omsorg"],"inLanguage":"sv-SE"},{"@type":"WebPage","@id":"https:\/\/wp.kristdemokraterna.se\/uppsala\/infor-palliativt-vardteam-for-vara-aldreboenden\/","url":"https:\/\/wp.kristdemokraterna.se\/uppsala\/infor-palliativt-vardteam-for-vara-aldreboenden\/","name":"Inf\u00f6r palliativt v\u00e5rdteam f\u00f6r v\u00e5ra \u00e4ldreboenden | Kristdemokraterna | Uppsala","isPartOf":{"@id":"https:\/\/wp.kristdemokraterna.se\/uppsala\/#website"},"primaryImageOfPage":{"@id":"https:\/\/wp.kristdemokraterna.se\/uppsala\/infor-palliativt-vardteam-for-vara-aldreboenden\/#primaryimage"},"image":{"@id":"https:\/\/wp.kristdemokraterna.se\/uppsala\/infor-palliativt-vardteam-for-vara-aldreboenden\/#primaryimage"},"thumbnailUrl":"https:\/\/wp.kristdemokraterna.se\/uppsala\/files\/2017\/02\/elderly-1461424_1920.jpg","datePublished":"2017-02-27T12:44:47+00:00","dateModified":"2024-04-03T22:44:32+00:00","breadcrumb":{"@id":"https:\/\/wp.kristdemokraterna.se\/uppsala\/infor-palliativt-vardteam-for-vara-aldreboenden\/#breadcrumb"},"inLanguage":"sv-SE","potentialAction":[{"@type":"ReadAction","target":["https:\/\/wp.kristdemokraterna.se\/uppsala\/infor-palliativt-vardteam-for-vara-aldreboenden\/"]}]},{"@type":"ImageObject","inLanguage":"sv-SE","@id":"https:\/\/wp.kristdemokraterna.se\/uppsala\/infor-palliativt-vardteam-for-vara-aldreboenden\/#primaryimage","url":"https:\/\/wp.kristdemokraterna.se\/uppsala\/files\/2017\/02\/elderly-1461424_1920.jpg","contentUrl":"https:\/\/wp.kristdemokraterna.se\/uppsala\/files\/2017\/02\/elderly-1461424_1920.jpg","width":1920,"height":1280},{"@type":"BreadcrumbList","@id":"https:\/\/wp.kristdemokraterna.se\/uppsala\/infor-palliativt-vardteam-for-vara-aldreboenden\/#breadcrumb","itemListElement":[{"@type":"ListItem","position":1,"name":"Hem","item":"https:\/\/wp.kristdemokraterna.se\/uppsala\/"},{"@type":"ListItem","position":2,"name":"Inf\u00f6r palliativt v\u00e5rdteam f\u00f6r v\u00e5ra \u00e4ldreboenden"}]},{"@type":"WebSite","@id":"https:\/\/wp.kristdemokraterna.se\/uppsala\/#website","url":"https:\/\/wp.kristdemokraterna.se\/uppsala\/","name":"Kristdemokraterna Uppsala","description":"Tryggare Uppsala","publisher":{"@id":"https:\/\/wp.kristdemokraterna.se\/uppsala\/#organization"},"inLanguage":"sv-SE"},{"@type":"Organization","@id":"https:\/\/wp.kristdemokraterna.se\/uppsala\/#organization","name":"Kristdemokraterna Uppsala","url":"https:\/\/wp.kristdemokraterna.se\/uppsala\/","logo":{"@type":"ImageObject","inLanguage":"sv-SE","@id":"https:\/\/wp.kristdemokraterna.se\/uppsala\/#\/schema\/logo\/image\/","url":"https:\/\/wp.kristdemokraterna.se\/uppsala\/files\/2019\/10\/kd-uppsala.png","contentUrl":"https:\/\/wp.kristdemokraterna.se\/uppsala\/files\/2019\/10\/kd-uppsala.png","width":804,"height":421,"caption":"Kristdemokraterna Uppsala"},"image":{"@id":"https:\/\/wp.kristdemokraterna.se\/uppsala\/#\/schema\/logo\/image\/"},"sameAs":["https:\/\/www.facebook.com\/UppsalaKD\/","https:\/\/www.instagram.com\/uppsalakd\/"]},{"@type":"Person","@id":"https:\/\/wp.kristdemokraterna.se\/uppsala\/#\/schema\/person\/038d805d685fb0ce5ad14ab8711d8e84","name":"Mimmi Westerlund","image":{"@type":"ImageObject","inLanguage":"sv-SE","@id":"https:\/\/secure.gravatar.com\/avatar\/a5697359f709b6b10d9c7e6a7c89f3e054554dedb4657d5ffe9e5bc5b1445841?s=96&r=g","url":"https:\/\/secure.gravatar.com\/avatar\/a5697359f709b6b10d9c7e6a7c89f3e054554dedb4657d5ffe9e5bc5b1445841?s=96&r=g","contentUrl":"https:\/\/secure.gravatar.com\/avatar\/a5697359f709b6b10d9c7e6a7c89f3e054554dedb4657d5ffe9e5bc5b1445841?s=96&r=g","caption":"Mimmi Westerlund"},"url":"https:\/\/wp.kristdemokraterna.se\/uppsala\/author\/mimmi\/"}]}},"_links":{"self":[{"href":"https:\/\/wp.kristdemokraterna.se\/uppsala\/wp-json\/wp\/v2\/posts\/2169","targetHints":{"allow":["GET"]}}],"collection":[{"href":"https:\/\/wp.kristdemokraterna.se\/uppsala\/wp-json\/wp\/v2\/posts"}],"about":[{"href":"https:\/\/wp.kristdemokraterna.se\/uppsala\/wp-json\/wp\/v2\/types\/post"}],"author":[{"embeddable":true,"href":"https:\/\/wp.kristdemokraterna.se\/uppsala\/wp-json\/wp\/v2\/users\/702"}],"replies":[{"embeddable":true,"href":"https:\/\/wp.kristdemokraterna.se\/uppsala\/wp-json\/wp\/v2\/comments?post=2169"}],"version-history":[{"count":2,"href":"https:\/\/wp.kristdemokraterna.se\/uppsala\/wp-json\/wp\/v2\/posts\/2169\/revisions"}],"predecessor-version":[{"id":2172,"href":"https:\/\/wp.kristdemokraterna.se\/uppsala\/wp-json\/wp\/v2\/posts\/2169\/revisions\/2172"}],"wp:featuredmedia":[{"embeddable":true,"href":"https:\/\/wp.kristdemokraterna.se\/uppsala\/wp-json\/wp\/v2\/media\/2170"}],"wp:attachment":[{"href":"https:\/\/wp.kristdemokraterna.se\/uppsala\/wp-json\/wp\/v2\/media?parent=2169"}],"wp:term":[{"taxonomy":"category","embeddable":true,"href":"https:\/\/wp.kristdemokraterna.se\/uppsala\/wp-json\/wp\/v2\/categories?post=2169"},{"taxonomy":"post_tag","embeddable":true,"href":"https:\/\/wp.kristdemokraterna.se\/uppsala\/wp-json\/wp\/v2\/tags?post=2169"}],"curies":[{"name":"wp","href":"https:\/\/api.w.org\/{rel}","templated":true}]}}