{"id":2188,"date":"2017-03-08T11:54:01","date_gmt":"2017-03-08T10:54:01","guid":{"rendered":"http:\/\/wp.kristdemokraterna.se\/uppsala\/?p=2188"},"modified":"2024-04-04T01:02:51","modified_gmt":"2024-04-03T23:02:51","slug":"kd-vi-har-allvarligare-problem-i-uppsala-an-konssuffix","status":"publish","type":"post","link":"https:\/\/wp.kristdemokraterna.se\/uppsala\/kd-vi-har-allvarligare-problem-i-uppsala-an-konssuffix\/","title":{"rendered":"(KD): Vi har allvarligare problem i Uppsala \u00e4n k\u00f6nssuffix"},"content":{"rendered":"<p><strong>Idag behandlar kommunstyrelsen i Uppsala ett uppm\u00e4rksammat \u00e4rende om att avskaffa k\u00f6nssuffix i kommunala texter. Kristdemokraterna yrkar d\u00e5 avslag.<\/strong><\/p>\n<blockquote><p>&#8211; Medan vi st\u00e5r inf\u00f6r allvarliga problem med att tryggheten f\u00f6rs\u00e4mras f\u00f6r framf\u00f6rallt kvinnor i Uppsala har vi betydligt viktigare punkter p\u00e5 dagordningen \u00e4n vilka ord som anv\u00e4nds i den kommunala byr\u00e5kratin. Vi Kristdemokrater vill f\u00f6rb\u00e4ttra kvinnors villkor genom att g\u00f6ra Uppsalas gator tryggare och genom att j\u00e4mst\u00e4lla arbetsmarknaden s\u00e5 att lika villkor g\u00e4ller f\u00f6r alla. Tydligen anser den r\u00f6dgr\u00f6na majoriteten att plakatpolitik \u00e4r viktigare,\u00a0s\u00e4ger Jonas Segersam (KD) kommunalr\u00e5d i Uppsala.<\/p>\n<p>&#8211; En av Kristdemokraternas hj\u00e4rtefr\u00e5gor \u00e4r att alla m\u00e4nniskor ska ha lika m\u00f6jligheter och f\u00f6ruts\u00e4ttningar att leva goda liv. Att motverka olika f\u00f6rtryck s\u00e5som sexism och rasism sker dock inte fr\u00e4mst genom att \u00e4ndra k\u00f6nssuffixer i den kommunala organisationen, utan genom aktiva attitydf\u00f6r\u00e4ndringar med utg\u00e5ngspunkt att alla \u00e4r lika mycket v\u00e4rda och ska behandlas lika,\u00a0avslutar han.<\/p>\n<p>&nbsp;<\/p><\/blockquote>\n","protected":false},"excerpt":{"rendered":"<p>Idag behandlar kommunstyrelsen i Uppsala ett uppm\u00e4rksammat \u00e4rende om att avskaffa k\u00f6nssuffix i kommunala texter. Kristdemokraterna yrkar d\u00e5 avslag. &#8211; Medan vi st\u00e5r inf\u00f6r allvarliga problem med att tryggheten f\u00f6rs\u00e4mras f\u00f6r framf\u00f6rallt kvinnor i Uppsala har vi betydligt viktigare punkter p\u00e5 dagordningen \u00e4n vilka ord som anv\u00e4nds i den kommunala byr\u00e5kratin. Vi Kristdemokrater vill f\u00f6rb\u00e4ttra <a class=\"read-more-link\" href=\"https:\/\/wp.kristdemokraterna.se\/uppsala\/kd-vi-har-allvarligare-problem-i-uppsala-an-konssuffix\/\">Read More<\/a><\/p>\n","protected":false},"author":702,"featured_media":2062,"comment_status":"closed","ping_status":"closed","sticky":false,"template":"","format":"standard","meta":{"_acf_changed":false,"footnotes":""},"categories":[249],"tags":[],"class_list":["post-2188","post","type-post","status-publish","format-standard","hentry","category-trygghet-o-sakerhet"],"acf":[],"yoast_head":"<!-- This site is optimized with the Yoast SEO plugin v27.4 - https:\/\/yoast.com\/product\/yoast-seo-wordpress\/ -->\n<title>(KD): Vi har allvarligare problem i Uppsala \u00e4n k\u00f6nssuffix | Kristdemokraterna | Uppsala<\/title>\n<meta name=\"robots\" content=\"index, follow, max-snippet:-1, max-image-preview:large, max-video-preview:-1\" \/>\n<link rel=\"canonical\" href=\"https:\/\/wp.kristdemokraterna.se\/uppsala\/kd-vi-har-allvarligare-problem-i-uppsala-an-konssuffix\/\" \/>\n<meta property=\"og:locale\" content=\"sv_SE\" \/>\n<meta property=\"og:type\" content=\"article\" \/>\n<meta property=\"og:title\" content=\"(KD): Vi har allvarligare problem i Uppsala \u00e4n k\u00f6nssuffix | Kristdemokraterna | Uppsala\" \/>\n<meta property=\"og:description\" content=\"Idag behandlar kommunstyrelsen i Uppsala ett uppm\u00e4rksammat \u00e4rende om att avskaffa k\u00f6nssuffix i kommunala texter. Kristdemokraterna yrkar d\u00e5 avslag. &#8211; Medan vi st\u00e5r inf\u00f6r allvarliga problem med att tryggheten f\u00f6rs\u00e4mras f\u00f6r framf\u00f6rallt kvinnor i Uppsala har vi betydligt viktigare punkter p\u00e5 dagordningen \u00e4n vilka ord som anv\u00e4nds i den kommunala byr\u00e5kratin. Vi Kristdemokrater vill f\u00f6rb\u00e4ttra Read More\" \/>\n<meta property=\"og:url\" content=\"https:\/\/wp.kristdemokraterna.se\/uppsala\/kd-vi-har-allvarligare-problem-i-uppsala-an-konssuffix\/\" \/>\n<meta property=\"og:site_name\" content=\"Kristdemokraterna | Uppsala\" \/>\n<meta property=\"article:publisher\" content=\"https:\/\/www.facebook.com\/UppsalaKD\/\" \/>\n<meta property=\"article:published_time\" content=\"2017-03-08T10:54:01+00:00\" \/>\n<meta property=\"article:modified_time\" content=\"2024-04-03T23:02:51+00:00\" \/>\n<meta property=\"og:image\" content=\"http:\/\/wp.kristdemokraterna.se\/uppsala\/files\/2016\/05\/jonassegersam1.png\" \/>\n\t<meta property=\"og:image:width\" content=\"1024\" \/>\n\t<meta property=\"og:image:height\" content=\"512\" \/>\n\t<meta property=\"og:image:type\" content=\"image\/png\" \/>\n<meta name=\"author\" content=\"Mimmi Westerlund\" \/>\n<meta name=\"twitter:card\" content=\"summary_large_image\" \/>\n<meta name=\"twitter:label1\" content=\"Skriven av\" \/>\n\t<meta name=\"twitter:data1\" content=\"Mimmi Westerlund\" \/>\n\t<meta name=\"twitter:label2\" content=\"Ber\u00e4knad l\u00e4stid\" \/>\n\t<meta name=\"twitter:data2\" content=\"1 minut\" \/>\n<script type=\"application\/ld+json\" class=\"yoast-schema-graph\">{\"@context\":\"https:\\\/\\\/schema.org\",\"@graph\":[{\"@type\":\"Article\",\"@id\":\"https:\\\/\\\/wp.kristdemokraterna.se\\\/uppsala\\\/kd-vi-har-allvarligare-problem-i-uppsala-an-konssuffix\\\/#article\",\"isPartOf\":{\"@id\":\"https:\\\/\\\/wp.kristdemokraterna.se\\\/uppsala\\\/kd-vi-har-allvarligare-problem-i-uppsala-an-konssuffix\\\/\"},\"author\":{\"name\":\"Mimmi Westerlund\",\"@id\":\"https:\\\/\\\/wp.kristdemokraterna.se\\\/uppsala\\\/#\\\/schema\\\/person\\\/038d805d685fb0ce5ad14ab8711d8e84\"},\"headline\":\"(KD): Vi har allvarligare problem i Uppsala \u00e4n k\u00f6nssuffix\",\"datePublished\":\"2017-03-08T10:54:01+00:00\",\"dateModified\":\"2024-04-03T23:02:51+00:00\",\"mainEntityOfPage\":{\"@id\":\"https:\\\/\\\/wp.kristdemokraterna.se\\\/uppsala\\\/kd-vi-har-allvarligare-problem-i-uppsala-an-konssuffix\\\/\"},\"wordCount\":194,\"publisher\":{\"@id\":\"https:\\\/\\\/wp.kristdemokraterna.se\\\/uppsala\\\/#organization\"},\"image\":{\"@id\":\"https:\\\/\\\/wp.kristdemokraterna.se\\\/uppsala\\\/kd-vi-har-allvarligare-problem-i-uppsala-an-konssuffix\\\/#primaryimage\"},\"thumbnailUrl\":\"https:\\\/\\\/wp.kristdemokraterna.se\\\/uppsala\\\/files\\\/2016\\\/05\\\/jonassegersam1.png\",\"articleSection\":[\"Trygghet &amp; S\u00e4kerhet\"],\"inLanguage\":\"sv-SE\"},{\"@type\":\"WebPage\",\"@id\":\"https:\\\/\\\/wp.kristdemokraterna.se\\\/uppsala\\\/kd-vi-har-allvarligare-problem-i-uppsala-an-konssuffix\\\/\",\"url\":\"https:\\\/\\\/wp.kristdemokraterna.se\\\/uppsala\\\/kd-vi-har-allvarligare-problem-i-uppsala-an-konssuffix\\\/\",\"name\":\"(KD): Vi har allvarligare problem i Uppsala \u00e4n k\u00f6nssuffix | Kristdemokraterna | Uppsala\",\"isPartOf\":{\"@id\":\"https:\\\/\\\/wp.kristdemokraterna.se\\\/uppsala\\\/#website\"},\"primaryImageOfPage\":{\"@id\":\"https:\\\/\\\/wp.kristdemokraterna.se\\\/uppsala\\\/kd-vi-har-allvarligare-problem-i-uppsala-an-konssuffix\\\/#primaryimage\"},\"image\":{\"@id\":\"https:\\\/\\\/wp.kristdemokraterna.se\\\/uppsala\\\/kd-vi-har-allvarligare-problem-i-uppsala-an-konssuffix\\\/#primaryimage\"},\"thumbnailUrl\":\"https:\\\/\\\/wp.kristdemokraterna.se\\\/uppsala\\\/files\\\/2016\\\/05\\\/jonassegersam1.png\",\"datePublished\":\"2017-03-08T10:54:01+00:00\",\"dateModified\":\"2024-04-03T23:02:51+00:00\",\"breadcrumb\":{\"@id\":\"https:\\\/\\\/wp.kristdemokraterna.se\\\/uppsala\\\/kd-vi-har-allvarligare-problem-i-uppsala-an-konssuffix\\\/#breadcrumb\"},\"inLanguage\":\"sv-SE\",\"potentialAction\":[{\"@type\":\"ReadAction\",\"target\":[\"https:\\\/\\\/wp.kristdemokraterna.se\\\/uppsala\\\/kd-vi-har-allvarligare-problem-i-uppsala-an-konssuffix\\\/\"]}]},{\"@type\":\"ImageObject\",\"inLanguage\":\"sv-SE\",\"@id\":\"https:\\\/\\\/wp.kristdemokraterna.se\\\/uppsala\\\/kd-vi-har-allvarligare-problem-i-uppsala-an-konssuffix\\\/#primaryimage\",\"url\":\"https:\\\/\\\/wp.kristdemokraterna.se\\\/uppsala\\\/files\\\/2016\\\/05\\\/jonassegersam1.png\",\"contentUrl\":\"https:\\\/\\\/wp.kristdemokraterna.se\\\/uppsala\\\/files\\\/2016\\\/05\\\/jonassegersam1.png\",\"width\":1024,\"height\":512},{\"@type\":\"BreadcrumbList\",\"@id\":\"https:\\\/\\\/wp.kristdemokraterna.se\\\/uppsala\\\/kd-vi-har-allvarligare-problem-i-uppsala-an-konssuffix\\\/#breadcrumb\",\"itemListElement\":[{\"@type\":\"ListItem\",\"position\":1,\"name\":\"Hem\",\"item\":\"https:\\\/\\\/wp.kristdemokraterna.se\\\/uppsala\\\/\"},{\"@type\":\"ListItem\",\"position\":2,\"name\":\"(KD): Vi har allvarligare problem i Uppsala \u00e4n k\u00f6nssuffix\"}]},{\"@type\":\"WebSite\",\"@id\":\"https:\\\/\\\/wp.kristdemokraterna.se\\\/uppsala\\\/#website\",\"url\":\"https:\\\/\\\/wp.kristdemokraterna.se\\\/uppsala\\\/\",\"name\":\"Kristdemokraterna Uppsala\",\"description\":\"Tryggare Uppsala\",\"publisher\":{\"@id\":\"https:\\\/\\\/wp.kristdemokraterna.se\\\/uppsala\\\/#organization\"},\"inLanguage\":\"sv-SE\"},{\"@type\":\"Organization\",\"@id\":\"https:\\\/\\\/wp.kristdemokraterna.se\\\/uppsala\\\/#organization\",\"name\":\"Kristdemokraterna Uppsala\",\"url\":\"https:\\\/\\\/wp.kristdemokraterna.se\\\/uppsala\\\/\",\"logo\":{\"@type\":\"ImageObject\",\"inLanguage\":\"sv-SE\",\"@id\":\"https:\\\/\\\/wp.kristdemokraterna.se\\\/uppsala\\\/#\\\/schema\\\/logo\\\/image\\\/\",\"url\":\"https:\\\/\\\/wp.kristdemokraterna.se\\\/uppsala\\\/files\\\/2019\\\/10\\\/kd-uppsala.png\",\"contentUrl\":\"https:\\\/\\\/wp.kristdemokraterna.se\\\/uppsala\\\/files\\\/2019\\\/10\\\/kd-uppsala.png\",\"width\":804,\"height\":421,\"caption\":\"Kristdemokraterna Uppsala\"},\"image\":{\"@id\":\"https:\\\/\\\/wp.kristdemokraterna.se\\\/uppsala\\\/#\\\/schema\\\/logo\\\/image\\\/\"},\"sameAs\":[\"https:\\\/\\\/www.facebook.com\\\/UppsalaKD\\\/\",\"https:\\\/\\\/www.instagram.com\\\/uppsalakd\\\/\"]},{\"@type\":\"Person\",\"@id\":\"https:\\\/\\\/wp.kristdemokraterna.se\\\/uppsala\\\/#\\\/schema\\\/person\\\/038d805d685fb0ce5ad14ab8711d8e84\",\"name\":\"Mimmi Westerlund\",\"image\":{\"@type\":\"ImageObject\",\"inLanguage\":\"sv-SE\",\"@id\":\"https:\\\/\\\/secure.gravatar.com\\\/avatar\\\/a5697359f709b6b10d9c7e6a7c89f3e054554dedb4657d5ffe9e5bc5b1445841?s=96&r=g\",\"url\":\"https:\\\/\\\/secure.gravatar.com\\\/avatar\\\/a5697359f709b6b10d9c7e6a7c89f3e054554dedb4657d5ffe9e5bc5b1445841?s=96&r=g\",\"contentUrl\":\"https:\\\/\\\/secure.gravatar.com\\\/avatar\\\/a5697359f709b6b10d9c7e6a7c89f3e054554dedb4657d5ffe9e5bc5b1445841?s=96&r=g\",\"caption\":\"Mimmi Westerlund\"},\"url\":\"https:\\\/\\\/wp.kristdemokraterna.se\\\/uppsala\\\/author\\\/mimmi\\\/\"}]}<\/script>\n<!-- \/ Yoast SEO plugin. -->","yoast_head_json":{"title":"(KD): Vi har allvarligare problem i Uppsala \u00e4n k\u00f6nssuffix | Kristdemokraterna | Uppsala","robots":{"index":"index","follow":"follow","max-snippet":"max-snippet:-1","max-image-preview":"max-image-preview:large","max-video-preview":"max-video-preview:-1"},"canonical":"https:\/\/wp.kristdemokraterna.se\/uppsala\/kd-vi-har-allvarligare-problem-i-uppsala-an-konssuffix\/","og_locale":"sv_SE","og_type":"article","og_title":"(KD): Vi har allvarligare problem i Uppsala \u00e4n k\u00f6nssuffix | Kristdemokraterna | Uppsala","og_description":"Idag behandlar kommunstyrelsen i Uppsala ett uppm\u00e4rksammat \u00e4rende om att avskaffa k\u00f6nssuffix i kommunala texter. Kristdemokraterna yrkar d\u00e5 avslag. &#8211; Medan vi st\u00e5r inf\u00f6r allvarliga problem med att tryggheten f\u00f6rs\u00e4mras f\u00f6r framf\u00f6rallt kvinnor i Uppsala har vi betydligt viktigare punkter p\u00e5 dagordningen \u00e4n vilka ord som anv\u00e4nds i den kommunala byr\u00e5kratin. Vi Kristdemokrater vill f\u00f6rb\u00e4ttra Read More","og_url":"https:\/\/wp.kristdemokraterna.se\/uppsala\/kd-vi-har-allvarligare-problem-i-uppsala-an-konssuffix\/","og_site_name":"Kristdemokraterna | Uppsala","article_publisher":"https:\/\/www.facebook.com\/UppsalaKD\/","article_published_time":"2017-03-08T10:54:01+00:00","article_modified_time":"2024-04-03T23:02:51+00:00","og_image":[{"width":1024,"height":512,"url":"http:\/\/wp.kristdemokraterna.se\/uppsala\/files\/2016\/05\/jonassegersam1.png","type":"image\/png"}],"author":"Mimmi Westerlund","twitter_card":"summary_large_image","twitter_misc":{"Skriven av":"Mimmi Westerlund","Ber\u00e4knad l\u00e4stid":"1 minut"},"schema":{"@context":"https:\/\/schema.org","@graph":[{"@type":"Article","@id":"https:\/\/wp.kristdemokraterna.se\/uppsala\/kd-vi-har-allvarligare-problem-i-uppsala-an-konssuffix\/#article","isPartOf":{"@id":"https:\/\/wp.kristdemokraterna.se\/uppsala\/kd-vi-har-allvarligare-problem-i-uppsala-an-konssuffix\/"},"author":{"name":"Mimmi Westerlund","@id":"https:\/\/wp.kristdemokraterna.se\/uppsala\/#\/schema\/person\/038d805d685fb0ce5ad14ab8711d8e84"},"headline":"(KD): Vi har allvarligare problem i Uppsala \u00e4n k\u00f6nssuffix","datePublished":"2017-03-08T10:54:01+00:00","dateModified":"2024-04-03T23:02:51+00:00","mainEntityOfPage":{"@id":"https:\/\/wp.kristdemokraterna.se\/uppsala\/kd-vi-har-allvarligare-problem-i-uppsala-an-konssuffix\/"},"wordCount":194,"publisher":{"@id":"https:\/\/wp.kristdemokraterna.se\/uppsala\/#organization"},"image":{"@id":"https:\/\/wp.kristdemokraterna.se\/uppsala\/kd-vi-har-allvarligare-problem-i-uppsala-an-konssuffix\/#primaryimage"},"thumbnailUrl":"https:\/\/wp.kristdemokraterna.se\/uppsala\/files\/2016\/05\/jonassegersam1.png","articleSection":["Trygghet &amp; S\u00e4kerhet"],"inLanguage":"sv-SE"},{"@type":"WebPage","@id":"https:\/\/wp.kristdemokraterna.se\/uppsala\/kd-vi-har-allvarligare-problem-i-uppsala-an-konssuffix\/","url":"https:\/\/wp.kristdemokraterna.se\/uppsala\/kd-vi-har-allvarligare-problem-i-uppsala-an-konssuffix\/","name":"(KD): Vi har allvarligare problem i Uppsala \u00e4n k\u00f6nssuffix | Kristdemokraterna | Uppsala","isPartOf":{"@id":"https:\/\/wp.kristdemokraterna.se\/uppsala\/#website"},"primaryImageOfPage":{"@id":"https:\/\/wp.kristdemokraterna.se\/uppsala\/kd-vi-har-allvarligare-problem-i-uppsala-an-konssuffix\/#primaryimage"},"image":{"@id":"https:\/\/wp.kristdemokraterna.se\/uppsala\/kd-vi-har-allvarligare-problem-i-uppsala-an-konssuffix\/#primaryimage"},"thumbnailUrl":"https:\/\/wp.kristdemokraterna.se\/uppsala\/files\/2016\/05\/jonassegersam1.png","datePublished":"2017-03-08T10:54:01+00:00","dateModified":"2024-04-03T23:02:51+00:00","breadcrumb":{"@id":"https:\/\/wp.kristdemokraterna.se\/uppsala\/kd-vi-har-allvarligare-problem-i-uppsala-an-konssuffix\/#breadcrumb"},"inLanguage":"sv-SE","potentialAction":[{"@type":"ReadAction","target":["https:\/\/wp.kristdemokraterna.se\/uppsala\/kd-vi-har-allvarligare-problem-i-uppsala-an-konssuffix\/"]}]},{"@type":"ImageObject","inLanguage":"sv-SE","@id":"https:\/\/wp.kristdemokraterna.se\/uppsala\/kd-vi-har-allvarligare-problem-i-uppsala-an-konssuffix\/#primaryimage","url":"https:\/\/wp.kristdemokraterna.se\/uppsala\/files\/2016\/05\/jonassegersam1.png","contentUrl":"https:\/\/wp.kristdemokraterna.se\/uppsala\/files\/2016\/05\/jonassegersam1.png","width":1024,"height":512},{"@type":"BreadcrumbList","@id":"https:\/\/wp.kristdemokraterna.se\/uppsala\/kd-vi-har-allvarligare-problem-i-uppsala-an-konssuffix\/#breadcrumb","itemListElement":[{"@type":"ListItem","position":1,"name":"Hem","item":"https:\/\/wp.kristdemokraterna.se\/uppsala\/"},{"@type":"ListItem","position":2,"name":"(KD): Vi har allvarligare problem i Uppsala \u00e4n k\u00f6nssuffix"}]},{"@type":"WebSite","@id":"https:\/\/wp.kristdemokraterna.se\/uppsala\/#website","url":"https:\/\/wp.kristdemokraterna.se\/uppsala\/","name":"Kristdemokraterna Uppsala","description":"Tryggare Uppsala","publisher":{"@id":"https:\/\/wp.kristdemokraterna.se\/uppsala\/#organization"},"inLanguage":"sv-SE"},{"@type":"Organization","@id":"https:\/\/wp.kristdemokraterna.se\/uppsala\/#organization","name":"Kristdemokraterna Uppsala","url":"https:\/\/wp.kristdemokraterna.se\/uppsala\/","logo":{"@type":"ImageObject","inLanguage":"sv-SE","@id":"https:\/\/wp.kristdemokraterna.se\/uppsala\/#\/schema\/logo\/image\/","url":"https:\/\/wp.kristdemokraterna.se\/uppsala\/files\/2019\/10\/kd-uppsala.png","contentUrl":"https:\/\/wp.kristdemokraterna.se\/uppsala\/files\/2019\/10\/kd-uppsala.png","width":804,"height":421,"caption":"Kristdemokraterna Uppsala"},"image":{"@id":"https:\/\/wp.kristdemokraterna.se\/uppsala\/#\/schema\/logo\/image\/"},"sameAs":["https:\/\/www.facebook.com\/UppsalaKD\/","https:\/\/www.instagram.com\/uppsalakd\/"]},{"@type":"Person","@id":"https:\/\/wp.kristdemokraterna.se\/uppsala\/#\/schema\/person\/038d805d685fb0ce5ad14ab8711d8e84","name":"Mimmi Westerlund","image":{"@type":"ImageObject","inLanguage":"sv-SE","@id":"https:\/\/secure.gravatar.com\/avatar\/a5697359f709b6b10d9c7e6a7c89f3e054554dedb4657d5ffe9e5bc5b1445841?s=96&r=g","url":"https:\/\/secure.gravatar.com\/avatar\/a5697359f709b6b10d9c7e6a7c89f3e054554dedb4657d5ffe9e5bc5b1445841?s=96&r=g","contentUrl":"https:\/\/secure.gravatar.com\/avatar\/a5697359f709b6b10d9c7e6a7c89f3e054554dedb4657d5ffe9e5bc5b1445841?s=96&r=g","caption":"Mimmi Westerlund"},"url":"https:\/\/wp.kristdemokraterna.se\/uppsala\/author\/mimmi\/"}]}},"_links":{"self":[{"href":"https:\/\/wp.kristdemokraterna.se\/uppsala\/wp-json\/wp\/v2\/posts\/2188","targetHints":{"allow":["GET"]}}],"collection":[{"href":"https:\/\/wp.kristdemokraterna.se\/uppsala\/wp-json\/wp\/v2\/posts"}],"about":[{"href":"https:\/\/wp.kristdemokraterna.se\/uppsala\/wp-json\/wp\/v2\/types\/post"}],"author":[{"embeddable":true,"href":"https:\/\/wp.kristdemokraterna.se\/uppsala\/wp-json\/wp\/v2\/users\/702"}],"replies":[{"embeddable":true,"href":"https:\/\/wp.kristdemokraterna.se\/uppsala\/wp-json\/wp\/v2\/comments?post=2188"}],"version-history":[{"count":4,"href":"https:\/\/wp.kristdemokraterna.se\/uppsala\/wp-json\/wp\/v2\/posts\/2188\/revisions"}],"predecessor-version":[{"id":2193,"href":"https:\/\/wp.kristdemokraterna.se\/uppsala\/wp-json\/wp\/v2\/posts\/2188\/revisions\/2193"}],"wp:featuredmedia":[{"embeddable":true,"href":"https:\/\/wp.kristdemokraterna.se\/uppsala\/wp-json\/wp\/v2\/media\/2062"}],"wp:attachment":[{"href":"https:\/\/wp.kristdemokraterna.se\/uppsala\/wp-json\/wp\/v2\/media?parent=2188"}],"wp:term":[{"taxonomy":"category","embeddable":true,"href":"https:\/\/wp.kristdemokraterna.se\/uppsala\/wp-json\/wp\/v2\/categories?post=2188"},{"taxonomy":"post_tag","embeddable":true,"href":"https:\/\/wp.kristdemokraterna.se\/uppsala\/wp-json\/wp\/v2\/tags?post=2188"}],"curies":[{"name":"wp","href":"https:\/\/api.w.org\/{rel}","templated":true}]}}