{"id":2194,"date":"2017-03-13T09:33:15","date_gmt":"2017-03-13T08:33:15","guid":{"rendered":"http:\/\/wp.kristdemokraterna.se\/uppsala\/?p=2194"},"modified":"2024-04-04T00:43:13","modified_gmt":"2024-04-03T22:43:13","slug":"kd-infor-palliativt-team-for-kommunens-aldreboenden","status":"publish","type":"post","link":"https:\/\/wp.kristdemokraterna.se\/uppsala\/kd-infor-palliativt-team-for-kommunens-aldreboenden\/","title":{"rendered":"(KD): Inf\u00f6r palliativt team f\u00f6r kommunens \u00e4ldreboenden"},"content":{"rendered":"<p><strong>11\/3 2017 skriver Kristdemokraterna om palliativ v\u00e5rd i UNT. L\u00e4s artikeln i sin helhet genom att <a href=\"http:\/\/www.unt.se\/asikt\/debatt\/ge-vardigare-livsslut-4576729.aspx\">klicka h\u00e4r.<\/a><\/strong><\/p>\n<p>Den palliativa v\u00e5rden (v\u00e5rd vid livets slut) \u00e4r mycket viktig f\u00f6r att kunna ge ett s\u00e5 fridfullt avslut som m\u00f6jligt.\u00a0Tyv\u00e4rr \u00e4r den h\u00e4r typen av v\u00e5rd ett eftersatt omr\u00e5de generellt, och personal p\u00e5 v\u00e5ra \u00e4ldreboenden kan i dag sakna relevant utbildning i klinisk sm\u00e4rtbed\u00f6mning, trots att de har en sjukv\u00e5rdsutbildning f\u00f6r \u00f6vrigt. Det h\u00e4r kan i praktiken inneb\u00e4ra att under helger, d\u00e5 sjuksk\u00f6terskor ofta inte finns p\u00e5 plats ute p\u00e5 \u00e4ldreboenden, saknas helt kunskaper om v\u00e5rd i livets slutskede och vad som kan g\u00f6ras f\u00f6r att underl\u00e4tta f\u00f6r patienten.<\/p>\n<p>Vi f\u00f6resl\u00e5r att man inr\u00e4ttar ett s\u00e4rskilt palliativt sjukv\u00e5rdsteam f\u00f6r kommunens \u00e4ldreboenden, i likhet med det sjukv\u00e5rdsteam f\u00f6r avancerad v\u00e5rd i hemmet som kan f\u00e5s genom Trygghetsjouren. Vi vill ocks\u00e5 \u00f6ka bemanningen av sjuksk\u00f6terskor p\u00e5 \u00e4ldreboenden, kombinerat med kompetensutveckling f\u00f6r undersk\u00f6terskorna, och f\u00f6rb\u00e4ttra rutinerna kring inskrivning d\u00e4r h\u00e4nsyn tas till spr\u00e5k, kultur och religion f\u00f6r att s\u00e5 l\u00e5ngt som m\u00f6jligt kunna respektera den boende vid livets slut.<\/p>\n<p>&nbsp;<\/p>\n","protected":false},"excerpt":{"rendered":"<p>11\/3 2017 skriver Kristdemokraterna om palliativ v\u00e5rd i UNT. L\u00e4s artikeln i sin helhet genom att klicka h\u00e4r. Den palliativa v\u00e5rden (v\u00e5rd vid livets slut) \u00e4r mycket viktig f\u00f6r att kunna ge ett s\u00e5 fridfullt avslut som m\u00f6jligt.\u00a0Tyv\u00e4rr \u00e4r den h\u00e4r typen av v\u00e5rd ett eftersatt omr\u00e5de generellt, och personal p\u00e5 v\u00e5ra \u00e4ldreboenden kan i <a class=\"read-more-link\" href=\"https:\/\/wp.kristdemokraterna.se\/uppsala\/kd-infor-palliativt-team-for-kommunens-aldreboenden\/\">Read More<\/a><\/p>\n","protected":false},"author":702,"featured_media":1873,"comment_status":"closed","ping_status":"closed","sticky":false,"template":"","format":"standard","meta":{"_acf_changed":false,"footnotes":""},"categories":[236],"tags":[],"class_list":["post-2194","post","type-post","status-publish","format-standard","hentry","category-vard-o-omsorg"],"acf":[],"yoast_head":"<!-- This site is optimized with the Yoast SEO plugin v27.4 - https:\/\/yoast.com\/product\/yoast-seo-wordpress\/ -->\n<title>(KD): Inf\u00f6r palliativt team f\u00f6r kommunens \u00e4ldreboenden | Kristdemokraterna | Uppsala<\/title>\n<meta name=\"robots\" content=\"index, follow, max-snippet:-1, max-image-preview:large, max-video-preview:-1\" \/>\n<link rel=\"canonical\" href=\"https:\/\/wp.kristdemokraterna.se\/uppsala\/kd-infor-palliativt-team-for-kommunens-aldreboenden\/\" \/>\n<meta property=\"og:locale\" content=\"sv_SE\" \/>\n<meta property=\"og:type\" content=\"article\" \/>\n<meta property=\"og:title\" content=\"(KD): Inf\u00f6r palliativt team f\u00f6r kommunens \u00e4ldreboenden | Kristdemokraterna | Uppsala\" \/>\n<meta property=\"og:description\" content=\"11\/3 2017 skriver Kristdemokraterna om palliativ v\u00e5rd i UNT. L\u00e4s artikeln i sin helhet genom att klicka h\u00e4r. Den palliativa v\u00e5rden (v\u00e5rd vid livets slut) \u00e4r mycket viktig f\u00f6r att kunna ge ett s\u00e5 fridfullt avslut som m\u00f6jligt.\u00a0Tyv\u00e4rr \u00e4r den h\u00e4r typen av v\u00e5rd ett eftersatt omr\u00e5de generellt, och personal p\u00e5 v\u00e5ra \u00e4ldreboenden kan i Read More\" \/>\n<meta property=\"og:url\" content=\"https:\/\/wp.kristdemokraterna.se\/uppsala\/kd-infor-palliativt-team-for-kommunens-aldreboenden\/\" \/>\n<meta property=\"og:site_name\" content=\"Kristdemokraterna | Uppsala\" \/>\n<meta property=\"article:publisher\" content=\"https:\/\/www.facebook.com\/UppsalaKD\/\" \/>\n<meta property=\"article:published_time\" content=\"2017-03-13T08:33:15+00:00\" \/>\n<meta property=\"article:modified_time\" content=\"2024-04-03T22:43:13+00:00\" \/>\n<meta property=\"og:image\" content=\"http:\/\/wp.kristdemokraterna.se\/uppsala\/files\/2014\/09\/doctor-563428_1920.jpg\" \/>\n\t<meta property=\"og:image:width\" content=\"1920\" \/>\n\t<meta property=\"og:image:height\" content=\"1280\" \/>\n\t<meta property=\"og:image:type\" content=\"image\/jpeg\" \/>\n<meta name=\"author\" content=\"Mimmi Westerlund\" \/>\n<meta name=\"twitter:card\" content=\"summary_large_image\" \/>\n<meta name=\"twitter:label1\" content=\"Skriven av\" \/>\n\t<meta name=\"twitter:data1\" content=\"Mimmi Westerlund\" \/>\n\t<meta name=\"twitter:label2\" content=\"Ber\u00e4knad l\u00e4stid\" \/>\n\t<meta name=\"twitter:data2\" content=\"1 minut\" \/>\n<script type=\"application\/ld+json\" class=\"yoast-schema-graph\">{\"@context\":\"https:\\\/\\\/schema.org\",\"@graph\":[{\"@type\":\"Article\",\"@id\":\"https:\\\/\\\/wp.kristdemokraterna.se\\\/uppsala\\\/kd-infor-palliativt-team-for-kommunens-aldreboenden\\\/#article\",\"isPartOf\":{\"@id\":\"https:\\\/\\\/wp.kristdemokraterna.se\\\/uppsala\\\/kd-infor-palliativt-team-for-kommunens-aldreboenden\\\/\"},\"author\":{\"name\":\"Mimmi Westerlund\",\"@id\":\"https:\\\/\\\/wp.kristdemokraterna.se\\\/uppsala\\\/#\\\/schema\\\/person\\\/038d805d685fb0ce5ad14ab8711d8e84\"},\"headline\":\"(KD): Inf\u00f6r palliativt team f\u00f6r kommunens \u00e4ldreboenden\",\"datePublished\":\"2017-03-13T08:33:15+00:00\",\"dateModified\":\"2024-04-03T22:43:13+00:00\",\"mainEntityOfPage\":{\"@id\":\"https:\\\/\\\/wp.kristdemokraterna.se\\\/uppsala\\\/kd-infor-palliativt-team-for-kommunens-aldreboenden\\\/\"},\"wordCount\":228,\"publisher\":{\"@id\":\"https:\\\/\\\/wp.kristdemokraterna.se\\\/uppsala\\\/#organization\"},\"image\":{\"@id\":\"https:\\\/\\\/wp.kristdemokraterna.se\\\/uppsala\\\/kd-infor-palliativt-team-for-kommunens-aldreboenden\\\/#primaryimage\"},\"thumbnailUrl\":\"https:\\\/\\\/wp.kristdemokraterna.se\\\/uppsala\\\/files\\\/2014\\\/09\\\/doctor-563428_1920.jpg\",\"articleSection\":[\"V\u00e5rd &amp; omsorg\"],\"inLanguage\":\"sv-SE\"},{\"@type\":\"WebPage\",\"@id\":\"https:\\\/\\\/wp.kristdemokraterna.se\\\/uppsala\\\/kd-infor-palliativt-team-for-kommunens-aldreboenden\\\/\",\"url\":\"https:\\\/\\\/wp.kristdemokraterna.se\\\/uppsala\\\/kd-infor-palliativt-team-for-kommunens-aldreboenden\\\/\",\"name\":\"(KD): Inf\u00f6r palliativt team f\u00f6r kommunens \u00e4ldreboenden | Kristdemokraterna | Uppsala\",\"isPartOf\":{\"@id\":\"https:\\\/\\\/wp.kristdemokraterna.se\\\/uppsala\\\/#website\"},\"primaryImageOfPage\":{\"@id\":\"https:\\\/\\\/wp.kristdemokraterna.se\\\/uppsala\\\/kd-infor-palliativt-team-for-kommunens-aldreboenden\\\/#primaryimage\"},\"image\":{\"@id\":\"https:\\\/\\\/wp.kristdemokraterna.se\\\/uppsala\\\/kd-infor-palliativt-team-for-kommunens-aldreboenden\\\/#primaryimage\"},\"thumbnailUrl\":\"https:\\\/\\\/wp.kristdemokraterna.se\\\/uppsala\\\/files\\\/2014\\\/09\\\/doctor-563428_1920.jpg\",\"datePublished\":\"2017-03-13T08:33:15+00:00\",\"dateModified\":\"2024-04-03T22:43:13+00:00\",\"breadcrumb\":{\"@id\":\"https:\\\/\\\/wp.kristdemokraterna.se\\\/uppsala\\\/kd-infor-palliativt-team-for-kommunens-aldreboenden\\\/#breadcrumb\"},\"inLanguage\":\"sv-SE\",\"potentialAction\":[{\"@type\":\"ReadAction\",\"target\":[\"https:\\\/\\\/wp.kristdemokraterna.se\\\/uppsala\\\/kd-infor-palliativt-team-for-kommunens-aldreboenden\\\/\"]}]},{\"@type\":\"ImageObject\",\"inLanguage\":\"sv-SE\",\"@id\":\"https:\\\/\\\/wp.kristdemokraterna.se\\\/uppsala\\\/kd-infor-palliativt-team-for-kommunens-aldreboenden\\\/#primaryimage\",\"url\":\"https:\\\/\\\/wp.kristdemokraterna.se\\\/uppsala\\\/files\\\/2014\\\/09\\\/doctor-563428_1920.jpg\",\"contentUrl\":\"https:\\\/\\\/wp.kristdemokraterna.se\\\/uppsala\\\/files\\\/2014\\\/09\\\/doctor-563428_1920.jpg\",\"width\":1920,\"height\":1280},{\"@type\":\"BreadcrumbList\",\"@id\":\"https:\\\/\\\/wp.kristdemokraterna.se\\\/uppsala\\\/kd-infor-palliativt-team-for-kommunens-aldreboenden\\\/#breadcrumb\",\"itemListElement\":[{\"@type\":\"ListItem\",\"position\":1,\"name\":\"Hem\",\"item\":\"https:\\\/\\\/wp.kristdemokraterna.se\\\/uppsala\\\/\"},{\"@type\":\"ListItem\",\"position\":2,\"name\":\"(KD): Inf\u00f6r palliativt team f\u00f6r kommunens \u00e4ldreboenden\"}]},{\"@type\":\"WebSite\",\"@id\":\"https:\\\/\\\/wp.kristdemokraterna.se\\\/uppsala\\\/#website\",\"url\":\"https:\\\/\\\/wp.kristdemokraterna.se\\\/uppsala\\\/\",\"name\":\"Kristdemokraterna Uppsala\",\"description\":\"Tryggare Uppsala\",\"publisher\":{\"@id\":\"https:\\\/\\\/wp.kristdemokraterna.se\\\/uppsala\\\/#organization\"},\"inLanguage\":\"sv-SE\"},{\"@type\":\"Organization\",\"@id\":\"https:\\\/\\\/wp.kristdemokraterna.se\\\/uppsala\\\/#organization\",\"name\":\"Kristdemokraterna Uppsala\",\"url\":\"https:\\\/\\\/wp.kristdemokraterna.se\\\/uppsala\\\/\",\"logo\":{\"@type\":\"ImageObject\",\"inLanguage\":\"sv-SE\",\"@id\":\"https:\\\/\\\/wp.kristdemokraterna.se\\\/uppsala\\\/#\\\/schema\\\/logo\\\/image\\\/\",\"url\":\"https:\\\/\\\/wp.kristdemokraterna.se\\\/uppsala\\\/files\\\/2019\\\/10\\\/kd-uppsala.png\",\"contentUrl\":\"https:\\\/\\\/wp.kristdemokraterna.se\\\/uppsala\\\/files\\\/2019\\\/10\\\/kd-uppsala.png\",\"width\":804,\"height\":421,\"caption\":\"Kristdemokraterna Uppsala\"},\"image\":{\"@id\":\"https:\\\/\\\/wp.kristdemokraterna.se\\\/uppsala\\\/#\\\/schema\\\/logo\\\/image\\\/\"},\"sameAs\":[\"https:\\\/\\\/www.facebook.com\\\/UppsalaKD\\\/\",\"https:\\\/\\\/www.instagram.com\\\/uppsalakd\\\/\"]},{\"@type\":\"Person\",\"@id\":\"https:\\\/\\\/wp.kristdemokraterna.se\\\/uppsala\\\/#\\\/schema\\\/person\\\/038d805d685fb0ce5ad14ab8711d8e84\",\"name\":\"Mimmi Westerlund\",\"image\":{\"@type\":\"ImageObject\",\"inLanguage\":\"sv-SE\",\"@id\":\"https:\\\/\\\/secure.gravatar.com\\\/avatar\\\/a5697359f709b6b10d9c7e6a7c89f3e054554dedb4657d5ffe9e5bc5b1445841?s=96&r=g\",\"url\":\"https:\\\/\\\/secure.gravatar.com\\\/avatar\\\/a5697359f709b6b10d9c7e6a7c89f3e054554dedb4657d5ffe9e5bc5b1445841?s=96&r=g\",\"contentUrl\":\"https:\\\/\\\/secure.gravatar.com\\\/avatar\\\/a5697359f709b6b10d9c7e6a7c89f3e054554dedb4657d5ffe9e5bc5b1445841?s=96&r=g\",\"caption\":\"Mimmi Westerlund\"},\"url\":\"https:\\\/\\\/wp.kristdemokraterna.se\\\/uppsala\\\/author\\\/mimmi\\\/\"}]}<\/script>\n<!-- \/ Yoast SEO plugin. -->","yoast_head_json":{"title":"(KD): Inf\u00f6r palliativt team f\u00f6r kommunens \u00e4ldreboenden | Kristdemokraterna | Uppsala","robots":{"index":"index","follow":"follow","max-snippet":"max-snippet:-1","max-image-preview":"max-image-preview:large","max-video-preview":"max-video-preview:-1"},"canonical":"https:\/\/wp.kristdemokraterna.se\/uppsala\/kd-infor-palliativt-team-for-kommunens-aldreboenden\/","og_locale":"sv_SE","og_type":"article","og_title":"(KD): Inf\u00f6r palliativt team f\u00f6r kommunens \u00e4ldreboenden | Kristdemokraterna | Uppsala","og_description":"11\/3 2017 skriver Kristdemokraterna om palliativ v\u00e5rd i UNT. L\u00e4s artikeln i sin helhet genom att klicka h\u00e4r. Den palliativa v\u00e5rden (v\u00e5rd vid livets slut) \u00e4r mycket viktig f\u00f6r att kunna ge ett s\u00e5 fridfullt avslut som m\u00f6jligt.\u00a0Tyv\u00e4rr \u00e4r den h\u00e4r typen av v\u00e5rd ett eftersatt omr\u00e5de generellt, och personal p\u00e5 v\u00e5ra \u00e4ldreboenden kan i Read More","og_url":"https:\/\/wp.kristdemokraterna.se\/uppsala\/kd-infor-palliativt-team-for-kommunens-aldreboenden\/","og_site_name":"Kristdemokraterna | Uppsala","article_publisher":"https:\/\/www.facebook.com\/UppsalaKD\/","article_published_time":"2017-03-13T08:33:15+00:00","article_modified_time":"2024-04-03T22:43:13+00:00","og_image":[{"width":1920,"height":1280,"url":"http:\/\/wp.kristdemokraterna.se\/uppsala\/files\/2014\/09\/doctor-563428_1920.jpg","type":"image\/jpeg"}],"author":"Mimmi Westerlund","twitter_card":"summary_large_image","twitter_misc":{"Skriven av":"Mimmi Westerlund","Ber\u00e4knad l\u00e4stid":"1 minut"},"schema":{"@context":"https:\/\/schema.org","@graph":[{"@type":"Article","@id":"https:\/\/wp.kristdemokraterna.se\/uppsala\/kd-infor-palliativt-team-for-kommunens-aldreboenden\/#article","isPartOf":{"@id":"https:\/\/wp.kristdemokraterna.se\/uppsala\/kd-infor-palliativt-team-for-kommunens-aldreboenden\/"},"author":{"name":"Mimmi Westerlund","@id":"https:\/\/wp.kristdemokraterna.se\/uppsala\/#\/schema\/person\/038d805d685fb0ce5ad14ab8711d8e84"},"headline":"(KD): Inf\u00f6r palliativt team f\u00f6r kommunens \u00e4ldreboenden","datePublished":"2017-03-13T08:33:15+00:00","dateModified":"2024-04-03T22:43:13+00:00","mainEntityOfPage":{"@id":"https:\/\/wp.kristdemokraterna.se\/uppsala\/kd-infor-palliativt-team-for-kommunens-aldreboenden\/"},"wordCount":228,"publisher":{"@id":"https:\/\/wp.kristdemokraterna.se\/uppsala\/#organization"},"image":{"@id":"https:\/\/wp.kristdemokraterna.se\/uppsala\/kd-infor-palliativt-team-for-kommunens-aldreboenden\/#primaryimage"},"thumbnailUrl":"https:\/\/wp.kristdemokraterna.se\/uppsala\/files\/2014\/09\/doctor-563428_1920.jpg","articleSection":["V\u00e5rd &amp; omsorg"],"inLanguage":"sv-SE"},{"@type":"WebPage","@id":"https:\/\/wp.kristdemokraterna.se\/uppsala\/kd-infor-palliativt-team-for-kommunens-aldreboenden\/","url":"https:\/\/wp.kristdemokraterna.se\/uppsala\/kd-infor-palliativt-team-for-kommunens-aldreboenden\/","name":"(KD): Inf\u00f6r palliativt team f\u00f6r kommunens \u00e4ldreboenden | Kristdemokraterna | Uppsala","isPartOf":{"@id":"https:\/\/wp.kristdemokraterna.se\/uppsala\/#website"},"primaryImageOfPage":{"@id":"https:\/\/wp.kristdemokraterna.se\/uppsala\/kd-infor-palliativt-team-for-kommunens-aldreboenden\/#primaryimage"},"image":{"@id":"https:\/\/wp.kristdemokraterna.se\/uppsala\/kd-infor-palliativt-team-for-kommunens-aldreboenden\/#primaryimage"},"thumbnailUrl":"https:\/\/wp.kristdemokraterna.se\/uppsala\/files\/2014\/09\/doctor-563428_1920.jpg","datePublished":"2017-03-13T08:33:15+00:00","dateModified":"2024-04-03T22:43:13+00:00","breadcrumb":{"@id":"https:\/\/wp.kristdemokraterna.se\/uppsala\/kd-infor-palliativt-team-for-kommunens-aldreboenden\/#breadcrumb"},"inLanguage":"sv-SE","potentialAction":[{"@type":"ReadAction","target":["https:\/\/wp.kristdemokraterna.se\/uppsala\/kd-infor-palliativt-team-for-kommunens-aldreboenden\/"]}]},{"@type":"ImageObject","inLanguage":"sv-SE","@id":"https:\/\/wp.kristdemokraterna.se\/uppsala\/kd-infor-palliativt-team-for-kommunens-aldreboenden\/#primaryimage","url":"https:\/\/wp.kristdemokraterna.se\/uppsala\/files\/2014\/09\/doctor-563428_1920.jpg","contentUrl":"https:\/\/wp.kristdemokraterna.se\/uppsala\/files\/2014\/09\/doctor-563428_1920.jpg","width":1920,"height":1280},{"@type":"BreadcrumbList","@id":"https:\/\/wp.kristdemokraterna.se\/uppsala\/kd-infor-palliativt-team-for-kommunens-aldreboenden\/#breadcrumb","itemListElement":[{"@type":"ListItem","position":1,"name":"Hem","item":"https:\/\/wp.kristdemokraterna.se\/uppsala\/"},{"@type":"ListItem","position":2,"name":"(KD): Inf\u00f6r palliativt team f\u00f6r kommunens \u00e4ldreboenden"}]},{"@type":"WebSite","@id":"https:\/\/wp.kristdemokraterna.se\/uppsala\/#website","url":"https:\/\/wp.kristdemokraterna.se\/uppsala\/","name":"Kristdemokraterna Uppsala","description":"Tryggare Uppsala","publisher":{"@id":"https:\/\/wp.kristdemokraterna.se\/uppsala\/#organization"},"inLanguage":"sv-SE"},{"@type":"Organization","@id":"https:\/\/wp.kristdemokraterna.se\/uppsala\/#organization","name":"Kristdemokraterna Uppsala","url":"https:\/\/wp.kristdemokraterna.se\/uppsala\/","logo":{"@type":"ImageObject","inLanguage":"sv-SE","@id":"https:\/\/wp.kristdemokraterna.se\/uppsala\/#\/schema\/logo\/image\/","url":"https:\/\/wp.kristdemokraterna.se\/uppsala\/files\/2019\/10\/kd-uppsala.png","contentUrl":"https:\/\/wp.kristdemokraterna.se\/uppsala\/files\/2019\/10\/kd-uppsala.png","width":804,"height":421,"caption":"Kristdemokraterna Uppsala"},"image":{"@id":"https:\/\/wp.kristdemokraterna.se\/uppsala\/#\/schema\/logo\/image\/"},"sameAs":["https:\/\/www.facebook.com\/UppsalaKD\/","https:\/\/www.instagram.com\/uppsalakd\/"]},{"@type":"Person","@id":"https:\/\/wp.kristdemokraterna.se\/uppsala\/#\/schema\/person\/038d805d685fb0ce5ad14ab8711d8e84","name":"Mimmi Westerlund","image":{"@type":"ImageObject","inLanguage":"sv-SE","@id":"https:\/\/secure.gravatar.com\/avatar\/a5697359f709b6b10d9c7e6a7c89f3e054554dedb4657d5ffe9e5bc5b1445841?s=96&r=g","url":"https:\/\/secure.gravatar.com\/avatar\/a5697359f709b6b10d9c7e6a7c89f3e054554dedb4657d5ffe9e5bc5b1445841?s=96&r=g","contentUrl":"https:\/\/secure.gravatar.com\/avatar\/a5697359f709b6b10d9c7e6a7c89f3e054554dedb4657d5ffe9e5bc5b1445841?s=96&r=g","caption":"Mimmi Westerlund"},"url":"https:\/\/wp.kristdemokraterna.se\/uppsala\/author\/mimmi\/"}]}},"_links":{"self":[{"href":"https:\/\/wp.kristdemokraterna.se\/uppsala\/wp-json\/wp\/v2\/posts\/2194","targetHints":{"allow":["GET"]}}],"collection":[{"href":"https:\/\/wp.kristdemokraterna.se\/uppsala\/wp-json\/wp\/v2\/posts"}],"about":[{"href":"https:\/\/wp.kristdemokraterna.se\/uppsala\/wp-json\/wp\/v2\/types\/post"}],"author":[{"embeddable":true,"href":"https:\/\/wp.kristdemokraterna.se\/uppsala\/wp-json\/wp\/v2\/users\/702"}],"replies":[{"embeddable":true,"href":"https:\/\/wp.kristdemokraterna.se\/uppsala\/wp-json\/wp\/v2\/comments?post=2194"}],"version-history":[{"count":1,"href":"https:\/\/wp.kristdemokraterna.se\/uppsala\/wp-json\/wp\/v2\/posts\/2194\/revisions"}],"predecessor-version":[{"id":2195,"href":"https:\/\/wp.kristdemokraterna.se\/uppsala\/wp-json\/wp\/v2\/posts\/2194\/revisions\/2195"}],"wp:featuredmedia":[{"embeddable":true,"href":"https:\/\/wp.kristdemokraterna.se\/uppsala\/wp-json\/wp\/v2\/media\/1873"}],"wp:attachment":[{"href":"https:\/\/wp.kristdemokraterna.se\/uppsala\/wp-json\/wp\/v2\/media?parent=2194"}],"wp:term":[{"taxonomy":"category","embeddable":true,"href":"https:\/\/wp.kristdemokraterna.se\/uppsala\/wp-json\/wp\/v2\/categories?post=2194"},{"taxonomy":"post_tag","embeddable":true,"href":"https:\/\/wp.kristdemokraterna.se\/uppsala\/wp-json\/wp\/v2\/tags?post=2194"}],"curies":[{"name":"wp","href":"https:\/\/api.w.org\/{rel}","templated":true}]}}