{"id":2200,"date":"2017-03-15T14:23:46","date_gmt":"2017-03-15T13:23:46","guid":{"rendered":"http:\/\/wp.kristdemokraterna.se\/uppsala\/?p=2200"},"modified":"2024-04-04T00:43:32","modified_gmt":"2024-04-03T22:43:32","slug":"kd-socialismen-slar-mot-de-svagaste","status":"publish","type":"post","link":"https:\/\/wp.kristdemokraterna.se\/uppsala\/kd-socialismen-slar-mot-de-svagaste\/","title":{"rendered":"(KD): Socialismen sl\u00e5r mot de svagaste"},"content":{"rendered":"<p><strong>Kajans friskola tvingas nu st\u00e4nga p\u00e5 grund av den r\u00f6dgr\u00f6na majoriteten i Uppsala kommuns ideologiska kompass.\u00a0Ist\u00e4llet f\u00f6r att fokusera p\u00e5 den kvalitet som Kajan ger till barn med s\u00e4rskilda behov har de r\u00f6dgr\u00f6na politikerna valt att fokusera p\u00e5 \u00e4garformen &#8211; vilket nu resulterar i st\u00e4ngning<\/strong>.<\/p>\n<p>Kajan tappar nu sitt till\u00e4ggsbelopp och tvingas st\u00e4nga. Det finns ingen plan f\u00f6r de elever som drabbas, och det verkar inte heller finnas n\u00e5gon vilja hos Caroline Hoffstedt (S), ordf\u00f6rande i Utbildningsn\u00e4mnden, att f\u00f6rs\u00f6ka r\u00e4dda situationen.<\/p>\n<p>M\u00e5nga barn k\u00e4nner nu en stor oro och m\u00e5nga f\u00f6r\u00e4ldrar vet inte vad de ska ta sig till. De vet inte l\u00e4ngre var de ska placera sina barn.<\/p>\n<blockquote><p>&#8211; De r\u00f6dgr\u00f6na pratar ofta om att de st\u00e5r p\u00e5 de svagas sida men de visar g\u00e5ng p\u00e5 g\u00e5ng p\u00e5 det motsatta i praktiken, s\u00e4ger Jonas Segersam (KD)<\/p>\n<p>&#8211; Det h\u00e4r beslutet grundar sig inte p\u00e5 en vilja att v\u00e4rna eleverna utan \u00e4r ideologiskt motiverat f\u00f6r att bli av med friskolor i kommunen. Det uppr\u00f6r oss kristdemokrater v\u00e4ldigt, avslutar han.<\/p><\/blockquote>\n","protected":false},"excerpt":{"rendered":"<p>Kajans friskola tvingas nu st\u00e4nga p\u00e5 grund av den r\u00f6dgr\u00f6na majoriteten i Uppsala kommuns ideologiska kompass.\u00a0Ist\u00e4llet f\u00f6r att fokusera p\u00e5 den kvalitet som Kajan ger till barn med s\u00e4rskilda behov har de r\u00f6dgr\u00f6na politikerna valt att fokusera p\u00e5 \u00e4garformen &#8211; vilket nu resulterar i st\u00e4ngning. Kajan tappar nu sitt till\u00e4ggsbelopp och tvingas st\u00e4nga. Det finns <a class=\"read-more-link\" href=\"https:\/\/wp.kristdemokraterna.se\/uppsala\/kd-socialismen-slar-mot-de-svagaste\/\">Read More<\/a><\/p>\n","protected":false},"author":702,"featured_media":2201,"comment_status":"closed","ping_status":"closed","sticky":false,"template":"","format":"standard","meta":{"_acf_changed":false,"footnotes":""},"categories":[241],"tags":[],"class_list":["post-2200","post","type-post","status-publish","format-standard","hentry","category-familj-och-skola"],"acf":[],"yoast_head":"<!-- This site is optimized with the Yoast SEO plugin v27.4 - https:\/\/yoast.com\/product\/yoast-seo-wordpress\/ -->\n<title>(KD): Socialismen sl\u00e5r mot de svagaste | Kristdemokraterna | Uppsala<\/title>\n<meta name=\"robots\" content=\"index, follow, max-snippet:-1, max-image-preview:large, max-video-preview:-1\" \/>\n<link rel=\"canonical\" href=\"https:\/\/wp.kristdemokraterna.se\/uppsala\/kd-socialismen-slar-mot-de-svagaste\/\" \/>\n<meta property=\"og:locale\" content=\"sv_SE\" \/>\n<meta property=\"og:type\" content=\"article\" \/>\n<meta property=\"og:title\" content=\"(KD): Socialismen sl\u00e5r mot de svagaste | Kristdemokraterna | Uppsala\" \/>\n<meta property=\"og:description\" content=\"Kajans friskola tvingas nu st\u00e4nga p\u00e5 grund av den r\u00f6dgr\u00f6na majoriteten i Uppsala kommuns ideologiska kompass.\u00a0Ist\u00e4llet f\u00f6r att fokusera p\u00e5 den kvalitet som Kajan ger till barn med s\u00e4rskilda behov har de r\u00f6dgr\u00f6na politikerna valt att fokusera p\u00e5 \u00e4garformen &#8211; vilket nu resulterar i st\u00e4ngning. Kajan tappar nu sitt till\u00e4ggsbelopp och tvingas st\u00e4nga. Det finns Read More\" \/>\n<meta property=\"og:url\" content=\"https:\/\/wp.kristdemokraterna.se\/uppsala\/kd-socialismen-slar-mot-de-svagaste\/\" \/>\n<meta property=\"og:site_name\" content=\"Kristdemokraterna | Uppsala\" \/>\n<meta property=\"article:publisher\" content=\"https:\/\/www.facebook.com\/UppsalaKD\/\" \/>\n<meta property=\"article:published_time\" content=\"2017-03-15T13:23:46+00:00\" \/>\n<meta property=\"article:modified_time\" content=\"2024-04-03T22:43:32+00:00\" \/>\n<meta property=\"og:image\" content=\"http:\/\/wp.kristdemokraterna.se\/uppsala\/files\/2017\/03\/img_0823.jpg\" \/>\n\t<meta property=\"og:image:width\" content=\"1920\" \/>\n\t<meta property=\"og:image:height\" content=\"1280\" \/>\n\t<meta property=\"og:image:type\" content=\"image\/jpeg\" \/>\n<meta name=\"author\" content=\"Mimmi Westerlund\" \/>\n<meta name=\"twitter:card\" content=\"summary_large_image\" \/>\n<meta name=\"twitter:label1\" content=\"Skriven av\" \/>\n\t<meta name=\"twitter:data1\" content=\"Mimmi Westerlund\" \/>\n\t<meta name=\"twitter:label2\" content=\"Ber\u00e4knad l\u00e4stid\" \/>\n\t<meta name=\"twitter:data2\" content=\"1 minut\" \/>\n<script type=\"application\/ld+json\" class=\"yoast-schema-graph\">{\"@context\":\"https:\\\/\\\/schema.org\",\"@graph\":[{\"@type\":\"Article\",\"@id\":\"https:\\\/\\\/wp.kristdemokraterna.se\\\/uppsala\\\/kd-socialismen-slar-mot-de-svagaste\\\/#article\",\"isPartOf\":{\"@id\":\"https:\\\/\\\/wp.kristdemokraterna.se\\\/uppsala\\\/kd-socialismen-slar-mot-de-svagaste\\\/\"},\"author\":{\"name\":\"Mimmi Westerlund\",\"@id\":\"https:\\\/\\\/wp.kristdemokraterna.se\\\/uppsala\\\/#\\\/schema\\\/person\\\/038d805d685fb0ce5ad14ab8711d8e84\"},\"headline\":\"(KD): Socialismen sl\u00e5r mot de svagaste\",\"datePublished\":\"2017-03-15T13:23:46+00:00\",\"dateModified\":\"2024-04-03T22:43:32+00:00\",\"mainEntityOfPage\":{\"@id\":\"https:\\\/\\\/wp.kristdemokraterna.se\\\/uppsala\\\/kd-socialismen-slar-mot-de-svagaste\\\/\"},\"wordCount\":212,\"publisher\":{\"@id\":\"https:\\\/\\\/wp.kristdemokraterna.se\\\/uppsala\\\/#organization\"},\"image\":{\"@id\":\"https:\\\/\\\/wp.kristdemokraterna.se\\\/uppsala\\\/kd-socialismen-slar-mot-de-svagaste\\\/#primaryimage\"},\"thumbnailUrl\":\"https:\\\/\\\/wp.kristdemokraterna.se\\\/uppsala\\\/files\\\/2017\\\/03\\\/img_0823.jpg\",\"articleSection\":[\"Familj &amp; skola\"],\"inLanguage\":\"sv-SE\"},{\"@type\":\"WebPage\",\"@id\":\"https:\\\/\\\/wp.kristdemokraterna.se\\\/uppsala\\\/kd-socialismen-slar-mot-de-svagaste\\\/\",\"url\":\"https:\\\/\\\/wp.kristdemokraterna.se\\\/uppsala\\\/kd-socialismen-slar-mot-de-svagaste\\\/\",\"name\":\"(KD): Socialismen sl\u00e5r mot de svagaste | Kristdemokraterna | Uppsala\",\"isPartOf\":{\"@id\":\"https:\\\/\\\/wp.kristdemokraterna.se\\\/uppsala\\\/#website\"},\"primaryImageOfPage\":{\"@id\":\"https:\\\/\\\/wp.kristdemokraterna.se\\\/uppsala\\\/kd-socialismen-slar-mot-de-svagaste\\\/#primaryimage\"},\"image\":{\"@id\":\"https:\\\/\\\/wp.kristdemokraterna.se\\\/uppsala\\\/kd-socialismen-slar-mot-de-svagaste\\\/#primaryimage\"},\"thumbnailUrl\":\"https:\\\/\\\/wp.kristdemokraterna.se\\\/uppsala\\\/files\\\/2017\\\/03\\\/img_0823.jpg\",\"datePublished\":\"2017-03-15T13:23:46+00:00\",\"dateModified\":\"2024-04-03T22:43:32+00:00\",\"breadcrumb\":{\"@id\":\"https:\\\/\\\/wp.kristdemokraterna.se\\\/uppsala\\\/kd-socialismen-slar-mot-de-svagaste\\\/#breadcrumb\"},\"inLanguage\":\"sv-SE\",\"potentialAction\":[{\"@type\":\"ReadAction\",\"target\":[\"https:\\\/\\\/wp.kristdemokraterna.se\\\/uppsala\\\/kd-socialismen-slar-mot-de-svagaste\\\/\"]}]},{\"@type\":\"ImageObject\",\"inLanguage\":\"sv-SE\",\"@id\":\"https:\\\/\\\/wp.kristdemokraterna.se\\\/uppsala\\\/kd-socialismen-slar-mot-de-svagaste\\\/#primaryimage\",\"url\":\"https:\\\/\\\/wp.kristdemokraterna.se\\\/uppsala\\\/files\\\/2017\\\/03\\\/img_0823.jpg\",\"contentUrl\":\"https:\\\/\\\/wp.kristdemokraterna.se\\\/uppsala\\\/files\\\/2017\\\/03\\\/img_0823.jpg\",\"width\":1920,\"height\":1280},{\"@type\":\"BreadcrumbList\",\"@id\":\"https:\\\/\\\/wp.kristdemokraterna.se\\\/uppsala\\\/kd-socialismen-slar-mot-de-svagaste\\\/#breadcrumb\",\"itemListElement\":[{\"@type\":\"ListItem\",\"position\":1,\"name\":\"Hem\",\"item\":\"https:\\\/\\\/wp.kristdemokraterna.se\\\/uppsala\\\/\"},{\"@type\":\"ListItem\",\"position\":2,\"name\":\"(KD): Socialismen sl\u00e5r mot de svagaste\"}]},{\"@type\":\"WebSite\",\"@id\":\"https:\\\/\\\/wp.kristdemokraterna.se\\\/uppsala\\\/#website\",\"url\":\"https:\\\/\\\/wp.kristdemokraterna.se\\\/uppsala\\\/\",\"name\":\"Kristdemokraterna Uppsala\",\"description\":\"Tryggare Uppsala\",\"publisher\":{\"@id\":\"https:\\\/\\\/wp.kristdemokraterna.se\\\/uppsala\\\/#organization\"},\"inLanguage\":\"sv-SE\"},{\"@type\":\"Organization\",\"@id\":\"https:\\\/\\\/wp.kristdemokraterna.se\\\/uppsala\\\/#organization\",\"name\":\"Kristdemokraterna Uppsala\",\"url\":\"https:\\\/\\\/wp.kristdemokraterna.se\\\/uppsala\\\/\",\"logo\":{\"@type\":\"ImageObject\",\"inLanguage\":\"sv-SE\",\"@id\":\"https:\\\/\\\/wp.kristdemokraterna.se\\\/uppsala\\\/#\\\/schema\\\/logo\\\/image\\\/\",\"url\":\"https:\\\/\\\/wp.kristdemokraterna.se\\\/uppsala\\\/files\\\/2019\\\/10\\\/kd-uppsala.png\",\"contentUrl\":\"https:\\\/\\\/wp.kristdemokraterna.se\\\/uppsala\\\/files\\\/2019\\\/10\\\/kd-uppsala.png\",\"width\":804,\"height\":421,\"caption\":\"Kristdemokraterna Uppsala\"},\"image\":{\"@id\":\"https:\\\/\\\/wp.kristdemokraterna.se\\\/uppsala\\\/#\\\/schema\\\/logo\\\/image\\\/\"},\"sameAs\":[\"https:\\\/\\\/www.facebook.com\\\/UppsalaKD\\\/\",\"https:\\\/\\\/www.instagram.com\\\/uppsalakd\\\/\"]},{\"@type\":\"Person\",\"@id\":\"https:\\\/\\\/wp.kristdemokraterna.se\\\/uppsala\\\/#\\\/schema\\\/person\\\/038d805d685fb0ce5ad14ab8711d8e84\",\"name\":\"Mimmi Westerlund\",\"image\":{\"@type\":\"ImageObject\",\"inLanguage\":\"sv-SE\",\"@id\":\"https:\\\/\\\/secure.gravatar.com\\\/avatar\\\/a5697359f709b6b10d9c7e6a7c89f3e054554dedb4657d5ffe9e5bc5b1445841?s=96&r=g\",\"url\":\"https:\\\/\\\/secure.gravatar.com\\\/avatar\\\/a5697359f709b6b10d9c7e6a7c89f3e054554dedb4657d5ffe9e5bc5b1445841?s=96&r=g\",\"contentUrl\":\"https:\\\/\\\/secure.gravatar.com\\\/avatar\\\/a5697359f709b6b10d9c7e6a7c89f3e054554dedb4657d5ffe9e5bc5b1445841?s=96&r=g\",\"caption\":\"Mimmi Westerlund\"},\"url\":\"https:\\\/\\\/wp.kristdemokraterna.se\\\/uppsala\\\/author\\\/mimmi\\\/\"}]}<\/script>\n<!-- \/ Yoast SEO plugin. -->","yoast_head_json":{"title":"(KD): Socialismen sl\u00e5r mot de svagaste | Kristdemokraterna | Uppsala","robots":{"index":"index","follow":"follow","max-snippet":"max-snippet:-1","max-image-preview":"max-image-preview:large","max-video-preview":"max-video-preview:-1"},"canonical":"https:\/\/wp.kristdemokraterna.se\/uppsala\/kd-socialismen-slar-mot-de-svagaste\/","og_locale":"sv_SE","og_type":"article","og_title":"(KD): Socialismen sl\u00e5r mot de svagaste | Kristdemokraterna | Uppsala","og_description":"Kajans friskola tvingas nu st\u00e4nga p\u00e5 grund av den r\u00f6dgr\u00f6na majoriteten i Uppsala kommuns ideologiska kompass.\u00a0Ist\u00e4llet f\u00f6r att fokusera p\u00e5 den kvalitet som Kajan ger till barn med s\u00e4rskilda behov har de r\u00f6dgr\u00f6na politikerna valt att fokusera p\u00e5 \u00e4garformen &#8211; vilket nu resulterar i st\u00e4ngning. Kajan tappar nu sitt till\u00e4ggsbelopp och tvingas st\u00e4nga. Det finns Read More","og_url":"https:\/\/wp.kristdemokraterna.se\/uppsala\/kd-socialismen-slar-mot-de-svagaste\/","og_site_name":"Kristdemokraterna | Uppsala","article_publisher":"https:\/\/www.facebook.com\/UppsalaKD\/","article_published_time":"2017-03-15T13:23:46+00:00","article_modified_time":"2024-04-03T22:43:32+00:00","og_image":[{"width":1920,"height":1280,"url":"http:\/\/wp.kristdemokraterna.se\/uppsala\/files\/2017\/03\/img_0823.jpg","type":"image\/jpeg"}],"author":"Mimmi Westerlund","twitter_card":"summary_large_image","twitter_misc":{"Skriven av":"Mimmi Westerlund","Ber\u00e4knad l\u00e4stid":"1 minut"},"schema":{"@context":"https:\/\/schema.org","@graph":[{"@type":"Article","@id":"https:\/\/wp.kristdemokraterna.se\/uppsala\/kd-socialismen-slar-mot-de-svagaste\/#article","isPartOf":{"@id":"https:\/\/wp.kristdemokraterna.se\/uppsala\/kd-socialismen-slar-mot-de-svagaste\/"},"author":{"name":"Mimmi Westerlund","@id":"https:\/\/wp.kristdemokraterna.se\/uppsala\/#\/schema\/person\/038d805d685fb0ce5ad14ab8711d8e84"},"headline":"(KD): Socialismen sl\u00e5r mot de svagaste","datePublished":"2017-03-15T13:23:46+00:00","dateModified":"2024-04-03T22:43:32+00:00","mainEntityOfPage":{"@id":"https:\/\/wp.kristdemokraterna.se\/uppsala\/kd-socialismen-slar-mot-de-svagaste\/"},"wordCount":212,"publisher":{"@id":"https:\/\/wp.kristdemokraterna.se\/uppsala\/#organization"},"image":{"@id":"https:\/\/wp.kristdemokraterna.se\/uppsala\/kd-socialismen-slar-mot-de-svagaste\/#primaryimage"},"thumbnailUrl":"https:\/\/wp.kristdemokraterna.se\/uppsala\/files\/2017\/03\/img_0823.jpg","articleSection":["Familj &amp; skola"],"inLanguage":"sv-SE"},{"@type":"WebPage","@id":"https:\/\/wp.kristdemokraterna.se\/uppsala\/kd-socialismen-slar-mot-de-svagaste\/","url":"https:\/\/wp.kristdemokraterna.se\/uppsala\/kd-socialismen-slar-mot-de-svagaste\/","name":"(KD): Socialismen sl\u00e5r mot de svagaste | Kristdemokraterna | Uppsala","isPartOf":{"@id":"https:\/\/wp.kristdemokraterna.se\/uppsala\/#website"},"primaryImageOfPage":{"@id":"https:\/\/wp.kristdemokraterna.se\/uppsala\/kd-socialismen-slar-mot-de-svagaste\/#primaryimage"},"image":{"@id":"https:\/\/wp.kristdemokraterna.se\/uppsala\/kd-socialismen-slar-mot-de-svagaste\/#primaryimage"},"thumbnailUrl":"https:\/\/wp.kristdemokraterna.se\/uppsala\/files\/2017\/03\/img_0823.jpg","datePublished":"2017-03-15T13:23:46+00:00","dateModified":"2024-04-03T22:43:32+00:00","breadcrumb":{"@id":"https:\/\/wp.kristdemokraterna.se\/uppsala\/kd-socialismen-slar-mot-de-svagaste\/#breadcrumb"},"inLanguage":"sv-SE","potentialAction":[{"@type":"ReadAction","target":["https:\/\/wp.kristdemokraterna.se\/uppsala\/kd-socialismen-slar-mot-de-svagaste\/"]}]},{"@type":"ImageObject","inLanguage":"sv-SE","@id":"https:\/\/wp.kristdemokraterna.se\/uppsala\/kd-socialismen-slar-mot-de-svagaste\/#primaryimage","url":"https:\/\/wp.kristdemokraterna.se\/uppsala\/files\/2017\/03\/img_0823.jpg","contentUrl":"https:\/\/wp.kristdemokraterna.se\/uppsala\/files\/2017\/03\/img_0823.jpg","width":1920,"height":1280},{"@type":"BreadcrumbList","@id":"https:\/\/wp.kristdemokraterna.se\/uppsala\/kd-socialismen-slar-mot-de-svagaste\/#breadcrumb","itemListElement":[{"@type":"ListItem","position":1,"name":"Hem","item":"https:\/\/wp.kristdemokraterna.se\/uppsala\/"},{"@type":"ListItem","position":2,"name":"(KD): Socialismen sl\u00e5r mot de svagaste"}]},{"@type":"WebSite","@id":"https:\/\/wp.kristdemokraterna.se\/uppsala\/#website","url":"https:\/\/wp.kristdemokraterna.se\/uppsala\/","name":"Kristdemokraterna Uppsala","description":"Tryggare Uppsala","publisher":{"@id":"https:\/\/wp.kristdemokraterna.se\/uppsala\/#organization"},"inLanguage":"sv-SE"},{"@type":"Organization","@id":"https:\/\/wp.kristdemokraterna.se\/uppsala\/#organization","name":"Kristdemokraterna Uppsala","url":"https:\/\/wp.kristdemokraterna.se\/uppsala\/","logo":{"@type":"ImageObject","inLanguage":"sv-SE","@id":"https:\/\/wp.kristdemokraterna.se\/uppsala\/#\/schema\/logo\/image\/","url":"https:\/\/wp.kristdemokraterna.se\/uppsala\/files\/2019\/10\/kd-uppsala.png","contentUrl":"https:\/\/wp.kristdemokraterna.se\/uppsala\/files\/2019\/10\/kd-uppsala.png","width":804,"height":421,"caption":"Kristdemokraterna Uppsala"},"image":{"@id":"https:\/\/wp.kristdemokraterna.se\/uppsala\/#\/schema\/logo\/image\/"},"sameAs":["https:\/\/www.facebook.com\/UppsalaKD\/","https:\/\/www.instagram.com\/uppsalakd\/"]},{"@type":"Person","@id":"https:\/\/wp.kristdemokraterna.se\/uppsala\/#\/schema\/person\/038d805d685fb0ce5ad14ab8711d8e84","name":"Mimmi Westerlund","image":{"@type":"ImageObject","inLanguage":"sv-SE","@id":"https:\/\/secure.gravatar.com\/avatar\/a5697359f709b6b10d9c7e6a7c89f3e054554dedb4657d5ffe9e5bc5b1445841?s=96&r=g","url":"https:\/\/secure.gravatar.com\/avatar\/a5697359f709b6b10d9c7e6a7c89f3e054554dedb4657d5ffe9e5bc5b1445841?s=96&r=g","contentUrl":"https:\/\/secure.gravatar.com\/avatar\/a5697359f709b6b10d9c7e6a7c89f3e054554dedb4657d5ffe9e5bc5b1445841?s=96&r=g","caption":"Mimmi Westerlund"},"url":"https:\/\/wp.kristdemokraterna.se\/uppsala\/author\/mimmi\/"}]}},"_links":{"self":[{"href":"https:\/\/wp.kristdemokraterna.se\/uppsala\/wp-json\/wp\/v2\/posts\/2200","targetHints":{"allow":["GET"]}}],"collection":[{"href":"https:\/\/wp.kristdemokraterna.se\/uppsala\/wp-json\/wp\/v2\/posts"}],"about":[{"href":"https:\/\/wp.kristdemokraterna.se\/uppsala\/wp-json\/wp\/v2\/types\/post"}],"author":[{"embeddable":true,"href":"https:\/\/wp.kristdemokraterna.se\/uppsala\/wp-json\/wp\/v2\/users\/702"}],"replies":[{"embeddable":true,"href":"https:\/\/wp.kristdemokraterna.se\/uppsala\/wp-json\/wp\/v2\/comments?post=2200"}],"version-history":[{"count":4,"href":"https:\/\/wp.kristdemokraterna.se\/uppsala\/wp-json\/wp\/v2\/posts\/2200\/revisions"}],"predecessor-version":[{"id":2205,"href":"https:\/\/wp.kristdemokraterna.se\/uppsala\/wp-json\/wp\/v2\/posts\/2200\/revisions\/2205"}],"wp:featuredmedia":[{"embeddable":true,"href":"https:\/\/wp.kristdemokraterna.se\/uppsala\/wp-json\/wp\/v2\/media\/2201"}],"wp:attachment":[{"href":"https:\/\/wp.kristdemokraterna.se\/uppsala\/wp-json\/wp\/v2\/media?parent=2200"}],"wp:term":[{"taxonomy":"category","embeddable":true,"href":"https:\/\/wp.kristdemokraterna.se\/uppsala\/wp-json\/wp\/v2\/categories?post=2200"},{"taxonomy":"post_tag","embeddable":true,"href":"https:\/\/wp.kristdemokraterna.se\/uppsala\/wp-json\/wp\/v2\/tags?post=2200"}],"curies":[{"name":"wp","href":"https:\/\/api.w.org\/{rel}","templated":true}]}}