{"id":2215,"date":"2017-03-24T15:36:44","date_gmt":"2017-03-24T14:36:44","guid":{"rendered":"http:\/\/wp.kristdemokraterna.se\/uppsala\/?p=2215"},"modified":"2024-04-04T00:42:37","modified_gmt":"2024-04-03T22:42:37","slug":"kd-dags-att-agera-mot-brottsligheten-vid-resecentrum","status":"publish","type":"post","link":"https:\/\/wp.kristdemokraterna.se\/uppsala\/kd-dags-att-agera-mot-brottsligheten-vid-resecentrum\/","title":{"rendered":"(KD): Dags att agera mot brottsligheten vid resecentrum"},"content":{"rendered":"<p style=\"text-align: left\">Under fredagen rapporterades om ett<br \/>\nv\u00e5ldt\u00e4ktsf\u00f6rs\u00f6k mot en flicka vid Resecentrum i Uppsala vid 9.30-tiden. Polisen har inlett en f\u00f6runders\u00f6kning om f\u00f6rs\u00f6k till v\u00e5ldt\u00e4kt mot barn alternativt sexuellt ofredande.<\/p>\n<p>&#8211; Det \u00e4r fullst\u00e4ndigt oacceptabelt. F\u00f6r\u00e4ldrar ska kunna vara trygga med att deras barn kan g\u00e5 till skolan utan att r\u00e5ka ut f\u00f6r s\u00e5nt h\u00e4r. Vi m\u00e5ste anst\u00e4lla fler poliser, s\u00e4tta upp de utlovade trygghetskamerorna och stoppa heroinv\u00e5gen &#8211; nu! Kommenterar Felicia Sundmark (KD) ordf\u00f6rande i Uppsala.<\/p>\n<p>Kristdemokraterna har i sin lokala budget f\u00f6reslagit 5 miljoner f\u00f6r 10 nya kommunala ordningsvakter.<\/p>\n","protected":false},"excerpt":{"rendered":"<p>Under fredagen rapporterades om ett v\u00e5ldt\u00e4ktsf\u00f6rs\u00f6k mot en flicka vid Resecentrum i Uppsala vid 9.30-tiden. Polisen har inlett en f\u00f6runders\u00f6kning om f\u00f6rs\u00f6k till v\u00e5ldt\u00e4kt mot barn alternativt sexuellt ofredande. &#8211; Det \u00e4r fullst\u00e4ndigt oacceptabelt. F\u00f6r\u00e4ldrar ska kunna vara trygga med att deras barn kan g\u00e5 till skolan utan att r\u00e5ka ut f\u00f6r s\u00e5nt h\u00e4r. Vi <a class=\"read-more-link\" href=\"https:\/\/wp.kristdemokraterna.se\/uppsala\/kd-dags-att-agera-mot-brottsligheten-vid-resecentrum\/\">Read More<\/a><\/p>\n","protected":false},"author":702,"featured_media":2191,"comment_status":"closed","ping_status":"closed","sticky":false,"template":"","format":"standard","meta":{"_acf_changed":false,"footnotes":""},"categories":[249],"tags":[],"class_list":["post-2215","post","type-post","status-publish","format-standard","hentry","category-trygghet-o-sakerhet"],"acf":[],"yoast_head":"<!-- This site is optimized with the Yoast SEO plugin v27.4 - https:\/\/yoast.com\/product\/yoast-seo-wordpress\/ -->\n<title>(KD): Dags att agera mot brottsligheten vid resecentrum | Kristdemokraterna | Uppsala<\/title>\n<meta name=\"robots\" content=\"index, follow, max-snippet:-1, max-image-preview:large, max-video-preview:-1\" \/>\n<link rel=\"canonical\" href=\"https:\/\/wp.kristdemokraterna.se\/uppsala\/kd-dags-att-agera-mot-brottsligheten-vid-resecentrum\/\" \/>\n<meta property=\"og:locale\" content=\"sv_SE\" \/>\n<meta property=\"og:type\" content=\"article\" \/>\n<meta property=\"og:title\" content=\"(KD): Dags att agera mot brottsligheten vid resecentrum | Kristdemokraterna | Uppsala\" \/>\n<meta property=\"og:description\" content=\"Under fredagen rapporterades om ett v\u00e5ldt\u00e4ktsf\u00f6rs\u00f6k mot en flicka vid Resecentrum i Uppsala vid 9.30-tiden. Polisen har inlett en f\u00f6runders\u00f6kning om f\u00f6rs\u00f6k till v\u00e5ldt\u00e4kt mot barn alternativt sexuellt ofredande. &#8211; Det \u00e4r fullst\u00e4ndigt oacceptabelt. F\u00f6r\u00e4ldrar ska kunna vara trygga med att deras barn kan g\u00e5 till skolan utan att r\u00e5ka ut f\u00f6r s\u00e5nt h\u00e4r. Vi Read More\" \/>\n<meta property=\"og:url\" content=\"https:\/\/wp.kristdemokraterna.se\/uppsala\/kd-dags-att-agera-mot-brottsligheten-vid-resecentrum\/\" \/>\n<meta property=\"og:site_name\" content=\"Kristdemokraterna | Uppsala\" \/>\n<meta property=\"article:publisher\" content=\"https:\/\/www.facebook.com\/UppsalaKD\/\" \/>\n<meta property=\"article:published_time\" content=\"2017-03-24T14:36:44+00:00\" \/>\n<meta property=\"article:modified_time\" content=\"2024-04-03T22:42:37+00:00\" \/>\n<meta property=\"og:image\" content=\"http:\/\/wp.kristdemokraterna.se\/uppsala\/files\/2017\/03\/frihet-kraver-trygghet-1.png\" \/>\n\t<meta property=\"og:image:width\" content=\"940\" \/>\n\t<meta property=\"og:image:height\" content=\"788\" \/>\n\t<meta property=\"og:image:type\" content=\"image\/png\" \/>\n<meta name=\"author\" content=\"Mimmi Westerlund\" \/>\n<meta name=\"twitter:card\" content=\"summary_large_image\" \/>\n<meta name=\"twitter:label1\" content=\"Skriven av\" \/>\n\t<meta name=\"twitter:data1\" content=\"Mimmi Westerlund\" \/>\n\t<meta name=\"twitter:label2\" content=\"Ber\u00e4knad l\u00e4stid\" \/>\n\t<meta name=\"twitter:data2\" content=\"1 minut\" \/>\n<script type=\"application\/ld+json\" class=\"yoast-schema-graph\">{\"@context\":\"https:\\\/\\\/schema.org\",\"@graph\":[{\"@type\":\"Article\",\"@id\":\"https:\\\/\\\/wp.kristdemokraterna.se\\\/uppsala\\\/kd-dags-att-agera-mot-brottsligheten-vid-resecentrum\\\/#article\",\"isPartOf\":{\"@id\":\"https:\\\/\\\/wp.kristdemokraterna.se\\\/uppsala\\\/kd-dags-att-agera-mot-brottsligheten-vid-resecentrum\\\/\"},\"author\":{\"name\":\"Mimmi Westerlund\",\"@id\":\"https:\\\/\\\/wp.kristdemokraterna.se\\\/uppsala\\\/#\\\/schema\\\/person\\\/038d805d685fb0ce5ad14ab8711d8e84\"},\"headline\":\"(KD): Dags att agera mot brottsligheten vid resecentrum\",\"datePublished\":\"2017-03-24T14:36:44+00:00\",\"dateModified\":\"2024-04-03T22:42:37+00:00\",\"mainEntityOfPage\":{\"@id\":\"https:\\\/\\\/wp.kristdemokraterna.se\\\/uppsala\\\/kd-dags-att-agera-mot-brottsligheten-vid-resecentrum\\\/\"},\"wordCount\":120,\"publisher\":{\"@id\":\"https:\\\/\\\/wp.kristdemokraterna.se\\\/uppsala\\\/#organization\"},\"image\":{\"@id\":\"https:\\\/\\\/wp.kristdemokraterna.se\\\/uppsala\\\/kd-dags-att-agera-mot-brottsligheten-vid-resecentrum\\\/#primaryimage\"},\"thumbnailUrl\":\"https:\\\/\\\/wp.kristdemokraterna.se\\\/uppsala\\\/files\\\/2017\\\/03\\\/frihet-kraver-trygghet-1.png\",\"articleSection\":[\"Trygghet &amp; S\u00e4kerhet\"],\"inLanguage\":\"sv-SE\"},{\"@type\":\"WebPage\",\"@id\":\"https:\\\/\\\/wp.kristdemokraterna.se\\\/uppsala\\\/kd-dags-att-agera-mot-brottsligheten-vid-resecentrum\\\/\",\"url\":\"https:\\\/\\\/wp.kristdemokraterna.se\\\/uppsala\\\/kd-dags-att-agera-mot-brottsligheten-vid-resecentrum\\\/\",\"name\":\"(KD): Dags att agera mot brottsligheten vid resecentrum | Kristdemokraterna | Uppsala\",\"isPartOf\":{\"@id\":\"https:\\\/\\\/wp.kristdemokraterna.se\\\/uppsala\\\/#website\"},\"primaryImageOfPage\":{\"@id\":\"https:\\\/\\\/wp.kristdemokraterna.se\\\/uppsala\\\/kd-dags-att-agera-mot-brottsligheten-vid-resecentrum\\\/#primaryimage\"},\"image\":{\"@id\":\"https:\\\/\\\/wp.kristdemokraterna.se\\\/uppsala\\\/kd-dags-att-agera-mot-brottsligheten-vid-resecentrum\\\/#primaryimage\"},\"thumbnailUrl\":\"https:\\\/\\\/wp.kristdemokraterna.se\\\/uppsala\\\/files\\\/2017\\\/03\\\/frihet-kraver-trygghet-1.png\",\"datePublished\":\"2017-03-24T14:36:44+00:00\",\"dateModified\":\"2024-04-03T22:42:37+00:00\",\"breadcrumb\":{\"@id\":\"https:\\\/\\\/wp.kristdemokraterna.se\\\/uppsala\\\/kd-dags-att-agera-mot-brottsligheten-vid-resecentrum\\\/#breadcrumb\"},\"inLanguage\":\"sv-SE\",\"potentialAction\":[{\"@type\":\"ReadAction\",\"target\":[\"https:\\\/\\\/wp.kristdemokraterna.se\\\/uppsala\\\/kd-dags-att-agera-mot-brottsligheten-vid-resecentrum\\\/\"]}]},{\"@type\":\"ImageObject\",\"inLanguage\":\"sv-SE\",\"@id\":\"https:\\\/\\\/wp.kristdemokraterna.se\\\/uppsala\\\/kd-dags-att-agera-mot-brottsligheten-vid-resecentrum\\\/#primaryimage\",\"url\":\"https:\\\/\\\/wp.kristdemokraterna.se\\\/uppsala\\\/files\\\/2017\\\/03\\\/frihet-kraver-trygghet-1.png\",\"contentUrl\":\"https:\\\/\\\/wp.kristdemokraterna.se\\\/uppsala\\\/files\\\/2017\\\/03\\\/frihet-kraver-trygghet-1.png\",\"width\":940,\"height\":788},{\"@type\":\"BreadcrumbList\",\"@id\":\"https:\\\/\\\/wp.kristdemokraterna.se\\\/uppsala\\\/kd-dags-att-agera-mot-brottsligheten-vid-resecentrum\\\/#breadcrumb\",\"itemListElement\":[{\"@type\":\"ListItem\",\"position\":1,\"name\":\"Hem\",\"item\":\"https:\\\/\\\/wp.kristdemokraterna.se\\\/uppsala\\\/\"},{\"@type\":\"ListItem\",\"position\":2,\"name\":\"(KD): Dags att agera mot brottsligheten vid resecentrum\"}]},{\"@type\":\"WebSite\",\"@id\":\"https:\\\/\\\/wp.kristdemokraterna.se\\\/uppsala\\\/#website\",\"url\":\"https:\\\/\\\/wp.kristdemokraterna.se\\\/uppsala\\\/\",\"name\":\"Kristdemokraterna Uppsala\",\"description\":\"Tryggare Uppsala\",\"publisher\":{\"@id\":\"https:\\\/\\\/wp.kristdemokraterna.se\\\/uppsala\\\/#organization\"},\"inLanguage\":\"sv-SE\"},{\"@type\":\"Organization\",\"@id\":\"https:\\\/\\\/wp.kristdemokraterna.se\\\/uppsala\\\/#organization\",\"name\":\"Kristdemokraterna Uppsala\",\"url\":\"https:\\\/\\\/wp.kristdemokraterna.se\\\/uppsala\\\/\",\"logo\":{\"@type\":\"ImageObject\",\"inLanguage\":\"sv-SE\",\"@id\":\"https:\\\/\\\/wp.kristdemokraterna.se\\\/uppsala\\\/#\\\/schema\\\/logo\\\/image\\\/\",\"url\":\"https:\\\/\\\/wp.kristdemokraterna.se\\\/uppsala\\\/files\\\/2019\\\/10\\\/kd-uppsala.png\",\"contentUrl\":\"https:\\\/\\\/wp.kristdemokraterna.se\\\/uppsala\\\/files\\\/2019\\\/10\\\/kd-uppsala.png\",\"width\":804,\"height\":421,\"caption\":\"Kristdemokraterna Uppsala\"},\"image\":{\"@id\":\"https:\\\/\\\/wp.kristdemokraterna.se\\\/uppsala\\\/#\\\/schema\\\/logo\\\/image\\\/\"},\"sameAs\":[\"https:\\\/\\\/www.facebook.com\\\/UppsalaKD\\\/\",\"https:\\\/\\\/www.instagram.com\\\/uppsalakd\\\/\"]},{\"@type\":\"Person\",\"@id\":\"https:\\\/\\\/wp.kristdemokraterna.se\\\/uppsala\\\/#\\\/schema\\\/person\\\/038d805d685fb0ce5ad14ab8711d8e84\",\"name\":\"Mimmi Westerlund\",\"image\":{\"@type\":\"ImageObject\",\"inLanguage\":\"sv-SE\",\"@id\":\"https:\\\/\\\/secure.gravatar.com\\\/avatar\\\/a5697359f709b6b10d9c7e6a7c89f3e054554dedb4657d5ffe9e5bc5b1445841?s=96&r=g\",\"url\":\"https:\\\/\\\/secure.gravatar.com\\\/avatar\\\/a5697359f709b6b10d9c7e6a7c89f3e054554dedb4657d5ffe9e5bc5b1445841?s=96&r=g\",\"contentUrl\":\"https:\\\/\\\/secure.gravatar.com\\\/avatar\\\/a5697359f709b6b10d9c7e6a7c89f3e054554dedb4657d5ffe9e5bc5b1445841?s=96&r=g\",\"caption\":\"Mimmi Westerlund\"},\"url\":\"https:\\\/\\\/wp.kristdemokraterna.se\\\/uppsala\\\/author\\\/mimmi\\\/\"}]}<\/script>\n<!-- \/ Yoast SEO plugin. -->","yoast_head_json":{"title":"(KD): Dags att agera mot brottsligheten vid resecentrum | Kristdemokraterna | Uppsala","robots":{"index":"index","follow":"follow","max-snippet":"max-snippet:-1","max-image-preview":"max-image-preview:large","max-video-preview":"max-video-preview:-1"},"canonical":"https:\/\/wp.kristdemokraterna.se\/uppsala\/kd-dags-att-agera-mot-brottsligheten-vid-resecentrum\/","og_locale":"sv_SE","og_type":"article","og_title":"(KD): Dags att agera mot brottsligheten vid resecentrum | Kristdemokraterna | Uppsala","og_description":"Under fredagen rapporterades om ett v\u00e5ldt\u00e4ktsf\u00f6rs\u00f6k mot en flicka vid Resecentrum i Uppsala vid 9.30-tiden. Polisen har inlett en f\u00f6runders\u00f6kning om f\u00f6rs\u00f6k till v\u00e5ldt\u00e4kt mot barn alternativt sexuellt ofredande. &#8211; Det \u00e4r fullst\u00e4ndigt oacceptabelt. F\u00f6r\u00e4ldrar ska kunna vara trygga med att deras barn kan g\u00e5 till skolan utan att r\u00e5ka ut f\u00f6r s\u00e5nt h\u00e4r. Vi Read More","og_url":"https:\/\/wp.kristdemokraterna.se\/uppsala\/kd-dags-att-agera-mot-brottsligheten-vid-resecentrum\/","og_site_name":"Kristdemokraterna | Uppsala","article_publisher":"https:\/\/www.facebook.com\/UppsalaKD\/","article_published_time":"2017-03-24T14:36:44+00:00","article_modified_time":"2024-04-03T22:42:37+00:00","og_image":[{"width":940,"height":788,"url":"http:\/\/wp.kristdemokraterna.se\/uppsala\/files\/2017\/03\/frihet-kraver-trygghet-1.png","type":"image\/png"}],"author":"Mimmi Westerlund","twitter_card":"summary_large_image","twitter_misc":{"Skriven av":"Mimmi Westerlund","Ber\u00e4knad l\u00e4stid":"1 minut"},"schema":{"@context":"https:\/\/schema.org","@graph":[{"@type":"Article","@id":"https:\/\/wp.kristdemokraterna.se\/uppsala\/kd-dags-att-agera-mot-brottsligheten-vid-resecentrum\/#article","isPartOf":{"@id":"https:\/\/wp.kristdemokraterna.se\/uppsala\/kd-dags-att-agera-mot-brottsligheten-vid-resecentrum\/"},"author":{"name":"Mimmi Westerlund","@id":"https:\/\/wp.kristdemokraterna.se\/uppsala\/#\/schema\/person\/038d805d685fb0ce5ad14ab8711d8e84"},"headline":"(KD): Dags att agera mot brottsligheten vid resecentrum","datePublished":"2017-03-24T14:36:44+00:00","dateModified":"2024-04-03T22:42:37+00:00","mainEntityOfPage":{"@id":"https:\/\/wp.kristdemokraterna.se\/uppsala\/kd-dags-att-agera-mot-brottsligheten-vid-resecentrum\/"},"wordCount":120,"publisher":{"@id":"https:\/\/wp.kristdemokraterna.se\/uppsala\/#organization"},"image":{"@id":"https:\/\/wp.kristdemokraterna.se\/uppsala\/kd-dags-att-agera-mot-brottsligheten-vid-resecentrum\/#primaryimage"},"thumbnailUrl":"https:\/\/wp.kristdemokraterna.se\/uppsala\/files\/2017\/03\/frihet-kraver-trygghet-1.png","articleSection":["Trygghet &amp; S\u00e4kerhet"],"inLanguage":"sv-SE"},{"@type":"WebPage","@id":"https:\/\/wp.kristdemokraterna.se\/uppsala\/kd-dags-att-agera-mot-brottsligheten-vid-resecentrum\/","url":"https:\/\/wp.kristdemokraterna.se\/uppsala\/kd-dags-att-agera-mot-brottsligheten-vid-resecentrum\/","name":"(KD): Dags att agera mot brottsligheten vid resecentrum | Kristdemokraterna | Uppsala","isPartOf":{"@id":"https:\/\/wp.kristdemokraterna.se\/uppsala\/#website"},"primaryImageOfPage":{"@id":"https:\/\/wp.kristdemokraterna.se\/uppsala\/kd-dags-att-agera-mot-brottsligheten-vid-resecentrum\/#primaryimage"},"image":{"@id":"https:\/\/wp.kristdemokraterna.se\/uppsala\/kd-dags-att-agera-mot-brottsligheten-vid-resecentrum\/#primaryimage"},"thumbnailUrl":"https:\/\/wp.kristdemokraterna.se\/uppsala\/files\/2017\/03\/frihet-kraver-trygghet-1.png","datePublished":"2017-03-24T14:36:44+00:00","dateModified":"2024-04-03T22:42:37+00:00","breadcrumb":{"@id":"https:\/\/wp.kristdemokraterna.se\/uppsala\/kd-dags-att-agera-mot-brottsligheten-vid-resecentrum\/#breadcrumb"},"inLanguage":"sv-SE","potentialAction":[{"@type":"ReadAction","target":["https:\/\/wp.kristdemokraterna.se\/uppsala\/kd-dags-att-agera-mot-brottsligheten-vid-resecentrum\/"]}]},{"@type":"ImageObject","inLanguage":"sv-SE","@id":"https:\/\/wp.kristdemokraterna.se\/uppsala\/kd-dags-att-agera-mot-brottsligheten-vid-resecentrum\/#primaryimage","url":"https:\/\/wp.kristdemokraterna.se\/uppsala\/files\/2017\/03\/frihet-kraver-trygghet-1.png","contentUrl":"https:\/\/wp.kristdemokraterna.se\/uppsala\/files\/2017\/03\/frihet-kraver-trygghet-1.png","width":940,"height":788},{"@type":"BreadcrumbList","@id":"https:\/\/wp.kristdemokraterna.se\/uppsala\/kd-dags-att-agera-mot-brottsligheten-vid-resecentrum\/#breadcrumb","itemListElement":[{"@type":"ListItem","position":1,"name":"Hem","item":"https:\/\/wp.kristdemokraterna.se\/uppsala\/"},{"@type":"ListItem","position":2,"name":"(KD): Dags att agera mot brottsligheten vid resecentrum"}]},{"@type":"WebSite","@id":"https:\/\/wp.kristdemokraterna.se\/uppsala\/#website","url":"https:\/\/wp.kristdemokraterna.se\/uppsala\/","name":"Kristdemokraterna Uppsala","description":"Tryggare Uppsala","publisher":{"@id":"https:\/\/wp.kristdemokraterna.se\/uppsala\/#organization"},"inLanguage":"sv-SE"},{"@type":"Organization","@id":"https:\/\/wp.kristdemokraterna.se\/uppsala\/#organization","name":"Kristdemokraterna Uppsala","url":"https:\/\/wp.kristdemokraterna.se\/uppsala\/","logo":{"@type":"ImageObject","inLanguage":"sv-SE","@id":"https:\/\/wp.kristdemokraterna.se\/uppsala\/#\/schema\/logo\/image\/","url":"https:\/\/wp.kristdemokraterna.se\/uppsala\/files\/2019\/10\/kd-uppsala.png","contentUrl":"https:\/\/wp.kristdemokraterna.se\/uppsala\/files\/2019\/10\/kd-uppsala.png","width":804,"height":421,"caption":"Kristdemokraterna Uppsala"},"image":{"@id":"https:\/\/wp.kristdemokraterna.se\/uppsala\/#\/schema\/logo\/image\/"},"sameAs":["https:\/\/www.facebook.com\/UppsalaKD\/","https:\/\/www.instagram.com\/uppsalakd\/"]},{"@type":"Person","@id":"https:\/\/wp.kristdemokraterna.se\/uppsala\/#\/schema\/person\/038d805d685fb0ce5ad14ab8711d8e84","name":"Mimmi Westerlund","image":{"@type":"ImageObject","inLanguage":"sv-SE","@id":"https:\/\/secure.gravatar.com\/avatar\/a5697359f709b6b10d9c7e6a7c89f3e054554dedb4657d5ffe9e5bc5b1445841?s=96&r=g","url":"https:\/\/secure.gravatar.com\/avatar\/a5697359f709b6b10d9c7e6a7c89f3e054554dedb4657d5ffe9e5bc5b1445841?s=96&r=g","contentUrl":"https:\/\/secure.gravatar.com\/avatar\/a5697359f709b6b10d9c7e6a7c89f3e054554dedb4657d5ffe9e5bc5b1445841?s=96&r=g","caption":"Mimmi Westerlund"},"url":"https:\/\/wp.kristdemokraterna.se\/uppsala\/author\/mimmi\/"}]}},"_links":{"self":[{"href":"https:\/\/wp.kristdemokraterna.se\/uppsala\/wp-json\/wp\/v2\/posts\/2215","targetHints":{"allow":["GET"]}}],"collection":[{"href":"https:\/\/wp.kristdemokraterna.se\/uppsala\/wp-json\/wp\/v2\/posts"}],"about":[{"href":"https:\/\/wp.kristdemokraterna.se\/uppsala\/wp-json\/wp\/v2\/types\/post"}],"author":[{"embeddable":true,"href":"https:\/\/wp.kristdemokraterna.se\/uppsala\/wp-json\/wp\/v2\/users\/702"}],"replies":[{"embeddable":true,"href":"https:\/\/wp.kristdemokraterna.se\/uppsala\/wp-json\/wp\/v2\/comments?post=2215"}],"version-history":[{"count":1,"href":"https:\/\/wp.kristdemokraterna.se\/uppsala\/wp-json\/wp\/v2\/posts\/2215\/revisions"}],"predecessor-version":[{"id":2217,"href":"https:\/\/wp.kristdemokraterna.se\/uppsala\/wp-json\/wp\/v2\/posts\/2215\/revisions\/2217"}],"wp:featuredmedia":[{"embeddable":true,"href":"https:\/\/wp.kristdemokraterna.se\/uppsala\/wp-json\/wp\/v2\/media\/2191"}],"wp:attachment":[{"href":"https:\/\/wp.kristdemokraterna.se\/uppsala\/wp-json\/wp\/v2\/media?parent=2215"}],"wp:term":[{"taxonomy":"category","embeddable":true,"href":"https:\/\/wp.kristdemokraterna.se\/uppsala\/wp-json\/wp\/v2\/categories?post=2215"},{"taxonomy":"post_tag","embeddable":true,"href":"https:\/\/wp.kristdemokraterna.se\/uppsala\/wp-json\/wp\/v2\/tags?post=2215"}],"curies":[{"name":"wp","href":"https:\/\/api.w.org\/{rel}","templated":true}]}}