{"id":2219,"date":"2017-03-27T14:08:06","date_gmt":"2017-03-27T12:08:06","guid":{"rendered":"http:\/\/wp.kristdemokraterna.se\/uppsala\/?p=2219"},"modified":"2024-04-04T00:42:15","modified_gmt":"2024-04-03T22:42:15","slug":"2219-2","status":"publish","type":"post","link":"https:\/\/wp.kristdemokraterna.se\/uppsala\/2219-2\/","title":{"rendered":"(KD): Hur g\u00e5r det med kommunala ordningsvakter?"},"content":{"rendered":"<p><strong>2017-03-27<\/strong><\/p>\n<p><strong>Interpellation av Jonas Segersam (KD) om kommunala ordningsvakter <\/strong><\/p>\n<p><strong>Vi kristdemokrater f\u00f6rslog i v\u00e5r budget att kommunen till att b\u00f6rja med borde anst\u00e4lla 10 kommunala ordningsvakter. Bakgrunden \u00e4r naturligtvis den \u00f6kning av brott i centrala Uppsala \u2013 d\u00e4r personr\u00e5n och sexuella v\u00e5ldsbrott \u00f6kat med 30-40% p\u00e5 senare tid. Vi ser ocks\u00e5 flera exempel p\u00e5 oro i stadens ytteromr\u00e5den med stenkastning och bilbr\u00e4nder, d\u00e4r en \u00f6kad n\u00e4rvaro av personal med ordningsfunktion \u00e4r \u00f6nskv\u00e4rd.<\/strong><\/p>\n<p>Naturligtvis \u00e4r det i f\u00f6rsta hand polisens uppgift att utreda, lagf\u00f6ra och st\u00e4vja brott. Men med tanke p\u00e5 polisens begr\u00e4nsade resurser \u00e4r det sj\u00e4lvklart ett bra komplement med mer uniformerad personal f\u00f6r att skapa trygghet. P\u00e5 resecentrum har ett m\u00e5lmedvetet arbete skett med alla intressenter, exempelvis kommun, polis och fastighets\u00e4gare, som ocks\u00e5 visat sig f\u00e5 resultat. Det \u00e4r ett arbete som b\u00f6r spridas.<\/p>\n<p><strong>Ordningsvakter s\u00e5 v\u00e4l som frivilliga bidrar till en deskalering och en trygghet. Vuxna p\u00e5 stan och andra organisationer som finns ute i milj\u00f6er med social oro och \u00f6kad brottsrisk bidrar p\u00e5 ett utm\u00e4rkt s\u00e4tt, och kommunens st\u00f6d av civilsamh\u00e4llet p\u00e5 detta omr\u00e5de som p\u00e5 m\u00e5nga andra beh\u00f6ver f\u00f6rb\u00e4ttras. Genom en palett av \u00e5tg\u00e4rder kan vi bidra till en \u00f6kad trygghet och samh\u00e4llsgemenskap i Uppsala.<\/strong><\/p>\n<p>Kommunen har redan idag personal i olika funktioner som finns ute i gatubilden och bidrar till n\u00e4rvaro och ordning. En m\u00f6jlighet skulle kunna vara att ut\u00f6ka eller samordna arbetsuppgifterna f\u00f6r dessa personer s\u00e5 att de \u00e4ven delvis kan fylla en funktion att bidra till ordning och trygghet. Det skulle ocks\u00e5 kunna finnas en m\u00f6jlighet att frig\u00f6ra resurser genom att v\u00e4ktartj\u00e4nster som idag k\u00f6ps in externt kan g\u00f6ras om till kommunanst\u00e4llda ordningsvakter. \u00c4ven brandf\u00f6rsvaret \u00e4r en del av kommunens verksamhet som skulle kunna utveckla sitt arbete p\u00e5 detta omr\u00e5de. Som det \u00e4r idag m\u00e5ste de i vissa l\u00e4gen inv\u00e4nta polisen i st\u00e4llet f\u00f6r att kunna fullg\u00f6ra sina egna k\u00e4rnuppgifter. Med egen personal anst\u00e4lld med kompetens att arbeta mer proaktivt gentemot s\u00e4kerhetsrisker skulle arbetet kunna effektiviseras. Dessutom har brandf\u00f6rsvarets personal ofta tid f\u00f6r \u00f6vning som skulle kunna f\u00f6rl\u00e4ggas till omr\u00e5den d\u00e4r \u00f6kad n\u00e4rvaro och f\u00f6rtroendebyggande \u00e4r \u00f6nskv\u00e4rd.<\/p>\n<p><strong>Jag vill d\u00e4rf\u00f6r fr\u00e5ga kommunstyrelsens ordf\u00f6rande, Marlene Burwick (S)<\/strong><\/p>\n<ul>\n<li>Hur m\u00e5nga ordningsvakter anlitar kommunen i dag p\u00e5 olika s\u00e4tt, b\u00e5de f\u00f6r bevakning av exempelvis de fastigheter som kommunen nyttjar och\/eller \u00e4ger, och genom de olika bolag som finns i kommunkoncernen?<\/li>\n<li>Hur m\u00e5nga parkeringsvakter finns anst\u00e4llda i Uppsala kommun, och skulle dessa kunna fullg\u00f6ra andra arbetsuppgifter som exempelvis ordningsvakter?<\/li>\n<li>Skulle brandf\u00f6rsvaret kunna avdela personal f\u00f6r att bidra till att uppr\u00e4tth\u00e5lla ordning och arbeta proaktivt f\u00f6r en b\u00e4ttre trygghet och s\u00e4kerhet?<\/li>\n<\/ul>\n<p>Jonas Segersam (KD)<\/p>\n<p>Kommunalr\u00e5d<\/p>\n","protected":false},"excerpt":{"rendered":"<p>2017-03-27 Interpellation av Jonas Segersam (KD) om kommunala ordningsvakter Vi kristdemokrater f\u00f6rslog i v\u00e5r budget att kommunen till att b\u00f6rja med borde anst\u00e4lla 10 kommunala ordningsvakter. Bakgrunden \u00e4r naturligtvis den \u00f6kning av brott i centrala Uppsala \u2013 d\u00e4r personr\u00e5n och sexuella v\u00e5ldsbrott \u00f6kat med 30-40% p\u00e5 senare tid. Vi ser ocks\u00e5 flera exempel p\u00e5 oro <a class=\"read-more-link\" href=\"https:\/\/wp.kristdemokraterna.se\/uppsala\/2219-2\/\">Read More<\/a><\/p>\n","protected":false},"author":702,"featured_media":2178,"comment_status":"closed","ping_status":"closed","sticky":false,"template":"","format":"standard","meta":{"_acf_changed":false,"footnotes":""},"categories":[249],"tags":[],"class_list":["post-2219","post","type-post","status-publish","format-standard","hentry","category-trygghet-o-sakerhet"],"acf":[],"yoast_head":"<!-- This site is optimized with the Yoast SEO plugin v27.4 - https:\/\/yoast.com\/product\/yoast-seo-wordpress\/ -->\n<title>(KD): Hur g\u00e5r det med kommunala ordningsvakter? | Kristdemokraterna | Uppsala<\/title>\n<meta name=\"robots\" content=\"index, follow, max-snippet:-1, max-image-preview:large, max-video-preview:-1\" \/>\n<link rel=\"canonical\" href=\"https:\/\/wp.kristdemokraterna.se\/uppsala\/2219-2\/\" \/>\n<meta property=\"og:locale\" content=\"sv_SE\" \/>\n<meta property=\"og:type\" content=\"article\" \/>\n<meta property=\"og:title\" content=\"(KD): Hur g\u00e5r det med kommunala ordningsvakter? | Kristdemokraterna | Uppsala\" \/>\n<meta property=\"og:description\" content=\"2017-03-27 Interpellation av Jonas Segersam (KD) om kommunala ordningsvakter Vi kristdemokrater f\u00f6rslog i v\u00e5r budget att kommunen till att b\u00f6rja med borde anst\u00e4lla 10 kommunala ordningsvakter. Bakgrunden \u00e4r naturligtvis den \u00f6kning av brott i centrala Uppsala \u2013 d\u00e4r personr\u00e5n och sexuella v\u00e5ldsbrott \u00f6kat med 30-40% p\u00e5 senare tid. Vi ser ocks\u00e5 flera exempel p\u00e5 oro Read More\" \/>\n<meta property=\"og:url\" content=\"https:\/\/wp.kristdemokraterna.se\/uppsala\/2219-2\/\" \/>\n<meta property=\"og:site_name\" content=\"Kristdemokraterna | Uppsala\" \/>\n<meta property=\"article:publisher\" content=\"https:\/\/www.facebook.com\/UppsalaKD\/\" \/>\n<meta property=\"article:published_time\" content=\"2017-03-27T12:08:06+00:00\" \/>\n<meta property=\"article:modified_time\" content=\"2024-04-03T22:42:15+00:00\" \/>\n<meta property=\"og:image\" content=\"http:\/\/wp.kristdemokraterna.se\/uppsala\/files\/2017\/03\/car-1531277_1920.jpg\" \/>\n\t<meta property=\"og:image:width\" content=\"1920\" \/>\n\t<meta property=\"og:image:height\" content=\"1281\" \/>\n\t<meta property=\"og:image:type\" content=\"image\/jpeg\" \/>\n<meta name=\"author\" content=\"Mimmi Westerlund\" \/>\n<meta name=\"twitter:card\" content=\"summary_large_image\" \/>\n<meta name=\"twitter:label1\" content=\"Skriven av\" \/>\n\t<meta name=\"twitter:data1\" content=\"Mimmi Westerlund\" \/>\n\t<meta name=\"twitter:label2\" content=\"Ber\u00e4knad l\u00e4stid\" \/>\n\t<meta name=\"twitter:data2\" content=\"3 minuter\" \/>\n<script type=\"application\/ld+json\" class=\"yoast-schema-graph\">{\"@context\":\"https:\\\/\\\/schema.org\",\"@graph\":[{\"@type\":\"Article\",\"@id\":\"https:\\\/\\\/wp.kristdemokraterna.se\\\/uppsala\\\/2219-2\\\/#article\",\"isPartOf\":{\"@id\":\"https:\\\/\\\/wp.kristdemokraterna.se\\\/uppsala\\\/2219-2\\\/\"},\"author\":{\"name\":\"Mimmi Westerlund\",\"@id\":\"https:\\\/\\\/wp.kristdemokraterna.se\\\/uppsala\\\/#\\\/schema\\\/person\\\/038d805d685fb0ce5ad14ab8711d8e84\"},\"headline\":\"(KD): Hur g\u00e5r det med kommunala ordningsvakter?\",\"datePublished\":\"2017-03-27T12:08:06+00:00\",\"dateModified\":\"2024-04-03T22:42:15+00:00\",\"mainEntityOfPage\":{\"@id\":\"https:\\\/\\\/wp.kristdemokraterna.se\\\/uppsala\\\/2219-2\\\/\"},\"wordCount\":519,\"publisher\":{\"@id\":\"https:\\\/\\\/wp.kristdemokraterna.se\\\/uppsala\\\/#organization\"},\"image\":{\"@id\":\"https:\\\/\\\/wp.kristdemokraterna.se\\\/uppsala\\\/2219-2\\\/#primaryimage\"},\"thumbnailUrl\":\"https:\\\/\\\/wp.kristdemokraterna.se\\\/uppsala\\\/files\\\/2017\\\/03\\\/car-1531277_1920.jpg\",\"articleSection\":[\"Trygghet &amp; S\u00e4kerhet\"],\"inLanguage\":\"sv-SE\"},{\"@type\":\"WebPage\",\"@id\":\"https:\\\/\\\/wp.kristdemokraterna.se\\\/uppsala\\\/2219-2\\\/\",\"url\":\"https:\\\/\\\/wp.kristdemokraterna.se\\\/uppsala\\\/2219-2\\\/\",\"name\":\"(KD): Hur g\u00e5r det med kommunala ordningsvakter? | Kristdemokraterna | Uppsala\",\"isPartOf\":{\"@id\":\"https:\\\/\\\/wp.kristdemokraterna.se\\\/uppsala\\\/#website\"},\"primaryImageOfPage\":{\"@id\":\"https:\\\/\\\/wp.kristdemokraterna.se\\\/uppsala\\\/2219-2\\\/#primaryimage\"},\"image\":{\"@id\":\"https:\\\/\\\/wp.kristdemokraterna.se\\\/uppsala\\\/2219-2\\\/#primaryimage\"},\"thumbnailUrl\":\"https:\\\/\\\/wp.kristdemokraterna.se\\\/uppsala\\\/files\\\/2017\\\/03\\\/car-1531277_1920.jpg\",\"datePublished\":\"2017-03-27T12:08:06+00:00\",\"dateModified\":\"2024-04-03T22:42:15+00:00\",\"breadcrumb\":{\"@id\":\"https:\\\/\\\/wp.kristdemokraterna.se\\\/uppsala\\\/2219-2\\\/#breadcrumb\"},\"inLanguage\":\"sv-SE\",\"potentialAction\":[{\"@type\":\"ReadAction\",\"target\":[\"https:\\\/\\\/wp.kristdemokraterna.se\\\/uppsala\\\/2219-2\\\/\"]}]},{\"@type\":\"ImageObject\",\"inLanguage\":\"sv-SE\",\"@id\":\"https:\\\/\\\/wp.kristdemokraterna.se\\\/uppsala\\\/2219-2\\\/#primaryimage\",\"url\":\"https:\\\/\\\/wp.kristdemokraterna.se\\\/uppsala\\\/files\\\/2017\\\/03\\\/car-1531277_1920.jpg\",\"contentUrl\":\"https:\\\/\\\/wp.kristdemokraterna.se\\\/uppsala\\\/files\\\/2017\\\/03\\\/car-1531277_1920.jpg\",\"width\":1920,\"height\":1281},{\"@type\":\"BreadcrumbList\",\"@id\":\"https:\\\/\\\/wp.kristdemokraterna.se\\\/uppsala\\\/2219-2\\\/#breadcrumb\",\"itemListElement\":[{\"@type\":\"ListItem\",\"position\":1,\"name\":\"Hem\",\"item\":\"https:\\\/\\\/wp.kristdemokraterna.se\\\/uppsala\\\/\"},{\"@type\":\"ListItem\",\"position\":2,\"name\":\"(KD): Hur g\u00e5r det med kommunala ordningsvakter?\"}]},{\"@type\":\"WebSite\",\"@id\":\"https:\\\/\\\/wp.kristdemokraterna.se\\\/uppsala\\\/#website\",\"url\":\"https:\\\/\\\/wp.kristdemokraterna.se\\\/uppsala\\\/\",\"name\":\"Kristdemokraterna Uppsala\",\"description\":\"Tryggare Uppsala\",\"publisher\":{\"@id\":\"https:\\\/\\\/wp.kristdemokraterna.se\\\/uppsala\\\/#organization\"},\"inLanguage\":\"sv-SE\"},{\"@type\":\"Organization\",\"@id\":\"https:\\\/\\\/wp.kristdemokraterna.se\\\/uppsala\\\/#organization\",\"name\":\"Kristdemokraterna Uppsala\",\"url\":\"https:\\\/\\\/wp.kristdemokraterna.se\\\/uppsala\\\/\",\"logo\":{\"@type\":\"ImageObject\",\"inLanguage\":\"sv-SE\",\"@id\":\"https:\\\/\\\/wp.kristdemokraterna.se\\\/uppsala\\\/#\\\/schema\\\/logo\\\/image\\\/\",\"url\":\"https:\\\/\\\/wp.kristdemokraterna.se\\\/uppsala\\\/files\\\/2019\\\/10\\\/kd-uppsala.png\",\"contentUrl\":\"https:\\\/\\\/wp.kristdemokraterna.se\\\/uppsala\\\/files\\\/2019\\\/10\\\/kd-uppsala.png\",\"width\":804,\"height\":421,\"caption\":\"Kristdemokraterna Uppsala\"},\"image\":{\"@id\":\"https:\\\/\\\/wp.kristdemokraterna.se\\\/uppsala\\\/#\\\/schema\\\/logo\\\/image\\\/\"},\"sameAs\":[\"https:\\\/\\\/www.facebook.com\\\/UppsalaKD\\\/\",\"https:\\\/\\\/www.instagram.com\\\/uppsalakd\\\/\"]},{\"@type\":\"Person\",\"@id\":\"https:\\\/\\\/wp.kristdemokraterna.se\\\/uppsala\\\/#\\\/schema\\\/person\\\/038d805d685fb0ce5ad14ab8711d8e84\",\"name\":\"Mimmi Westerlund\",\"image\":{\"@type\":\"ImageObject\",\"inLanguage\":\"sv-SE\",\"@id\":\"https:\\\/\\\/secure.gravatar.com\\\/avatar\\\/a5697359f709b6b10d9c7e6a7c89f3e054554dedb4657d5ffe9e5bc5b1445841?s=96&r=g\",\"url\":\"https:\\\/\\\/secure.gravatar.com\\\/avatar\\\/a5697359f709b6b10d9c7e6a7c89f3e054554dedb4657d5ffe9e5bc5b1445841?s=96&r=g\",\"contentUrl\":\"https:\\\/\\\/secure.gravatar.com\\\/avatar\\\/a5697359f709b6b10d9c7e6a7c89f3e054554dedb4657d5ffe9e5bc5b1445841?s=96&r=g\",\"caption\":\"Mimmi Westerlund\"},\"url\":\"https:\\\/\\\/wp.kristdemokraterna.se\\\/uppsala\\\/author\\\/mimmi\\\/\"}]}<\/script>\n<!-- \/ Yoast SEO plugin. -->","yoast_head_json":{"title":"(KD): Hur g\u00e5r det med kommunala ordningsvakter? | Kristdemokraterna | Uppsala","robots":{"index":"index","follow":"follow","max-snippet":"max-snippet:-1","max-image-preview":"max-image-preview:large","max-video-preview":"max-video-preview:-1"},"canonical":"https:\/\/wp.kristdemokraterna.se\/uppsala\/2219-2\/","og_locale":"sv_SE","og_type":"article","og_title":"(KD): Hur g\u00e5r det med kommunala ordningsvakter? | Kristdemokraterna | Uppsala","og_description":"2017-03-27 Interpellation av Jonas Segersam (KD) om kommunala ordningsvakter Vi kristdemokrater f\u00f6rslog i v\u00e5r budget att kommunen till att b\u00f6rja med borde anst\u00e4lla 10 kommunala ordningsvakter. Bakgrunden \u00e4r naturligtvis den \u00f6kning av brott i centrala Uppsala \u2013 d\u00e4r personr\u00e5n och sexuella v\u00e5ldsbrott \u00f6kat med 30-40% p\u00e5 senare tid. Vi ser ocks\u00e5 flera exempel p\u00e5 oro Read More","og_url":"https:\/\/wp.kristdemokraterna.se\/uppsala\/2219-2\/","og_site_name":"Kristdemokraterna | Uppsala","article_publisher":"https:\/\/www.facebook.com\/UppsalaKD\/","article_published_time":"2017-03-27T12:08:06+00:00","article_modified_time":"2024-04-03T22:42:15+00:00","og_image":[{"width":1920,"height":1281,"url":"http:\/\/wp.kristdemokraterna.se\/uppsala\/files\/2017\/03\/car-1531277_1920.jpg","type":"image\/jpeg"}],"author":"Mimmi Westerlund","twitter_card":"summary_large_image","twitter_misc":{"Skriven av":"Mimmi Westerlund","Ber\u00e4knad l\u00e4stid":"3 minuter"},"schema":{"@context":"https:\/\/schema.org","@graph":[{"@type":"Article","@id":"https:\/\/wp.kristdemokraterna.se\/uppsala\/2219-2\/#article","isPartOf":{"@id":"https:\/\/wp.kristdemokraterna.se\/uppsala\/2219-2\/"},"author":{"name":"Mimmi Westerlund","@id":"https:\/\/wp.kristdemokraterna.se\/uppsala\/#\/schema\/person\/038d805d685fb0ce5ad14ab8711d8e84"},"headline":"(KD): Hur g\u00e5r det med kommunala ordningsvakter?","datePublished":"2017-03-27T12:08:06+00:00","dateModified":"2024-04-03T22:42:15+00:00","mainEntityOfPage":{"@id":"https:\/\/wp.kristdemokraterna.se\/uppsala\/2219-2\/"},"wordCount":519,"publisher":{"@id":"https:\/\/wp.kristdemokraterna.se\/uppsala\/#organization"},"image":{"@id":"https:\/\/wp.kristdemokraterna.se\/uppsala\/2219-2\/#primaryimage"},"thumbnailUrl":"https:\/\/wp.kristdemokraterna.se\/uppsala\/files\/2017\/03\/car-1531277_1920.jpg","articleSection":["Trygghet &amp; S\u00e4kerhet"],"inLanguage":"sv-SE"},{"@type":"WebPage","@id":"https:\/\/wp.kristdemokraterna.se\/uppsala\/2219-2\/","url":"https:\/\/wp.kristdemokraterna.se\/uppsala\/2219-2\/","name":"(KD): Hur g\u00e5r det med kommunala ordningsvakter? | Kristdemokraterna | Uppsala","isPartOf":{"@id":"https:\/\/wp.kristdemokraterna.se\/uppsala\/#website"},"primaryImageOfPage":{"@id":"https:\/\/wp.kristdemokraterna.se\/uppsala\/2219-2\/#primaryimage"},"image":{"@id":"https:\/\/wp.kristdemokraterna.se\/uppsala\/2219-2\/#primaryimage"},"thumbnailUrl":"https:\/\/wp.kristdemokraterna.se\/uppsala\/files\/2017\/03\/car-1531277_1920.jpg","datePublished":"2017-03-27T12:08:06+00:00","dateModified":"2024-04-03T22:42:15+00:00","breadcrumb":{"@id":"https:\/\/wp.kristdemokraterna.se\/uppsala\/2219-2\/#breadcrumb"},"inLanguage":"sv-SE","potentialAction":[{"@type":"ReadAction","target":["https:\/\/wp.kristdemokraterna.se\/uppsala\/2219-2\/"]}]},{"@type":"ImageObject","inLanguage":"sv-SE","@id":"https:\/\/wp.kristdemokraterna.se\/uppsala\/2219-2\/#primaryimage","url":"https:\/\/wp.kristdemokraterna.se\/uppsala\/files\/2017\/03\/car-1531277_1920.jpg","contentUrl":"https:\/\/wp.kristdemokraterna.se\/uppsala\/files\/2017\/03\/car-1531277_1920.jpg","width":1920,"height":1281},{"@type":"BreadcrumbList","@id":"https:\/\/wp.kristdemokraterna.se\/uppsala\/2219-2\/#breadcrumb","itemListElement":[{"@type":"ListItem","position":1,"name":"Hem","item":"https:\/\/wp.kristdemokraterna.se\/uppsala\/"},{"@type":"ListItem","position":2,"name":"(KD): Hur g\u00e5r det med kommunala ordningsvakter?"}]},{"@type":"WebSite","@id":"https:\/\/wp.kristdemokraterna.se\/uppsala\/#website","url":"https:\/\/wp.kristdemokraterna.se\/uppsala\/","name":"Kristdemokraterna Uppsala","description":"Tryggare Uppsala","publisher":{"@id":"https:\/\/wp.kristdemokraterna.se\/uppsala\/#organization"},"inLanguage":"sv-SE"},{"@type":"Organization","@id":"https:\/\/wp.kristdemokraterna.se\/uppsala\/#organization","name":"Kristdemokraterna Uppsala","url":"https:\/\/wp.kristdemokraterna.se\/uppsala\/","logo":{"@type":"ImageObject","inLanguage":"sv-SE","@id":"https:\/\/wp.kristdemokraterna.se\/uppsala\/#\/schema\/logo\/image\/","url":"https:\/\/wp.kristdemokraterna.se\/uppsala\/files\/2019\/10\/kd-uppsala.png","contentUrl":"https:\/\/wp.kristdemokraterna.se\/uppsala\/files\/2019\/10\/kd-uppsala.png","width":804,"height":421,"caption":"Kristdemokraterna Uppsala"},"image":{"@id":"https:\/\/wp.kristdemokraterna.se\/uppsala\/#\/schema\/logo\/image\/"},"sameAs":["https:\/\/www.facebook.com\/UppsalaKD\/","https:\/\/www.instagram.com\/uppsalakd\/"]},{"@type":"Person","@id":"https:\/\/wp.kristdemokraterna.se\/uppsala\/#\/schema\/person\/038d805d685fb0ce5ad14ab8711d8e84","name":"Mimmi Westerlund","image":{"@type":"ImageObject","inLanguage":"sv-SE","@id":"https:\/\/secure.gravatar.com\/avatar\/a5697359f709b6b10d9c7e6a7c89f3e054554dedb4657d5ffe9e5bc5b1445841?s=96&r=g","url":"https:\/\/secure.gravatar.com\/avatar\/a5697359f709b6b10d9c7e6a7c89f3e054554dedb4657d5ffe9e5bc5b1445841?s=96&r=g","contentUrl":"https:\/\/secure.gravatar.com\/avatar\/a5697359f709b6b10d9c7e6a7c89f3e054554dedb4657d5ffe9e5bc5b1445841?s=96&r=g","caption":"Mimmi Westerlund"},"url":"https:\/\/wp.kristdemokraterna.se\/uppsala\/author\/mimmi\/"}]}},"_links":{"self":[{"href":"https:\/\/wp.kristdemokraterna.se\/uppsala\/wp-json\/wp\/v2\/posts\/2219","targetHints":{"allow":["GET"]}}],"collection":[{"href":"https:\/\/wp.kristdemokraterna.se\/uppsala\/wp-json\/wp\/v2\/posts"}],"about":[{"href":"https:\/\/wp.kristdemokraterna.se\/uppsala\/wp-json\/wp\/v2\/types\/post"}],"author":[{"embeddable":true,"href":"https:\/\/wp.kristdemokraterna.se\/uppsala\/wp-json\/wp\/v2\/users\/702"}],"replies":[{"embeddable":true,"href":"https:\/\/wp.kristdemokraterna.se\/uppsala\/wp-json\/wp\/v2\/comments?post=2219"}],"version-history":[{"count":3,"href":"https:\/\/wp.kristdemokraterna.se\/uppsala\/wp-json\/wp\/v2\/posts\/2219\/revisions"}],"predecessor-version":[{"id":2222,"href":"https:\/\/wp.kristdemokraterna.se\/uppsala\/wp-json\/wp\/v2\/posts\/2219\/revisions\/2222"}],"wp:featuredmedia":[{"embeddable":true,"href":"https:\/\/wp.kristdemokraterna.se\/uppsala\/wp-json\/wp\/v2\/media\/2178"}],"wp:attachment":[{"href":"https:\/\/wp.kristdemokraterna.se\/uppsala\/wp-json\/wp\/v2\/media?parent=2219"}],"wp:term":[{"taxonomy":"category","embeddable":true,"href":"https:\/\/wp.kristdemokraterna.se\/uppsala\/wp-json\/wp\/v2\/categories?post=2219"},{"taxonomy":"post_tag","embeddable":true,"href":"https:\/\/wp.kristdemokraterna.se\/uppsala\/wp-json\/wp\/v2\/tags?post=2219"}],"curies":[{"name":"wp","href":"https:\/\/api.w.org\/{rel}","templated":true}]}}