{"id":2223,"date":"2017-03-31T10:27:54","date_gmt":"2017-03-31T08:27:54","guid":{"rendered":"http:\/\/wp.kristdemokraterna.se\/uppsala\/?p=2223"},"modified":"2024-04-04T00:42:07","modified_gmt":"2024-04-03T22:42:07","slug":"kd-nu-ar-det-nog-satt-in-alla-medel-mot-brottsligheten","status":"publish","type":"post","link":"https:\/\/wp.kristdemokraterna.se\/uppsala\/kd-nu-ar-det-nog-satt-in-alla-medel-mot-brottsligheten\/","title":{"rendered":"(KD): Nu \u00e4r det nog \u2013 s\u00e4tt in alla medel mot brottsligheten"},"content":{"rendered":"<p><strong>Natten mot fredag har tre lokaler utsatts f\u00f6r br\u00e4nder i Gottsunda,<a href=\"http:\/\/www.unt.se\/nyheter\/uppsala\/flera-forsok-till-mordbrand-4600921.aspx\"> rapporterar UNT<\/a>. Det r\u00f6r sig om tv\u00e5 kommunala byggnader, varav ena tillh\u00f6r Socialf\u00f6rvaltningen, och en gr\u00f6nsakshandel. Polisen har p\u00e5 fredagsf\u00f6rmiddagen inte gripit n\u00e5gon misst\u00e4nkt och rubricerar h\u00e4ndelserna som f\u00f6rs\u00f6k till mordbrand.<\/strong><\/p>\n<p>Tidigare i veckan har UNT bland annat rapporterat om en <a href=\"http:\/\/unt.se\/nyheter\/uppsala\/tafsare-gav-sig-pa-11-arig-flicka-4593270.aspx\">11-\u00e5rig flicka som utsatts f\u00f6r f\u00f6rs\u00f6kt till v\u00e5ldt\u00e4kt<\/a>\u00a0vid Resecentrum omkring 9.30-tiden p\u00e5 morgonen, samt om <a href=\"http:\/\/www.unt.se\/nyheter\/uppsala\/drogs-in-pa-toalett-och-ranades-4598061.aspx\">tv\u00e5 unga kvinnor som dragits in och r\u00e5nats <\/a>p\u00e5 en toalett i Stationsgallerian vid 17.30.<\/p>\n<blockquote>\n<h3>&#8211; Det h\u00e4r har sp\u00e5rat ur f\u00f6r l\u00e4ngesedan. Vi m\u00e5ste snabbt fr\u00e5nta de kriminella kontrollen \u00f6ver v\u00e5ra gator, f\u00f6r ju fler grova ouppklarade brott p\u00e5 kort tid desto starkare v\u00e4xer de h\u00e4r grupperna sig. Vi m\u00e5ste visa att i Uppsala \u00e4r det Sveriges lagar som g\u00e4ller oavsett vem man \u00e4r eller vad man har f\u00f6r bakgrund. Vi m\u00e5ste d\u00e4rf\u00f6r ha fler patrullerande poliser NU, och som ytterligare hj\u00e4lp beh\u00f6vs fler trygghetskameror som kan f\u00e5nga identiteterna p\u00e5 f\u00f6r\u00f6varna, kommenterar Felicia Sundmark (KD).<\/h3>\n<\/blockquote>\n<p>&nbsp;<\/p>\n","protected":false},"excerpt":{"rendered":"<p>Natten mot fredag har tre lokaler utsatts f\u00f6r br\u00e4nder i Gottsunda, rapporterar UNT. Det r\u00f6r sig om tv\u00e5 kommunala byggnader, varav ena tillh\u00f6r Socialf\u00f6rvaltningen, och en gr\u00f6nsakshandel. Polisen har p\u00e5 fredagsf\u00f6rmiddagen inte gripit n\u00e5gon misst\u00e4nkt och rubricerar h\u00e4ndelserna som f\u00f6rs\u00f6k till mordbrand. Tidigare i veckan har UNT bland annat rapporterat om en 11-\u00e5rig flicka som <a class=\"read-more-link\" href=\"https:\/\/wp.kristdemokraterna.se\/uppsala\/kd-nu-ar-det-nog-satt-in-alla-medel-mot-brottsligheten\/\">Read More<\/a><\/p>\n","protected":false},"author":702,"featured_media":2178,"comment_status":"closed","ping_status":"closed","sticky":false,"template":"","format":"standard","meta":{"_acf_changed":false,"footnotes":""},"categories":[249],"tags":[],"class_list":["post-2223","post","type-post","status-publish","format-standard","hentry","category-trygghet-o-sakerhet"],"acf":[],"yoast_head":"<!-- This site is optimized with the Yoast SEO plugin v27.4 - https:\/\/yoast.com\/product\/yoast-seo-wordpress\/ -->\n<title>(KD): Nu \u00e4r det nog \u2013 s\u00e4tt in alla medel mot brottsligheten | Kristdemokraterna | Uppsala<\/title>\n<meta name=\"robots\" content=\"index, follow, max-snippet:-1, max-image-preview:large, max-video-preview:-1\" \/>\n<link rel=\"canonical\" href=\"https:\/\/wp.kristdemokraterna.se\/uppsala\/kd-nu-ar-det-nog-satt-in-alla-medel-mot-brottsligheten\/\" \/>\n<meta property=\"og:locale\" content=\"sv_SE\" \/>\n<meta property=\"og:type\" content=\"article\" \/>\n<meta property=\"og:title\" content=\"(KD): Nu \u00e4r det nog \u2013 s\u00e4tt in alla medel mot brottsligheten | Kristdemokraterna | Uppsala\" \/>\n<meta property=\"og:description\" content=\"Natten mot fredag har tre lokaler utsatts f\u00f6r br\u00e4nder i Gottsunda, rapporterar UNT. Det r\u00f6r sig om tv\u00e5 kommunala byggnader, varav ena tillh\u00f6r Socialf\u00f6rvaltningen, och en gr\u00f6nsakshandel. Polisen har p\u00e5 fredagsf\u00f6rmiddagen inte gripit n\u00e5gon misst\u00e4nkt och rubricerar h\u00e4ndelserna som f\u00f6rs\u00f6k till mordbrand. Tidigare i veckan har UNT bland annat rapporterat om en 11-\u00e5rig flicka som Read More\" \/>\n<meta property=\"og:url\" content=\"https:\/\/wp.kristdemokraterna.se\/uppsala\/kd-nu-ar-det-nog-satt-in-alla-medel-mot-brottsligheten\/\" \/>\n<meta property=\"og:site_name\" content=\"Kristdemokraterna | Uppsala\" \/>\n<meta property=\"article:publisher\" content=\"https:\/\/www.facebook.com\/UppsalaKD\/\" \/>\n<meta property=\"article:published_time\" content=\"2017-03-31T08:27:54+00:00\" \/>\n<meta property=\"article:modified_time\" content=\"2024-04-03T22:42:07+00:00\" \/>\n<meta property=\"og:image\" content=\"http:\/\/wp.kristdemokraterna.se\/uppsala\/files\/2017\/03\/car-1531277_1920.jpg\" \/>\n\t<meta property=\"og:image:width\" content=\"1920\" \/>\n\t<meta property=\"og:image:height\" content=\"1281\" \/>\n\t<meta property=\"og:image:type\" content=\"image\/jpeg\" \/>\n<meta name=\"author\" content=\"Mimmi Westerlund\" \/>\n<meta name=\"twitter:card\" content=\"summary_large_image\" \/>\n<meta name=\"twitter:label1\" content=\"Skriven av\" \/>\n\t<meta name=\"twitter:data1\" content=\"Mimmi Westerlund\" \/>\n\t<meta name=\"twitter:label2\" content=\"Ber\u00e4knad l\u00e4stid\" \/>\n\t<meta name=\"twitter:data2\" content=\"1 minut\" \/>\n<script type=\"application\/ld+json\" class=\"yoast-schema-graph\">{\"@context\":\"https:\\\/\\\/schema.org\",\"@graph\":[{\"@type\":\"Article\",\"@id\":\"https:\\\/\\\/wp.kristdemokraterna.se\\\/uppsala\\\/kd-nu-ar-det-nog-satt-in-alla-medel-mot-brottsligheten\\\/#article\",\"isPartOf\":{\"@id\":\"https:\\\/\\\/wp.kristdemokraterna.se\\\/uppsala\\\/kd-nu-ar-det-nog-satt-in-alla-medel-mot-brottsligheten\\\/\"},\"author\":{\"name\":\"Mimmi Westerlund\",\"@id\":\"https:\\\/\\\/wp.kristdemokraterna.se\\\/uppsala\\\/#\\\/schema\\\/person\\\/038d805d685fb0ce5ad14ab8711d8e84\"},\"headline\":\"(KD): Nu \u00e4r det nog \u2013 s\u00e4tt in alla medel mot brottsligheten\",\"datePublished\":\"2017-03-31T08:27:54+00:00\",\"dateModified\":\"2024-04-03T22:42:07+00:00\",\"mainEntityOfPage\":{\"@id\":\"https:\\\/\\\/wp.kristdemokraterna.se\\\/uppsala\\\/kd-nu-ar-det-nog-satt-in-alla-medel-mot-brottsligheten\\\/\"},\"wordCount\":216,\"publisher\":{\"@id\":\"https:\\\/\\\/wp.kristdemokraterna.se\\\/uppsala\\\/#organization\"},\"image\":{\"@id\":\"https:\\\/\\\/wp.kristdemokraterna.se\\\/uppsala\\\/kd-nu-ar-det-nog-satt-in-alla-medel-mot-brottsligheten\\\/#primaryimage\"},\"thumbnailUrl\":\"https:\\\/\\\/wp.kristdemokraterna.se\\\/uppsala\\\/files\\\/2017\\\/03\\\/car-1531277_1920.jpg\",\"articleSection\":[\"Trygghet &amp; S\u00e4kerhet\"],\"inLanguage\":\"sv-SE\"},{\"@type\":\"WebPage\",\"@id\":\"https:\\\/\\\/wp.kristdemokraterna.se\\\/uppsala\\\/kd-nu-ar-det-nog-satt-in-alla-medel-mot-brottsligheten\\\/\",\"url\":\"https:\\\/\\\/wp.kristdemokraterna.se\\\/uppsala\\\/kd-nu-ar-det-nog-satt-in-alla-medel-mot-brottsligheten\\\/\",\"name\":\"(KD): Nu \u00e4r det nog \u2013 s\u00e4tt in alla medel mot brottsligheten | Kristdemokraterna | Uppsala\",\"isPartOf\":{\"@id\":\"https:\\\/\\\/wp.kristdemokraterna.se\\\/uppsala\\\/#website\"},\"primaryImageOfPage\":{\"@id\":\"https:\\\/\\\/wp.kristdemokraterna.se\\\/uppsala\\\/kd-nu-ar-det-nog-satt-in-alla-medel-mot-brottsligheten\\\/#primaryimage\"},\"image\":{\"@id\":\"https:\\\/\\\/wp.kristdemokraterna.se\\\/uppsala\\\/kd-nu-ar-det-nog-satt-in-alla-medel-mot-brottsligheten\\\/#primaryimage\"},\"thumbnailUrl\":\"https:\\\/\\\/wp.kristdemokraterna.se\\\/uppsala\\\/files\\\/2017\\\/03\\\/car-1531277_1920.jpg\",\"datePublished\":\"2017-03-31T08:27:54+00:00\",\"dateModified\":\"2024-04-03T22:42:07+00:00\",\"breadcrumb\":{\"@id\":\"https:\\\/\\\/wp.kristdemokraterna.se\\\/uppsala\\\/kd-nu-ar-det-nog-satt-in-alla-medel-mot-brottsligheten\\\/#breadcrumb\"},\"inLanguage\":\"sv-SE\",\"potentialAction\":[{\"@type\":\"ReadAction\",\"target\":[\"https:\\\/\\\/wp.kristdemokraterna.se\\\/uppsala\\\/kd-nu-ar-det-nog-satt-in-alla-medel-mot-brottsligheten\\\/\"]}]},{\"@type\":\"ImageObject\",\"inLanguage\":\"sv-SE\",\"@id\":\"https:\\\/\\\/wp.kristdemokraterna.se\\\/uppsala\\\/kd-nu-ar-det-nog-satt-in-alla-medel-mot-brottsligheten\\\/#primaryimage\",\"url\":\"https:\\\/\\\/wp.kristdemokraterna.se\\\/uppsala\\\/files\\\/2017\\\/03\\\/car-1531277_1920.jpg\",\"contentUrl\":\"https:\\\/\\\/wp.kristdemokraterna.se\\\/uppsala\\\/files\\\/2017\\\/03\\\/car-1531277_1920.jpg\",\"width\":1920,\"height\":1281},{\"@type\":\"BreadcrumbList\",\"@id\":\"https:\\\/\\\/wp.kristdemokraterna.se\\\/uppsala\\\/kd-nu-ar-det-nog-satt-in-alla-medel-mot-brottsligheten\\\/#breadcrumb\",\"itemListElement\":[{\"@type\":\"ListItem\",\"position\":1,\"name\":\"Hem\",\"item\":\"https:\\\/\\\/wp.kristdemokraterna.se\\\/uppsala\\\/\"},{\"@type\":\"ListItem\",\"position\":2,\"name\":\"(KD): Nu \u00e4r det nog \u2013 s\u00e4tt in alla medel mot brottsligheten\"}]},{\"@type\":\"WebSite\",\"@id\":\"https:\\\/\\\/wp.kristdemokraterna.se\\\/uppsala\\\/#website\",\"url\":\"https:\\\/\\\/wp.kristdemokraterna.se\\\/uppsala\\\/\",\"name\":\"Kristdemokraterna Uppsala\",\"description\":\"Tryggare Uppsala\",\"publisher\":{\"@id\":\"https:\\\/\\\/wp.kristdemokraterna.se\\\/uppsala\\\/#organization\"},\"inLanguage\":\"sv-SE\"},{\"@type\":\"Organization\",\"@id\":\"https:\\\/\\\/wp.kristdemokraterna.se\\\/uppsala\\\/#organization\",\"name\":\"Kristdemokraterna Uppsala\",\"url\":\"https:\\\/\\\/wp.kristdemokraterna.se\\\/uppsala\\\/\",\"logo\":{\"@type\":\"ImageObject\",\"inLanguage\":\"sv-SE\",\"@id\":\"https:\\\/\\\/wp.kristdemokraterna.se\\\/uppsala\\\/#\\\/schema\\\/logo\\\/image\\\/\",\"url\":\"https:\\\/\\\/wp.kristdemokraterna.se\\\/uppsala\\\/files\\\/2019\\\/10\\\/kd-uppsala.png\",\"contentUrl\":\"https:\\\/\\\/wp.kristdemokraterna.se\\\/uppsala\\\/files\\\/2019\\\/10\\\/kd-uppsala.png\",\"width\":804,\"height\":421,\"caption\":\"Kristdemokraterna Uppsala\"},\"image\":{\"@id\":\"https:\\\/\\\/wp.kristdemokraterna.se\\\/uppsala\\\/#\\\/schema\\\/logo\\\/image\\\/\"},\"sameAs\":[\"https:\\\/\\\/www.facebook.com\\\/UppsalaKD\\\/\",\"https:\\\/\\\/www.instagram.com\\\/uppsalakd\\\/\"]},{\"@type\":\"Person\",\"@id\":\"https:\\\/\\\/wp.kristdemokraterna.se\\\/uppsala\\\/#\\\/schema\\\/person\\\/038d805d685fb0ce5ad14ab8711d8e84\",\"name\":\"Mimmi Westerlund\",\"image\":{\"@type\":\"ImageObject\",\"inLanguage\":\"sv-SE\",\"@id\":\"https:\\\/\\\/secure.gravatar.com\\\/avatar\\\/a5697359f709b6b10d9c7e6a7c89f3e054554dedb4657d5ffe9e5bc5b1445841?s=96&r=g\",\"url\":\"https:\\\/\\\/secure.gravatar.com\\\/avatar\\\/a5697359f709b6b10d9c7e6a7c89f3e054554dedb4657d5ffe9e5bc5b1445841?s=96&r=g\",\"contentUrl\":\"https:\\\/\\\/secure.gravatar.com\\\/avatar\\\/a5697359f709b6b10d9c7e6a7c89f3e054554dedb4657d5ffe9e5bc5b1445841?s=96&r=g\",\"caption\":\"Mimmi Westerlund\"},\"url\":\"https:\\\/\\\/wp.kristdemokraterna.se\\\/uppsala\\\/author\\\/mimmi\\\/\"}]}<\/script>\n<!-- \/ Yoast SEO plugin. -->","yoast_head_json":{"title":"(KD): Nu \u00e4r det nog \u2013 s\u00e4tt in alla medel mot brottsligheten | Kristdemokraterna | Uppsala","robots":{"index":"index","follow":"follow","max-snippet":"max-snippet:-1","max-image-preview":"max-image-preview:large","max-video-preview":"max-video-preview:-1"},"canonical":"https:\/\/wp.kristdemokraterna.se\/uppsala\/kd-nu-ar-det-nog-satt-in-alla-medel-mot-brottsligheten\/","og_locale":"sv_SE","og_type":"article","og_title":"(KD): Nu \u00e4r det nog \u2013 s\u00e4tt in alla medel mot brottsligheten | Kristdemokraterna | Uppsala","og_description":"Natten mot fredag har tre lokaler utsatts f\u00f6r br\u00e4nder i Gottsunda, rapporterar UNT. Det r\u00f6r sig om tv\u00e5 kommunala byggnader, varav ena tillh\u00f6r Socialf\u00f6rvaltningen, och en gr\u00f6nsakshandel. Polisen har p\u00e5 fredagsf\u00f6rmiddagen inte gripit n\u00e5gon misst\u00e4nkt och rubricerar h\u00e4ndelserna som f\u00f6rs\u00f6k till mordbrand. Tidigare i veckan har UNT bland annat rapporterat om en 11-\u00e5rig flicka som Read More","og_url":"https:\/\/wp.kristdemokraterna.se\/uppsala\/kd-nu-ar-det-nog-satt-in-alla-medel-mot-brottsligheten\/","og_site_name":"Kristdemokraterna | Uppsala","article_publisher":"https:\/\/www.facebook.com\/UppsalaKD\/","article_published_time":"2017-03-31T08:27:54+00:00","article_modified_time":"2024-04-03T22:42:07+00:00","og_image":[{"width":1920,"height":1281,"url":"http:\/\/wp.kristdemokraterna.se\/uppsala\/files\/2017\/03\/car-1531277_1920.jpg","type":"image\/jpeg"}],"author":"Mimmi Westerlund","twitter_card":"summary_large_image","twitter_misc":{"Skriven av":"Mimmi Westerlund","Ber\u00e4knad l\u00e4stid":"1 minut"},"schema":{"@context":"https:\/\/schema.org","@graph":[{"@type":"Article","@id":"https:\/\/wp.kristdemokraterna.se\/uppsala\/kd-nu-ar-det-nog-satt-in-alla-medel-mot-brottsligheten\/#article","isPartOf":{"@id":"https:\/\/wp.kristdemokraterna.se\/uppsala\/kd-nu-ar-det-nog-satt-in-alla-medel-mot-brottsligheten\/"},"author":{"name":"Mimmi Westerlund","@id":"https:\/\/wp.kristdemokraterna.se\/uppsala\/#\/schema\/person\/038d805d685fb0ce5ad14ab8711d8e84"},"headline":"(KD): Nu \u00e4r det nog \u2013 s\u00e4tt in alla medel mot brottsligheten","datePublished":"2017-03-31T08:27:54+00:00","dateModified":"2024-04-03T22:42:07+00:00","mainEntityOfPage":{"@id":"https:\/\/wp.kristdemokraterna.se\/uppsala\/kd-nu-ar-det-nog-satt-in-alla-medel-mot-brottsligheten\/"},"wordCount":216,"publisher":{"@id":"https:\/\/wp.kristdemokraterna.se\/uppsala\/#organization"},"image":{"@id":"https:\/\/wp.kristdemokraterna.se\/uppsala\/kd-nu-ar-det-nog-satt-in-alla-medel-mot-brottsligheten\/#primaryimage"},"thumbnailUrl":"https:\/\/wp.kristdemokraterna.se\/uppsala\/files\/2017\/03\/car-1531277_1920.jpg","articleSection":["Trygghet &amp; S\u00e4kerhet"],"inLanguage":"sv-SE"},{"@type":"WebPage","@id":"https:\/\/wp.kristdemokraterna.se\/uppsala\/kd-nu-ar-det-nog-satt-in-alla-medel-mot-brottsligheten\/","url":"https:\/\/wp.kristdemokraterna.se\/uppsala\/kd-nu-ar-det-nog-satt-in-alla-medel-mot-brottsligheten\/","name":"(KD): Nu \u00e4r det nog \u2013 s\u00e4tt in alla medel mot brottsligheten | Kristdemokraterna | Uppsala","isPartOf":{"@id":"https:\/\/wp.kristdemokraterna.se\/uppsala\/#website"},"primaryImageOfPage":{"@id":"https:\/\/wp.kristdemokraterna.se\/uppsala\/kd-nu-ar-det-nog-satt-in-alla-medel-mot-brottsligheten\/#primaryimage"},"image":{"@id":"https:\/\/wp.kristdemokraterna.se\/uppsala\/kd-nu-ar-det-nog-satt-in-alla-medel-mot-brottsligheten\/#primaryimage"},"thumbnailUrl":"https:\/\/wp.kristdemokraterna.se\/uppsala\/files\/2017\/03\/car-1531277_1920.jpg","datePublished":"2017-03-31T08:27:54+00:00","dateModified":"2024-04-03T22:42:07+00:00","breadcrumb":{"@id":"https:\/\/wp.kristdemokraterna.se\/uppsala\/kd-nu-ar-det-nog-satt-in-alla-medel-mot-brottsligheten\/#breadcrumb"},"inLanguage":"sv-SE","potentialAction":[{"@type":"ReadAction","target":["https:\/\/wp.kristdemokraterna.se\/uppsala\/kd-nu-ar-det-nog-satt-in-alla-medel-mot-brottsligheten\/"]}]},{"@type":"ImageObject","inLanguage":"sv-SE","@id":"https:\/\/wp.kristdemokraterna.se\/uppsala\/kd-nu-ar-det-nog-satt-in-alla-medel-mot-brottsligheten\/#primaryimage","url":"https:\/\/wp.kristdemokraterna.se\/uppsala\/files\/2017\/03\/car-1531277_1920.jpg","contentUrl":"https:\/\/wp.kristdemokraterna.se\/uppsala\/files\/2017\/03\/car-1531277_1920.jpg","width":1920,"height":1281},{"@type":"BreadcrumbList","@id":"https:\/\/wp.kristdemokraterna.se\/uppsala\/kd-nu-ar-det-nog-satt-in-alla-medel-mot-brottsligheten\/#breadcrumb","itemListElement":[{"@type":"ListItem","position":1,"name":"Hem","item":"https:\/\/wp.kristdemokraterna.se\/uppsala\/"},{"@type":"ListItem","position":2,"name":"(KD): Nu \u00e4r det nog \u2013 s\u00e4tt in alla medel mot brottsligheten"}]},{"@type":"WebSite","@id":"https:\/\/wp.kristdemokraterna.se\/uppsala\/#website","url":"https:\/\/wp.kristdemokraterna.se\/uppsala\/","name":"Kristdemokraterna Uppsala","description":"Tryggare Uppsala","publisher":{"@id":"https:\/\/wp.kristdemokraterna.se\/uppsala\/#organization"},"inLanguage":"sv-SE"},{"@type":"Organization","@id":"https:\/\/wp.kristdemokraterna.se\/uppsala\/#organization","name":"Kristdemokraterna Uppsala","url":"https:\/\/wp.kristdemokraterna.se\/uppsala\/","logo":{"@type":"ImageObject","inLanguage":"sv-SE","@id":"https:\/\/wp.kristdemokraterna.se\/uppsala\/#\/schema\/logo\/image\/","url":"https:\/\/wp.kristdemokraterna.se\/uppsala\/files\/2019\/10\/kd-uppsala.png","contentUrl":"https:\/\/wp.kristdemokraterna.se\/uppsala\/files\/2019\/10\/kd-uppsala.png","width":804,"height":421,"caption":"Kristdemokraterna Uppsala"},"image":{"@id":"https:\/\/wp.kristdemokraterna.se\/uppsala\/#\/schema\/logo\/image\/"},"sameAs":["https:\/\/www.facebook.com\/UppsalaKD\/","https:\/\/www.instagram.com\/uppsalakd\/"]},{"@type":"Person","@id":"https:\/\/wp.kristdemokraterna.se\/uppsala\/#\/schema\/person\/038d805d685fb0ce5ad14ab8711d8e84","name":"Mimmi Westerlund","image":{"@type":"ImageObject","inLanguage":"sv-SE","@id":"https:\/\/secure.gravatar.com\/avatar\/a5697359f709b6b10d9c7e6a7c89f3e054554dedb4657d5ffe9e5bc5b1445841?s=96&r=g","url":"https:\/\/secure.gravatar.com\/avatar\/a5697359f709b6b10d9c7e6a7c89f3e054554dedb4657d5ffe9e5bc5b1445841?s=96&r=g","contentUrl":"https:\/\/secure.gravatar.com\/avatar\/a5697359f709b6b10d9c7e6a7c89f3e054554dedb4657d5ffe9e5bc5b1445841?s=96&r=g","caption":"Mimmi Westerlund"},"url":"https:\/\/wp.kristdemokraterna.se\/uppsala\/author\/mimmi\/"}]}},"_links":{"self":[{"href":"https:\/\/wp.kristdemokraterna.se\/uppsala\/wp-json\/wp\/v2\/posts\/2223","targetHints":{"allow":["GET"]}}],"collection":[{"href":"https:\/\/wp.kristdemokraterna.se\/uppsala\/wp-json\/wp\/v2\/posts"}],"about":[{"href":"https:\/\/wp.kristdemokraterna.se\/uppsala\/wp-json\/wp\/v2\/types\/post"}],"author":[{"embeddable":true,"href":"https:\/\/wp.kristdemokraterna.se\/uppsala\/wp-json\/wp\/v2\/users\/702"}],"replies":[{"embeddable":true,"href":"https:\/\/wp.kristdemokraterna.se\/uppsala\/wp-json\/wp\/v2\/comments?post=2223"}],"version-history":[{"count":2,"href":"https:\/\/wp.kristdemokraterna.se\/uppsala\/wp-json\/wp\/v2\/posts\/2223\/revisions"}],"predecessor-version":[{"id":2489,"href":"https:\/\/wp.kristdemokraterna.se\/uppsala\/wp-json\/wp\/v2\/posts\/2223\/revisions\/2489"}],"wp:featuredmedia":[{"embeddable":true,"href":"https:\/\/wp.kristdemokraterna.se\/uppsala\/wp-json\/wp\/v2\/media\/2178"}],"wp:attachment":[{"href":"https:\/\/wp.kristdemokraterna.se\/uppsala\/wp-json\/wp\/v2\/media?parent=2223"}],"wp:term":[{"taxonomy":"category","embeddable":true,"href":"https:\/\/wp.kristdemokraterna.se\/uppsala\/wp-json\/wp\/v2\/categories?post=2223"},{"taxonomy":"post_tag","embeddable":true,"href":"https:\/\/wp.kristdemokraterna.se\/uppsala\/wp-json\/wp\/v2\/tags?post=2223"}],"curies":[{"name":"wp","href":"https:\/\/api.w.org\/{rel}","templated":true}]}}