{"id":2231,"date":"2017-05-30T13:01:03","date_gmt":"2017-05-30T11:01:03","guid":{"rendered":"http:\/\/wp.kristdemokraterna.se\/uppsala\/?p=2231"},"modified":"2024-04-04T00:41:50","modified_gmt":"2024-04-03T22:41:50","slug":"kd-oppna-fler-traffpunkter-for-de-som-ar-65","status":"publish","type":"post","link":"https:\/\/wp.kristdemokraterna.se\/uppsala\/kd-oppna-fler-traffpunkter-for-de-som-ar-65\/","title":{"rendered":"(KD): \u00d6ppna fler Tr\u00e4ffpunkter f\u00f6r de som \u00e4r 65+"},"content":{"rendered":"<p><strong>M\u00e5nga studier visar att daglig motion fr\u00e4mjar h\u00e4lsa och v\u00e4lm\u00e5ende, inte minst bland v\u00e5ra \u00e4ldre, det kan d\u00e4rf\u00f6r ses som b\u00e5de f\u00f6rebyggande och livskvalitetsh\u00f6jande. Tyv\u00e4rr vet vi att m\u00e5nga \u00e4ldre kan k\u00e4nna sig ensamma i hemmet, och steget att sj\u00e4lv motionera kan vara stort. Genom att erbjuda en m\u00f6tesplats f\u00f6r fysisk aktivitet ges s\u00e5v\u00e4l socialt sammanhang som h\u00e4lsofr\u00e4mjande \u00e5tg\u00e4rder.<\/strong><\/p>\n<p>Idag finns Seniorgym p\u00e5 sju st\u00e4llen i kommunen, varav fem ligger n\u00e4ra staden (Karl-Johan, Bozorgan, S\u00e4vja, \u00c5rsta och Nyby) och tv\u00e5 p\u00e5 landsbygden (Medelpunkten och B\u00e4linge). <strong>\u00a0<\/strong>F\u00f6r n\u00e4rvarande \u00e4r det k\u00f6 och man placeras p\u00e5 v\u00e4ntelista. Tr\u00e4ffarna f\u00f6reg\u00e5s av m\u00f6te med sjukgymnast som l\u00e4gger upp ett tr\u00e4ningsschema, d\u00e4refter tr\u00e4nar man under eget ansvar med visst st\u00f6d fr\u00e5n n\u00e4rvarande personal.<\/p>\n<p>Ut\u00f6ver Seniorgym erbjuds vid vissa tr\u00e4ffpunkter med (eller utan) styrkegympa, seniorgympa, sittgympa och l\u00e4ttgympa. Tyv\u00e4rr saknas resurser, men vi Kristdemokrater vill v\u00e4rna v\u00e5ra \u00e4ldre och s\u00e4kerst\u00e4lla livskvalitet i livets alla skeden, d\u00e4rf\u00f6r vill vi att kommunen satsar pengar p\u00e5 att \u00f6ppna verksamheter p\u00e5 st\u00e4llen det efterfr\u00e5gas.<\/p>\n<p><strong>Kristdemokraterna f\u00f6reslog f\u00f6ljande i en motion som diskuterades i Kommunfullm\u00e4ktige den 29 maj 2017:<\/strong><\/p>\n<p><b>\u00d6<\/b>ppna minst tre nya tr\u00e4ffpunkter utanf\u00f6r staden<\/p>\n<p><b>E<\/b>rbjud l\u00e4ttare gympa vid ytterligare fyra tr\u00e4ffpunkter p\u00e5 landsbygden<\/p>\n<p><b>\u00c5<\/b>ter\u00f6ppna de tr\u00e4ffpunkter som lagts ned pga resursbrist<\/p>\n<p><strong>L\u00e4s motionen i sin helhet <a href=\"https:\/\/www.uppsala.se\/contentassets\/916a1c1cfc8e4e2ab63bf7475f729fcf\/11.--motion-av-jonas-segersam-och-ulla-johansson-bada-kd-angaende-nya-seniortraffpunkter-i-uppsala-kommun.pdf\">genom att klicka h\u00e4r<\/a><\/strong><\/p>\n","protected":false},"excerpt":{"rendered":"<p>M\u00e5nga studier visar att daglig motion fr\u00e4mjar h\u00e4lsa och v\u00e4lm\u00e5ende, inte minst bland v\u00e5ra \u00e4ldre, det kan d\u00e4rf\u00f6r ses som b\u00e5de f\u00f6rebyggande och livskvalitetsh\u00f6jande. Tyv\u00e4rr vet vi att m\u00e5nga \u00e4ldre kan k\u00e4nna sig ensamma i hemmet, och steget att sj\u00e4lv motionera kan vara stort. Genom att erbjuda en m\u00f6tesplats f\u00f6r fysisk aktivitet ges s\u00e5v\u00e4l socialt <a class=\"read-more-link\" href=\"https:\/\/wp.kristdemokraterna.se\/uppsala\/kd-oppna-fler-traffpunkter-for-de-som-ar-65\/\">Read More<\/a><\/p>\n","protected":false},"author":702,"featured_media":2235,"comment_status":"closed","ping_status":"closed","sticky":false,"template":"","format":"standard","meta":{"_acf_changed":false,"footnotes":""},"categories":[236],"tags":[],"class_list":["post-2231","post","type-post","status-publish","format-standard","hentry","category-vard-o-omsorg"],"acf":[],"yoast_head":"<!-- This site is optimized with the Yoast SEO plugin v27.4 - https:\/\/yoast.com\/product\/yoast-seo-wordpress\/ -->\n<title>(KD): \u00d6ppna fler Tr\u00e4ffpunkter f\u00f6r de som \u00e4r 65+ | Kristdemokraterna | Uppsala<\/title>\n<meta name=\"robots\" content=\"index, follow, max-snippet:-1, max-image-preview:large, max-video-preview:-1\" \/>\n<link rel=\"canonical\" href=\"https:\/\/wp.kristdemokraterna.se\/uppsala\/kd-oppna-fler-traffpunkter-for-de-som-ar-65\/\" \/>\n<meta property=\"og:locale\" content=\"sv_SE\" \/>\n<meta property=\"og:type\" content=\"article\" \/>\n<meta property=\"og:title\" content=\"(KD): \u00d6ppna fler Tr\u00e4ffpunkter f\u00f6r de som \u00e4r 65+ | Kristdemokraterna | Uppsala\" \/>\n<meta property=\"og:description\" content=\"M\u00e5nga studier visar att daglig motion fr\u00e4mjar h\u00e4lsa och v\u00e4lm\u00e5ende, inte minst bland v\u00e5ra \u00e4ldre, det kan d\u00e4rf\u00f6r ses som b\u00e5de f\u00f6rebyggande och livskvalitetsh\u00f6jande. Tyv\u00e4rr vet vi att m\u00e5nga \u00e4ldre kan k\u00e4nna sig ensamma i hemmet, och steget att sj\u00e4lv motionera kan vara stort. Genom att erbjuda en m\u00f6tesplats f\u00f6r fysisk aktivitet ges s\u00e5v\u00e4l socialt Read More\" \/>\n<meta property=\"og:url\" content=\"https:\/\/wp.kristdemokraterna.se\/uppsala\/kd-oppna-fler-traffpunkter-for-de-som-ar-65\/\" \/>\n<meta property=\"og:site_name\" content=\"Kristdemokraterna | Uppsala\" \/>\n<meta property=\"article:publisher\" content=\"https:\/\/www.facebook.com\/UppsalaKD\/\" \/>\n<meta property=\"article:published_time\" content=\"2017-05-30T11:01:03+00:00\" \/>\n<meta property=\"article:modified_time\" content=\"2024-04-03T22:41:50+00:00\" \/>\n<meta property=\"og:image\" content=\"http:\/\/wp.kristdemokraterna.se\/uppsala\/files\/2017\/05\/huy-phan-100866.jpg\" \/>\n\t<meta property=\"og:image:width\" content=\"3216\" \/>\n\t<meta property=\"og:image:height\" content=\"2136\" \/>\n\t<meta property=\"og:image:type\" content=\"image\/jpeg\" \/>\n<meta name=\"author\" content=\"Mimmi Westerlund\" \/>\n<meta name=\"twitter:card\" content=\"summary_large_image\" \/>\n<meta name=\"twitter:label1\" content=\"Skriven av\" \/>\n\t<meta name=\"twitter:data1\" content=\"Mimmi Westerlund\" \/>\n\t<meta name=\"twitter:label2\" content=\"Ber\u00e4knad l\u00e4stid\" \/>\n\t<meta name=\"twitter:data2\" content=\"1 minut\" \/>\n<script type=\"application\/ld+json\" class=\"yoast-schema-graph\">{\"@context\":\"https:\\\/\\\/schema.org\",\"@graph\":[{\"@type\":\"Article\",\"@id\":\"https:\\\/\\\/wp.kristdemokraterna.se\\\/uppsala\\\/kd-oppna-fler-traffpunkter-for-de-som-ar-65\\\/#article\",\"isPartOf\":{\"@id\":\"https:\\\/\\\/wp.kristdemokraterna.se\\\/uppsala\\\/kd-oppna-fler-traffpunkter-for-de-som-ar-65\\\/\"},\"author\":{\"name\":\"Mimmi Westerlund\",\"@id\":\"https:\\\/\\\/wp.kristdemokraterna.se\\\/uppsala\\\/#\\\/schema\\\/person\\\/038d805d685fb0ce5ad14ab8711d8e84\"},\"headline\":\"(KD): \u00d6ppna fler Tr\u00e4ffpunkter f\u00f6r de som \u00e4r 65+\",\"datePublished\":\"2017-05-30T11:01:03+00:00\",\"dateModified\":\"2024-04-03T22:41:50+00:00\",\"mainEntityOfPage\":{\"@id\":\"https:\\\/\\\/wp.kristdemokraterna.se\\\/uppsala\\\/kd-oppna-fler-traffpunkter-for-de-som-ar-65\\\/\"},\"wordCount\":282,\"publisher\":{\"@id\":\"https:\\\/\\\/wp.kristdemokraterna.se\\\/uppsala\\\/#organization\"},\"image\":{\"@id\":\"https:\\\/\\\/wp.kristdemokraterna.se\\\/uppsala\\\/kd-oppna-fler-traffpunkter-for-de-som-ar-65\\\/#primaryimage\"},\"thumbnailUrl\":\"https:\\\/\\\/wp.kristdemokraterna.se\\\/uppsala\\\/files\\\/2017\\\/05\\\/huy-phan-100866.jpg\",\"articleSection\":[\"V\u00e5rd &amp; omsorg\"],\"inLanguage\":\"sv-SE\"},{\"@type\":\"WebPage\",\"@id\":\"https:\\\/\\\/wp.kristdemokraterna.se\\\/uppsala\\\/kd-oppna-fler-traffpunkter-for-de-som-ar-65\\\/\",\"url\":\"https:\\\/\\\/wp.kristdemokraterna.se\\\/uppsala\\\/kd-oppna-fler-traffpunkter-for-de-som-ar-65\\\/\",\"name\":\"(KD): \u00d6ppna fler Tr\u00e4ffpunkter f\u00f6r de som \u00e4r 65+ | Kristdemokraterna | Uppsala\",\"isPartOf\":{\"@id\":\"https:\\\/\\\/wp.kristdemokraterna.se\\\/uppsala\\\/#website\"},\"primaryImageOfPage\":{\"@id\":\"https:\\\/\\\/wp.kristdemokraterna.se\\\/uppsala\\\/kd-oppna-fler-traffpunkter-for-de-som-ar-65\\\/#primaryimage\"},\"image\":{\"@id\":\"https:\\\/\\\/wp.kristdemokraterna.se\\\/uppsala\\\/kd-oppna-fler-traffpunkter-for-de-som-ar-65\\\/#primaryimage\"},\"thumbnailUrl\":\"https:\\\/\\\/wp.kristdemokraterna.se\\\/uppsala\\\/files\\\/2017\\\/05\\\/huy-phan-100866.jpg\",\"datePublished\":\"2017-05-30T11:01:03+00:00\",\"dateModified\":\"2024-04-03T22:41:50+00:00\",\"breadcrumb\":{\"@id\":\"https:\\\/\\\/wp.kristdemokraterna.se\\\/uppsala\\\/kd-oppna-fler-traffpunkter-for-de-som-ar-65\\\/#breadcrumb\"},\"inLanguage\":\"sv-SE\",\"potentialAction\":[{\"@type\":\"ReadAction\",\"target\":[\"https:\\\/\\\/wp.kristdemokraterna.se\\\/uppsala\\\/kd-oppna-fler-traffpunkter-for-de-som-ar-65\\\/\"]}]},{\"@type\":\"ImageObject\",\"inLanguage\":\"sv-SE\",\"@id\":\"https:\\\/\\\/wp.kristdemokraterna.se\\\/uppsala\\\/kd-oppna-fler-traffpunkter-for-de-som-ar-65\\\/#primaryimage\",\"url\":\"https:\\\/\\\/wp.kristdemokraterna.se\\\/uppsala\\\/files\\\/2017\\\/05\\\/huy-phan-100866.jpg\",\"contentUrl\":\"https:\\\/\\\/wp.kristdemokraterna.se\\\/uppsala\\\/files\\\/2017\\\/05\\\/huy-phan-100866.jpg\",\"width\":3216,\"height\":2136},{\"@type\":\"BreadcrumbList\",\"@id\":\"https:\\\/\\\/wp.kristdemokraterna.se\\\/uppsala\\\/kd-oppna-fler-traffpunkter-for-de-som-ar-65\\\/#breadcrumb\",\"itemListElement\":[{\"@type\":\"ListItem\",\"position\":1,\"name\":\"Hem\",\"item\":\"https:\\\/\\\/wp.kristdemokraterna.se\\\/uppsala\\\/\"},{\"@type\":\"ListItem\",\"position\":2,\"name\":\"(KD): \u00d6ppna fler Tr\u00e4ffpunkter f\u00f6r de som \u00e4r 65+\"}]},{\"@type\":\"WebSite\",\"@id\":\"https:\\\/\\\/wp.kristdemokraterna.se\\\/uppsala\\\/#website\",\"url\":\"https:\\\/\\\/wp.kristdemokraterna.se\\\/uppsala\\\/\",\"name\":\"Kristdemokraterna Uppsala\",\"description\":\"Tryggare Uppsala\",\"publisher\":{\"@id\":\"https:\\\/\\\/wp.kristdemokraterna.se\\\/uppsala\\\/#organization\"},\"inLanguage\":\"sv-SE\"},{\"@type\":\"Organization\",\"@id\":\"https:\\\/\\\/wp.kristdemokraterna.se\\\/uppsala\\\/#organization\",\"name\":\"Kristdemokraterna Uppsala\",\"url\":\"https:\\\/\\\/wp.kristdemokraterna.se\\\/uppsala\\\/\",\"logo\":{\"@type\":\"ImageObject\",\"inLanguage\":\"sv-SE\",\"@id\":\"https:\\\/\\\/wp.kristdemokraterna.se\\\/uppsala\\\/#\\\/schema\\\/logo\\\/image\\\/\",\"url\":\"https:\\\/\\\/wp.kristdemokraterna.se\\\/uppsala\\\/files\\\/2019\\\/10\\\/kd-uppsala.png\",\"contentUrl\":\"https:\\\/\\\/wp.kristdemokraterna.se\\\/uppsala\\\/files\\\/2019\\\/10\\\/kd-uppsala.png\",\"width\":804,\"height\":421,\"caption\":\"Kristdemokraterna Uppsala\"},\"image\":{\"@id\":\"https:\\\/\\\/wp.kristdemokraterna.se\\\/uppsala\\\/#\\\/schema\\\/logo\\\/image\\\/\"},\"sameAs\":[\"https:\\\/\\\/www.facebook.com\\\/UppsalaKD\\\/\",\"https:\\\/\\\/www.instagram.com\\\/uppsalakd\\\/\"]},{\"@type\":\"Person\",\"@id\":\"https:\\\/\\\/wp.kristdemokraterna.se\\\/uppsala\\\/#\\\/schema\\\/person\\\/038d805d685fb0ce5ad14ab8711d8e84\",\"name\":\"Mimmi Westerlund\",\"image\":{\"@type\":\"ImageObject\",\"inLanguage\":\"sv-SE\",\"@id\":\"https:\\\/\\\/secure.gravatar.com\\\/avatar\\\/a5697359f709b6b10d9c7e6a7c89f3e054554dedb4657d5ffe9e5bc5b1445841?s=96&r=g\",\"url\":\"https:\\\/\\\/secure.gravatar.com\\\/avatar\\\/a5697359f709b6b10d9c7e6a7c89f3e054554dedb4657d5ffe9e5bc5b1445841?s=96&r=g\",\"contentUrl\":\"https:\\\/\\\/secure.gravatar.com\\\/avatar\\\/a5697359f709b6b10d9c7e6a7c89f3e054554dedb4657d5ffe9e5bc5b1445841?s=96&r=g\",\"caption\":\"Mimmi Westerlund\"},\"url\":\"https:\\\/\\\/wp.kristdemokraterna.se\\\/uppsala\\\/author\\\/mimmi\\\/\"}]}<\/script>\n<!-- \/ Yoast SEO plugin. -->","yoast_head_json":{"title":"(KD): \u00d6ppna fler Tr\u00e4ffpunkter f\u00f6r de som \u00e4r 65+ | Kristdemokraterna | Uppsala","robots":{"index":"index","follow":"follow","max-snippet":"max-snippet:-1","max-image-preview":"max-image-preview:large","max-video-preview":"max-video-preview:-1"},"canonical":"https:\/\/wp.kristdemokraterna.se\/uppsala\/kd-oppna-fler-traffpunkter-for-de-som-ar-65\/","og_locale":"sv_SE","og_type":"article","og_title":"(KD): \u00d6ppna fler Tr\u00e4ffpunkter f\u00f6r de som \u00e4r 65+ | Kristdemokraterna | Uppsala","og_description":"M\u00e5nga studier visar att daglig motion fr\u00e4mjar h\u00e4lsa och v\u00e4lm\u00e5ende, inte minst bland v\u00e5ra \u00e4ldre, det kan d\u00e4rf\u00f6r ses som b\u00e5de f\u00f6rebyggande och livskvalitetsh\u00f6jande. Tyv\u00e4rr vet vi att m\u00e5nga \u00e4ldre kan k\u00e4nna sig ensamma i hemmet, och steget att sj\u00e4lv motionera kan vara stort. Genom att erbjuda en m\u00f6tesplats f\u00f6r fysisk aktivitet ges s\u00e5v\u00e4l socialt Read More","og_url":"https:\/\/wp.kristdemokraterna.se\/uppsala\/kd-oppna-fler-traffpunkter-for-de-som-ar-65\/","og_site_name":"Kristdemokraterna | Uppsala","article_publisher":"https:\/\/www.facebook.com\/UppsalaKD\/","article_published_time":"2017-05-30T11:01:03+00:00","article_modified_time":"2024-04-03T22:41:50+00:00","og_image":[{"width":3216,"height":2136,"url":"http:\/\/wp.kristdemokraterna.se\/uppsala\/files\/2017\/05\/huy-phan-100866.jpg","type":"image\/jpeg"}],"author":"Mimmi Westerlund","twitter_card":"summary_large_image","twitter_misc":{"Skriven av":"Mimmi Westerlund","Ber\u00e4knad l\u00e4stid":"1 minut"},"schema":{"@context":"https:\/\/schema.org","@graph":[{"@type":"Article","@id":"https:\/\/wp.kristdemokraterna.se\/uppsala\/kd-oppna-fler-traffpunkter-for-de-som-ar-65\/#article","isPartOf":{"@id":"https:\/\/wp.kristdemokraterna.se\/uppsala\/kd-oppna-fler-traffpunkter-for-de-som-ar-65\/"},"author":{"name":"Mimmi Westerlund","@id":"https:\/\/wp.kristdemokraterna.se\/uppsala\/#\/schema\/person\/038d805d685fb0ce5ad14ab8711d8e84"},"headline":"(KD): \u00d6ppna fler Tr\u00e4ffpunkter f\u00f6r de som \u00e4r 65+","datePublished":"2017-05-30T11:01:03+00:00","dateModified":"2024-04-03T22:41:50+00:00","mainEntityOfPage":{"@id":"https:\/\/wp.kristdemokraterna.se\/uppsala\/kd-oppna-fler-traffpunkter-for-de-som-ar-65\/"},"wordCount":282,"publisher":{"@id":"https:\/\/wp.kristdemokraterna.se\/uppsala\/#organization"},"image":{"@id":"https:\/\/wp.kristdemokraterna.se\/uppsala\/kd-oppna-fler-traffpunkter-for-de-som-ar-65\/#primaryimage"},"thumbnailUrl":"https:\/\/wp.kristdemokraterna.se\/uppsala\/files\/2017\/05\/huy-phan-100866.jpg","articleSection":["V\u00e5rd &amp; omsorg"],"inLanguage":"sv-SE"},{"@type":"WebPage","@id":"https:\/\/wp.kristdemokraterna.se\/uppsala\/kd-oppna-fler-traffpunkter-for-de-som-ar-65\/","url":"https:\/\/wp.kristdemokraterna.se\/uppsala\/kd-oppna-fler-traffpunkter-for-de-som-ar-65\/","name":"(KD): \u00d6ppna fler Tr\u00e4ffpunkter f\u00f6r de som \u00e4r 65+ | Kristdemokraterna | Uppsala","isPartOf":{"@id":"https:\/\/wp.kristdemokraterna.se\/uppsala\/#website"},"primaryImageOfPage":{"@id":"https:\/\/wp.kristdemokraterna.se\/uppsala\/kd-oppna-fler-traffpunkter-for-de-som-ar-65\/#primaryimage"},"image":{"@id":"https:\/\/wp.kristdemokraterna.se\/uppsala\/kd-oppna-fler-traffpunkter-for-de-som-ar-65\/#primaryimage"},"thumbnailUrl":"https:\/\/wp.kristdemokraterna.se\/uppsala\/files\/2017\/05\/huy-phan-100866.jpg","datePublished":"2017-05-30T11:01:03+00:00","dateModified":"2024-04-03T22:41:50+00:00","breadcrumb":{"@id":"https:\/\/wp.kristdemokraterna.se\/uppsala\/kd-oppna-fler-traffpunkter-for-de-som-ar-65\/#breadcrumb"},"inLanguage":"sv-SE","potentialAction":[{"@type":"ReadAction","target":["https:\/\/wp.kristdemokraterna.se\/uppsala\/kd-oppna-fler-traffpunkter-for-de-som-ar-65\/"]}]},{"@type":"ImageObject","inLanguage":"sv-SE","@id":"https:\/\/wp.kristdemokraterna.se\/uppsala\/kd-oppna-fler-traffpunkter-for-de-som-ar-65\/#primaryimage","url":"https:\/\/wp.kristdemokraterna.se\/uppsala\/files\/2017\/05\/huy-phan-100866.jpg","contentUrl":"https:\/\/wp.kristdemokraterna.se\/uppsala\/files\/2017\/05\/huy-phan-100866.jpg","width":3216,"height":2136},{"@type":"BreadcrumbList","@id":"https:\/\/wp.kristdemokraterna.se\/uppsala\/kd-oppna-fler-traffpunkter-for-de-som-ar-65\/#breadcrumb","itemListElement":[{"@type":"ListItem","position":1,"name":"Hem","item":"https:\/\/wp.kristdemokraterna.se\/uppsala\/"},{"@type":"ListItem","position":2,"name":"(KD): \u00d6ppna fler Tr\u00e4ffpunkter f\u00f6r de som \u00e4r 65+"}]},{"@type":"WebSite","@id":"https:\/\/wp.kristdemokraterna.se\/uppsala\/#website","url":"https:\/\/wp.kristdemokraterna.se\/uppsala\/","name":"Kristdemokraterna Uppsala","description":"Tryggare Uppsala","publisher":{"@id":"https:\/\/wp.kristdemokraterna.se\/uppsala\/#organization"},"inLanguage":"sv-SE"},{"@type":"Organization","@id":"https:\/\/wp.kristdemokraterna.se\/uppsala\/#organization","name":"Kristdemokraterna Uppsala","url":"https:\/\/wp.kristdemokraterna.se\/uppsala\/","logo":{"@type":"ImageObject","inLanguage":"sv-SE","@id":"https:\/\/wp.kristdemokraterna.se\/uppsala\/#\/schema\/logo\/image\/","url":"https:\/\/wp.kristdemokraterna.se\/uppsala\/files\/2019\/10\/kd-uppsala.png","contentUrl":"https:\/\/wp.kristdemokraterna.se\/uppsala\/files\/2019\/10\/kd-uppsala.png","width":804,"height":421,"caption":"Kristdemokraterna Uppsala"},"image":{"@id":"https:\/\/wp.kristdemokraterna.se\/uppsala\/#\/schema\/logo\/image\/"},"sameAs":["https:\/\/www.facebook.com\/UppsalaKD\/","https:\/\/www.instagram.com\/uppsalakd\/"]},{"@type":"Person","@id":"https:\/\/wp.kristdemokraterna.se\/uppsala\/#\/schema\/person\/038d805d685fb0ce5ad14ab8711d8e84","name":"Mimmi Westerlund","image":{"@type":"ImageObject","inLanguage":"sv-SE","@id":"https:\/\/secure.gravatar.com\/avatar\/a5697359f709b6b10d9c7e6a7c89f3e054554dedb4657d5ffe9e5bc5b1445841?s=96&r=g","url":"https:\/\/secure.gravatar.com\/avatar\/a5697359f709b6b10d9c7e6a7c89f3e054554dedb4657d5ffe9e5bc5b1445841?s=96&r=g","contentUrl":"https:\/\/secure.gravatar.com\/avatar\/a5697359f709b6b10d9c7e6a7c89f3e054554dedb4657d5ffe9e5bc5b1445841?s=96&r=g","caption":"Mimmi Westerlund"},"url":"https:\/\/wp.kristdemokraterna.se\/uppsala\/author\/mimmi\/"}]}},"_links":{"self":[{"href":"https:\/\/wp.kristdemokraterna.se\/uppsala\/wp-json\/wp\/v2\/posts\/2231","targetHints":{"allow":["GET"]}}],"collection":[{"href":"https:\/\/wp.kristdemokraterna.se\/uppsala\/wp-json\/wp\/v2\/posts"}],"about":[{"href":"https:\/\/wp.kristdemokraterna.se\/uppsala\/wp-json\/wp\/v2\/types\/post"}],"author":[{"embeddable":true,"href":"https:\/\/wp.kristdemokraterna.se\/uppsala\/wp-json\/wp\/v2\/users\/702"}],"replies":[{"embeddable":true,"href":"https:\/\/wp.kristdemokraterna.se\/uppsala\/wp-json\/wp\/v2\/comments?post=2231"}],"version-history":[{"count":4,"href":"https:\/\/wp.kristdemokraterna.se\/uppsala\/wp-json\/wp\/v2\/posts\/2231\/revisions"}],"predecessor-version":[{"id":2491,"href":"https:\/\/wp.kristdemokraterna.se\/uppsala\/wp-json\/wp\/v2\/posts\/2231\/revisions\/2491"}],"wp:featuredmedia":[{"embeddable":true,"href":"https:\/\/wp.kristdemokraterna.se\/uppsala\/wp-json\/wp\/v2\/media\/2235"}],"wp:attachment":[{"href":"https:\/\/wp.kristdemokraterna.se\/uppsala\/wp-json\/wp\/v2\/media?parent=2231"}],"wp:term":[{"taxonomy":"category","embeddable":true,"href":"https:\/\/wp.kristdemokraterna.se\/uppsala\/wp-json\/wp\/v2\/categories?post=2231"},{"taxonomy":"post_tag","embeddable":true,"href":"https:\/\/wp.kristdemokraterna.se\/uppsala\/wp-json\/wp\/v2\/tags?post=2231"}],"curies":[{"name":"wp","href":"https:\/\/api.w.org\/{rel}","templated":true}]}}