{"id":2240,"date":"2017-06-13T13:29:47","date_gmt":"2017-06-13T11:29:47","guid":{"rendered":"http:\/\/wp.kristdemokraterna.se\/uppsala\/?p=2240"},"modified":"2024-04-04T00:41:42","modified_gmt":"2024-04-03T22:41:42","slug":"kd-sa-vill-vi-gora-gottsunda-tryggare","status":"publish","type":"post","link":"https:\/\/wp.kristdemokraterna.se\/uppsala\/kd-sa-vill-vi-gora-gottsunda-tryggare\/","title":{"rendered":"(KD): S\u00e5 vill vi g\u00f6ra Gottsunda tryggare"},"content":{"rendered":"<p><strong>I veckan rapporterade UNT om att Polisens nationella operativa avdelning (NOA) nu klassar <a href=\"http:\/\/unt.se\/nyheter\/uppsala\/atta-nya-sarskilt-utsatta-omraden-i-sverige-4677159.aspx\">\u00e5tta nya s\u00e4rskilt utsatta omr\u00e5den i Sverige<\/a>, d\u00e4ribland \u00e5terfinns Gottsunda \u2013 totalt \u00e4r det allts\u00e5 nu 23 s\u00e5dana omr\u00e5den i Sverige. F\u00f6r att klassas som s\u00e4rskilt utsatt omr\u00e5de beh\u00f6ver platsen k\u00e4nnetecknas av bland annat parallella samh\u00e4llsstrukturer, sv\u00e5righeter f\u00f6r Polisen att fullf\u00f6lja sitt uppdrag och v\u00e5ldsbejakande religi\u00f6s extremism.<\/strong><\/p>\n<p>Redan 2015 fr\u00e5gade vi kristdemokrater om den r\u00f6dgr\u00f6na majoriteten avs\u00e5g uppr\u00e4tta en handlingsplan mot v\u00e5ldsbejakande extremism.<a href=\"#_ftn1\" name=\"_ftnref1\">[1]<\/a> Vi efterfr\u00e5gade samtidigt en kartl\u00e4ggning av hur stort problemet var och vad kommunen \u00e4mnade g\u00f6ra f\u00f6r att f\u00f6rebygga extremismens framfart. Svaret var sv\u00e4vande och d\u00e4rf\u00f6r f\u00f6ljde vi upp \u00e4rendet med en motion, d\u00e4r vi kr\u00e4vde att en s\u00e5dan plan skulle uppr\u00e4ttas.<a href=\"#_ftn2\" name=\"_ftnref2\">[2]<\/a> N\u00e4r planen ett \u00e5r senare v\u00e4l skulle antas var den s\u00e5 bristf\u00e4llig att vi reserverade oss till f\u00f6rm\u00e5n f\u00f6r en rad till\u00e4ggsyrkanden. <a href=\"#_ftn3\" name=\"_ftnref3\">[3]<\/a><\/p>\n<blockquote><p>&#8211; Grupperingar kopplade till v\u00e5ldsbejakande islamistisk extremism har de senaste \u00e5ren genomf\u00f6rt en rad terrord\u00e5d i Europa och nu \u00e4ven i Sverige. Att l\u00e5ta s\u00e5dana krafter gro i Uppsala \u00e4r ansvarsl\u00f6st och farligt. Vi har som enda parti i Uppsala pressat majoriteten att ta fram en handlingskraftig plan mot v\u00e5ldsbejakande extremism, s\u00e4rskilt med tanke p\u00e5 situationen i Gottsunda. Nu n\u00e4r Polisens nationella operativa avdelning (NOA) klassat det som ett s\u00e4rskilt utsatt omr\u00e5de, d\u00e4r v\u00e5ldsbejakande extremism \u00e4r ett av kriterierna, \u00e4r det h\u00f6g tid att v\u00e5ra r\u00f6dgr\u00f6na politiker sk\u00e4rper till sig, kommenterar Jonas Segersam (KD) kommunalr\u00e5d i opposition<\/p>\n<p>&#8211; Ytterst beh\u00f6ver vi fler poliser, men tyv\u00e4rr har kommunen ingen r\u00e5dighet \u00f6ver det. Vi har d\u00e4remot f\u00f6reslagit att st\u00e4rka samarbetet med S\u00e4kerhetspolisen och formalisera samverkan med mosk\u00e9er och islamska f\u00f6reningar som kan inneb\u00e4ra broar f\u00f6r personer som riskerar utveckla extremism. Vi beh\u00f6ver ocks\u00e5 komplettera med att placera de planerade trygghetskamerorna och kommunala ordningsvakterna i Gottsunda \u2013 det finns ingen anledning att v\u00e4nta, avslutar han.<\/p><\/blockquote>\n<p><strong>Vi uppmanar Uppsala kommun f\u00f6ljande:<\/strong><\/p>\n<ul>\n<li>Placera trygghetskameror och ordningsvakter i Gottsunda<\/li>\n<li>Inf\u00f6r kommunala kontaktpersoner som man kan v\u00e4nda sig om en anh\u00f6rig eller v\u00e4n radikaliseras<\/li>\n<li>Genom SSP-samverkan \u00e4ven involvera fritidsg\u00e5rdar och s\u00e4kerhetspolis i ett strukturerat samarbete<\/li>\n<li>Grundligt utbilda personal i skolor och fritidsg\u00e5rdar i hur man p\u00e5 ett tidigt skede kan f\u00f6rebygga, uppt\u00e4cka och f\u00f6rhindra radikalisering.<\/li>\n<li>Utbyta erfarenheter med Europeiska st\u00e4der, kommuner och regioner som har kommit l\u00e5ngt i arbetet med att motverka islamistisk extremism<\/li>\n<\/ul>\n<p><a href=\"#_ftnref1\" name=\"_ftn1\">[1]<\/a> 2015-10-28 <a href=\"https:\/\/www.uppsala.se\/contentassets\/8bf7f599e5ee410d865295a052b4a79c\/interp-extremism-kd.pdf\">Interpellation om v\u00e5ldsbejakande extremism<\/a><\/p>\n<p><a href=\"#_ftnref2\" name=\"_ftn2\">[2]<\/a> 2016-08-19 <a href=\"https:\/\/www.uppsala.se\/contentassets\/3273b9c809424fae8108166025287ba0\/24-motion-av-jonas-segersam-kd-angaende-handlingsplan-mot-valdsbejakande-extremism.pdf\">Motion ang\u00e5ende handlingsplan mot v\u00e5ldsbejakande extremism<\/a><\/p>\n<p><a href=\"#_ftnref3\" name=\"_ftn3\">[3]<\/a> 2016-09-05 <a href=\"https:\/\/www.uppsala.se\/contentassets\/39a9d7286e07492bbff572ecd5acd361\/kf-116-klar.pdf\">Reservation mot majoritetens bristf\u00e4lliga handlingsplan mot v\u00e5ldsbejakande extremism<\/a><\/p>\n","protected":false},"excerpt":{"rendered":"<p>I veckan rapporterade UNT om att Polisens nationella operativa avdelning (NOA) nu klassar \u00e5tta nya s\u00e4rskilt utsatta omr\u00e5den i Sverige, d\u00e4ribland \u00e5terfinns Gottsunda \u2013 totalt \u00e4r det allts\u00e5 nu 23 s\u00e5dana omr\u00e5den i Sverige. F\u00f6r att klassas som s\u00e4rskilt utsatt omr\u00e5de beh\u00f6ver platsen k\u00e4nnetecknas av bland annat parallella samh\u00e4llsstrukturer, sv\u00e5righeter f\u00f6r Polisen att fullf\u00f6lja sitt <a class=\"read-more-link\" href=\"https:\/\/wp.kristdemokraterna.se\/uppsala\/kd-sa-vill-vi-gora-gottsunda-tryggare\/\">Read More<\/a><\/p>\n","protected":false},"author":702,"featured_media":2243,"comment_status":"closed","ping_status":"closed","sticky":false,"template":"","format":"standard","meta":{"_acf_changed":false,"footnotes":""},"categories":[249],"tags":[],"class_list":["post-2240","post","type-post","status-publish","format-standard","hentry","category-trygghet-o-sakerhet"],"acf":[],"yoast_head":"<!-- This site is optimized with the Yoast SEO plugin v27.4 - https:\/\/yoast.com\/product\/yoast-seo-wordpress\/ -->\n<title>(KD): S\u00e5 vill vi g\u00f6ra Gottsunda tryggare | Kristdemokraterna | Uppsala<\/title>\n<meta name=\"robots\" content=\"index, follow, max-snippet:-1, max-image-preview:large, max-video-preview:-1\" \/>\n<link rel=\"canonical\" href=\"https:\/\/wp.kristdemokraterna.se\/uppsala\/kd-sa-vill-vi-gora-gottsunda-tryggare\/\" \/>\n<meta property=\"og:locale\" content=\"sv_SE\" \/>\n<meta property=\"og:type\" content=\"article\" \/>\n<meta property=\"og:title\" content=\"(KD): S\u00e5 vill vi g\u00f6ra Gottsunda tryggare | Kristdemokraterna | Uppsala\" \/>\n<meta property=\"og:description\" content=\"I veckan rapporterade UNT om att Polisens nationella operativa avdelning (NOA) nu klassar \u00e5tta nya s\u00e4rskilt utsatta omr\u00e5den i Sverige, d\u00e4ribland \u00e5terfinns Gottsunda \u2013 totalt \u00e4r det allts\u00e5 nu 23 s\u00e5dana omr\u00e5den i Sverige. F\u00f6r att klassas som s\u00e4rskilt utsatt omr\u00e5de beh\u00f6ver platsen k\u00e4nnetecknas av bland annat parallella samh\u00e4llsstrukturer, sv\u00e5righeter f\u00f6r Polisen att fullf\u00f6lja sitt Read More\" \/>\n<meta property=\"og:url\" content=\"https:\/\/wp.kristdemokraterna.se\/uppsala\/kd-sa-vill-vi-gora-gottsunda-tryggare\/\" \/>\n<meta property=\"og:site_name\" content=\"Kristdemokraterna | Uppsala\" \/>\n<meta property=\"article:publisher\" content=\"https:\/\/www.facebook.com\/UppsalaKD\/\" \/>\n<meta property=\"article:published_time\" content=\"2017-06-13T11:29:47+00:00\" \/>\n<meta property=\"article:modified_time\" content=\"2024-04-03T22:41:42+00:00\" \/>\n<meta property=\"og:image\" content=\"http:\/\/wp.kristdemokraterna.se\/uppsala\/files\/2017\/06\/city-2045453_1920.jpg\" \/>\n\t<meta property=\"og:image:width\" content=\"1920\" \/>\n\t<meta property=\"og:image:height\" content=\"1280\" \/>\n\t<meta property=\"og:image:type\" content=\"image\/jpeg\" \/>\n<meta name=\"author\" content=\"Mimmi Westerlund\" \/>\n<meta name=\"twitter:card\" content=\"summary_large_image\" \/>\n<meta name=\"twitter:label1\" content=\"Skriven av\" \/>\n\t<meta name=\"twitter:data1\" content=\"Mimmi Westerlund\" \/>\n\t<meta name=\"twitter:label2\" content=\"Ber\u00e4knad l\u00e4stid\" \/>\n\t<meta name=\"twitter:data2\" content=\"2 minuter\" \/>\n<script type=\"application\/ld+json\" class=\"yoast-schema-graph\">{\"@context\":\"https:\\\/\\\/schema.org\",\"@graph\":[{\"@type\":\"Article\",\"@id\":\"https:\\\/\\\/wp.kristdemokraterna.se\\\/uppsala\\\/kd-sa-vill-vi-gora-gottsunda-tryggare\\\/#article\",\"isPartOf\":{\"@id\":\"https:\\\/\\\/wp.kristdemokraterna.se\\\/uppsala\\\/kd-sa-vill-vi-gora-gottsunda-tryggare\\\/\"},\"author\":{\"name\":\"Mimmi Westerlund\",\"@id\":\"https:\\\/\\\/wp.kristdemokraterna.se\\\/uppsala\\\/#\\\/schema\\\/person\\\/038d805d685fb0ce5ad14ab8711d8e84\"},\"headline\":\"(KD): S\u00e5 vill vi g\u00f6ra Gottsunda tryggare\",\"datePublished\":\"2017-06-13T11:29:47+00:00\",\"dateModified\":\"2024-04-03T22:41:42+00:00\",\"mainEntityOfPage\":{\"@id\":\"https:\\\/\\\/wp.kristdemokraterna.se\\\/uppsala\\\/kd-sa-vill-vi-gora-gottsunda-tryggare\\\/\"},\"wordCount\":496,\"publisher\":{\"@id\":\"https:\\\/\\\/wp.kristdemokraterna.se\\\/uppsala\\\/#organization\"},\"image\":{\"@id\":\"https:\\\/\\\/wp.kristdemokraterna.se\\\/uppsala\\\/kd-sa-vill-vi-gora-gottsunda-tryggare\\\/#primaryimage\"},\"thumbnailUrl\":\"https:\\\/\\\/wp.kristdemokraterna.se\\\/uppsala\\\/files\\\/2017\\\/06\\\/city-2045453_1920.jpg\",\"articleSection\":[\"Trygghet &amp; S\u00e4kerhet\"],\"inLanguage\":\"sv-SE\"},{\"@type\":\"WebPage\",\"@id\":\"https:\\\/\\\/wp.kristdemokraterna.se\\\/uppsala\\\/kd-sa-vill-vi-gora-gottsunda-tryggare\\\/\",\"url\":\"https:\\\/\\\/wp.kristdemokraterna.se\\\/uppsala\\\/kd-sa-vill-vi-gora-gottsunda-tryggare\\\/\",\"name\":\"(KD): S\u00e5 vill vi g\u00f6ra Gottsunda tryggare | Kristdemokraterna | Uppsala\",\"isPartOf\":{\"@id\":\"https:\\\/\\\/wp.kristdemokraterna.se\\\/uppsala\\\/#website\"},\"primaryImageOfPage\":{\"@id\":\"https:\\\/\\\/wp.kristdemokraterna.se\\\/uppsala\\\/kd-sa-vill-vi-gora-gottsunda-tryggare\\\/#primaryimage\"},\"image\":{\"@id\":\"https:\\\/\\\/wp.kristdemokraterna.se\\\/uppsala\\\/kd-sa-vill-vi-gora-gottsunda-tryggare\\\/#primaryimage\"},\"thumbnailUrl\":\"https:\\\/\\\/wp.kristdemokraterna.se\\\/uppsala\\\/files\\\/2017\\\/06\\\/city-2045453_1920.jpg\",\"datePublished\":\"2017-06-13T11:29:47+00:00\",\"dateModified\":\"2024-04-03T22:41:42+00:00\",\"breadcrumb\":{\"@id\":\"https:\\\/\\\/wp.kristdemokraterna.se\\\/uppsala\\\/kd-sa-vill-vi-gora-gottsunda-tryggare\\\/#breadcrumb\"},\"inLanguage\":\"sv-SE\",\"potentialAction\":[{\"@type\":\"ReadAction\",\"target\":[\"https:\\\/\\\/wp.kristdemokraterna.se\\\/uppsala\\\/kd-sa-vill-vi-gora-gottsunda-tryggare\\\/\"]}]},{\"@type\":\"ImageObject\",\"inLanguage\":\"sv-SE\",\"@id\":\"https:\\\/\\\/wp.kristdemokraterna.se\\\/uppsala\\\/kd-sa-vill-vi-gora-gottsunda-tryggare\\\/#primaryimage\",\"url\":\"https:\\\/\\\/wp.kristdemokraterna.se\\\/uppsala\\\/files\\\/2017\\\/06\\\/city-2045453_1920.jpg\",\"contentUrl\":\"https:\\\/\\\/wp.kristdemokraterna.se\\\/uppsala\\\/files\\\/2017\\\/06\\\/city-2045453_1920.jpg\",\"width\":1920,\"height\":1280},{\"@type\":\"BreadcrumbList\",\"@id\":\"https:\\\/\\\/wp.kristdemokraterna.se\\\/uppsala\\\/kd-sa-vill-vi-gora-gottsunda-tryggare\\\/#breadcrumb\",\"itemListElement\":[{\"@type\":\"ListItem\",\"position\":1,\"name\":\"Hem\",\"item\":\"https:\\\/\\\/wp.kristdemokraterna.se\\\/uppsala\\\/\"},{\"@type\":\"ListItem\",\"position\":2,\"name\":\"(KD): S\u00e5 vill vi g\u00f6ra Gottsunda tryggare\"}]},{\"@type\":\"WebSite\",\"@id\":\"https:\\\/\\\/wp.kristdemokraterna.se\\\/uppsala\\\/#website\",\"url\":\"https:\\\/\\\/wp.kristdemokraterna.se\\\/uppsala\\\/\",\"name\":\"Kristdemokraterna Uppsala\",\"description\":\"Tryggare Uppsala\",\"publisher\":{\"@id\":\"https:\\\/\\\/wp.kristdemokraterna.se\\\/uppsala\\\/#organization\"},\"inLanguage\":\"sv-SE\"},{\"@type\":\"Organization\",\"@id\":\"https:\\\/\\\/wp.kristdemokraterna.se\\\/uppsala\\\/#organization\",\"name\":\"Kristdemokraterna Uppsala\",\"url\":\"https:\\\/\\\/wp.kristdemokraterna.se\\\/uppsala\\\/\",\"logo\":{\"@type\":\"ImageObject\",\"inLanguage\":\"sv-SE\",\"@id\":\"https:\\\/\\\/wp.kristdemokraterna.se\\\/uppsala\\\/#\\\/schema\\\/logo\\\/image\\\/\",\"url\":\"https:\\\/\\\/wp.kristdemokraterna.se\\\/uppsala\\\/files\\\/2019\\\/10\\\/kd-uppsala.png\",\"contentUrl\":\"https:\\\/\\\/wp.kristdemokraterna.se\\\/uppsala\\\/files\\\/2019\\\/10\\\/kd-uppsala.png\",\"width\":804,\"height\":421,\"caption\":\"Kristdemokraterna Uppsala\"},\"image\":{\"@id\":\"https:\\\/\\\/wp.kristdemokraterna.se\\\/uppsala\\\/#\\\/schema\\\/logo\\\/image\\\/\"},\"sameAs\":[\"https:\\\/\\\/www.facebook.com\\\/UppsalaKD\\\/\",\"https:\\\/\\\/www.instagram.com\\\/uppsalakd\\\/\"]},{\"@type\":\"Person\",\"@id\":\"https:\\\/\\\/wp.kristdemokraterna.se\\\/uppsala\\\/#\\\/schema\\\/person\\\/038d805d685fb0ce5ad14ab8711d8e84\",\"name\":\"Mimmi Westerlund\",\"image\":{\"@type\":\"ImageObject\",\"inLanguage\":\"sv-SE\",\"@id\":\"https:\\\/\\\/secure.gravatar.com\\\/avatar\\\/a5697359f709b6b10d9c7e6a7c89f3e054554dedb4657d5ffe9e5bc5b1445841?s=96&r=g\",\"url\":\"https:\\\/\\\/secure.gravatar.com\\\/avatar\\\/a5697359f709b6b10d9c7e6a7c89f3e054554dedb4657d5ffe9e5bc5b1445841?s=96&r=g\",\"contentUrl\":\"https:\\\/\\\/secure.gravatar.com\\\/avatar\\\/a5697359f709b6b10d9c7e6a7c89f3e054554dedb4657d5ffe9e5bc5b1445841?s=96&r=g\",\"caption\":\"Mimmi Westerlund\"},\"url\":\"https:\\\/\\\/wp.kristdemokraterna.se\\\/uppsala\\\/author\\\/mimmi\\\/\"}]}<\/script>\n<!-- \/ Yoast SEO plugin. -->","yoast_head_json":{"title":"(KD): S\u00e5 vill vi g\u00f6ra Gottsunda tryggare | Kristdemokraterna | Uppsala","robots":{"index":"index","follow":"follow","max-snippet":"max-snippet:-1","max-image-preview":"max-image-preview:large","max-video-preview":"max-video-preview:-1"},"canonical":"https:\/\/wp.kristdemokraterna.se\/uppsala\/kd-sa-vill-vi-gora-gottsunda-tryggare\/","og_locale":"sv_SE","og_type":"article","og_title":"(KD): S\u00e5 vill vi g\u00f6ra Gottsunda tryggare | Kristdemokraterna | Uppsala","og_description":"I veckan rapporterade UNT om att Polisens nationella operativa avdelning (NOA) nu klassar \u00e5tta nya s\u00e4rskilt utsatta omr\u00e5den i Sverige, d\u00e4ribland \u00e5terfinns Gottsunda \u2013 totalt \u00e4r det allts\u00e5 nu 23 s\u00e5dana omr\u00e5den i Sverige. F\u00f6r att klassas som s\u00e4rskilt utsatt omr\u00e5de beh\u00f6ver platsen k\u00e4nnetecknas av bland annat parallella samh\u00e4llsstrukturer, sv\u00e5righeter f\u00f6r Polisen att fullf\u00f6lja sitt Read More","og_url":"https:\/\/wp.kristdemokraterna.se\/uppsala\/kd-sa-vill-vi-gora-gottsunda-tryggare\/","og_site_name":"Kristdemokraterna | Uppsala","article_publisher":"https:\/\/www.facebook.com\/UppsalaKD\/","article_published_time":"2017-06-13T11:29:47+00:00","article_modified_time":"2024-04-03T22:41:42+00:00","og_image":[{"width":1920,"height":1280,"url":"http:\/\/wp.kristdemokraterna.se\/uppsala\/files\/2017\/06\/city-2045453_1920.jpg","type":"image\/jpeg"}],"author":"Mimmi Westerlund","twitter_card":"summary_large_image","twitter_misc":{"Skriven av":"Mimmi Westerlund","Ber\u00e4knad l\u00e4stid":"2 minuter"},"schema":{"@context":"https:\/\/schema.org","@graph":[{"@type":"Article","@id":"https:\/\/wp.kristdemokraterna.se\/uppsala\/kd-sa-vill-vi-gora-gottsunda-tryggare\/#article","isPartOf":{"@id":"https:\/\/wp.kristdemokraterna.se\/uppsala\/kd-sa-vill-vi-gora-gottsunda-tryggare\/"},"author":{"name":"Mimmi Westerlund","@id":"https:\/\/wp.kristdemokraterna.se\/uppsala\/#\/schema\/person\/038d805d685fb0ce5ad14ab8711d8e84"},"headline":"(KD): S\u00e5 vill vi g\u00f6ra Gottsunda tryggare","datePublished":"2017-06-13T11:29:47+00:00","dateModified":"2024-04-03T22:41:42+00:00","mainEntityOfPage":{"@id":"https:\/\/wp.kristdemokraterna.se\/uppsala\/kd-sa-vill-vi-gora-gottsunda-tryggare\/"},"wordCount":496,"publisher":{"@id":"https:\/\/wp.kristdemokraterna.se\/uppsala\/#organization"},"image":{"@id":"https:\/\/wp.kristdemokraterna.se\/uppsala\/kd-sa-vill-vi-gora-gottsunda-tryggare\/#primaryimage"},"thumbnailUrl":"https:\/\/wp.kristdemokraterna.se\/uppsala\/files\/2017\/06\/city-2045453_1920.jpg","articleSection":["Trygghet &amp; S\u00e4kerhet"],"inLanguage":"sv-SE"},{"@type":"WebPage","@id":"https:\/\/wp.kristdemokraterna.se\/uppsala\/kd-sa-vill-vi-gora-gottsunda-tryggare\/","url":"https:\/\/wp.kristdemokraterna.se\/uppsala\/kd-sa-vill-vi-gora-gottsunda-tryggare\/","name":"(KD): S\u00e5 vill vi g\u00f6ra Gottsunda tryggare | Kristdemokraterna | Uppsala","isPartOf":{"@id":"https:\/\/wp.kristdemokraterna.se\/uppsala\/#website"},"primaryImageOfPage":{"@id":"https:\/\/wp.kristdemokraterna.se\/uppsala\/kd-sa-vill-vi-gora-gottsunda-tryggare\/#primaryimage"},"image":{"@id":"https:\/\/wp.kristdemokraterna.se\/uppsala\/kd-sa-vill-vi-gora-gottsunda-tryggare\/#primaryimage"},"thumbnailUrl":"https:\/\/wp.kristdemokraterna.se\/uppsala\/files\/2017\/06\/city-2045453_1920.jpg","datePublished":"2017-06-13T11:29:47+00:00","dateModified":"2024-04-03T22:41:42+00:00","breadcrumb":{"@id":"https:\/\/wp.kristdemokraterna.se\/uppsala\/kd-sa-vill-vi-gora-gottsunda-tryggare\/#breadcrumb"},"inLanguage":"sv-SE","potentialAction":[{"@type":"ReadAction","target":["https:\/\/wp.kristdemokraterna.se\/uppsala\/kd-sa-vill-vi-gora-gottsunda-tryggare\/"]}]},{"@type":"ImageObject","inLanguage":"sv-SE","@id":"https:\/\/wp.kristdemokraterna.se\/uppsala\/kd-sa-vill-vi-gora-gottsunda-tryggare\/#primaryimage","url":"https:\/\/wp.kristdemokraterna.se\/uppsala\/files\/2017\/06\/city-2045453_1920.jpg","contentUrl":"https:\/\/wp.kristdemokraterna.se\/uppsala\/files\/2017\/06\/city-2045453_1920.jpg","width":1920,"height":1280},{"@type":"BreadcrumbList","@id":"https:\/\/wp.kristdemokraterna.se\/uppsala\/kd-sa-vill-vi-gora-gottsunda-tryggare\/#breadcrumb","itemListElement":[{"@type":"ListItem","position":1,"name":"Hem","item":"https:\/\/wp.kristdemokraterna.se\/uppsala\/"},{"@type":"ListItem","position":2,"name":"(KD): S\u00e5 vill vi g\u00f6ra Gottsunda tryggare"}]},{"@type":"WebSite","@id":"https:\/\/wp.kristdemokraterna.se\/uppsala\/#website","url":"https:\/\/wp.kristdemokraterna.se\/uppsala\/","name":"Kristdemokraterna Uppsala","description":"Tryggare Uppsala","publisher":{"@id":"https:\/\/wp.kristdemokraterna.se\/uppsala\/#organization"},"inLanguage":"sv-SE"},{"@type":"Organization","@id":"https:\/\/wp.kristdemokraterna.se\/uppsala\/#organization","name":"Kristdemokraterna Uppsala","url":"https:\/\/wp.kristdemokraterna.se\/uppsala\/","logo":{"@type":"ImageObject","inLanguage":"sv-SE","@id":"https:\/\/wp.kristdemokraterna.se\/uppsala\/#\/schema\/logo\/image\/","url":"https:\/\/wp.kristdemokraterna.se\/uppsala\/files\/2019\/10\/kd-uppsala.png","contentUrl":"https:\/\/wp.kristdemokraterna.se\/uppsala\/files\/2019\/10\/kd-uppsala.png","width":804,"height":421,"caption":"Kristdemokraterna Uppsala"},"image":{"@id":"https:\/\/wp.kristdemokraterna.se\/uppsala\/#\/schema\/logo\/image\/"},"sameAs":["https:\/\/www.facebook.com\/UppsalaKD\/","https:\/\/www.instagram.com\/uppsalakd\/"]},{"@type":"Person","@id":"https:\/\/wp.kristdemokraterna.se\/uppsala\/#\/schema\/person\/038d805d685fb0ce5ad14ab8711d8e84","name":"Mimmi Westerlund","image":{"@type":"ImageObject","inLanguage":"sv-SE","@id":"https:\/\/secure.gravatar.com\/avatar\/a5697359f709b6b10d9c7e6a7c89f3e054554dedb4657d5ffe9e5bc5b1445841?s=96&r=g","url":"https:\/\/secure.gravatar.com\/avatar\/a5697359f709b6b10d9c7e6a7c89f3e054554dedb4657d5ffe9e5bc5b1445841?s=96&r=g","contentUrl":"https:\/\/secure.gravatar.com\/avatar\/a5697359f709b6b10d9c7e6a7c89f3e054554dedb4657d5ffe9e5bc5b1445841?s=96&r=g","caption":"Mimmi Westerlund"},"url":"https:\/\/wp.kristdemokraterna.se\/uppsala\/author\/mimmi\/"}]}},"_links":{"self":[{"href":"https:\/\/wp.kristdemokraterna.se\/uppsala\/wp-json\/wp\/v2\/posts\/2240","targetHints":{"allow":["GET"]}}],"collection":[{"href":"https:\/\/wp.kristdemokraterna.se\/uppsala\/wp-json\/wp\/v2\/posts"}],"about":[{"href":"https:\/\/wp.kristdemokraterna.se\/uppsala\/wp-json\/wp\/v2\/types\/post"}],"author":[{"embeddable":true,"href":"https:\/\/wp.kristdemokraterna.se\/uppsala\/wp-json\/wp\/v2\/users\/702"}],"replies":[{"embeddable":true,"href":"https:\/\/wp.kristdemokraterna.se\/uppsala\/wp-json\/wp\/v2\/comments?post=2240"}],"version-history":[{"count":1,"href":"https:\/\/wp.kristdemokraterna.se\/uppsala\/wp-json\/wp\/v2\/posts\/2240\/revisions"}],"predecessor-version":[{"id":2241,"href":"https:\/\/wp.kristdemokraterna.se\/uppsala\/wp-json\/wp\/v2\/posts\/2240\/revisions\/2241"}],"wp:featuredmedia":[{"embeddable":true,"href":"https:\/\/wp.kristdemokraterna.se\/uppsala\/wp-json\/wp\/v2\/media\/2243"}],"wp:attachment":[{"href":"https:\/\/wp.kristdemokraterna.se\/uppsala\/wp-json\/wp\/v2\/media?parent=2240"}],"wp:term":[{"taxonomy":"category","embeddable":true,"href":"https:\/\/wp.kristdemokraterna.se\/uppsala\/wp-json\/wp\/v2\/categories?post=2240"},{"taxonomy":"post_tag","embeddable":true,"href":"https:\/\/wp.kristdemokraterna.se\/uppsala\/wp-json\/wp\/v2\/tags?post=2240"}],"curies":[{"name":"wp","href":"https:\/\/api.w.org\/{rel}","templated":true}]}}