{"id":2244,"date":"2017-06-20T09:46:18","date_gmt":"2017-06-20T07:46:18","guid":{"rendered":"http:\/\/wp.kristdemokraterna.se\/uppsala\/?p=2244"},"modified":"2024-04-04T00:41:34","modified_gmt":"2024-04-03T22:41:34","slug":"seger-for-kd-far-ratt-om-bup-i-osthammar","status":"publish","type":"post","link":"https:\/\/wp.kristdemokraterna.se\/uppsala\/seger-for-kd-far-ratt-om-bup-i-osthammar\/","title":{"rendered":"Seger f\u00f6r KD &#8211; f\u00e5r r\u00e4tt om BUP i \u00d6sthammar"},"content":{"rendered":"<p>29 september f\u00f6rra \u00e5ret ville KD \u00d6sthammar att kommunen skulle agera i fr\u00e5gan om neddragningar inom barn- och ungdomspsykiatrin (BUP). Tyv\u00e4rr fick f\u00f6rslaget kalla handen av den r\u00f6dgr\u00f6na majoriteten. UNT skrev d\u00e5:\u00a0<span style=\"color: #ff0000\">&#8221;Ett KD-f\u00f6rslag och att uppvakta sjukhusstyrelsen ang\u00e5ende barn- och ungdomspsykiatrin (BUP) i \u00d6sthammar fick inget geh\u00f6r vid senaste fullm\u00e4ktige.&#8221;<\/span> <a href=\"http:\/\/www.unt.se\/nyheter\/osthammar\/kd-forslag-om-bup-fick-inget-gehor-4389531.aspx\">(UNT 29\/9-16<\/a>)<\/p>\n<p>Men nu, nio m\u00e5nader senare, har Kristdemokraterna \u00e4ntligen f\u00e5tt r\u00e4tt. <a href=\"http:\/\/www.unt.se\/nyheter\/osthammar\/psykologhjalp-for-barn-i-gimo-4681647.aspx\">UNT rapporterar<\/a> att det fr\u00e5n och med h\u00f6sten 2017 kommer finnas en psykolog i samma lokaler som familjecentralen och R\u00e5d- och st\u00f6dgruppen i Gimo.<\/p>\n<blockquote>\n<h3>\u2013\u2009Det h\u00e4r med barn och ungas psykiska h\u00e4lsa \u00e4r en hj\u00e4rtefr\u00e5ga f\u00f6r oss i KD. Kommunen m\u00e5ste reagera n\u00e4r medborgarna inte m\u00e5r bra, s\u00e4ger Lena Hagman (KD) \u00d6sthammar<\/h3>\n<h3>&#8211; Vi \u00e4r glada \u00f6ver att en f\u00f6rst\u00e4rkning \u00e4r p\u00e5 g\u00e5ng! Till\u00e4gger<strong>\u00a0Anna-Karin Klomp, regionr\u00e5d (KD)<\/strong><\/h3>\n<\/blockquote>\n","protected":false},"excerpt":{"rendered":"<p>29 september f\u00f6rra \u00e5ret ville KD \u00d6sthammar att kommunen skulle agera i fr\u00e5gan om neddragningar inom barn- och ungdomspsykiatrin (BUP). Tyv\u00e4rr fick f\u00f6rslaget kalla handen av den r\u00f6dgr\u00f6na majoriteten. UNT skrev d\u00e5:\u00a0&#8221;Ett KD-f\u00f6rslag och att uppvakta sjukhusstyrelsen ang\u00e5ende barn- och ungdomspsykiatrin (BUP) i \u00d6sthammar fick inget geh\u00f6r vid senaste fullm\u00e4ktige.&#8221; (UNT 29\/9-16) Men nu, nio <a class=\"read-more-link\" href=\"https:\/\/wp.kristdemokraterna.se\/uppsala\/seger-for-kd-far-ratt-om-bup-i-osthammar\/\">Read More<\/a><\/p>\n","protected":false},"author":702,"featured_media":2246,"comment_status":"closed","ping_status":"closed","sticky":false,"template":"","format":"standard","meta":{"_acf_changed":false,"footnotes":""},"categories":[236],"tags":[],"class_list":["post-2244","post","type-post","status-publish","format-standard","hentry","category-vard-o-omsorg"],"acf":[],"yoast_head":"<!-- This site is optimized with the Yoast SEO plugin v27.4 - https:\/\/yoast.com\/product\/yoast-seo-wordpress\/ -->\n<title>Seger f\u00f6r KD - f\u00e5r r\u00e4tt om BUP i \u00d6sthammar | Kristdemokraterna | Uppsala<\/title>\n<meta name=\"robots\" content=\"index, follow, max-snippet:-1, max-image-preview:large, max-video-preview:-1\" \/>\n<link rel=\"canonical\" href=\"https:\/\/wp.kristdemokraterna.se\/uppsala\/seger-for-kd-far-ratt-om-bup-i-osthammar\/\" \/>\n<meta property=\"og:locale\" content=\"sv_SE\" \/>\n<meta property=\"og:type\" content=\"article\" \/>\n<meta property=\"og:title\" content=\"Seger f\u00f6r KD - f\u00e5r r\u00e4tt om BUP i \u00d6sthammar | Kristdemokraterna | Uppsala\" \/>\n<meta property=\"og:description\" content=\"29 september f\u00f6rra \u00e5ret ville KD \u00d6sthammar att kommunen skulle agera i fr\u00e5gan om neddragningar inom barn- och ungdomspsykiatrin (BUP). Tyv\u00e4rr fick f\u00f6rslaget kalla handen av den r\u00f6dgr\u00f6na majoriteten. UNT skrev d\u00e5:\u00a0&#8221;Ett KD-f\u00f6rslag och att uppvakta sjukhusstyrelsen ang\u00e5ende barn- och ungdomspsykiatrin (BUP) i \u00d6sthammar fick inget geh\u00f6r vid senaste fullm\u00e4ktige.&#8221; (UNT 29\/9-16) Men nu, nio Read More\" \/>\n<meta property=\"og:url\" content=\"https:\/\/wp.kristdemokraterna.se\/uppsala\/seger-for-kd-far-ratt-om-bup-i-osthammar\/\" \/>\n<meta property=\"og:site_name\" content=\"Kristdemokraterna | Uppsala\" \/>\n<meta property=\"article:publisher\" content=\"https:\/\/www.facebook.com\/UppsalaKD\/\" \/>\n<meta property=\"article:published_time\" content=\"2017-06-20T07:46:18+00:00\" \/>\n<meta property=\"article:modified_time\" content=\"2024-04-03T22:41:34+00:00\" \/>\n<meta property=\"og:image\" content=\"http:\/\/wp.kristdemokraterna.se\/uppsala\/files\/2017\/06\/img_3651.jpg\" \/>\n\t<meta property=\"og:image:width\" content=\"225\" \/>\n\t<meta property=\"og:image:height\" content=\"225\" \/>\n\t<meta property=\"og:image:type\" content=\"image\/jpeg\" \/>\n<meta name=\"author\" content=\"Mimmi Westerlund\" \/>\n<meta name=\"twitter:card\" content=\"summary_large_image\" \/>\n<meta name=\"twitter:label1\" content=\"Skriven av\" \/>\n\t<meta name=\"twitter:data1\" content=\"Mimmi Westerlund\" \/>\n\t<meta name=\"twitter:label2\" content=\"Ber\u00e4knad l\u00e4stid\" \/>\n\t<meta name=\"twitter:data2\" content=\"1 minut\" \/>\n<script type=\"application\/ld+json\" class=\"yoast-schema-graph\">{\"@context\":\"https:\\\/\\\/schema.org\",\"@graph\":[{\"@type\":\"Article\",\"@id\":\"https:\\\/\\\/wp.kristdemokraterna.se\\\/uppsala\\\/seger-for-kd-far-ratt-om-bup-i-osthammar\\\/#article\",\"isPartOf\":{\"@id\":\"https:\\\/\\\/wp.kristdemokraterna.se\\\/uppsala\\\/seger-for-kd-far-ratt-om-bup-i-osthammar\\\/\"},\"author\":{\"name\":\"Mimmi Westerlund\",\"@id\":\"https:\\\/\\\/wp.kristdemokraterna.se\\\/uppsala\\\/#\\\/schema\\\/person\\\/038d805d685fb0ce5ad14ab8711d8e84\"},\"headline\":\"Seger f\u00f6r KD &#8211; f\u00e5r r\u00e4tt om BUP i \u00d6sthammar\",\"datePublished\":\"2017-06-20T07:46:18+00:00\",\"dateModified\":\"2024-04-03T22:41:34+00:00\",\"mainEntityOfPage\":{\"@id\":\"https:\\\/\\\/wp.kristdemokraterna.se\\\/uppsala\\\/seger-for-kd-far-ratt-om-bup-i-osthammar\\\/\"},\"wordCount\":173,\"publisher\":{\"@id\":\"https:\\\/\\\/wp.kristdemokraterna.se\\\/uppsala\\\/#organization\"},\"image\":{\"@id\":\"https:\\\/\\\/wp.kristdemokraterna.se\\\/uppsala\\\/seger-for-kd-far-ratt-om-bup-i-osthammar\\\/#primaryimage\"},\"thumbnailUrl\":\"https:\\\/\\\/wp.kristdemokraterna.se\\\/uppsala\\\/files\\\/2017\\\/06\\\/img_3651.jpg\",\"articleSection\":[\"V\u00e5rd &amp; omsorg\"],\"inLanguage\":\"sv-SE\"},{\"@type\":\"WebPage\",\"@id\":\"https:\\\/\\\/wp.kristdemokraterna.se\\\/uppsala\\\/seger-for-kd-far-ratt-om-bup-i-osthammar\\\/\",\"url\":\"https:\\\/\\\/wp.kristdemokraterna.se\\\/uppsala\\\/seger-for-kd-far-ratt-om-bup-i-osthammar\\\/\",\"name\":\"Seger f\u00f6r KD - f\u00e5r r\u00e4tt om BUP i \u00d6sthammar | Kristdemokraterna | Uppsala\",\"isPartOf\":{\"@id\":\"https:\\\/\\\/wp.kristdemokraterna.se\\\/uppsala\\\/#website\"},\"primaryImageOfPage\":{\"@id\":\"https:\\\/\\\/wp.kristdemokraterna.se\\\/uppsala\\\/seger-for-kd-far-ratt-om-bup-i-osthammar\\\/#primaryimage\"},\"image\":{\"@id\":\"https:\\\/\\\/wp.kristdemokraterna.se\\\/uppsala\\\/seger-for-kd-far-ratt-om-bup-i-osthammar\\\/#primaryimage\"},\"thumbnailUrl\":\"https:\\\/\\\/wp.kristdemokraterna.se\\\/uppsala\\\/files\\\/2017\\\/06\\\/img_3651.jpg\",\"datePublished\":\"2017-06-20T07:46:18+00:00\",\"dateModified\":\"2024-04-03T22:41:34+00:00\",\"breadcrumb\":{\"@id\":\"https:\\\/\\\/wp.kristdemokraterna.se\\\/uppsala\\\/seger-for-kd-far-ratt-om-bup-i-osthammar\\\/#breadcrumb\"},\"inLanguage\":\"sv-SE\",\"potentialAction\":[{\"@type\":\"ReadAction\",\"target\":[\"https:\\\/\\\/wp.kristdemokraterna.se\\\/uppsala\\\/seger-for-kd-far-ratt-om-bup-i-osthammar\\\/\"]}]},{\"@type\":\"ImageObject\",\"inLanguage\":\"sv-SE\",\"@id\":\"https:\\\/\\\/wp.kristdemokraterna.se\\\/uppsala\\\/seger-for-kd-far-ratt-om-bup-i-osthammar\\\/#primaryimage\",\"url\":\"https:\\\/\\\/wp.kristdemokraterna.se\\\/uppsala\\\/files\\\/2017\\\/06\\\/img_3651.jpg\",\"contentUrl\":\"https:\\\/\\\/wp.kristdemokraterna.se\\\/uppsala\\\/files\\\/2017\\\/06\\\/img_3651.jpg\",\"width\":225,\"height\":225},{\"@type\":\"BreadcrumbList\",\"@id\":\"https:\\\/\\\/wp.kristdemokraterna.se\\\/uppsala\\\/seger-for-kd-far-ratt-om-bup-i-osthammar\\\/#breadcrumb\",\"itemListElement\":[{\"@type\":\"ListItem\",\"position\":1,\"name\":\"Hem\",\"item\":\"https:\\\/\\\/wp.kristdemokraterna.se\\\/uppsala\\\/\"},{\"@type\":\"ListItem\",\"position\":2,\"name\":\"Seger f\u00f6r KD &#8211; f\u00e5r r\u00e4tt om BUP i \u00d6sthammar\"}]},{\"@type\":\"WebSite\",\"@id\":\"https:\\\/\\\/wp.kristdemokraterna.se\\\/uppsala\\\/#website\",\"url\":\"https:\\\/\\\/wp.kristdemokraterna.se\\\/uppsala\\\/\",\"name\":\"Kristdemokraterna Uppsala\",\"description\":\"Tryggare Uppsala\",\"publisher\":{\"@id\":\"https:\\\/\\\/wp.kristdemokraterna.se\\\/uppsala\\\/#organization\"},\"inLanguage\":\"sv-SE\"},{\"@type\":\"Organization\",\"@id\":\"https:\\\/\\\/wp.kristdemokraterna.se\\\/uppsala\\\/#organization\",\"name\":\"Kristdemokraterna Uppsala\",\"url\":\"https:\\\/\\\/wp.kristdemokraterna.se\\\/uppsala\\\/\",\"logo\":{\"@type\":\"ImageObject\",\"inLanguage\":\"sv-SE\",\"@id\":\"https:\\\/\\\/wp.kristdemokraterna.se\\\/uppsala\\\/#\\\/schema\\\/logo\\\/image\\\/\",\"url\":\"https:\\\/\\\/wp.kristdemokraterna.se\\\/uppsala\\\/files\\\/2019\\\/10\\\/kd-uppsala.png\",\"contentUrl\":\"https:\\\/\\\/wp.kristdemokraterna.se\\\/uppsala\\\/files\\\/2019\\\/10\\\/kd-uppsala.png\",\"width\":804,\"height\":421,\"caption\":\"Kristdemokraterna Uppsala\"},\"image\":{\"@id\":\"https:\\\/\\\/wp.kristdemokraterna.se\\\/uppsala\\\/#\\\/schema\\\/logo\\\/image\\\/\"},\"sameAs\":[\"https:\\\/\\\/www.facebook.com\\\/UppsalaKD\\\/\",\"https:\\\/\\\/www.instagram.com\\\/uppsalakd\\\/\"]},{\"@type\":\"Person\",\"@id\":\"https:\\\/\\\/wp.kristdemokraterna.se\\\/uppsala\\\/#\\\/schema\\\/person\\\/038d805d685fb0ce5ad14ab8711d8e84\",\"name\":\"Mimmi Westerlund\",\"image\":{\"@type\":\"ImageObject\",\"inLanguage\":\"sv-SE\",\"@id\":\"https:\\\/\\\/secure.gravatar.com\\\/avatar\\\/a5697359f709b6b10d9c7e6a7c89f3e054554dedb4657d5ffe9e5bc5b1445841?s=96&r=g\",\"url\":\"https:\\\/\\\/secure.gravatar.com\\\/avatar\\\/a5697359f709b6b10d9c7e6a7c89f3e054554dedb4657d5ffe9e5bc5b1445841?s=96&r=g\",\"contentUrl\":\"https:\\\/\\\/secure.gravatar.com\\\/avatar\\\/a5697359f709b6b10d9c7e6a7c89f3e054554dedb4657d5ffe9e5bc5b1445841?s=96&r=g\",\"caption\":\"Mimmi Westerlund\"},\"url\":\"https:\\\/\\\/wp.kristdemokraterna.se\\\/uppsala\\\/author\\\/mimmi\\\/\"}]}<\/script>\n<!-- \/ Yoast SEO plugin. -->","yoast_head_json":{"title":"Seger f\u00f6r KD - f\u00e5r r\u00e4tt om BUP i \u00d6sthammar | Kristdemokraterna | Uppsala","robots":{"index":"index","follow":"follow","max-snippet":"max-snippet:-1","max-image-preview":"max-image-preview:large","max-video-preview":"max-video-preview:-1"},"canonical":"https:\/\/wp.kristdemokraterna.se\/uppsala\/seger-for-kd-far-ratt-om-bup-i-osthammar\/","og_locale":"sv_SE","og_type":"article","og_title":"Seger f\u00f6r KD - f\u00e5r r\u00e4tt om BUP i \u00d6sthammar | Kristdemokraterna | Uppsala","og_description":"29 september f\u00f6rra \u00e5ret ville KD \u00d6sthammar att kommunen skulle agera i fr\u00e5gan om neddragningar inom barn- och ungdomspsykiatrin (BUP). Tyv\u00e4rr fick f\u00f6rslaget kalla handen av den r\u00f6dgr\u00f6na majoriteten. UNT skrev d\u00e5:\u00a0&#8221;Ett KD-f\u00f6rslag och att uppvakta sjukhusstyrelsen ang\u00e5ende barn- och ungdomspsykiatrin (BUP) i \u00d6sthammar fick inget geh\u00f6r vid senaste fullm\u00e4ktige.&#8221; (UNT 29\/9-16) Men nu, nio Read More","og_url":"https:\/\/wp.kristdemokraterna.se\/uppsala\/seger-for-kd-far-ratt-om-bup-i-osthammar\/","og_site_name":"Kristdemokraterna | Uppsala","article_publisher":"https:\/\/www.facebook.com\/UppsalaKD\/","article_published_time":"2017-06-20T07:46:18+00:00","article_modified_time":"2024-04-03T22:41:34+00:00","og_image":[{"width":225,"height":225,"url":"http:\/\/wp.kristdemokraterna.se\/uppsala\/files\/2017\/06\/img_3651.jpg","type":"image\/jpeg"}],"author":"Mimmi Westerlund","twitter_card":"summary_large_image","twitter_misc":{"Skriven av":"Mimmi Westerlund","Ber\u00e4knad l\u00e4stid":"1 minut"},"schema":{"@context":"https:\/\/schema.org","@graph":[{"@type":"Article","@id":"https:\/\/wp.kristdemokraterna.se\/uppsala\/seger-for-kd-far-ratt-om-bup-i-osthammar\/#article","isPartOf":{"@id":"https:\/\/wp.kristdemokraterna.se\/uppsala\/seger-for-kd-far-ratt-om-bup-i-osthammar\/"},"author":{"name":"Mimmi Westerlund","@id":"https:\/\/wp.kristdemokraterna.se\/uppsala\/#\/schema\/person\/038d805d685fb0ce5ad14ab8711d8e84"},"headline":"Seger f\u00f6r KD &#8211; f\u00e5r r\u00e4tt om BUP i \u00d6sthammar","datePublished":"2017-06-20T07:46:18+00:00","dateModified":"2024-04-03T22:41:34+00:00","mainEntityOfPage":{"@id":"https:\/\/wp.kristdemokraterna.se\/uppsala\/seger-for-kd-far-ratt-om-bup-i-osthammar\/"},"wordCount":173,"publisher":{"@id":"https:\/\/wp.kristdemokraterna.se\/uppsala\/#organization"},"image":{"@id":"https:\/\/wp.kristdemokraterna.se\/uppsala\/seger-for-kd-far-ratt-om-bup-i-osthammar\/#primaryimage"},"thumbnailUrl":"https:\/\/wp.kristdemokraterna.se\/uppsala\/files\/2017\/06\/img_3651.jpg","articleSection":["V\u00e5rd &amp; omsorg"],"inLanguage":"sv-SE"},{"@type":"WebPage","@id":"https:\/\/wp.kristdemokraterna.se\/uppsala\/seger-for-kd-far-ratt-om-bup-i-osthammar\/","url":"https:\/\/wp.kristdemokraterna.se\/uppsala\/seger-for-kd-far-ratt-om-bup-i-osthammar\/","name":"Seger f\u00f6r KD - f\u00e5r r\u00e4tt om BUP i \u00d6sthammar | Kristdemokraterna | Uppsala","isPartOf":{"@id":"https:\/\/wp.kristdemokraterna.se\/uppsala\/#website"},"primaryImageOfPage":{"@id":"https:\/\/wp.kristdemokraterna.se\/uppsala\/seger-for-kd-far-ratt-om-bup-i-osthammar\/#primaryimage"},"image":{"@id":"https:\/\/wp.kristdemokraterna.se\/uppsala\/seger-for-kd-far-ratt-om-bup-i-osthammar\/#primaryimage"},"thumbnailUrl":"https:\/\/wp.kristdemokraterna.se\/uppsala\/files\/2017\/06\/img_3651.jpg","datePublished":"2017-06-20T07:46:18+00:00","dateModified":"2024-04-03T22:41:34+00:00","breadcrumb":{"@id":"https:\/\/wp.kristdemokraterna.se\/uppsala\/seger-for-kd-far-ratt-om-bup-i-osthammar\/#breadcrumb"},"inLanguage":"sv-SE","potentialAction":[{"@type":"ReadAction","target":["https:\/\/wp.kristdemokraterna.se\/uppsala\/seger-for-kd-far-ratt-om-bup-i-osthammar\/"]}]},{"@type":"ImageObject","inLanguage":"sv-SE","@id":"https:\/\/wp.kristdemokraterna.se\/uppsala\/seger-for-kd-far-ratt-om-bup-i-osthammar\/#primaryimage","url":"https:\/\/wp.kristdemokraterna.se\/uppsala\/files\/2017\/06\/img_3651.jpg","contentUrl":"https:\/\/wp.kristdemokraterna.se\/uppsala\/files\/2017\/06\/img_3651.jpg","width":225,"height":225},{"@type":"BreadcrumbList","@id":"https:\/\/wp.kristdemokraterna.se\/uppsala\/seger-for-kd-far-ratt-om-bup-i-osthammar\/#breadcrumb","itemListElement":[{"@type":"ListItem","position":1,"name":"Hem","item":"https:\/\/wp.kristdemokraterna.se\/uppsala\/"},{"@type":"ListItem","position":2,"name":"Seger f\u00f6r KD &#8211; f\u00e5r r\u00e4tt om BUP i \u00d6sthammar"}]},{"@type":"WebSite","@id":"https:\/\/wp.kristdemokraterna.se\/uppsala\/#website","url":"https:\/\/wp.kristdemokraterna.se\/uppsala\/","name":"Kristdemokraterna Uppsala","description":"Tryggare Uppsala","publisher":{"@id":"https:\/\/wp.kristdemokraterna.se\/uppsala\/#organization"},"inLanguage":"sv-SE"},{"@type":"Organization","@id":"https:\/\/wp.kristdemokraterna.se\/uppsala\/#organization","name":"Kristdemokraterna Uppsala","url":"https:\/\/wp.kristdemokraterna.se\/uppsala\/","logo":{"@type":"ImageObject","inLanguage":"sv-SE","@id":"https:\/\/wp.kristdemokraterna.se\/uppsala\/#\/schema\/logo\/image\/","url":"https:\/\/wp.kristdemokraterna.se\/uppsala\/files\/2019\/10\/kd-uppsala.png","contentUrl":"https:\/\/wp.kristdemokraterna.se\/uppsala\/files\/2019\/10\/kd-uppsala.png","width":804,"height":421,"caption":"Kristdemokraterna Uppsala"},"image":{"@id":"https:\/\/wp.kristdemokraterna.se\/uppsala\/#\/schema\/logo\/image\/"},"sameAs":["https:\/\/www.facebook.com\/UppsalaKD\/","https:\/\/www.instagram.com\/uppsalakd\/"]},{"@type":"Person","@id":"https:\/\/wp.kristdemokraterna.se\/uppsala\/#\/schema\/person\/038d805d685fb0ce5ad14ab8711d8e84","name":"Mimmi Westerlund","image":{"@type":"ImageObject","inLanguage":"sv-SE","@id":"https:\/\/secure.gravatar.com\/avatar\/a5697359f709b6b10d9c7e6a7c89f3e054554dedb4657d5ffe9e5bc5b1445841?s=96&r=g","url":"https:\/\/secure.gravatar.com\/avatar\/a5697359f709b6b10d9c7e6a7c89f3e054554dedb4657d5ffe9e5bc5b1445841?s=96&r=g","contentUrl":"https:\/\/secure.gravatar.com\/avatar\/a5697359f709b6b10d9c7e6a7c89f3e054554dedb4657d5ffe9e5bc5b1445841?s=96&r=g","caption":"Mimmi Westerlund"},"url":"https:\/\/wp.kristdemokraterna.se\/uppsala\/author\/mimmi\/"}]}},"_links":{"self":[{"href":"https:\/\/wp.kristdemokraterna.se\/uppsala\/wp-json\/wp\/v2\/posts\/2244","targetHints":{"allow":["GET"]}}],"collection":[{"href":"https:\/\/wp.kristdemokraterna.se\/uppsala\/wp-json\/wp\/v2\/posts"}],"about":[{"href":"https:\/\/wp.kristdemokraterna.se\/uppsala\/wp-json\/wp\/v2\/types\/post"}],"author":[{"embeddable":true,"href":"https:\/\/wp.kristdemokraterna.se\/uppsala\/wp-json\/wp\/v2\/users\/702"}],"replies":[{"embeddable":true,"href":"https:\/\/wp.kristdemokraterna.se\/uppsala\/wp-json\/wp\/v2\/comments?post=2244"}],"version-history":[{"count":4,"href":"https:\/\/wp.kristdemokraterna.se\/uppsala\/wp-json\/wp\/v2\/posts\/2244\/revisions"}],"predecessor-version":[{"id":2249,"href":"https:\/\/wp.kristdemokraterna.se\/uppsala\/wp-json\/wp\/v2\/posts\/2244\/revisions\/2249"}],"wp:featuredmedia":[{"embeddable":true,"href":"https:\/\/wp.kristdemokraterna.se\/uppsala\/wp-json\/wp\/v2\/media\/2246"}],"wp:attachment":[{"href":"https:\/\/wp.kristdemokraterna.se\/uppsala\/wp-json\/wp\/v2\/media?parent=2244"}],"wp:term":[{"taxonomy":"category","embeddable":true,"href":"https:\/\/wp.kristdemokraterna.se\/uppsala\/wp-json\/wp\/v2\/categories?post=2244"},{"taxonomy":"post_tag","embeddable":true,"href":"https:\/\/wp.kristdemokraterna.se\/uppsala\/wp-json\/wp\/v2\/tags?post=2244"}],"curies":[{"name":"wp","href":"https:\/\/api.w.org\/{rel}","templated":true}]}}