{"id":226,"date":"2011-11-14T13:52:05","date_gmt":"2011-11-14T12:52:05","guid":{"rendered":"http:\/\/www.uppsala.kristdemokraterna.se\/?p=226"},"modified":"2024-04-03T20:33:56","modified_gmt":"2024-04-03T18:33:56","slug":"uppsala-foljer-redan-upp-vardboenden","status":"publish","type":"post","link":"https:\/\/wp.kristdemokraterna.se\/uppsala\/uppsala-foljer-redan-upp-vardboenden\/","title":{"rendered":"Uppsala f\u00f6ljer redan upp v\u00e5rdboenden"},"content":{"rendered":"<p><a href=\"http:\/\/wp.kristdemokraterna.se\/uppsala\/files\/2011\/11\/ebbabusch.jpg\"><img loading=\"lazy\" decoding=\"async\" class=\"alignright  wp-image-235\" title=\"Ebba Busch\" src=\"http:\/\/wp.kristdemokraterna.se\/uppsala\/files\/2011\/11\/ebbabusch-300x279.jpg\" alt=\"Ebba Busch (KD), kommunalr\u00e5d i Uppsala\" width=\"297\" height=\"274\" \/><\/a>V\u00e4nsterpartiet kr\u00e4ver att v\u00e5rdf\u00f6retaget Caremas boenden ska granskas. Ebba Busch (KD), koommunalr\u00e5d i Uppsala menar att man redan har en uppf\u00f6ljningsverksamhet.<br \/>\nKommer den verksamheten fram till att v\u00e5rdboendena inte uppfyller kraven s\u00e5 \u00e5ker man ut.<\/p>\n<p><a href=\"http:\/\/sverigesradio.se\/sida\/artikel.aspx?programid=114&amp;artikel=4800480\">http:\/\/sverigesradio.se\/sida\/artikel.aspx?programid=114&amp;artikel=4800480<\/a><\/p>\n","protected":false},"excerpt":{"rendered":"<p>V\u00e4nsterpartiet kr\u00e4ver att v\u00e5rdf\u00f6retaget Caremas boenden ska granskas. Ebba Busch (KD), koommunalr\u00e5d i Uppsala menar att man redan har en uppf\u00f6ljningsverksamhet. Kommer den verksamheten fram till att v\u00e5rdboendena inte uppfyller kraven s\u00e5 \u00e5ker man ut. http:\/\/sverigesradio.se\/sida\/artikel.aspx?programid=114&amp;artikel=4800480<\/p>\n","protected":false},"author":564,"featured_media":0,"comment_status":"closed","ping_status":"closed","sticky":false,"template":"","format":"standard","meta":{"_acf_changed":false,"footnotes":""},"categories":[236],"tags":[],"class_list":["post-226","post","type-post","status-publish","format-standard","hentry","category-vard-o-omsorg"],"acf":[],"yoast_head":"<!-- This site is optimized with the Yoast SEO plugin v27.4 - https:\/\/yoast.com\/product\/yoast-seo-wordpress\/ -->\n<title>Uppsala f\u00f6ljer redan upp v\u00e5rdboenden | Kristdemokraterna | Uppsala<\/title>\n<meta name=\"robots\" content=\"index, follow, max-snippet:-1, max-image-preview:large, max-video-preview:-1\" \/>\n<link rel=\"canonical\" href=\"https:\/\/wp.kristdemokraterna.se\/uppsala\/uppsala-foljer-redan-upp-vardboenden\/\" \/>\n<meta property=\"og:locale\" content=\"sv_SE\" \/>\n<meta property=\"og:type\" content=\"article\" \/>\n<meta property=\"og:title\" content=\"Uppsala f\u00f6ljer redan upp v\u00e5rdboenden | Kristdemokraterna | Uppsala\" \/>\n<meta property=\"og:description\" content=\"V\u00e4nsterpartiet kr\u00e4ver att v\u00e5rdf\u00f6retaget Caremas boenden ska granskas. Ebba Busch (KD), koommunalr\u00e5d i Uppsala menar att man redan har en uppf\u00f6ljningsverksamhet. Kommer den verksamheten fram till att v\u00e5rdboendena inte uppfyller kraven s\u00e5 \u00e5ker man ut. http:\/\/sverigesradio.se\/sida\/artikel.aspx?programid=114&amp;artikel=4800480\" \/>\n<meta property=\"og:url\" content=\"https:\/\/wp.kristdemokraterna.se\/uppsala\/uppsala-foljer-redan-upp-vardboenden\/\" \/>\n<meta property=\"og:site_name\" content=\"Kristdemokraterna | Uppsala\" \/>\n<meta property=\"article:publisher\" content=\"https:\/\/www.facebook.com\/UppsalaKD\/\" \/>\n<meta property=\"article:published_time\" content=\"2011-11-14T12:52:05+00:00\" \/>\n<meta property=\"article:modified_time\" content=\"2024-04-03T18:33:56+00:00\" \/>\n<meta property=\"og:image\" content=\"http:\/\/wp.kristdemokraterna.se\/uppsala\/files\/2011\/11\/ebbabusch-300x279.jpg\" \/>\n<meta name=\"author\" content=\"uppsala\" \/>\n<meta name=\"twitter:card\" content=\"summary_large_image\" \/>\n<meta name=\"twitter:label1\" content=\"Skriven av\" \/>\n\t<meta name=\"twitter:data1\" content=\"uppsala\" \/>\n<script type=\"application\/ld+json\" class=\"yoast-schema-graph\">{\"@context\":\"https:\\\/\\\/schema.org\",\"@graph\":[{\"@type\":\"Article\",\"@id\":\"https:\\\/\\\/wp.kristdemokraterna.se\\\/uppsala\\\/uppsala-foljer-redan-upp-vardboenden\\\/#article\",\"isPartOf\":{\"@id\":\"https:\\\/\\\/wp.kristdemokraterna.se\\\/uppsala\\\/uppsala-foljer-redan-upp-vardboenden\\\/\"},\"author\":{\"name\":\"uppsala\",\"@id\":\"https:\\\/\\\/wp.kristdemokraterna.se\\\/uppsala\\\/#\\\/schema\\\/person\\\/1a9d5399e1cba3ef2aaa3e8ae402e7cb\"},\"headline\":\"Uppsala f\u00f6ljer redan upp v\u00e5rdboenden\",\"datePublished\":\"2011-11-14T12:52:05+00:00\",\"dateModified\":\"2024-04-03T18:33:56+00:00\",\"mainEntityOfPage\":{\"@id\":\"https:\\\/\\\/wp.kristdemokraterna.se\\\/uppsala\\\/uppsala-foljer-redan-upp-vardboenden\\\/\"},\"wordCount\":58,\"publisher\":{\"@id\":\"https:\\\/\\\/wp.kristdemokraterna.se\\\/uppsala\\\/#organization\"},\"image\":{\"@id\":\"https:\\\/\\\/wp.kristdemokraterna.se\\\/uppsala\\\/uppsala-foljer-redan-upp-vardboenden\\\/#primaryimage\"},\"thumbnailUrl\":\"http:\\\/\\\/wp.kristdemokraterna.se\\\/uppsala\\\/files\\\/2011\\\/11\\\/ebbabusch-300x279.jpg\",\"articleSection\":[\"V\u00e5rd &amp; omsorg\"],\"inLanguage\":\"sv-SE\"},{\"@type\":\"WebPage\",\"@id\":\"https:\\\/\\\/wp.kristdemokraterna.se\\\/uppsala\\\/uppsala-foljer-redan-upp-vardboenden\\\/\",\"url\":\"https:\\\/\\\/wp.kristdemokraterna.se\\\/uppsala\\\/uppsala-foljer-redan-upp-vardboenden\\\/\",\"name\":\"Uppsala f\u00f6ljer redan upp v\u00e5rdboenden | Kristdemokraterna | Uppsala\",\"isPartOf\":{\"@id\":\"https:\\\/\\\/wp.kristdemokraterna.se\\\/uppsala\\\/#website\"},\"primaryImageOfPage\":{\"@id\":\"https:\\\/\\\/wp.kristdemokraterna.se\\\/uppsala\\\/uppsala-foljer-redan-upp-vardboenden\\\/#primaryimage\"},\"image\":{\"@id\":\"https:\\\/\\\/wp.kristdemokraterna.se\\\/uppsala\\\/uppsala-foljer-redan-upp-vardboenden\\\/#primaryimage\"},\"thumbnailUrl\":\"http:\\\/\\\/wp.kristdemokraterna.se\\\/uppsala\\\/files\\\/2011\\\/11\\\/ebbabusch-300x279.jpg\",\"datePublished\":\"2011-11-14T12:52:05+00:00\",\"dateModified\":\"2024-04-03T18:33:56+00:00\",\"breadcrumb\":{\"@id\":\"https:\\\/\\\/wp.kristdemokraterna.se\\\/uppsala\\\/uppsala-foljer-redan-upp-vardboenden\\\/#breadcrumb\"},\"inLanguage\":\"sv-SE\",\"potentialAction\":[{\"@type\":\"ReadAction\",\"target\":[\"https:\\\/\\\/wp.kristdemokraterna.se\\\/uppsala\\\/uppsala-foljer-redan-upp-vardboenden\\\/\"]}]},{\"@type\":\"ImageObject\",\"inLanguage\":\"sv-SE\",\"@id\":\"https:\\\/\\\/wp.kristdemokraterna.se\\\/uppsala\\\/uppsala-foljer-redan-upp-vardboenden\\\/#primaryimage\",\"url\":\"http:\\\/\\\/wp.kristdemokraterna.se\\\/uppsala\\\/files\\\/2011\\\/11\\\/ebbabusch-300x279.jpg\",\"contentUrl\":\"http:\\\/\\\/wp.kristdemokraterna.se\\\/uppsala\\\/files\\\/2011\\\/11\\\/ebbabusch-300x279.jpg\"},{\"@type\":\"BreadcrumbList\",\"@id\":\"https:\\\/\\\/wp.kristdemokraterna.se\\\/uppsala\\\/uppsala-foljer-redan-upp-vardboenden\\\/#breadcrumb\",\"itemListElement\":[{\"@type\":\"ListItem\",\"position\":1,\"name\":\"Hem\",\"item\":\"https:\\\/\\\/wp.kristdemokraterna.se\\\/uppsala\\\/\"},{\"@type\":\"ListItem\",\"position\":2,\"name\":\"Uppsala f\u00f6ljer redan upp v\u00e5rdboenden\"}]},{\"@type\":\"WebSite\",\"@id\":\"https:\\\/\\\/wp.kristdemokraterna.se\\\/uppsala\\\/#website\",\"url\":\"https:\\\/\\\/wp.kristdemokraterna.se\\\/uppsala\\\/\",\"name\":\"Kristdemokraterna Uppsala\",\"description\":\"Tryggare Uppsala\",\"publisher\":{\"@id\":\"https:\\\/\\\/wp.kristdemokraterna.se\\\/uppsala\\\/#organization\"},\"inLanguage\":\"sv-SE\"},{\"@type\":\"Organization\",\"@id\":\"https:\\\/\\\/wp.kristdemokraterna.se\\\/uppsala\\\/#organization\",\"name\":\"Kristdemokraterna Uppsala\",\"url\":\"https:\\\/\\\/wp.kristdemokraterna.se\\\/uppsala\\\/\",\"logo\":{\"@type\":\"ImageObject\",\"inLanguage\":\"sv-SE\",\"@id\":\"https:\\\/\\\/wp.kristdemokraterna.se\\\/uppsala\\\/#\\\/schema\\\/logo\\\/image\\\/\",\"url\":\"https:\\\/\\\/wp.kristdemokraterna.se\\\/uppsala\\\/files\\\/2019\\\/10\\\/kd-uppsala.png\",\"contentUrl\":\"https:\\\/\\\/wp.kristdemokraterna.se\\\/uppsala\\\/files\\\/2019\\\/10\\\/kd-uppsala.png\",\"width\":804,\"height\":421,\"caption\":\"Kristdemokraterna Uppsala\"},\"image\":{\"@id\":\"https:\\\/\\\/wp.kristdemokraterna.se\\\/uppsala\\\/#\\\/schema\\\/logo\\\/image\\\/\"},\"sameAs\":[\"https:\\\/\\\/www.facebook.com\\\/UppsalaKD\\\/\",\"https:\\\/\\\/www.instagram.com\\\/uppsalakd\\\/\"]},{\"@type\":\"Person\",\"@id\":\"https:\\\/\\\/wp.kristdemokraterna.se\\\/uppsala\\\/#\\\/schema\\\/person\\\/1a9d5399e1cba3ef2aaa3e8ae402e7cb\",\"name\":\"uppsala\",\"image\":{\"@type\":\"ImageObject\",\"inLanguage\":\"sv-SE\",\"@id\":\"https:\\\/\\\/secure.gravatar.com\\\/avatar\\\/6848f3cb6c9639d81462ad411b01edce447fb2c8b6efe4430e030aa29223462f?s=96&r=g\",\"url\":\"https:\\\/\\\/secure.gravatar.com\\\/avatar\\\/6848f3cb6c9639d81462ad411b01edce447fb2c8b6efe4430e030aa29223462f?s=96&r=g\",\"contentUrl\":\"https:\\\/\\\/secure.gravatar.com\\\/avatar\\\/6848f3cb6c9639d81462ad411b01edce447fb2c8b6efe4430e030aa29223462f?s=96&r=g\",\"caption\":\"uppsala\"},\"url\":\"https:\\\/\\\/wp.kristdemokraterna.se\\\/uppsala\\\/author\\\/uppsala\\\/\"}]}<\/script>\n<!-- \/ Yoast SEO plugin. -->","yoast_head_json":{"title":"Uppsala f\u00f6ljer redan upp v\u00e5rdboenden | Kristdemokraterna | Uppsala","robots":{"index":"index","follow":"follow","max-snippet":"max-snippet:-1","max-image-preview":"max-image-preview:large","max-video-preview":"max-video-preview:-1"},"canonical":"https:\/\/wp.kristdemokraterna.se\/uppsala\/uppsala-foljer-redan-upp-vardboenden\/","og_locale":"sv_SE","og_type":"article","og_title":"Uppsala f\u00f6ljer redan upp v\u00e5rdboenden | Kristdemokraterna | Uppsala","og_description":"V\u00e4nsterpartiet kr\u00e4ver att v\u00e5rdf\u00f6retaget Caremas boenden ska granskas. Ebba Busch (KD), koommunalr\u00e5d i Uppsala menar att man redan har en uppf\u00f6ljningsverksamhet. Kommer den verksamheten fram till att v\u00e5rdboendena inte uppfyller kraven s\u00e5 \u00e5ker man ut. http:\/\/sverigesradio.se\/sida\/artikel.aspx?programid=114&amp;artikel=4800480","og_url":"https:\/\/wp.kristdemokraterna.se\/uppsala\/uppsala-foljer-redan-upp-vardboenden\/","og_site_name":"Kristdemokraterna | Uppsala","article_publisher":"https:\/\/www.facebook.com\/UppsalaKD\/","article_published_time":"2011-11-14T12:52:05+00:00","article_modified_time":"2024-04-03T18:33:56+00:00","og_image":[{"url":"http:\/\/wp.kristdemokraterna.se\/uppsala\/files\/2011\/11\/ebbabusch-300x279.jpg","type":"","width":"","height":""}],"author":"uppsala","twitter_card":"summary_large_image","twitter_misc":{"Skriven av":"uppsala"},"schema":{"@context":"https:\/\/schema.org","@graph":[{"@type":"Article","@id":"https:\/\/wp.kristdemokraterna.se\/uppsala\/uppsala-foljer-redan-upp-vardboenden\/#article","isPartOf":{"@id":"https:\/\/wp.kristdemokraterna.se\/uppsala\/uppsala-foljer-redan-upp-vardboenden\/"},"author":{"name":"uppsala","@id":"https:\/\/wp.kristdemokraterna.se\/uppsala\/#\/schema\/person\/1a9d5399e1cba3ef2aaa3e8ae402e7cb"},"headline":"Uppsala f\u00f6ljer redan upp v\u00e5rdboenden","datePublished":"2011-11-14T12:52:05+00:00","dateModified":"2024-04-03T18:33:56+00:00","mainEntityOfPage":{"@id":"https:\/\/wp.kristdemokraterna.se\/uppsala\/uppsala-foljer-redan-upp-vardboenden\/"},"wordCount":58,"publisher":{"@id":"https:\/\/wp.kristdemokraterna.se\/uppsala\/#organization"},"image":{"@id":"https:\/\/wp.kristdemokraterna.se\/uppsala\/uppsala-foljer-redan-upp-vardboenden\/#primaryimage"},"thumbnailUrl":"http:\/\/wp.kristdemokraterna.se\/uppsala\/files\/2011\/11\/ebbabusch-300x279.jpg","articleSection":["V\u00e5rd &amp; omsorg"],"inLanguage":"sv-SE"},{"@type":"WebPage","@id":"https:\/\/wp.kristdemokraterna.se\/uppsala\/uppsala-foljer-redan-upp-vardboenden\/","url":"https:\/\/wp.kristdemokraterna.se\/uppsala\/uppsala-foljer-redan-upp-vardboenden\/","name":"Uppsala f\u00f6ljer redan upp v\u00e5rdboenden | Kristdemokraterna | Uppsala","isPartOf":{"@id":"https:\/\/wp.kristdemokraterna.se\/uppsala\/#website"},"primaryImageOfPage":{"@id":"https:\/\/wp.kristdemokraterna.se\/uppsala\/uppsala-foljer-redan-upp-vardboenden\/#primaryimage"},"image":{"@id":"https:\/\/wp.kristdemokraterna.se\/uppsala\/uppsala-foljer-redan-upp-vardboenden\/#primaryimage"},"thumbnailUrl":"http:\/\/wp.kristdemokraterna.se\/uppsala\/files\/2011\/11\/ebbabusch-300x279.jpg","datePublished":"2011-11-14T12:52:05+00:00","dateModified":"2024-04-03T18:33:56+00:00","breadcrumb":{"@id":"https:\/\/wp.kristdemokraterna.se\/uppsala\/uppsala-foljer-redan-upp-vardboenden\/#breadcrumb"},"inLanguage":"sv-SE","potentialAction":[{"@type":"ReadAction","target":["https:\/\/wp.kristdemokraterna.se\/uppsala\/uppsala-foljer-redan-upp-vardboenden\/"]}]},{"@type":"ImageObject","inLanguage":"sv-SE","@id":"https:\/\/wp.kristdemokraterna.se\/uppsala\/uppsala-foljer-redan-upp-vardboenden\/#primaryimage","url":"http:\/\/wp.kristdemokraterna.se\/uppsala\/files\/2011\/11\/ebbabusch-300x279.jpg","contentUrl":"http:\/\/wp.kristdemokraterna.se\/uppsala\/files\/2011\/11\/ebbabusch-300x279.jpg"},{"@type":"BreadcrumbList","@id":"https:\/\/wp.kristdemokraterna.se\/uppsala\/uppsala-foljer-redan-upp-vardboenden\/#breadcrumb","itemListElement":[{"@type":"ListItem","position":1,"name":"Hem","item":"https:\/\/wp.kristdemokraterna.se\/uppsala\/"},{"@type":"ListItem","position":2,"name":"Uppsala f\u00f6ljer redan upp v\u00e5rdboenden"}]},{"@type":"WebSite","@id":"https:\/\/wp.kristdemokraterna.se\/uppsala\/#website","url":"https:\/\/wp.kristdemokraterna.se\/uppsala\/","name":"Kristdemokraterna Uppsala","description":"Tryggare Uppsala","publisher":{"@id":"https:\/\/wp.kristdemokraterna.se\/uppsala\/#organization"},"inLanguage":"sv-SE"},{"@type":"Organization","@id":"https:\/\/wp.kristdemokraterna.se\/uppsala\/#organization","name":"Kristdemokraterna Uppsala","url":"https:\/\/wp.kristdemokraterna.se\/uppsala\/","logo":{"@type":"ImageObject","inLanguage":"sv-SE","@id":"https:\/\/wp.kristdemokraterna.se\/uppsala\/#\/schema\/logo\/image\/","url":"https:\/\/wp.kristdemokraterna.se\/uppsala\/files\/2019\/10\/kd-uppsala.png","contentUrl":"https:\/\/wp.kristdemokraterna.se\/uppsala\/files\/2019\/10\/kd-uppsala.png","width":804,"height":421,"caption":"Kristdemokraterna Uppsala"},"image":{"@id":"https:\/\/wp.kristdemokraterna.se\/uppsala\/#\/schema\/logo\/image\/"},"sameAs":["https:\/\/www.facebook.com\/UppsalaKD\/","https:\/\/www.instagram.com\/uppsalakd\/"]},{"@type":"Person","@id":"https:\/\/wp.kristdemokraterna.se\/uppsala\/#\/schema\/person\/1a9d5399e1cba3ef2aaa3e8ae402e7cb","name":"uppsala","image":{"@type":"ImageObject","inLanguage":"sv-SE","@id":"https:\/\/secure.gravatar.com\/avatar\/6848f3cb6c9639d81462ad411b01edce447fb2c8b6efe4430e030aa29223462f?s=96&r=g","url":"https:\/\/secure.gravatar.com\/avatar\/6848f3cb6c9639d81462ad411b01edce447fb2c8b6efe4430e030aa29223462f?s=96&r=g","contentUrl":"https:\/\/secure.gravatar.com\/avatar\/6848f3cb6c9639d81462ad411b01edce447fb2c8b6efe4430e030aa29223462f?s=96&r=g","caption":"uppsala"},"url":"https:\/\/wp.kristdemokraterna.se\/uppsala\/author\/uppsala\/"}]}},"_links":{"self":[{"href":"https:\/\/wp.kristdemokraterna.se\/uppsala\/wp-json\/wp\/v2\/posts\/226","targetHints":{"allow":["GET"]}}],"collection":[{"href":"https:\/\/wp.kristdemokraterna.se\/uppsala\/wp-json\/wp\/v2\/posts"}],"about":[{"href":"https:\/\/wp.kristdemokraterna.se\/uppsala\/wp-json\/wp\/v2\/types\/post"}],"author":[{"embeddable":true,"href":"https:\/\/wp.kristdemokraterna.se\/uppsala\/wp-json\/wp\/v2\/users\/564"}],"replies":[{"embeddable":true,"href":"https:\/\/wp.kristdemokraterna.se\/uppsala\/wp-json\/wp\/v2\/comments?post=226"}],"version-history":[{"count":1,"href":"https:\/\/wp.kristdemokraterna.se\/uppsala\/wp-json\/wp\/v2\/posts\/226\/revisions"}],"predecessor-version":[{"id":4655,"href":"https:\/\/wp.kristdemokraterna.se\/uppsala\/wp-json\/wp\/v2\/posts\/226\/revisions\/4655"}],"wp:attachment":[{"href":"https:\/\/wp.kristdemokraterna.se\/uppsala\/wp-json\/wp\/v2\/media?parent=226"}],"wp:term":[{"taxonomy":"category","embeddable":true,"href":"https:\/\/wp.kristdemokraterna.se\/uppsala\/wp-json\/wp\/v2\/categories?post=226"},{"taxonomy":"post_tag","embeddable":true,"href":"https:\/\/wp.kristdemokraterna.se\/uppsala\/wp-json\/wp\/v2\/tags?post=226"}],"curies":[{"name":"wp","href":"https:\/\/api.w.org\/{rel}","templated":true}]}}