{"id":2264,"date":"2017-08-15T11:50:12","date_gmt":"2017-08-15T09:50:12","guid":{"rendered":"http:\/\/wp.kristdemokraterna.se\/uppsala\/?p=2264"},"modified":"2024-04-07T18:13:42","modified_gmt":"2024-04-07T16:13:42","slug":"ytterligare-ett-rodgront-svek-mot-samhallets-utsatta-medborgare","status":"publish","type":"post","link":"https:\/\/wp.kristdemokraterna.se\/uppsala\/ytterligare-ett-rodgront-svek-mot-samhallets-utsatta-medborgare\/","title":{"rendered":"Ytterligare ett r\u00f6dgr\u00f6nt svek mot samh\u00e4llets utsatta medborgare"},"content":{"rendered":"<p><strong>PRESSMEDDELANDE<\/strong><\/p>\n<p>&nbsp;<\/p>\n<p><b>Sedan 2012 har Uppsala kommun anv\u00e4nt sig av SkolFam som verksamhet efter att ha sett tydliga och positiva resultat fr\u00e5n verksamheten i Helsingborg och p\u00e5 flera andra h\u00e5ll i landet. SkolFam \u00e4r en verksamhet riktad till familjehemsplacerade barn med m\u00e5let att dessa barn ska lyckas lika bra i skolan som \u00f6vriga barn. Trots det positiva lyft som SkolFam bidrar med s\u00e5 vill nu de r\u00f6dgr\u00f6na i Uppsala kommun l\u00e4gga ned SkolFam-verksamheten.<\/b><\/p>\n<p>&nbsp;<\/p>\n<blockquote><p>&#8211; Att avskaffa SkolFam-verksamheten skulle vara ett stort svek mot de barn och ungdomar som blivit placerade i familjehem och som beh\u00f6ver den hj\u00e4lp som SkolFam-verksamheten bidrar med, s\u00e4ger Jonas Segersam (KD) kommunalr\u00e5d.<\/p>\n<p>&#8211; Jag skulle d\u00e4rf\u00f6r vilja ha ett tydligt besked fr\u00e5n Marlene Burwick om hon anser att SkolFam-verksamheten b\u00f6r avskaffas i kommunen samt hur hon i s\u00e5 fall anser att Uppsala kommun b\u00f6r arbeta f\u00f6r att fler evidensbaserade och forskningsanknutna metoder ska kunna b\u00f6rja anv\u00e4ndas inom exempelvis socialtj\u00e4nstens omr\u00e5de, forts\u00e4tter Jonas Segersam (KD).<\/p><\/blockquote>\n<p>&nbsp;<\/p>\n<p><b>Av de familjehemsplacerade barn som inte ingick i SkolFam-verksamheten uppn\u00e5dde endast 55% av dessa barn godk\u00e4nda betyg efter nionde klass. Motsvarande siffra f\u00f6r \u00f6vriga barn var 85%. Av de barn som 2015 ingick i SkolFam-verksamheten gick 80% ut med godk\u00e4nda betyg som gjorde att de sedermera kunde s\u00f6ka sig in till gymnasiet. SkolFam bidrar av allt att d\u00f6ma till positiva resultat.<\/b><\/p>\n<p>&nbsp;<\/p>\n<blockquote><p>&#8211; <span style=\"color: #000000\">Att l\u00e4gga ned SkolFam skulle inneb\u00e4ra en <\/span>ekonomisk vinst p\u00e5 kort sikt men en f\u00f6rlust f\u00f6r de familjehemsplacerade barnen p\u00e5 l\u00e5ng sikt. Om nu de r\u00f6dgr\u00f6na menar allvar med att l\u00e4gga ned SkolFam-verksamheten s\u00e5 anser jag att de f\u00e5r presentera en annan l\u00f6sning som ger ett minst lika bra resultat, avslutar Segersam.<\/p><\/blockquote>\n","protected":false},"excerpt":{"rendered":"<p>PRESSMEDDELANDE &nbsp; Sedan 2012 har Uppsala kommun anv\u00e4nt sig av SkolFam som verksamhet efter att ha sett tydliga och positiva resultat fr\u00e5n verksamheten i Helsingborg och p\u00e5 flera andra h\u00e5ll i landet. SkolFam \u00e4r en verksamhet riktad till familjehemsplacerade barn med m\u00e5let att dessa barn ska lyckas lika bra i skolan som \u00f6vriga barn. Trots <a class=\"read-more-link\" href=\"https:\/\/wp.kristdemokraterna.se\/uppsala\/ytterligare-ett-rodgront-svek-mot-samhallets-utsatta-medborgare\/\">Read More<\/a><\/p>\n","protected":false},"author":760,"featured_media":2271,"comment_status":"closed","ping_status":"closed","sticky":false,"template":"","format":"standard","meta":{"_acf_changed":false,"footnotes":""},"categories":[255],"tags":[],"class_list":["post-2264","post","type-post","status-publish","format-standard","hentry","category-pressmeddelande"],"acf":[],"yoast_head":"<!-- This site is optimized with the Yoast SEO plugin v27.4 - https:\/\/yoast.com\/product\/yoast-seo-wordpress\/ -->\n<title>Ytterligare ett r\u00f6dgr\u00f6nt svek mot samh\u00e4llets utsatta medborgare | Kristdemokraterna | Uppsala<\/title>\n<meta name=\"robots\" content=\"index, follow, max-snippet:-1, max-image-preview:large, max-video-preview:-1\" \/>\n<link rel=\"canonical\" href=\"https:\/\/wp.kristdemokraterna.se\/uppsala\/ytterligare-ett-rodgront-svek-mot-samhallets-utsatta-medborgare\/\" \/>\n<meta property=\"og:locale\" content=\"sv_SE\" \/>\n<meta property=\"og:type\" content=\"article\" \/>\n<meta property=\"og:title\" content=\"Ytterligare ett r\u00f6dgr\u00f6nt svek mot samh\u00e4llets utsatta medborgare | Kristdemokraterna | Uppsala\" \/>\n<meta property=\"og:description\" content=\"PRESSMEDDELANDE &nbsp; Sedan 2012 har Uppsala kommun anv\u00e4nt sig av SkolFam som verksamhet efter att ha sett tydliga och positiva resultat fr\u00e5n verksamheten i Helsingborg och p\u00e5 flera andra h\u00e5ll i landet. SkolFam \u00e4r en verksamhet riktad till familjehemsplacerade barn med m\u00e5let att dessa barn ska lyckas lika bra i skolan som \u00f6vriga barn. Trots Read More\" \/>\n<meta property=\"og:url\" content=\"https:\/\/wp.kristdemokraterna.se\/uppsala\/ytterligare-ett-rodgront-svek-mot-samhallets-utsatta-medborgare\/\" \/>\n<meta property=\"og:site_name\" content=\"Kristdemokraterna | Uppsala\" \/>\n<meta property=\"article:publisher\" content=\"https:\/\/www.facebook.com\/UppsalaKD\/\" \/>\n<meta property=\"article:published_time\" content=\"2017-08-15T09:50:12+00:00\" \/>\n<meta property=\"article:modified_time\" content=\"2024-04-07T16:13:42+00:00\" \/>\n<meta property=\"og:image\" content=\"http:\/\/wp.kristdemokraterna.se\/uppsala\/files\/2017\/08\/rain-2538429_1920.jpg\" \/>\n\t<meta property=\"og:image:width\" content=\"1920\" \/>\n\t<meta property=\"og:image:height\" content=\"1280\" \/>\n\t<meta property=\"og:image:type\" content=\"image\/jpeg\" \/>\n<meta name=\"author\" content=\"victor\" \/>\n<meta name=\"twitter:card\" content=\"summary_large_image\" \/>\n<meta name=\"twitter:label1\" content=\"Skriven av\" \/>\n\t<meta name=\"twitter:data1\" content=\"victor\" \/>\n\t<meta name=\"twitter:label2\" content=\"Ber\u00e4knad l\u00e4stid\" \/>\n\t<meta name=\"twitter:data2\" content=\"1 minut\" \/>\n<script type=\"application\/ld+json\" class=\"yoast-schema-graph\">{\"@context\":\"https:\\\/\\\/schema.org\",\"@graph\":[{\"@type\":\"Article\",\"@id\":\"https:\\\/\\\/wp.kristdemokraterna.se\\\/uppsala\\\/ytterligare-ett-rodgront-svek-mot-samhallets-utsatta-medborgare\\\/#article\",\"isPartOf\":{\"@id\":\"https:\\\/\\\/wp.kristdemokraterna.se\\\/uppsala\\\/ytterligare-ett-rodgront-svek-mot-samhallets-utsatta-medborgare\\\/\"},\"author\":{\"name\":\"victor\",\"@id\":\"https:\\\/\\\/wp.kristdemokraterna.se\\\/uppsala\\\/#\\\/schema\\\/person\\\/76b6a15f208d1b8798c44227309d3a4c\"},\"headline\":\"Ytterligare ett r\u00f6dgr\u00f6nt svek mot samh\u00e4llets utsatta medborgare\",\"datePublished\":\"2017-08-15T09:50:12+00:00\",\"dateModified\":\"2024-04-07T16:13:42+00:00\",\"mainEntityOfPage\":{\"@id\":\"https:\\\/\\\/wp.kristdemokraterna.se\\\/uppsala\\\/ytterligare-ett-rodgront-svek-mot-samhallets-utsatta-medborgare\\\/\"},\"wordCount\":319,\"publisher\":{\"@id\":\"https:\\\/\\\/wp.kristdemokraterna.se\\\/uppsala\\\/#organization\"},\"image\":{\"@id\":\"https:\\\/\\\/wp.kristdemokraterna.se\\\/uppsala\\\/ytterligare-ett-rodgront-svek-mot-samhallets-utsatta-medborgare\\\/#primaryimage\"},\"thumbnailUrl\":\"https:\\\/\\\/wp.kristdemokraterna.se\\\/uppsala\\\/files\\\/2017\\\/08\\\/rain-2538429_1920.jpg\",\"articleSection\":[\"Pressmeddelande\"],\"inLanguage\":\"sv-SE\"},{\"@type\":\"WebPage\",\"@id\":\"https:\\\/\\\/wp.kristdemokraterna.se\\\/uppsala\\\/ytterligare-ett-rodgront-svek-mot-samhallets-utsatta-medborgare\\\/\",\"url\":\"https:\\\/\\\/wp.kristdemokraterna.se\\\/uppsala\\\/ytterligare-ett-rodgront-svek-mot-samhallets-utsatta-medborgare\\\/\",\"name\":\"Ytterligare ett r\u00f6dgr\u00f6nt svek mot samh\u00e4llets utsatta medborgare | Kristdemokraterna | Uppsala\",\"isPartOf\":{\"@id\":\"https:\\\/\\\/wp.kristdemokraterna.se\\\/uppsala\\\/#website\"},\"primaryImageOfPage\":{\"@id\":\"https:\\\/\\\/wp.kristdemokraterna.se\\\/uppsala\\\/ytterligare-ett-rodgront-svek-mot-samhallets-utsatta-medborgare\\\/#primaryimage\"},\"image\":{\"@id\":\"https:\\\/\\\/wp.kristdemokraterna.se\\\/uppsala\\\/ytterligare-ett-rodgront-svek-mot-samhallets-utsatta-medborgare\\\/#primaryimage\"},\"thumbnailUrl\":\"https:\\\/\\\/wp.kristdemokraterna.se\\\/uppsala\\\/files\\\/2017\\\/08\\\/rain-2538429_1920.jpg\",\"datePublished\":\"2017-08-15T09:50:12+00:00\",\"dateModified\":\"2024-04-07T16:13:42+00:00\",\"breadcrumb\":{\"@id\":\"https:\\\/\\\/wp.kristdemokraterna.se\\\/uppsala\\\/ytterligare-ett-rodgront-svek-mot-samhallets-utsatta-medborgare\\\/#breadcrumb\"},\"inLanguage\":\"sv-SE\",\"potentialAction\":[{\"@type\":\"ReadAction\",\"target\":[\"https:\\\/\\\/wp.kristdemokraterna.se\\\/uppsala\\\/ytterligare-ett-rodgront-svek-mot-samhallets-utsatta-medborgare\\\/\"]}]},{\"@type\":\"ImageObject\",\"inLanguage\":\"sv-SE\",\"@id\":\"https:\\\/\\\/wp.kristdemokraterna.se\\\/uppsala\\\/ytterligare-ett-rodgront-svek-mot-samhallets-utsatta-medborgare\\\/#primaryimage\",\"url\":\"https:\\\/\\\/wp.kristdemokraterna.se\\\/uppsala\\\/files\\\/2017\\\/08\\\/rain-2538429_1920.jpg\",\"contentUrl\":\"https:\\\/\\\/wp.kristdemokraterna.se\\\/uppsala\\\/files\\\/2017\\\/08\\\/rain-2538429_1920.jpg\",\"width\":1920,\"height\":1280},{\"@type\":\"BreadcrumbList\",\"@id\":\"https:\\\/\\\/wp.kristdemokraterna.se\\\/uppsala\\\/ytterligare-ett-rodgront-svek-mot-samhallets-utsatta-medborgare\\\/#breadcrumb\",\"itemListElement\":[{\"@type\":\"ListItem\",\"position\":1,\"name\":\"Hem\",\"item\":\"https:\\\/\\\/wp.kristdemokraterna.se\\\/uppsala\\\/\"},{\"@type\":\"ListItem\",\"position\":2,\"name\":\"Ytterligare ett r\u00f6dgr\u00f6nt svek mot samh\u00e4llets utsatta medborgare\"}]},{\"@type\":\"WebSite\",\"@id\":\"https:\\\/\\\/wp.kristdemokraterna.se\\\/uppsala\\\/#website\",\"url\":\"https:\\\/\\\/wp.kristdemokraterna.se\\\/uppsala\\\/\",\"name\":\"Kristdemokraterna Uppsala\",\"description\":\"Tryggare Uppsala\",\"publisher\":{\"@id\":\"https:\\\/\\\/wp.kristdemokraterna.se\\\/uppsala\\\/#organization\"},\"inLanguage\":\"sv-SE\"},{\"@type\":\"Organization\",\"@id\":\"https:\\\/\\\/wp.kristdemokraterna.se\\\/uppsala\\\/#organization\",\"name\":\"Kristdemokraterna Uppsala\",\"url\":\"https:\\\/\\\/wp.kristdemokraterna.se\\\/uppsala\\\/\",\"logo\":{\"@type\":\"ImageObject\",\"inLanguage\":\"sv-SE\",\"@id\":\"https:\\\/\\\/wp.kristdemokraterna.se\\\/uppsala\\\/#\\\/schema\\\/logo\\\/image\\\/\",\"url\":\"https:\\\/\\\/wp.kristdemokraterna.se\\\/uppsala\\\/files\\\/2019\\\/10\\\/kd-uppsala.png\",\"contentUrl\":\"https:\\\/\\\/wp.kristdemokraterna.se\\\/uppsala\\\/files\\\/2019\\\/10\\\/kd-uppsala.png\",\"width\":804,\"height\":421,\"caption\":\"Kristdemokraterna Uppsala\"},\"image\":{\"@id\":\"https:\\\/\\\/wp.kristdemokraterna.se\\\/uppsala\\\/#\\\/schema\\\/logo\\\/image\\\/\"},\"sameAs\":[\"https:\\\/\\\/www.facebook.com\\\/UppsalaKD\\\/\",\"https:\\\/\\\/www.instagram.com\\\/uppsalakd\\\/\"]},{\"@type\":\"Person\",\"@id\":\"https:\\\/\\\/wp.kristdemokraterna.se\\\/uppsala\\\/#\\\/schema\\\/person\\\/76b6a15f208d1b8798c44227309d3a4c\",\"name\":\"victor\",\"image\":{\"@type\":\"ImageObject\",\"inLanguage\":\"sv-SE\",\"@id\":\"https:\\\/\\\/secure.gravatar.com\\\/avatar\\\/520b4bff4011c28a76670b12c3728306056996363870be3d036f4b72046de1d9?s=96&r=g\",\"url\":\"https:\\\/\\\/secure.gravatar.com\\\/avatar\\\/520b4bff4011c28a76670b12c3728306056996363870be3d036f4b72046de1d9?s=96&r=g\",\"contentUrl\":\"https:\\\/\\\/secure.gravatar.com\\\/avatar\\\/520b4bff4011c28a76670b12c3728306056996363870be3d036f4b72046de1d9?s=96&r=g\",\"caption\":\"victor\"},\"url\":\"https:\\\/\\\/wp.kristdemokraterna.se\\\/uppsala\\\/author\\\/victor\\\/\"}]}<\/script>\n<!-- \/ Yoast SEO plugin. -->","yoast_head_json":{"title":"Ytterligare ett r\u00f6dgr\u00f6nt svek mot samh\u00e4llets utsatta medborgare | Kristdemokraterna | Uppsala","robots":{"index":"index","follow":"follow","max-snippet":"max-snippet:-1","max-image-preview":"max-image-preview:large","max-video-preview":"max-video-preview:-1"},"canonical":"https:\/\/wp.kristdemokraterna.se\/uppsala\/ytterligare-ett-rodgront-svek-mot-samhallets-utsatta-medborgare\/","og_locale":"sv_SE","og_type":"article","og_title":"Ytterligare ett r\u00f6dgr\u00f6nt svek mot samh\u00e4llets utsatta medborgare | Kristdemokraterna | Uppsala","og_description":"PRESSMEDDELANDE &nbsp; Sedan 2012 har Uppsala kommun anv\u00e4nt sig av SkolFam som verksamhet efter att ha sett tydliga och positiva resultat fr\u00e5n verksamheten i Helsingborg och p\u00e5 flera andra h\u00e5ll i landet. SkolFam \u00e4r en verksamhet riktad till familjehemsplacerade barn med m\u00e5let att dessa barn ska lyckas lika bra i skolan som \u00f6vriga barn. Trots Read More","og_url":"https:\/\/wp.kristdemokraterna.se\/uppsala\/ytterligare-ett-rodgront-svek-mot-samhallets-utsatta-medborgare\/","og_site_name":"Kristdemokraterna | Uppsala","article_publisher":"https:\/\/www.facebook.com\/UppsalaKD\/","article_published_time":"2017-08-15T09:50:12+00:00","article_modified_time":"2024-04-07T16:13:42+00:00","og_image":[{"width":1920,"height":1280,"url":"http:\/\/wp.kristdemokraterna.se\/uppsala\/files\/2017\/08\/rain-2538429_1920.jpg","type":"image\/jpeg"}],"author":"victor","twitter_card":"summary_large_image","twitter_misc":{"Skriven av":"victor","Ber\u00e4knad l\u00e4stid":"1 minut"},"schema":{"@context":"https:\/\/schema.org","@graph":[{"@type":"Article","@id":"https:\/\/wp.kristdemokraterna.se\/uppsala\/ytterligare-ett-rodgront-svek-mot-samhallets-utsatta-medborgare\/#article","isPartOf":{"@id":"https:\/\/wp.kristdemokraterna.se\/uppsala\/ytterligare-ett-rodgront-svek-mot-samhallets-utsatta-medborgare\/"},"author":{"name":"victor","@id":"https:\/\/wp.kristdemokraterna.se\/uppsala\/#\/schema\/person\/76b6a15f208d1b8798c44227309d3a4c"},"headline":"Ytterligare ett r\u00f6dgr\u00f6nt svek mot samh\u00e4llets utsatta medborgare","datePublished":"2017-08-15T09:50:12+00:00","dateModified":"2024-04-07T16:13:42+00:00","mainEntityOfPage":{"@id":"https:\/\/wp.kristdemokraterna.se\/uppsala\/ytterligare-ett-rodgront-svek-mot-samhallets-utsatta-medborgare\/"},"wordCount":319,"publisher":{"@id":"https:\/\/wp.kristdemokraterna.se\/uppsala\/#organization"},"image":{"@id":"https:\/\/wp.kristdemokraterna.se\/uppsala\/ytterligare-ett-rodgront-svek-mot-samhallets-utsatta-medborgare\/#primaryimage"},"thumbnailUrl":"https:\/\/wp.kristdemokraterna.se\/uppsala\/files\/2017\/08\/rain-2538429_1920.jpg","articleSection":["Pressmeddelande"],"inLanguage":"sv-SE"},{"@type":"WebPage","@id":"https:\/\/wp.kristdemokraterna.se\/uppsala\/ytterligare-ett-rodgront-svek-mot-samhallets-utsatta-medborgare\/","url":"https:\/\/wp.kristdemokraterna.se\/uppsala\/ytterligare-ett-rodgront-svek-mot-samhallets-utsatta-medborgare\/","name":"Ytterligare ett r\u00f6dgr\u00f6nt svek mot samh\u00e4llets utsatta medborgare | Kristdemokraterna | Uppsala","isPartOf":{"@id":"https:\/\/wp.kristdemokraterna.se\/uppsala\/#website"},"primaryImageOfPage":{"@id":"https:\/\/wp.kristdemokraterna.se\/uppsala\/ytterligare-ett-rodgront-svek-mot-samhallets-utsatta-medborgare\/#primaryimage"},"image":{"@id":"https:\/\/wp.kristdemokraterna.se\/uppsala\/ytterligare-ett-rodgront-svek-mot-samhallets-utsatta-medborgare\/#primaryimage"},"thumbnailUrl":"https:\/\/wp.kristdemokraterna.se\/uppsala\/files\/2017\/08\/rain-2538429_1920.jpg","datePublished":"2017-08-15T09:50:12+00:00","dateModified":"2024-04-07T16:13:42+00:00","breadcrumb":{"@id":"https:\/\/wp.kristdemokraterna.se\/uppsala\/ytterligare-ett-rodgront-svek-mot-samhallets-utsatta-medborgare\/#breadcrumb"},"inLanguage":"sv-SE","potentialAction":[{"@type":"ReadAction","target":["https:\/\/wp.kristdemokraterna.se\/uppsala\/ytterligare-ett-rodgront-svek-mot-samhallets-utsatta-medborgare\/"]}]},{"@type":"ImageObject","inLanguage":"sv-SE","@id":"https:\/\/wp.kristdemokraterna.se\/uppsala\/ytterligare-ett-rodgront-svek-mot-samhallets-utsatta-medborgare\/#primaryimage","url":"https:\/\/wp.kristdemokraterna.se\/uppsala\/files\/2017\/08\/rain-2538429_1920.jpg","contentUrl":"https:\/\/wp.kristdemokraterna.se\/uppsala\/files\/2017\/08\/rain-2538429_1920.jpg","width":1920,"height":1280},{"@type":"BreadcrumbList","@id":"https:\/\/wp.kristdemokraterna.se\/uppsala\/ytterligare-ett-rodgront-svek-mot-samhallets-utsatta-medborgare\/#breadcrumb","itemListElement":[{"@type":"ListItem","position":1,"name":"Hem","item":"https:\/\/wp.kristdemokraterna.se\/uppsala\/"},{"@type":"ListItem","position":2,"name":"Ytterligare ett r\u00f6dgr\u00f6nt svek mot samh\u00e4llets utsatta medborgare"}]},{"@type":"WebSite","@id":"https:\/\/wp.kristdemokraterna.se\/uppsala\/#website","url":"https:\/\/wp.kristdemokraterna.se\/uppsala\/","name":"Kristdemokraterna Uppsala","description":"Tryggare Uppsala","publisher":{"@id":"https:\/\/wp.kristdemokraterna.se\/uppsala\/#organization"},"inLanguage":"sv-SE"},{"@type":"Organization","@id":"https:\/\/wp.kristdemokraterna.se\/uppsala\/#organization","name":"Kristdemokraterna Uppsala","url":"https:\/\/wp.kristdemokraterna.se\/uppsala\/","logo":{"@type":"ImageObject","inLanguage":"sv-SE","@id":"https:\/\/wp.kristdemokraterna.se\/uppsala\/#\/schema\/logo\/image\/","url":"https:\/\/wp.kristdemokraterna.se\/uppsala\/files\/2019\/10\/kd-uppsala.png","contentUrl":"https:\/\/wp.kristdemokraterna.se\/uppsala\/files\/2019\/10\/kd-uppsala.png","width":804,"height":421,"caption":"Kristdemokraterna Uppsala"},"image":{"@id":"https:\/\/wp.kristdemokraterna.se\/uppsala\/#\/schema\/logo\/image\/"},"sameAs":["https:\/\/www.facebook.com\/UppsalaKD\/","https:\/\/www.instagram.com\/uppsalakd\/"]},{"@type":"Person","@id":"https:\/\/wp.kristdemokraterna.se\/uppsala\/#\/schema\/person\/76b6a15f208d1b8798c44227309d3a4c","name":"victor","image":{"@type":"ImageObject","inLanguage":"sv-SE","@id":"https:\/\/secure.gravatar.com\/avatar\/520b4bff4011c28a76670b12c3728306056996363870be3d036f4b72046de1d9?s=96&r=g","url":"https:\/\/secure.gravatar.com\/avatar\/520b4bff4011c28a76670b12c3728306056996363870be3d036f4b72046de1d9?s=96&r=g","contentUrl":"https:\/\/secure.gravatar.com\/avatar\/520b4bff4011c28a76670b12c3728306056996363870be3d036f4b72046de1d9?s=96&r=g","caption":"victor"},"url":"https:\/\/wp.kristdemokraterna.se\/uppsala\/author\/victor\/"}]}},"_links":{"self":[{"href":"https:\/\/wp.kristdemokraterna.se\/uppsala\/wp-json\/wp\/v2\/posts\/2264","targetHints":{"allow":["GET"]}}],"collection":[{"href":"https:\/\/wp.kristdemokraterna.se\/uppsala\/wp-json\/wp\/v2\/posts"}],"about":[{"href":"https:\/\/wp.kristdemokraterna.se\/uppsala\/wp-json\/wp\/v2\/types\/post"}],"author":[{"embeddable":true,"href":"https:\/\/wp.kristdemokraterna.se\/uppsala\/wp-json\/wp\/v2\/users\/760"}],"replies":[{"embeddable":true,"href":"https:\/\/wp.kristdemokraterna.se\/uppsala\/wp-json\/wp\/v2\/comments?post=2264"}],"version-history":[{"count":3,"href":"https:\/\/wp.kristdemokraterna.se\/uppsala\/wp-json\/wp\/v2\/posts\/2264\/revisions"}],"predecessor-version":[{"id":2268,"href":"https:\/\/wp.kristdemokraterna.se\/uppsala\/wp-json\/wp\/v2\/posts\/2264\/revisions\/2268"}],"wp:featuredmedia":[{"embeddable":true,"href":"https:\/\/wp.kristdemokraterna.se\/uppsala\/wp-json\/wp\/v2\/media\/2271"}],"wp:attachment":[{"href":"https:\/\/wp.kristdemokraterna.se\/uppsala\/wp-json\/wp\/v2\/media?parent=2264"}],"wp:term":[{"taxonomy":"category","embeddable":true,"href":"https:\/\/wp.kristdemokraterna.se\/uppsala\/wp-json\/wp\/v2\/categories?post=2264"},{"taxonomy":"post_tag","embeddable":true,"href":"https:\/\/wp.kristdemokraterna.se\/uppsala\/wp-json\/wp\/v2\/tags?post=2264"}],"curies":[{"name":"wp","href":"https:\/\/api.w.org\/{rel}","templated":true}]}}