{"id":2273,"date":"2017-09-01T13:44:52","date_gmt":"2017-09-01T11:44:52","guid":{"rendered":"http:\/\/wp.kristdemokraterna.se\/uppsala\/?p=2273"},"modified":"2024-04-04T00:40:45","modified_gmt":"2024-04-03T22:40:45","slug":"kd-dags-for-nya-uppsala","status":"publish","type":"post","link":"https:\/\/wp.kristdemokraterna.se\/uppsala\/kd-dags-for-nya-uppsala\/","title":{"rendered":"(KD): Dags f\u00f6r Nya Uppsala"},"content":{"rendered":"<p><b><span style=\"color: #000000;font-family: Times New Roman\">PRESSMEDDELANDE<\/span><\/b><\/p>\n<p><span style=\"color: #000000;font-family: Times New Roman\">\u00a0\u00a0<\/span><\/p>\n<p><b><span style=\"color: #000000;font-family: Times New Roman\">1273 flyttade Uppsala fr\u00e5n nuvarande Gamla Uppsala till d\u00e5varande \u00d6stra Aros. Nu har vi chansen att bygga Nya Uppsala.<\/span><\/b><\/p>\n<p><b><span style=\"color: #000000;font-family: Times New Roman\">Ig\u00e5r f\u00f6reslog Trafikverket\u00a0fyrsp\u00e5r mellan Stockholm-Uppsala och idag har\u00a0Johan\u00a0Edstav, statens samordnare f\u00f6r nya st\u00e4der, presenterat Uppsala-Knivsta som en m\u00f6jlig plats f\u00f6r byggande av ca 20.000 bost\u00e4der.\u00a0<\/span><\/b><\/p>\n<p><b><span style=\"color: #000000;font-family: Times New Roman\">Kristdemokraterna i Uppsala v\u00e4lkomnar projektet, och lanserade redan i sitt program inf\u00f6r valet 2014 id\u00e9n om utbyggnaden av Uppsala S\u00f6dra, med en ny pendelt\u00e5gsstation s\u00f6der om Bergsbrunna och sp\u00e5rv\u00e4gsanslutning till de s\u00f6dra stadsdelarna. Jonas Segersam har sedan dess i kommunstyrelsen drivit fr\u00e5gan om ut\u00f6kat samarbete med Knivsta kommun.<\/span><\/b><\/p>\n<blockquote><p><span style=\"color: #000000;font-family: Times New Roman\">\u00a0<\/span><span style=\"color: #000000;font-family: Times New Roman\">&#8211; N\u00e4r vi nu bygger &#8221;Nya Uppsala&#8221; finns fantastiska m\u00f6jligheter att anv\u00e4nda korridoren v\u00e4ster om E4:an mot j\u00e4rnv\u00e4gen f\u00f6r nya bost\u00e4der. Genom att koppla ihop infrastrukturen f\u00f6r VA och kommunikationer med Knivsta kommun minskar vi s\u00e5rbarheten i regionen och kan ocks\u00e5 ge utrymme f\u00f6r utveckling som annars \u00e4r om\u00f6jlig i det historiska Uppsala centrum,<\/span><span style=\"color: #000000;font-family: Times New Roman\">\u00a0s\u00e4ger Jonas Segersam (KD) kommunalr\u00e5d.<\/span><\/p><\/blockquote>\n<p><span style=\"color: #000000;font-family: Times New Roman\">\u00a0<\/span><b><span style=\"color: #000000;font-family: Times New Roman\">F\u00f6rslaget om\u00a0fyrsp\u00e5r\u00a0\u00f6ppnar upp f\u00f6r nya och fler f\u00f6rbindelser\u00a0i Uppsalaomr\u00e5det vilket v\u00e4lkomnas av Kristdemokraterna.<\/span><\/b><\/p>\n<blockquote><p><span style=\"color: #000000;font-family: Times New Roman\">\u00a0<\/span><span style=\"color: #000000;font-family: Times New Roman\">&#8211;\u00a0En av de viktigaste satsningarna vi hade i v\u00e5rt program inf\u00f6r det f\u00f6rra valet var utvecklingen av Uppsala S\u00f6dra. Genom fyrsp\u00e5ret \u00e4r ett av stegen f\u00f6r det f\u00f6rverkligandet taget.\u00a0G\u00e4llande det planerade bostadsbyggandet\u00a0s\u00e5\u00a0\u00e4r\u00a0det\u00a0ocks\u00e5 betydelsefullt\u00a0med en omsorgsfull utformning s\u00e5 att vi inte f\u00e5r ett nytt miljonprogramsomr\u00e5de utan kan skapa en attraktiv, h\u00e5llbar och gr\u00f6n stad i Uppsala s\u00f6dra, avslutar Segersam.<\/span><\/p><\/blockquote>\n","protected":false},"excerpt":{"rendered":"<p>PRESSMEDDELANDE \u00a0\u00a0 1273 flyttade Uppsala fr\u00e5n nuvarande Gamla Uppsala till d\u00e5varande \u00d6stra Aros. Nu har vi chansen att bygga Nya Uppsala. Ig\u00e5r f\u00f6reslog Trafikverket\u00a0fyrsp\u00e5r mellan Stockholm-Uppsala och idag har\u00a0Johan\u00a0Edstav, statens samordnare f\u00f6r nya st\u00e4der, presenterat Uppsala-Knivsta som en m\u00f6jlig plats f\u00f6r byggande av ca 20.000 bost\u00e4der.\u00a0 Kristdemokraterna i Uppsala v\u00e4lkomnar projektet, och lanserade redan i <a class=\"read-more-link\" href=\"https:\/\/wp.kristdemokraterna.se\/uppsala\/kd-dags-for-nya-uppsala\/\">Read More<\/a><\/p>\n","protected":false},"author":760,"featured_media":2274,"comment_status":"closed","ping_status":"closed","sticky":false,"template":"","format":"standard","meta":{"_acf_changed":false,"footnotes":""},"categories":[232],"tags":[],"class_list":["post-2273","post","type-post","status-publish","format-standard","hentry","category-kollektivtrafik-o-stadsplanering"],"acf":[],"yoast_head":"<!-- This site is optimized with the Yoast SEO plugin v27.4 - https:\/\/yoast.com\/product\/yoast-seo-wordpress\/ -->\n<title>(KD): Dags f\u00f6r Nya Uppsala | Kristdemokraterna | Uppsala<\/title>\n<meta name=\"robots\" content=\"index, follow, max-snippet:-1, max-image-preview:large, max-video-preview:-1\" \/>\n<link rel=\"canonical\" href=\"https:\/\/wp.kristdemokraterna.se\/uppsala\/kd-dags-for-nya-uppsala\/\" \/>\n<meta property=\"og:locale\" content=\"sv_SE\" \/>\n<meta property=\"og:type\" content=\"article\" \/>\n<meta property=\"og:title\" content=\"(KD): Dags f\u00f6r Nya Uppsala | Kristdemokraterna | Uppsala\" \/>\n<meta property=\"og:description\" content=\"PRESSMEDDELANDE \u00a0\u00a0 1273 flyttade Uppsala fr\u00e5n nuvarande Gamla Uppsala till d\u00e5varande \u00d6stra Aros. Nu har vi chansen att bygga Nya Uppsala. Ig\u00e5r f\u00f6reslog Trafikverket\u00a0fyrsp\u00e5r mellan Stockholm-Uppsala och idag har\u00a0Johan\u00a0Edstav, statens samordnare f\u00f6r nya st\u00e4der, presenterat Uppsala-Knivsta som en m\u00f6jlig plats f\u00f6r byggande av ca 20.000 bost\u00e4der.\u00a0 Kristdemokraterna i Uppsala v\u00e4lkomnar projektet, och lanserade redan i Read More\" \/>\n<meta property=\"og:url\" content=\"https:\/\/wp.kristdemokraterna.se\/uppsala\/kd-dags-for-nya-uppsala\/\" \/>\n<meta property=\"og:site_name\" content=\"Kristdemokraterna | Uppsala\" \/>\n<meta property=\"article:publisher\" content=\"https:\/\/www.facebook.com\/UppsalaKD\/\" \/>\n<meta property=\"article:published_time\" content=\"2017-09-01T11:44:52+00:00\" \/>\n<meta property=\"article:modified_time\" content=\"2024-04-03T22:40:45+00:00\" \/>\n<meta property=\"og:image\" content=\"http:\/\/wp.kristdemokraterna.se\/uppsala\/files\/2017\/09\/uppsala-107285_960_720-e1539615606530.jpg\" \/>\n\t<meta property=\"og:image:width\" content=\"720\" \/>\n\t<meta property=\"og:image:height\" content=\"448\" \/>\n\t<meta property=\"og:image:type\" content=\"image\/jpeg\" \/>\n<meta name=\"author\" content=\"victor\" \/>\n<meta name=\"twitter:card\" content=\"summary_large_image\" \/>\n<meta name=\"twitter:label1\" content=\"Skriven av\" \/>\n\t<meta name=\"twitter:data1\" content=\"victor\" \/>\n\t<meta name=\"twitter:label2\" content=\"Ber\u00e4knad l\u00e4stid\" \/>\n\t<meta name=\"twitter:data2\" content=\"1 minut\" \/>\n<script type=\"application\/ld+json\" class=\"yoast-schema-graph\">{\"@context\":\"https:\\\/\\\/schema.org\",\"@graph\":[{\"@type\":\"Article\",\"@id\":\"https:\\\/\\\/wp.kristdemokraterna.se\\\/uppsala\\\/kd-dags-for-nya-uppsala\\\/#article\",\"isPartOf\":{\"@id\":\"https:\\\/\\\/wp.kristdemokraterna.se\\\/uppsala\\\/kd-dags-for-nya-uppsala\\\/\"},\"author\":{\"name\":\"victor\",\"@id\":\"https:\\\/\\\/wp.kristdemokraterna.se\\\/uppsala\\\/#\\\/schema\\\/person\\\/76b6a15f208d1b8798c44227309d3a4c\"},\"headline\":\"(KD): Dags f\u00f6r Nya Uppsala\",\"datePublished\":\"2017-09-01T11:44:52+00:00\",\"dateModified\":\"2024-04-03T22:40:45+00:00\",\"mainEntityOfPage\":{\"@id\":\"https:\\\/\\\/wp.kristdemokraterna.se\\\/uppsala\\\/kd-dags-for-nya-uppsala\\\/\"},\"wordCount\":294,\"publisher\":{\"@id\":\"https:\\\/\\\/wp.kristdemokraterna.se\\\/uppsala\\\/#organization\"},\"image\":{\"@id\":\"https:\\\/\\\/wp.kristdemokraterna.se\\\/uppsala\\\/kd-dags-for-nya-uppsala\\\/#primaryimage\"},\"thumbnailUrl\":\"https:\\\/\\\/wp.kristdemokraterna.se\\\/uppsala\\\/files\\\/2017\\\/09\\\/uppsala-107285_960_720-e1539615606530.jpg\",\"articleSection\":[\"Kollektivtrafik &amp; Stadsplanering\"],\"inLanguage\":\"sv-SE\"},{\"@type\":\"WebPage\",\"@id\":\"https:\\\/\\\/wp.kristdemokraterna.se\\\/uppsala\\\/kd-dags-for-nya-uppsala\\\/\",\"url\":\"https:\\\/\\\/wp.kristdemokraterna.se\\\/uppsala\\\/kd-dags-for-nya-uppsala\\\/\",\"name\":\"(KD): Dags f\u00f6r Nya Uppsala | Kristdemokraterna | Uppsala\",\"isPartOf\":{\"@id\":\"https:\\\/\\\/wp.kristdemokraterna.se\\\/uppsala\\\/#website\"},\"primaryImageOfPage\":{\"@id\":\"https:\\\/\\\/wp.kristdemokraterna.se\\\/uppsala\\\/kd-dags-for-nya-uppsala\\\/#primaryimage\"},\"image\":{\"@id\":\"https:\\\/\\\/wp.kristdemokraterna.se\\\/uppsala\\\/kd-dags-for-nya-uppsala\\\/#primaryimage\"},\"thumbnailUrl\":\"https:\\\/\\\/wp.kristdemokraterna.se\\\/uppsala\\\/files\\\/2017\\\/09\\\/uppsala-107285_960_720-e1539615606530.jpg\",\"datePublished\":\"2017-09-01T11:44:52+00:00\",\"dateModified\":\"2024-04-03T22:40:45+00:00\",\"breadcrumb\":{\"@id\":\"https:\\\/\\\/wp.kristdemokraterna.se\\\/uppsala\\\/kd-dags-for-nya-uppsala\\\/#breadcrumb\"},\"inLanguage\":\"sv-SE\",\"potentialAction\":[{\"@type\":\"ReadAction\",\"target\":[\"https:\\\/\\\/wp.kristdemokraterna.se\\\/uppsala\\\/kd-dags-for-nya-uppsala\\\/\"]}]},{\"@type\":\"ImageObject\",\"inLanguage\":\"sv-SE\",\"@id\":\"https:\\\/\\\/wp.kristdemokraterna.se\\\/uppsala\\\/kd-dags-for-nya-uppsala\\\/#primaryimage\",\"url\":\"https:\\\/\\\/wp.kristdemokraterna.se\\\/uppsala\\\/files\\\/2017\\\/09\\\/uppsala-107285_960_720-e1539615606530.jpg\",\"contentUrl\":\"https:\\\/\\\/wp.kristdemokraterna.se\\\/uppsala\\\/files\\\/2017\\\/09\\\/uppsala-107285_960_720-e1539615606530.jpg\",\"width\":720,\"height\":448},{\"@type\":\"BreadcrumbList\",\"@id\":\"https:\\\/\\\/wp.kristdemokraterna.se\\\/uppsala\\\/kd-dags-for-nya-uppsala\\\/#breadcrumb\",\"itemListElement\":[{\"@type\":\"ListItem\",\"position\":1,\"name\":\"Hem\",\"item\":\"https:\\\/\\\/wp.kristdemokraterna.se\\\/uppsala\\\/\"},{\"@type\":\"ListItem\",\"position\":2,\"name\":\"(KD): Dags f\u00f6r Nya Uppsala\"}]},{\"@type\":\"WebSite\",\"@id\":\"https:\\\/\\\/wp.kristdemokraterna.se\\\/uppsala\\\/#website\",\"url\":\"https:\\\/\\\/wp.kristdemokraterna.se\\\/uppsala\\\/\",\"name\":\"Kristdemokraterna Uppsala\",\"description\":\"Tryggare Uppsala\",\"publisher\":{\"@id\":\"https:\\\/\\\/wp.kristdemokraterna.se\\\/uppsala\\\/#organization\"},\"inLanguage\":\"sv-SE\"},{\"@type\":\"Organization\",\"@id\":\"https:\\\/\\\/wp.kristdemokraterna.se\\\/uppsala\\\/#organization\",\"name\":\"Kristdemokraterna Uppsala\",\"url\":\"https:\\\/\\\/wp.kristdemokraterna.se\\\/uppsala\\\/\",\"logo\":{\"@type\":\"ImageObject\",\"inLanguage\":\"sv-SE\",\"@id\":\"https:\\\/\\\/wp.kristdemokraterna.se\\\/uppsala\\\/#\\\/schema\\\/logo\\\/image\\\/\",\"url\":\"https:\\\/\\\/wp.kristdemokraterna.se\\\/uppsala\\\/files\\\/2019\\\/10\\\/kd-uppsala.png\",\"contentUrl\":\"https:\\\/\\\/wp.kristdemokraterna.se\\\/uppsala\\\/files\\\/2019\\\/10\\\/kd-uppsala.png\",\"width\":804,\"height\":421,\"caption\":\"Kristdemokraterna Uppsala\"},\"image\":{\"@id\":\"https:\\\/\\\/wp.kristdemokraterna.se\\\/uppsala\\\/#\\\/schema\\\/logo\\\/image\\\/\"},\"sameAs\":[\"https:\\\/\\\/www.facebook.com\\\/UppsalaKD\\\/\",\"https:\\\/\\\/www.instagram.com\\\/uppsalakd\\\/\"]},{\"@type\":\"Person\",\"@id\":\"https:\\\/\\\/wp.kristdemokraterna.se\\\/uppsala\\\/#\\\/schema\\\/person\\\/76b6a15f208d1b8798c44227309d3a4c\",\"name\":\"victor\",\"image\":{\"@type\":\"ImageObject\",\"inLanguage\":\"sv-SE\",\"@id\":\"https:\\\/\\\/secure.gravatar.com\\\/avatar\\\/520b4bff4011c28a76670b12c3728306056996363870be3d036f4b72046de1d9?s=96&r=g\",\"url\":\"https:\\\/\\\/secure.gravatar.com\\\/avatar\\\/520b4bff4011c28a76670b12c3728306056996363870be3d036f4b72046de1d9?s=96&r=g\",\"contentUrl\":\"https:\\\/\\\/secure.gravatar.com\\\/avatar\\\/520b4bff4011c28a76670b12c3728306056996363870be3d036f4b72046de1d9?s=96&r=g\",\"caption\":\"victor\"},\"url\":\"https:\\\/\\\/wp.kristdemokraterna.se\\\/uppsala\\\/author\\\/victor\\\/\"}]}<\/script>\n<!-- \/ Yoast SEO plugin. -->","yoast_head_json":{"title":"(KD): Dags f\u00f6r Nya Uppsala | Kristdemokraterna | Uppsala","robots":{"index":"index","follow":"follow","max-snippet":"max-snippet:-1","max-image-preview":"max-image-preview:large","max-video-preview":"max-video-preview:-1"},"canonical":"https:\/\/wp.kristdemokraterna.se\/uppsala\/kd-dags-for-nya-uppsala\/","og_locale":"sv_SE","og_type":"article","og_title":"(KD): Dags f\u00f6r Nya Uppsala | Kristdemokraterna | Uppsala","og_description":"PRESSMEDDELANDE \u00a0\u00a0 1273 flyttade Uppsala fr\u00e5n nuvarande Gamla Uppsala till d\u00e5varande \u00d6stra Aros. Nu har vi chansen att bygga Nya Uppsala. Ig\u00e5r f\u00f6reslog Trafikverket\u00a0fyrsp\u00e5r mellan Stockholm-Uppsala och idag har\u00a0Johan\u00a0Edstav, statens samordnare f\u00f6r nya st\u00e4der, presenterat Uppsala-Knivsta som en m\u00f6jlig plats f\u00f6r byggande av ca 20.000 bost\u00e4der.\u00a0 Kristdemokraterna i Uppsala v\u00e4lkomnar projektet, och lanserade redan i Read More","og_url":"https:\/\/wp.kristdemokraterna.se\/uppsala\/kd-dags-for-nya-uppsala\/","og_site_name":"Kristdemokraterna | Uppsala","article_publisher":"https:\/\/www.facebook.com\/UppsalaKD\/","article_published_time":"2017-09-01T11:44:52+00:00","article_modified_time":"2024-04-03T22:40:45+00:00","og_image":[{"width":720,"height":448,"url":"http:\/\/wp.kristdemokraterna.se\/uppsala\/files\/2017\/09\/uppsala-107285_960_720-e1539615606530.jpg","type":"image\/jpeg"}],"author":"victor","twitter_card":"summary_large_image","twitter_misc":{"Skriven av":"victor","Ber\u00e4knad l\u00e4stid":"1 minut"},"schema":{"@context":"https:\/\/schema.org","@graph":[{"@type":"Article","@id":"https:\/\/wp.kristdemokraterna.se\/uppsala\/kd-dags-for-nya-uppsala\/#article","isPartOf":{"@id":"https:\/\/wp.kristdemokraterna.se\/uppsala\/kd-dags-for-nya-uppsala\/"},"author":{"name":"victor","@id":"https:\/\/wp.kristdemokraterna.se\/uppsala\/#\/schema\/person\/76b6a15f208d1b8798c44227309d3a4c"},"headline":"(KD): Dags f\u00f6r Nya Uppsala","datePublished":"2017-09-01T11:44:52+00:00","dateModified":"2024-04-03T22:40:45+00:00","mainEntityOfPage":{"@id":"https:\/\/wp.kristdemokraterna.se\/uppsala\/kd-dags-for-nya-uppsala\/"},"wordCount":294,"publisher":{"@id":"https:\/\/wp.kristdemokraterna.se\/uppsala\/#organization"},"image":{"@id":"https:\/\/wp.kristdemokraterna.se\/uppsala\/kd-dags-for-nya-uppsala\/#primaryimage"},"thumbnailUrl":"https:\/\/wp.kristdemokraterna.se\/uppsala\/files\/2017\/09\/uppsala-107285_960_720-e1539615606530.jpg","articleSection":["Kollektivtrafik &amp; Stadsplanering"],"inLanguage":"sv-SE"},{"@type":"WebPage","@id":"https:\/\/wp.kristdemokraterna.se\/uppsala\/kd-dags-for-nya-uppsala\/","url":"https:\/\/wp.kristdemokraterna.se\/uppsala\/kd-dags-for-nya-uppsala\/","name":"(KD): Dags f\u00f6r Nya Uppsala | Kristdemokraterna | Uppsala","isPartOf":{"@id":"https:\/\/wp.kristdemokraterna.se\/uppsala\/#website"},"primaryImageOfPage":{"@id":"https:\/\/wp.kristdemokraterna.se\/uppsala\/kd-dags-for-nya-uppsala\/#primaryimage"},"image":{"@id":"https:\/\/wp.kristdemokraterna.se\/uppsala\/kd-dags-for-nya-uppsala\/#primaryimage"},"thumbnailUrl":"https:\/\/wp.kristdemokraterna.se\/uppsala\/files\/2017\/09\/uppsala-107285_960_720-e1539615606530.jpg","datePublished":"2017-09-01T11:44:52+00:00","dateModified":"2024-04-03T22:40:45+00:00","breadcrumb":{"@id":"https:\/\/wp.kristdemokraterna.se\/uppsala\/kd-dags-for-nya-uppsala\/#breadcrumb"},"inLanguage":"sv-SE","potentialAction":[{"@type":"ReadAction","target":["https:\/\/wp.kristdemokraterna.se\/uppsala\/kd-dags-for-nya-uppsala\/"]}]},{"@type":"ImageObject","inLanguage":"sv-SE","@id":"https:\/\/wp.kristdemokraterna.se\/uppsala\/kd-dags-for-nya-uppsala\/#primaryimage","url":"https:\/\/wp.kristdemokraterna.se\/uppsala\/files\/2017\/09\/uppsala-107285_960_720-e1539615606530.jpg","contentUrl":"https:\/\/wp.kristdemokraterna.se\/uppsala\/files\/2017\/09\/uppsala-107285_960_720-e1539615606530.jpg","width":720,"height":448},{"@type":"BreadcrumbList","@id":"https:\/\/wp.kristdemokraterna.se\/uppsala\/kd-dags-for-nya-uppsala\/#breadcrumb","itemListElement":[{"@type":"ListItem","position":1,"name":"Hem","item":"https:\/\/wp.kristdemokraterna.se\/uppsala\/"},{"@type":"ListItem","position":2,"name":"(KD): Dags f\u00f6r Nya Uppsala"}]},{"@type":"WebSite","@id":"https:\/\/wp.kristdemokraterna.se\/uppsala\/#website","url":"https:\/\/wp.kristdemokraterna.se\/uppsala\/","name":"Kristdemokraterna Uppsala","description":"Tryggare Uppsala","publisher":{"@id":"https:\/\/wp.kristdemokraterna.se\/uppsala\/#organization"},"inLanguage":"sv-SE"},{"@type":"Organization","@id":"https:\/\/wp.kristdemokraterna.se\/uppsala\/#organization","name":"Kristdemokraterna Uppsala","url":"https:\/\/wp.kristdemokraterna.se\/uppsala\/","logo":{"@type":"ImageObject","inLanguage":"sv-SE","@id":"https:\/\/wp.kristdemokraterna.se\/uppsala\/#\/schema\/logo\/image\/","url":"https:\/\/wp.kristdemokraterna.se\/uppsala\/files\/2019\/10\/kd-uppsala.png","contentUrl":"https:\/\/wp.kristdemokraterna.se\/uppsala\/files\/2019\/10\/kd-uppsala.png","width":804,"height":421,"caption":"Kristdemokraterna Uppsala"},"image":{"@id":"https:\/\/wp.kristdemokraterna.se\/uppsala\/#\/schema\/logo\/image\/"},"sameAs":["https:\/\/www.facebook.com\/UppsalaKD\/","https:\/\/www.instagram.com\/uppsalakd\/"]},{"@type":"Person","@id":"https:\/\/wp.kristdemokraterna.se\/uppsala\/#\/schema\/person\/76b6a15f208d1b8798c44227309d3a4c","name":"victor","image":{"@type":"ImageObject","inLanguage":"sv-SE","@id":"https:\/\/secure.gravatar.com\/avatar\/520b4bff4011c28a76670b12c3728306056996363870be3d036f4b72046de1d9?s=96&r=g","url":"https:\/\/secure.gravatar.com\/avatar\/520b4bff4011c28a76670b12c3728306056996363870be3d036f4b72046de1d9?s=96&r=g","contentUrl":"https:\/\/secure.gravatar.com\/avatar\/520b4bff4011c28a76670b12c3728306056996363870be3d036f4b72046de1d9?s=96&r=g","caption":"victor"},"url":"https:\/\/wp.kristdemokraterna.se\/uppsala\/author\/victor\/"}]}},"_links":{"self":[{"href":"https:\/\/wp.kristdemokraterna.se\/uppsala\/wp-json\/wp\/v2\/posts\/2273","targetHints":{"allow":["GET"]}}],"collection":[{"href":"https:\/\/wp.kristdemokraterna.se\/uppsala\/wp-json\/wp\/v2\/posts"}],"about":[{"href":"https:\/\/wp.kristdemokraterna.se\/uppsala\/wp-json\/wp\/v2\/types\/post"}],"author":[{"embeddable":true,"href":"https:\/\/wp.kristdemokraterna.se\/uppsala\/wp-json\/wp\/v2\/users\/760"}],"replies":[{"embeddable":true,"href":"https:\/\/wp.kristdemokraterna.se\/uppsala\/wp-json\/wp\/v2\/comments?post=2273"}],"version-history":[{"count":3,"href":"https:\/\/wp.kristdemokraterna.se\/uppsala\/wp-json\/wp\/v2\/posts\/2273\/revisions"}],"predecessor-version":[{"id":2277,"href":"https:\/\/wp.kristdemokraterna.se\/uppsala\/wp-json\/wp\/v2\/posts\/2273\/revisions\/2277"}],"wp:featuredmedia":[{"embeddable":true,"href":"https:\/\/wp.kristdemokraterna.se\/uppsala\/wp-json\/wp\/v2\/media\/2274"}],"wp:attachment":[{"href":"https:\/\/wp.kristdemokraterna.se\/uppsala\/wp-json\/wp\/v2\/media?parent=2273"}],"wp:term":[{"taxonomy":"category","embeddable":true,"href":"https:\/\/wp.kristdemokraterna.se\/uppsala\/wp-json\/wp\/v2\/categories?post=2273"},{"taxonomy":"post_tag","embeddable":true,"href":"https:\/\/wp.kristdemokraterna.se\/uppsala\/wp-json\/wp\/v2\/tags?post=2273"}],"curies":[{"name":"wp","href":"https:\/\/api.w.org\/{rel}","templated":true}]}}