{"id":2282,"date":"2017-09-15T07:17:15","date_gmt":"2017-09-15T05:17:15","guid":{"rendered":"http:\/\/wp.kristdemokraterna.se\/uppsala\/?p=2282"},"modified":"2024-04-04T00:40:19","modified_gmt":"2024-04-03T22:40:19","slug":"bevara-stabbys-gronomraden-bygg-tradgardsstad","status":"publish","type":"post","link":"https:\/\/wp.kristdemokraterna.se\/uppsala\/bevara-stabbys-gronomraden-bygg-tradgardsstad\/","title":{"rendered":"Bevara Stabbys gr\u00f6nomr\u00e5den \u2013 bygg tr\u00e4dg\u00e5rdsstad!"},"content":{"rendered":"<p>PRESSMEDDELANDE<\/p>\n<p><strong>I och med att beslut fattats kring den senaste \u00f6versiktsplanen s\u00e5 fastst\u00e4lldes det ett s\u00e4rskilt programarbete f\u00f6r Stabby-Flogsta-omr\u00e5det. Erik Pelling, ansvarigt kommunalr\u00e5d, har i media uttryckt att det ska byggas stad i Stabby-omr\u00e5det, n\u00e5got vi kristdemokrater st\u00e4ller oss kritiska till. Ist\u00e4llet f\u00f6r att bygga p\u00e5 ett s\u00e4tt som riskerar att staden flyter ut fr\u00e5n Librob\u00e4ck ut\u00f6ver Stabbyf\u00e4lten med hus p\u00e5 5-7 v\u00e5ningar s\u00e5 vill vi kristdemokrater ist\u00e4llet bygga vad vi kallar f\u00f6r tr\u00e4dg\u00e5rdsstad. P\u00e5 s\u00f6ndag klockan 15:00 p\u00e5 Stabby pr\u00e4stg\u00e5rd kommer Jonas Segersam att delta p\u00e5 Stabbydagen och informera om f\u00f6rslaget.<\/strong><\/p>\n<p>&nbsp;<\/p>\n<blockquote><p>&#8211; Genom att bygga tr\u00e4dg\u00e5rdsstad i s\u00f6dra delen av Stabbyf\u00e4lten s\u00e5 f\u00f6rst\u00f6r man inte siktlinjen och kan samtidigt skapa en sammanh\u00e5llen och naturlig koppling mellan Luthagen\/Rickomberga och Berth\u00e5ga utan att exploatera Stabbys siktlinje ut \u00f6ver f\u00e4lten, s\u00e4ger Jonas Segersam (KD) kommunalr\u00e5d. Dessutom f\u00f6resl\u00e5r vi kristdemokrater att man bygger runt 1000 bost\u00e4der p\u00e5 en yta av 40 hektar, en mindre del av kommunens mark p\u00e5 137 hektar. V\u00e5rt f\u00f6rslag inneb\u00e4r att vi kan beh\u00e5lla mycket av den unika milj\u00f6 som Stabbyf\u00e4lten tillf\u00f6r, forts\u00e4tter Segersam.<\/p><\/blockquote>\n<p>&nbsp;<\/p>\n<p><strong>Kristdemokraternas f\u00f6rslag om tr\u00e4dg\u00e5rdsstad inneb\u00e4r \u00e4ven att det gamla tomtr\u00e4ttsinstrumentet \u00e5teruppv\u00e4cks. <\/strong><strong>I b\u00f6rjan av f\u00f6rra seklet var egnahemsr\u00f6relsen stark i Sverige och fick uppbackning genom lagstiftning och kommunal planering. I n\u00e4stan varje svensk stad finns det exempel p\u00e5 egnahemsomr\u00e5den, som idag \u00e4r attraktiva och v\u00e4l fungerande bostadsomr\u00e5den.<\/strong><\/p>\n<p>&nbsp;<\/p>\n<blockquote><p>&#8211; V\u00e5rt f\u00f6rslag om egnahemsid\u00e9n skulle medf\u00f6ra en rad positiva m\u00f6jligheter f\u00f6r de boende i omr\u00e5det, s\u00e4ger Simon Westberg (KD) ledamot i plan- och byggnadsn\u00e4mnden. Genom att kommunen beh\u00e5ller \u00e4gandet av marken slipper de som k\u00f6per och bygger bostad i omr\u00e5det att vid tomtk\u00f6pet betala f\u00f6r spekulation i framtida v\u00e4rde\u00f6kning p\u00e5 tomterna. Tack vare detta s\u00e5 h\u00e5lls kostnaderna l\u00e5ga, vilket inneb\u00e4r att fler sm\u00e5barnsfamiljer har m\u00f6jlighet att k\u00f6pa sig en bostad, forts\u00e4tter Westberg.<\/p><\/blockquote>\n<p>&nbsp;<\/p>\n<blockquote><p>&#8211; Genom v\u00e5ra f\u00f6rslag lyckas kommunen b\u00e5de att m\u00f6ta efterfr\u00e5gan p\u00e5 bost\u00e4der och bevara och utveckla omr\u00e5den med h\u00f6ga sociala och ekologiska v\u00e4rden, avslutar Segersam.<\/p><\/blockquote>\n","protected":false},"excerpt":{"rendered":"<p>PRESSMEDDELANDE I och med att beslut fattats kring den senaste \u00f6versiktsplanen s\u00e5 fastst\u00e4lldes det ett s\u00e4rskilt programarbete f\u00f6r Stabby-Flogsta-omr\u00e5det. Erik Pelling, ansvarigt kommunalr\u00e5d, har i media uttryckt att det ska byggas stad i Stabby-omr\u00e5det, n\u00e5got vi kristdemokrater st\u00e4ller oss kritiska till. Ist\u00e4llet f\u00f6r att bygga p\u00e5 ett s\u00e4tt som riskerar att staden flyter ut fr\u00e5n <a class=\"read-more-link\" href=\"https:\/\/wp.kristdemokraterna.se\/uppsala\/bevara-stabbys-gronomraden-bygg-tradgardsstad\/\">Read More<\/a><\/p>\n","protected":false},"author":760,"featured_media":0,"comment_status":"closed","ping_status":"closed","sticky":false,"template":"","format":"standard","meta":{"_acf_changed":false,"footnotes":""},"categories":[232],"tags":[],"class_list":["post-2282","post","type-post","status-publish","format-standard","hentry","category-kollektivtrafik-o-stadsplanering"],"acf":[],"yoast_head":"<!-- This site is optimized with the Yoast SEO plugin v27.4 - https:\/\/yoast.com\/product\/yoast-seo-wordpress\/ -->\n<title>Bevara Stabbys gr\u00f6nomr\u00e5den \u2013 bygg tr\u00e4dg\u00e5rdsstad! | Kristdemokraterna | Uppsala<\/title>\n<meta name=\"robots\" content=\"index, follow, max-snippet:-1, max-image-preview:large, max-video-preview:-1\" \/>\n<link rel=\"canonical\" href=\"https:\/\/wp.kristdemokraterna.se\/uppsala\/bevara-stabbys-gronomraden-bygg-tradgardsstad\/\" \/>\n<meta property=\"og:locale\" content=\"sv_SE\" \/>\n<meta property=\"og:type\" content=\"article\" \/>\n<meta property=\"og:title\" content=\"Bevara Stabbys gr\u00f6nomr\u00e5den \u2013 bygg tr\u00e4dg\u00e5rdsstad! | Kristdemokraterna | Uppsala\" \/>\n<meta property=\"og:description\" content=\"PRESSMEDDELANDE I och med att beslut fattats kring den senaste \u00f6versiktsplanen s\u00e5 fastst\u00e4lldes det ett s\u00e4rskilt programarbete f\u00f6r Stabby-Flogsta-omr\u00e5det. Erik Pelling, ansvarigt kommunalr\u00e5d, har i media uttryckt att det ska byggas stad i Stabby-omr\u00e5det, n\u00e5got vi kristdemokrater st\u00e4ller oss kritiska till. Ist\u00e4llet f\u00f6r att bygga p\u00e5 ett s\u00e4tt som riskerar att staden flyter ut fr\u00e5n Read More\" \/>\n<meta property=\"og:url\" content=\"https:\/\/wp.kristdemokraterna.se\/uppsala\/bevara-stabbys-gronomraden-bygg-tradgardsstad\/\" \/>\n<meta property=\"og:site_name\" content=\"Kristdemokraterna | Uppsala\" \/>\n<meta property=\"article:publisher\" content=\"https:\/\/www.facebook.com\/UppsalaKD\/\" \/>\n<meta property=\"article:published_time\" content=\"2017-09-15T05:17:15+00:00\" \/>\n<meta property=\"article:modified_time\" content=\"2024-04-03T22:40:19+00:00\" \/>\n<meta property=\"og:image\" content=\"https:\/\/wp.kristdemokraterna.se\/uppsala\/files\/2021\/12\/kom1.png\" \/>\n\t<meta property=\"og:image:width\" content=\"770\" \/>\n\t<meta property=\"og:image:height\" content=\"404\" \/>\n\t<meta property=\"og:image:type\" content=\"image\/png\" \/>\n<meta name=\"author\" content=\"victor\" \/>\n<meta name=\"twitter:card\" content=\"summary_large_image\" \/>\n<meta name=\"twitter:label1\" content=\"Skriven av\" \/>\n\t<meta name=\"twitter:data1\" content=\"victor\" \/>\n\t<meta name=\"twitter:label2\" content=\"Ber\u00e4knad l\u00e4stid\" \/>\n\t<meta name=\"twitter:data2\" content=\"2 minuter\" \/>\n<script type=\"application\/ld+json\" class=\"yoast-schema-graph\">{\"@context\":\"https:\\\/\\\/schema.org\",\"@graph\":[{\"@type\":\"Article\",\"@id\":\"https:\\\/\\\/wp.kristdemokraterna.se\\\/uppsala\\\/bevara-stabbys-gronomraden-bygg-tradgardsstad\\\/#article\",\"isPartOf\":{\"@id\":\"https:\\\/\\\/wp.kristdemokraterna.se\\\/uppsala\\\/bevara-stabbys-gronomraden-bygg-tradgardsstad\\\/\"},\"author\":{\"name\":\"victor\",\"@id\":\"https:\\\/\\\/wp.kristdemokraterna.se\\\/uppsala\\\/#\\\/schema\\\/person\\\/76b6a15f208d1b8798c44227309d3a4c\"},\"headline\":\"Bevara Stabbys gr\u00f6nomr\u00e5den \u2013 bygg tr\u00e4dg\u00e5rdsstad!\",\"datePublished\":\"2017-09-15T05:17:15+00:00\",\"dateModified\":\"2024-04-03T22:40:19+00:00\",\"mainEntityOfPage\":{\"@id\":\"https:\\\/\\\/wp.kristdemokraterna.se\\\/uppsala\\\/bevara-stabbys-gronomraden-bygg-tradgardsstad\\\/\"},\"wordCount\":420,\"publisher\":{\"@id\":\"https:\\\/\\\/wp.kristdemokraterna.se\\\/uppsala\\\/#organization\"},\"articleSection\":[\"Kollektivtrafik &amp; Stadsplanering\"],\"inLanguage\":\"sv-SE\"},{\"@type\":\"WebPage\",\"@id\":\"https:\\\/\\\/wp.kristdemokraterna.se\\\/uppsala\\\/bevara-stabbys-gronomraden-bygg-tradgardsstad\\\/\",\"url\":\"https:\\\/\\\/wp.kristdemokraterna.se\\\/uppsala\\\/bevara-stabbys-gronomraden-bygg-tradgardsstad\\\/\",\"name\":\"Bevara Stabbys gr\u00f6nomr\u00e5den \u2013 bygg tr\u00e4dg\u00e5rdsstad! | Kristdemokraterna | Uppsala\",\"isPartOf\":{\"@id\":\"https:\\\/\\\/wp.kristdemokraterna.se\\\/uppsala\\\/#website\"},\"datePublished\":\"2017-09-15T05:17:15+00:00\",\"dateModified\":\"2024-04-03T22:40:19+00:00\",\"breadcrumb\":{\"@id\":\"https:\\\/\\\/wp.kristdemokraterna.se\\\/uppsala\\\/bevara-stabbys-gronomraden-bygg-tradgardsstad\\\/#breadcrumb\"},\"inLanguage\":\"sv-SE\",\"potentialAction\":[{\"@type\":\"ReadAction\",\"target\":[\"https:\\\/\\\/wp.kristdemokraterna.se\\\/uppsala\\\/bevara-stabbys-gronomraden-bygg-tradgardsstad\\\/\"]}]},{\"@type\":\"BreadcrumbList\",\"@id\":\"https:\\\/\\\/wp.kristdemokraterna.se\\\/uppsala\\\/bevara-stabbys-gronomraden-bygg-tradgardsstad\\\/#breadcrumb\",\"itemListElement\":[{\"@type\":\"ListItem\",\"position\":1,\"name\":\"Hem\",\"item\":\"https:\\\/\\\/wp.kristdemokraterna.se\\\/uppsala\\\/\"},{\"@type\":\"ListItem\",\"position\":2,\"name\":\"Bevara Stabbys gr\u00f6nomr\u00e5den \u2013 bygg tr\u00e4dg\u00e5rdsstad!\"}]},{\"@type\":\"WebSite\",\"@id\":\"https:\\\/\\\/wp.kristdemokraterna.se\\\/uppsala\\\/#website\",\"url\":\"https:\\\/\\\/wp.kristdemokraterna.se\\\/uppsala\\\/\",\"name\":\"Kristdemokraterna Uppsala\",\"description\":\"Tryggare Uppsala\",\"publisher\":{\"@id\":\"https:\\\/\\\/wp.kristdemokraterna.se\\\/uppsala\\\/#organization\"},\"inLanguage\":\"sv-SE\"},{\"@type\":\"Organization\",\"@id\":\"https:\\\/\\\/wp.kristdemokraterna.se\\\/uppsala\\\/#organization\",\"name\":\"Kristdemokraterna Uppsala\",\"url\":\"https:\\\/\\\/wp.kristdemokraterna.se\\\/uppsala\\\/\",\"logo\":{\"@type\":\"ImageObject\",\"inLanguage\":\"sv-SE\",\"@id\":\"https:\\\/\\\/wp.kristdemokraterna.se\\\/uppsala\\\/#\\\/schema\\\/logo\\\/image\\\/\",\"url\":\"https:\\\/\\\/wp.kristdemokraterna.se\\\/uppsala\\\/files\\\/2019\\\/10\\\/kd-uppsala.png\",\"contentUrl\":\"https:\\\/\\\/wp.kristdemokraterna.se\\\/uppsala\\\/files\\\/2019\\\/10\\\/kd-uppsala.png\",\"width\":804,\"height\":421,\"caption\":\"Kristdemokraterna Uppsala\"},\"image\":{\"@id\":\"https:\\\/\\\/wp.kristdemokraterna.se\\\/uppsala\\\/#\\\/schema\\\/logo\\\/image\\\/\"},\"sameAs\":[\"https:\\\/\\\/www.facebook.com\\\/UppsalaKD\\\/\",\"https:\\\/\\\/www.instagram.com\\\/uppsalakd\\\/\"]},{\"@type\":\"Person\",\"@id\":\"https:\\\/\\\/wp.kristdemokraterna.se\\\/uppsala\\\/#\\\/schema\\\/person\\\/76b6a15f208d1b8798c44227309d3a4c\",\"name\":\"victor\",\"image\":{\"@type\":\"ImageObject\",\"inLanguage\":\"sv-SE\",\"@id\":\"https:\\\/\\\/secure.gravatar.com\\\/avatar\\\/520b4bff4011c28a76670b12c3728306056996363870be3d036f4b72046de1d9?s=96&r=g\",\"url\":\"https:\\\/\\\/secure.gravatar.com\\\/avatar\\\/520b4bff4011c28a76670b12c3728306056996363870be3d036f4b72046de1d9?s=96&r=g\",\"contentUrl\":\"https:\\\/\\\/secure.gravatar.com\\\/avatar\\\/520b4bff4011c28a76670b12c3728306056996363870be3d036f4b72046de1d9?s=96&r=g\",\"caption\":\"victor\"},\"url\":\"https:\\\/\\\/wp.kristdemokraterna.se\\\/uppsala\\\/author\\\/victor\\\/\"}]}<\/script>\n<!-- \/ Yoast SEO plugin. -->","yoast_head_json":{"title":"Bevara Stabbys gr\u00f6nomr\u00e5den \u2013 bygg tr\u00e4dg\u00e5rdsstad! | Kristdemokraterna | Uppsala","robots":{"index":"index","follow":"follow","max-snippet":"max-snippet:-1","max-image-preview":"max-image-preview:large","max-video-preview":"max-video-preview:-1"},"canonical":"https:\/\/wp.kristdemokraterna.se\/uppsala\/bevara-stabbys-gronomraden-bygg-tradgardsstad\/","og_locale":"sv_SE","og_type":"article","og_title":"Bevara Stabbys gr\u00f6nomr\u00e5den \u2013 bygg tr\u00e4dg\u00e5rdsstad! | Kristdemokraterna | Uppsala","og_description":"PRESSMEDDELANDE I och med att beslut fattats kring den senaste \u00f6versiktsplanen s\u00e5 fastst\u00e4lldes det ett s\u00e4rskilt programarbete f\u00f6r Stabby-Flogsta-omr\u00e5det. Erik Pelling, ansvarigt kommunalr\u00e5d, har i media uttryckt att det ska byggas stad i Stabby-omr\u00e5det, n\u00e5got vi kristdemokrater st\u00e4ller oss kritiska till. Ist\u00e4llet f\u00f6r att bygga p\u00e5 ett s\u00e4tt som riskerar att staden flyter ut fr\u00e5n Read More","og_url":"https:\/\/wp.kristdemokraterna.se\/uppsala\/bevara-stabbys-gronomraden-bygg-tradgardsstad\/","og_site_name":"Kristdemokraterna | Uppsala","article_publisher":"https:\/\/www.facebook.com\/UppsalaKD\/","article_published_time":"2017-09-15T05:17:15+00:00","article_modified_time":"2024-04-03T22:40:19+00:00","og_image":[{"width":770,"height":404,"url":"https:\/\/wp.kristdemokraterna.se\/uppsala\/files\/2021\/12\/kom1.png","type":"image\/png"}],"author":"victor","twitter_card":"summary_large_image","twitter_misc":{"Skriven av":"victor","Ber\u00e4knad l\u00e4stid":"2 minuter"},"schema":{"@context":"https:\/\/schema.org","@graph":[{"@type":"Article","@id":"https:\/\/wp.kristdemokraterna.se\/uppsala\/bevara-stabbys-gronomraden-bygg-tradgardsstad\/#article","isPartOf":{"@id":"https:\/\/wp.kristdemokraterna.se\/uppsala\/bevara-stabbys-gronomraden-bygg-tradgardsstad\/"},"author":{"name":"victor","@id":"https:\/\/wp.kristdemokraterna.se\/uppsala\/#\/schema\/person\/76b6a15f208d1b8798c44227309d3a4c"},"headline":"Bevara Stabbys gr\u00f6nomr\u00e5den \u2013 bygg tr\u00e4dg\u00e5rdsstad!","datePublished":"2017-09-15T05:17:15+00:00","dateModified":"2024-04-03T22:40:19+00:00","mainEntityOfPage":{"@id":"https:\/\/wp.kristdemokraterna.se\/uppsala\/bevara-stabbys-gronomraden-bygg-tradgardsstad\/"},"wordCount":420,"publisher":{"@id":"https:\/\/wp.kristdemokraterna.se\/uppsala\/#organization"},"articleSection":["Kollektivtrafik &amp; Stadsplanering"],"inLanguage":"sv-SE"},{"@type":"WebPage","@id":"https:\/\/wp.kristdemokraterna.se\/uppsala\/bevara-stabbys-gronomraden-bygg-tradgardsstad\/","url":"https:\/\/wp.kristdemokraterna.se\/uppsala\/bevara-stabbys-gronomraden-bygg-tradgardsstad\/","name":"Bevara Stabbys gr\u00f6nomr\u00e5den \u2013 bygg tr\u00e4dg\u00e5rdsstad! | Kristdemokraterna | Uppsala","isPartOf":{"@id":"https:\/\/wp.kristdemokraterna.se\/uppsala\/#website"},"datePublished":"2017-09-15T05:17:15+00:00","dateModified":"2024-04-03T22:40:19+00:00","breadcrumb":{"@id":"https:\/\/wp.kristdemokraterna.se\/uppsala\/bevara-stabbys-gronomraden-bygg-tradgardsstad\/#breadcrumb"},"inLanguage":"sv-SE","potentialAction":[{"@type":"ReadAction","target":["https:\/\/wp.kristdemokraterna.se\/uppsala\/bevara-stabbys-gronomraden-bygg-tradgardsstad\/"]}]},{"@type":"BreadcrumbList","@id":"https:\/\/wp.kristdemokraterna.se\/uppsala\/bevara-stabbys-gronomraden-bygg-tradgardsstad\/#breadcrumb","itemListElement":[{"@type":"ListItem","position":1,"name":"Hem","item":"https:\/\/wp.kristdemokraterna.se\/uppsala\/"},{"@type":"ListItem","position":2,"name":"Bevara Stabbys gr\u00f6nomr\u00e5den \u2013 bygg tr\u00e4dg\u00e5rdsstad!"}]},{"@type":"WebSite","@id":"https:\/\/wp.kristdemokraterna.se\/uppsala\/#website","url":"https:\/\/wp.kristdemokraterna.se\/uppsala\/","name":"Kristdemokraterna Uppsala","description":"Tryggare Uppsala","publisher":{"@id":"https:\/\/wp.kristdemokraterna.se\/uppsala\/#organization"},"inLanguage":"sv-SE"},{"@type":"Organization","@id":"https:\/\/wp.kristdemokraterna.se\/uppsala\/#organization","name":"Kristdemokraterna Uppsala","url":"https:\/\/wp.kristdemokraterna.se\/uppsala\/","logo":{"@type":"ImageObject","inLanguage":"sv-SE","@id":"https:\/\/wp.kristdemokraterna.se\/uppsala\/#\/schema\/logo\/image\/","url":"https:\/\/wp.kristdemokraterna.se\/uppsala\/files\/2019\/10\/kd-uppsala.png","contentUrl":"https:\/\/wp.kristdemokraterna.se\/uppsala\/files\/2019\/10\/kd-uppsala.png","width":804,"height":421,"caption":"Kristdemokraterna Uppsala"},"image":{"@id":"https:\/\/wp.kristdemokraterna.se\/uppsala\/#\/schema\/logo\/image\/"},"sameAs":["https:\/\/www.facebook.com\/UppsalaKD\/","https:\/\/www.instagram.com\/uppsalakd\/"]},{"@type":"Person","@id":"https:\/\/wp.kristdemokraterna.se\/uppsala\/#\/schema\/person\/76b6a15f208d1b8798c44227309d3a4c","name":"victor","image":{"@type":"ImageObject","inLanguage":"sv-SE","@id":"https:\/\/secure.gravatar.com\/avatar\/520b4bff4011c28a76670b12c3728306056996363870be3d036f4b72046de1d9?s=96&r=g","url":"https:\/\/secure.gravatar.com\/avatar\/520b4bff4011c28a76670b12c3728306056996363870be3d036f4b72046de1d9?s=96&r=g","contentUrl":"https:\/\/secure.gravatar.com\/avatar\/520b4bff4011c28a76670b12c3728306056996363870be3d036f4b72046de1d9?s=96&r=g","caption":"victor"},"url":"https:\/\/wp.kristdemokraterna.se\/uppsala\/author\/victor\/"}]}},"_links":{"self":[{"href":"https:\/\/wp.kristdemokraterna.se\/uppsala\/wp-json\/wp\/v2\/posts\/2282","targetHints":{"allow":["GET"]}}],"collection":[{"href":"https:\/\/wp.kristdemokraterna.se\/uppsala\/wp-json\/wp\/v2\/posts"}],"about":[{"href":"https:\/\/wp.kristdemokraterna.se\/uppsala\/wp-json\/wp\/v2\/types\/post"}],"author":[{"embeddable":true,"href":"https:\/\/wp.kristdemokraterna.se\/uppsala\/wp-json\/wp\/v2\/users\/760"}],"replies":[{"embeddable":true,"href":"https:\/\/wp.kristdemokraterna.se\/uppsala\/wp-json\/wp\/v2\/comments?post=2282"}],"version-history":[{"count":2,"href":"https:\/\/wp.kristdemokraterna.se\/uppsala\/wp-json\/wp\/v2\/posts\/2282\/revisions"}],"predecessor-version":[{"id":2493,"href":"https:\/\/wp.kristdemokraterna.se\/uppsala\/wp-json\/wp\/v2\/posts\/2282\/revisions\/2493"}],"wp:attachment":[{"href":"https:\/\/wp.kristdemokraterna.se\/uppsala\/wp-json\/wp\/v2\/media?parent=2282"}],"wp:term":[{"taxonomy":"category","embeddable":true,"href":"https:\/\/wp.kristdemokraterna.se\/uppsala\/wp-json\/wp\/v2\/categories?post=2282"},{"taxonomy":"post_tag","embeddable":true,"href":"https:\/\/wp.kristdemokraterna.se\/uppsala\/wp-json\/wp\/v2\/tags?post=2282"}],"curies":[{"name":"wp","href":"https:\/\/api.w.org\/{rel}","templated":true}]}}