{"id":2322,"date":"2017-10-23T15:49:52","date_gmt":"2017-10-23T13:49:52","guid":{"rendered":"http:\/\/wp.kristdemokraterna.se\/uppsala\/?p=2322"},"modified":"2024-04-04T00:38:46","modified_gmt":"2024-04-03T22:38:46","slug":"arbetsmiljocertifiera-sjukvarden","status":"publish","type":"post","link":"https:\/\/wp.kristdemokraterna.se\/uppsala\/arbetsmiljocertifiera-sjukvarden\/","title":{"rendered":"Arbetsmilj\u00f6certifiera sjukv\u00e5rden"},"content":{"rendered":"<p><span style=\"font-family: Calibri\"><span style=\"color: #000000\">Att utveckla arbetsmilj\u00f6arbetet \u00e4r inte bara ett myndighetskrav, utan \u00e4ven en konkurrensfaktor n\u00e4r det g\u00e4ller att locka den b\u00e4sta kompetensen, liksom en viktig komponent f\u00f6r att skapa en attraktiv arbetsplats.<br \/>\n<\/span><span style=\"color: #000000\"> Det \u00e4r uppenbart att regionen har stora utmaningar i hur vi ska kunna ge v\u00e5ra medarbetare en bra arbetsmilj\u00f6 s\u00e5 att de i sin tur orkar v\u00e5rda patienterna. Detta kr\u00e4ver b\u00e5da akuta insatser men ocks\u00e5 ett l\u00e5ngsiktigt och strategiskt arbete som \u00e4r minst lika viktigt som v\u00e5rt milj\u00f6arbete.<\/span><\/span><\/p>\n<p><span style=\"color: #000000;font-family: Calibri\">Region Uppsala \u00e4r idag milj\u00f6certifierat vilket enligt samst\u00e4mmiga uppgifter har varit ett lyft f\u00f6r v\u00e5rt milj\u00f6arbete. P\u00e5 samma s\u00e4tt anser jag att vi b\u00f6r arbetsmilj\u00f6cerifieras, s\u00e4ger Anna-Karin Klomp, regionr\u00e5d (KD).<\/span><\/p>\n<p><span style=\"color: #000000;font-family: Calibri\">D\u00e4rf\u00f6r l\u00e4mnar vi ett f\u00f6rslag i regionstyrelsen att regionens arbetsplatser ska arbetsmilj\u00f6certifieras och att regiondirekt\u00f6ren f\u00e5r i uppdrag att leda arbetet.<\/span><\/p>\n<p><span style=\"color: #000000;font-family: Calibri\">F\u00f6r att kunna bli arbetsmilj\u00f6certifierad granskar ett ackrediterat certifieringsorgan att det i verksamheten finns ett ledningssystem f\u00f6r planering, genomf\u00f6rande, uppf\u00f6ljning och f\u00f6rb\u00e4ttring av arbetsmilj\u00f6arbetet.<\/span><\/p>\n<p><span style=\"color: #000000;font-family: Calibri\">I Sverige \u00e4r det f\u00f6reskrifterna om systematiskt arbetsmilj\u00f6arbete (AFS 2001:1) och\/eller det europeiska kravdokumentet OHSAS 18001 som man ska uppfylla f\u00f6r att bli arbetsmilj\u00f6certifierad. Det finns en rad akt\u00f6rer, ackrediterade av Swedac som utf\u00f6r certifieringen.<\/span><\/p>\n<p><span style=\"color: #000000;font-family: Calibri\">F\u00f6r den som vill l\u00e4sa mer finns information p\u00e5 Arbetsmilj\u00f6verkets hemsida:<\/span><\/p>\n<p><a href=\"https:\/\/www.av.se\/arbetsmiljoarbete-och-inspektioner\/arbetsmiljocertifierade-foretag\">https:\/\/www.av.se\/arbetsmiljoarbete-och-inspektioner\/arbetsmiljocertifierade-foretag<\/a><\/p>\n<p>&nbsp;<\/p>\n","protected":false},"excerpt":{"rendered":"<p>Att utveckla arbetsmilj\u00f6arbetet \u00e4r inte bara ett myndighetskrav, utan \u00e4ven en konkurrensfaktor n\u00e4r det g\u00e4ller att locka den b\u00e4sta kompetensen, liksom en viktig komponent f\u00f6r att skapa en attraktiv arbetsplats. Det \u00e4r uppenbart att regionen har stora utmaningar i hur vi ska kunna ge v\u00e5ra medarbetare en bra arbetsmilj\u00f6 s\u00e5 att de i sin tur <a class=\"read-more-link\" href=\"https:\/\/wp.kristdemokraterna.se\/uppsala\/arbetsmiljocertifiera-sjukvarden\/\">Read More<\/a><\/p>\n","protected":false},"author":764,"featured_media":0,"comment_status":"closed","ping_status":"closed","sticky":false,"template":"","format":"standard","meta":{"_acf_changed":false,"footnotes":""},"categories":[236],"tags":[],"class_list":["post-2322","post","type-post","status-publish","format-standard","hentry","category-vard-o-omsorg"],"acf":[],"yoast_head":"<!-- This site is optimized with the Yoast SEO plugin v27.4 - https:\/\/yoast.com\/product\/yoast-seo-wordpress\/ -->\n<title>Arbetsmilj\u00f6certifiera sjukv\u00e5rden | Kristdemokraterna | Uppsala<\/title>\n<meta name=\"robots\" content=\"index, follow, max-snippet:-1, max-image-preview:large, max-video-preview:-1\" \/>\n<link rel=\"canonical\" href=\"https:\/\/wp.kristdemokraterna.se\/uppsala\/arbetsmiljocertifiera-sjukvarden\/\" \/>\n<meta property=\"og:locale\" content=\"sv_SE\" \/>\n<meta property=\"og:type\" content=\"article\" \/>\n<meta property=\"og:title\" content=\"Arbetsmilj\u00f6certifiera sjukv\u00e5rden | Kristdemokraterna | Uppsala\" \/>\n<meta property=\"og:description\" content=\"Att utveckla arbetsmilj\u00f6arbetet \u00e4r inte bara ett myndighetskrav, utan \u00e4ven en konkurrensfaktor n\u00e4r det g\u00e4ller att locka den b\u00e4sta kompetensen, liksom en viktig komponent f\u00f6r att skapa en attraktiv arbetsplats. Det \u00e4r uppenbart att regionen har stora utmaningar i hur vi ska kunna ge v\u00e5ra medarbetare en bra arbetsmilj\u00f6 s\u00e5 att de i sin tur Read More\" \/>\n<meta property=\"og:url\" content=\"https:\/\/wp.kristdemokraterna.se\/uppsala\/arbetsmiljocertifiera-sjukvarden\/\" \/>\n<meta property=\"og:site_name\" content=\"Kristdemokraterna | Uppsala\" \/>\n<meta property=\"article:publisher\" content=\"https:\/\/www.facebook.com\/UppsalaKD\/\" \/>\n<meta property=\"article:published_time\" content=\"2017-10-23T13:49:52+00:00\" \/>\n<meta property=\"article:modified_time\" content=\"2024-04-03T22:38:46+00:00\" \/>\n<meta property=\"og:image\" content=\"https:\/\/wp.kristdemokraterna.se\/uppsala\/files\/2021\/12\/kom1.png\" \/>\n\t<meta property=\"og:image:width\" content=\"770\" \/>\n\t<meta property=\"og:image:height\" content=\"404\" \/>\n\t<meta property=\"og:image:type\" content=\"image\/png\" \/>\n<meta name=\"author\" content=\"amanda2\" \/>\n<meta name=\"twitter:card\" content=\"summary_large_image\" \/>\n<meta name=\"twitter:label1\" content=\"Skriven av\" \/>\n\t<meta name=\"twitter:data1\" content=\"amanda2\" \/>\n\t<meta name=\"twitter:label2\" content=\"Ber\u00e4knad l\u00e4stid\" \/>\n\t<meta name=\"twitter:data2\" content=\"1 minut\" \/>\n<script type=\"application\/ld+json\" class=\"yoast-schema-graph\">{\"@context\":\"https:\\\/\\\/schema.org\",\"@graph\":[{\"@type\":\"Article\",\"@id\":\"https:\\\/\\\/wp.kristdemokraterna.se\\\/uppsala\\\/arbetsmiljocertifiera-sjukvarden\\\/#article\",\"isPartOf\":{\"@id\":\"https:\\\/\\\/wp.kristdemokraterna.se\\\/uppsala\\\/arbetsmiljocertifiera-sjukvarden\\\/\"},\"author\":{\"name\":\"amanda2\",\"@id\":\"https:\\\/\\\/wp.kristdemokraterna.se\\\/uppsala\\\/#\\\/schema\\\/person\\\/1c21951d754de725405c36166181ca14\"},\"headline\":\"Arbetsmilj\u00f6certifiera sjukv\u00e5rden\",\"datePublished\":\"2017-10-23T13:49:52+00:00\",\"dateModified\":\"2024-04-03T22:38:46+00:00\",\"mainEntityOfPage\":{\"@id\":\"https:\\\/\\\/wp.kristdemokraterna.se\\\/uppsala\\\/arbetsmiljocertifiera-sjukvarden\\\/\"},\"wordCount\":255,\"publisher\":{\"@id\":\"https:\\\/\\\/wp.kristdemokraterna.se\\\/uppsala\\\/#organization\"},\"articleSection\":[\"V\u00e5rd &amp; omsorg\"],\"inLanguage\":\"sv-SE\"},{\"@type\":\"WebPage\",\"@id\":\"https:\\\/\\\/wp.kristdemokraterna.se\\\/uppsala\\\/arbetsmiljocertifiera-sjukvarden\\\/\",\"url\":\"https:\\\/\\\/wp.kristdemokraterna.se\\\/uppsala\\\/arbetsmiljocertifiera-sjukvarden\\\/\",\"name\":\"Arbetsmilj\u00f6certifiera sjukv\u00e5rden | Kristdemokraterna | Uppsala\",\"isPartOf\":{\"@id\":\"https:\\\/\\\/wp.kristdemokraterna.se\\\/uppsala\\\/#website\"},\"datePublished\":\"2017-10-23T13:49:52+00:00\",\"dateModified\":\"2024-04-03T22:38:46+00:00\",\"breadcrumb\":{\"@id\":\"https:\\\/\\\/wp.kristdemokraterna.se\\\/uppsala\\\/arbetsmiljocertifiera-sjukvarden\\\/#breadcrumb\"},\"inLanguage\":\"sv-SE\",\"potentialAction\":[{\"@type\":\"ReadAction\",\"target\":[\"https:\\\/\\\/wp.kristdemokraterna.se\\\/uppsala\\\/arbetsmiljocertifiera-sjukvarden\\\/\"]}]},{\"@type\":\"BreadcrumbList\",\"@id\":\"https:\\\/\\\/wp.kristdemokraterna.se\\\/uppsala\\\/arbetsmiljocertifiera-sjukvarden\\\/#breadcrumb\",\"itemListElement\":[{\"@type\":\"ListItem\",\"position\":1,\"name\":\"Hem\",\"item\":\"https:\\\/\\\/wp.kristdemokraterna.se\\\/uppsala\\\/\"},{\"@type\":\"ListItem\",\"position\":2,\"name\":\"Arbetsmilj\u00f6certifiera sjukv\u00e5rden\"}]},{\"@type\":\"WebSite\",\"@id\":\"https:\\\/\\\/wp.kristdemokraterna.se\\\/uppsala\\\/#website\",\"url\":\"https:\\\/\\\/wp.kristdemokraterna.se\\\/uppsala\\\/\",\"name\":\"Kristdemokraterna Uppsala\",\"description\":\"Tryggare Uppsala\",\"publisher\":{\"@id\":\"https:\\\/\\\/wp.kristdemokraterna.se\\\/uppsala\\\/#organization\"},\"inLanguage\":\"sv-SE\"},{\"@type\":\"Organization\",\"@id\":\"https:\\\/\\\/wp.kristdemokraterna.se\\\/uppsala\\\/#organization\",\"name\":\"Kristdemokraterna Uppsala\",\"url\":\"https:\\\/\\\/wp.kristdemokraterna.se\\\/uppsala\\\/\",\"logo\":{\"@type\":\"ImageObject\",\"inLanguage\":\"sv-SE\",\"@id\":\"https:\\\/\\\/wp.kristdemokraterna.se\\\/uppsala\\\/#\\\/schema\\\/logo\\\/image\\\/\",\"url\":\"https:\\\/\\\/wp.kristdemokraterna.se\\\/uppsala\\\/files\\\/2019\\\/10\\\/kd-uppsala.png\",\"contentUrl\":\"https:\\\/\\\/wp.kristdemokraterna.se\\\/uppsala\\\/files\\\/2019\\\/10\\\/kd-uppsala.png\",\"width\":804,\"height\":421,\"caption\":\"Kristdemokraterna Uppsala\"},\"image\":{\"@id\":\"https:\\\/\\\/wp.kristdemokraterna.se\\\/uppsala\\\/#\\\/schema\\\/logo\\\/image\\\/\"},\"sameAs\":[\"https:\\\/\\\/www.facebook.com\\\/UppsalaKD\\\/\",\"https:\\\/\\\/www.instagram.com\\\/uppsalakd\\\/\"]},{\"@type\":\"Person\",\"@id\":\"https:\\\/\\\/wp.kristdemokraterna.se\\\/uppsala\\\/#\\\/schema\\\/person\\\/1c21951d754de725405c36166181ca14\",\"name\":\"amanda2\",\"image\":{\"@type\":\"ImageObject\",\"inLanguage\":\"sv-SE\",\"@id\":\"https:\\\/\\\/secure.gravatar.com\\\/avatar\\\/202d3f02a8ce3c4e522a784a2dfdc58397fc9742e936033e1a2609ffc64b8cd2?s=96&r=g\",\"url\":\"https:\\\/\\\/secure.gravatar.com\\\/avatar\\\/202d3f02a8ce3c4e522a784a2dfdc58397fc9742e936033e1a2609ffc64b8cd2?s=96&r=g\",\"contentUrl\":\"https:\\\/\\\/secure.gravatar.com\\\/avatar\\\/202d3f02a8ce3c4e522a784a2dfdc58397fc9742e936033e1a2609ffc64b8cd2?s=96&r=g\",\"caption\":\"amanda2\"},\"url\":\"https:\\\/\\\/wp.kristdemokraterna.se\\\/uppsala\\\/author\\\/amanda2\\\/\"}]}<\/script>\n<!-- \/ Yoast SEO plugin. -->","yoast_head_json":{"title":"Arbetsmilj\u00f6certifiera sjukv\u00e5rden | Kristdemokraterna | Uppsala","robots":{"index":"index","follow":"follow","max-snippet":"max-snippet:-1","max-image-preview":"max-image-preview:large","max-video-preview":"max-video-preview:-1"},"canonical":"https:\/\/wp.kristdemokraterna.se\/uppsala\/arbetsmiljocertifiera-sjukvarden\/","og_locale":"sv_SE","og_type":"article","og_title":"Arbetsmilj\u00f6certifiera sjukv\u00e5rden | Kristdemokraterna | Uppsala","og_description":"Att utveckla arbetsmilj\u00f6arbetet \u00e4r inte bara ett myndighetskrav, utan \u00e4ven en konkurrensfaktor n\u00e4r det g\u00e4ller att locka den b\u00e4sta kompetensen, liksom en viktig komponent f\u00f6r att skapa en attraktiv arbetsplats. Det \u00e4r uppenbart att regionen har stora utmaningar i hur vi ska kunna ge v\u00e5ra medarbetare en bra arbetsmilj\u00f6 s\u00e5 att de i sin tur Read More","og_url":"https:\/\/wp.kristdemokraterna.se\/uppsala\/arbetsmiljocertifiera-sjukvarden\/","og_site_name":"Kristdemokraterna | Uppsala","article_publisher":"https:\/\/www.facebook.com\/UppsalaKD\/","article_published_time":"2017-10-23T13:49:52+00:00","article_modified_time":"2024-04-03T22:38:46+00:00","og_image":[{"width":770,"height":404,"url":"https:\/\/wp.kristdemokraterna.se\/uppsala\/files\/2021\/12\/kom1.png","type":"image\/png"}],"author":"amanda2","twitter_card":"summary_large_image","twitter_misc":{"Skriven av":"amanda2","Ber\u00e4knad l\u00e4stid":"1 minut"},"schema":{"@context":"https:\/\/schema.org","@graph":[{"@type":"Article","@id":"https:\/\/wp.kristdemokraterna.se\/uppsala\/arbetsmiljocertifiera-sjukvarden\/#article","isPartOf":{"@id":"https:\/\/wp.kristdemokraterna.se\/uppsala\/arbetsmiljocertifiera-sjukvarden\/"},"author":{"name":"amanda2","@id":"https:\/\/wp.kristdemokraterna.se\/uppsala\/#\/schema\/person\/1c21951d754de725405c36166181ca14"},"headline":"Arbetsmilj\u00f6certifiera sjukv\u00e5rden","datePublished":"2017-10-23T13:49:52+00:00","dateModified":"2024-04-03T22:38:46+00:00","mainEntityOfPage":{"@id":"https:\/\/wp.kristdemokraterna.se\/uppsala\/arbetsmiljocertifiera-sjukvarden\/"},"wordCount":255,"publisher":{"@id":"https:\/\/wp.kristdemokraterna.se\/uppsala\/#organization"},"articleSection":["V\u00e5rd &amp; omsorg"],"inLanguage":"sv-SE"},{"@type":"WebPage","@id":"https:\/\/wp.kristdemokraterna.se\/uppsala\/arbetsmiljocertifiera-sjukvarden\/","url":"https:\/\/wp.kristdemokraterna.se\/uppsala\/arbetsmiljocertifiera-sjukvarden\/","name":"Arbetsmilj\u00f6certifiera sjukv\u00e5rden | Kristdemokraterna | Uppsala","isPartOf":{"@id":"https:\/\/wp.kristdemokraterna.se\/uppsala\/#website"},"datePublished":"2017-10-23T13:49:52+00:00","dateModified":"2024-04-03T22:38:46+00:00","breadcrumb":{"@id":"https:\/\/wp.kristdemokraterna.se\/uppsala\/arbetsmiljocertifiera-sjukvarden\/#breadcrumb"},"inLanguage":"sv-SE","potentialAction":[{"@type":"ReadAction","target":["https:\/\/wp.kristdemokraterna.se\/uppsala\/arbetsmiljocertifiera-sjukvarden\/"]}]},{"@type":"BreadcrumbList","@id":"https:\/\/wp.kristdemokraterna.se\/uppsala\/arbetsmiljocertifiera-sjukvarden\/#breadcrumb","itemListElement":[{"@type":"ListItem","position":1,"name":"Hem","item":"https:\/\/wp.kristdemokraterna.se\/uppsala\/"},{"@type":"ListItem","position":2,"name":"Arbetsmilj\u00f6certifiera sjukv\u00e5rden"}]},{"@type":"WebSite","@id":"https:\/\/wp.kristdemokraterna.se\/uppsala\/#website","url":"https:\/\/wp.kristdemokraterna.se\/uppsala\/","name":"Kristdemokraterna Uppsala","description":"Tryggare Uppsala","publisher":{"@id":"https:\/\/wp.kristdemokraterna.se\/uppsala\/#organization"},"inLanguage":"sv-SE"},{"@type":"Organization","@id":"https:\/\/wp.kristdemokraterna.se\/uppsala\/#organization","name":"Kristdemokraterna Uppsala","url":"https:\/\/wp.kristdemokraterna.se\/uppsala\/","logo":{"@type":"ImageObject","inLanguage":"sv-SE","@id":"https:\/\/wp.kristdemokraterna.se\/uppsala\/#\/schema\/logo\/image\/","url":"https:\/\/wp.kristdemokraterna.se\/uppsala\/files\/2019\/10\/kd-uppsala.png","contentUrl":"https:\/\/wp.kristdemokraterna.se\/uppsala\/files\/2019\/10\/kd-uppsala.png","width":804,"height":421,"caption":"Kristdemokraterna Uppsala"},"image":{"@id":"https:\/\/wp.kristdemokraterna.se\/uppsala\/#\/schema\/logo\/image\/"},"sameAs":["https:\/\/www.facebook.com\/UppsalaKD\/","https:\/\/www.instagram.com\/uppsalakd\/"]},{"@type":"Person","@id":"https:\/\/wp.kristdemokraterna.se\/uppsala\/#\/schema\/person\/1c21951d754de725405c36166181ca14","name":"amanda2","image":{"@type":"ImageObject","inLanguage":"sv-SE","@id":"https:\/\/secure.gravatar.com\/avatar\/202d3f02a8ce3c4e522a784a2dfdc58397fc9742e936033e1a2609ffc64b8cd2?s=96&r=g","url":"https:\/\/secure.gravatar.com\/avatar\/202d3f02a8ce3c4e522a784a2dfdc58397fc9742e936033e1a2609ffc64b8cd2?s=96&r=g","contentUrl":"https:\/\/secure.gravatar.com\/avatar\/202d3f02a8ce3c4e522a784a2dfdc58397fc9742e936033e1a2609ffc64b8cd2?s=96&r=g","caption":"amanda2"},"url":"https:\/\/wp.kristdemokraterna.se\/uppsala\/author\/amanda2\/"}]}},"_links":{"self":[{"href":"https:\/\/wp.kristdemokraterna.se\/uppsala\/wp-json\/wp\/v2\/posts\/2322","targetHints":{"allow":["GET"]}}],"collection":[{"href":"https:\/\/wp.kristdemokraterna.se\/uppsala\/wp-json\/wp\/v2\/posts"}],"about":[{"href":"https:\/\/wp.kristdemokraterna.se\/uppsala\/wp-json\/wp\/v2\/types\/post"}],"author":[{"embeddable":true,"href":"https:\/\/wp.kristdemokraterna.se\/uppsala\/wp-json\/wp\/v2\/users\/764"}],"replies":[{"embeddable":true,"href":"https:\/\/wp.kristdemokraterna.se\/uppsala\/wp-json\/wp\/v2\/comments?post=2322"}],"version-history":[{"count":1,"href":"https:\/\/wp.kristdemokraterna.se\/uppsala\/wp-json\/wp\/v2\/posts\/2322\/revisions"}],"predecessor-version":[{"id":2323,"href":"https:\/\/wp.kristdemokraterna.se\/uppsala\/wp-json\/wp\/v2\/posts\/2322\/revisions\/2323"}],"wp:attachment":[{"href":"https:\/\/wp.kristdemokraterna.se\/uppsala\/wp-json\/wp\/v2\/media?parent=2322"}],"wp:term":[{"taxonomy":"category","embeddable":true,"href":"https:\/\/wp.kristdemokraterna.se\/uppsala\/wp-json\/wp\/v2\/categories?post=2322"},{"taxonomy":"post_tag","embeddable":true,"href":"https:\/\/wp.kristdemokraterna.se\/uppsala\/wp-json\/wp\/v2\/tags?post=2322"}],"curies":[{"name":"wp","href":"https:\/\/api.w.org\/{rel}","templated":true}]}}