{"id":2324,"date":"2017-10-25T15:28:50","date_gmt":"2017-10-25T13:28:50","guid":{"rendered":"http:\/\/wp.kristdemokraterna.se\/uppsala\/?p=2324"},"modified":"2024-04-04T00:38:33","modified_gmt":"2024-04-03T22:38:33","slug":"rodgrona-glommer-de-aldre","status":"publish","type":"post","link":"https:\/\/wp.kristdemokraterna.se\/uppsala\/rodgrona-glommer-de-aldre\/","title":{"rendered":"R\u00f6dgr\u00f6na gl\u00f6mmer de \u00e4ldre"},"content":{"rendered":"<p>Att bli \u00e4ldre inneb\u00e4r m\u00e5nga f\u00f6r\u00e4ndringar b\u00e5de psykiskt, kroppsligt och socialt. Det kan v\u00e4cka m\u00e5nga fr\u00e5gor och v\u00e5rdbehoven f\u00f6r\u00e4ndras. Det \u00e4r viktigt att alla ska k\u00e4nna sig trygga med v\u00e5rden i v\u00e5rt l\u00e4n oavsett var i livet man befinner sig. D\u00e4rf\u00f6r beh\u00f6ver ett fortsatt samarbete utvecklas med kommunerna. De mest sjuka \u00e4ldre har idag m\u00e5nga v\u00e5rdkontakter b\u00e5de med sin hemkommun och landstinget. N\u00e4r samordningen brister riskerar det att skapa on\u00f6dig oro b\u00e5de f\u00f6r den \u00e4ldre och dess anh\u00f6riga. H\u00e4r skulle \u00e4ldrev\u00e5rdcentraler kunna spela en avg\u00f6rande roll.<\/p>\n<p>\u00c4ldrev\u00e5rdscentraler \u00e4r inte en ny id\u00e9 utan har inf\u00f6rts b\u00e5de i Sk\u00e5ne och Stockholm. Det finns en politisk enighet kring att hitta enklare v\u00e4gar in i v\u00e5rden f\u00f6r de \u00e4ldre som ofta kan ha behov av n\u00e5got l\u00e4ngre bes\u00f6k men ocks\u00e5 behov av att diskutera levnadsvanor och ha f\u00f6rebyggande h\u00e4lsosamtal. \u00c4ldrev\u00e5rdcentraler ska vara l\u00e4tta att f\u00e5 kontakt med, det ska finnas m\u00f6jlighet att st\u00e4lla fr\u00e5gor om det friska \u00e5ldrandet, f\u00e5 hj\u00e4lp med genomg\u00e5ng av medicin och kunna bli erbjuden en fast v\u00e5rdkontakt.<\/p>\n<p>P\u00e5 samma s\u00e4tt som det finns m\u00f6dra- och barnav\u00e5rdscentraler \u00e4r det viktigt att se till de specifika behov som finns hos en allt mer \u00e5ldrande befolkning. Syftet \u00e4r att skapa trygghet f\u00f6r \u00e4ldre och n\u00e4rst\u00e5ende samt att lyfta en m\u00e5lgrupp som \u00e4r s\u00e4rskilt viktig<\/p>\n<p>Trots att m\u00e5nga partier f\u00f6reslagit \u00e4ldrev\u00e5rdcentraler har ingen id\u00e9 blivit konkret handling i v\u00e5rt landsting. Nyligen gick Stockholms l\u00e4ns landsting f\u00f6re och inf\u00f6rde en modell d\u00e4r v\u00e5rdcentraler kan ans\u00f6ka om att bilda \u00e4ldremottagningar. V\u00e5rdcentralerna f\u00e5r d\u00e5 extra ers\u00e4ttning n\u00e4r de erbjuder personer \u00f6ver 75 \u00e5rs \u00e5lder en fast l\u00e4karkontakt, att vid behov f\u00e5 en tid samma dag och att kunna ringa till mottagningen utan knappval eller \u00e5teruppringning.<\/p>\n<p>Modellen \u00e4r enkel och fullt m\u00f6jlig att inf\u00f6ra \u00e4ven i v\u00e5rt landsting. Vi Kristdemokrater \u00f6ronm\u00e4rkte d\u00e4rf\u00f6r pengar i v\u00e5r budget till just \u00e4ldrev\u00e5rdcentraler. V\u00e5r budget r\u00f6stades dock ner men eftersom bland annat Socialdemokraterna tidigare har drivit fr\u00e5gan om \u00e4ldrev\u00e5rdcentraler och det nu finns en modell som fungerar borde vi kunna enas.<\/p>\n<p>Genom att ist\u00e4llet ignorera fr\u00e5gan om \u00e4ldrev\u00e5rdcentraler missar de r\u00f6dgr\u00f6na m\u00f6jligheten att satsa p\u00e5 en metod som st\u00e4rker det friska \u00e5ldrandet samtidigt som den ger b\u00e4ttre v\u00e5rd f\u00f6r de allra sjukaste. Varf\u00f6r?<\/p>\n<p>&nbsp;<\/p>\n<p>Anna-Karin Klomp<\/p>\n<p>Regionr\u00e5d Uppsala (KD)<\/p>\n","protected":false},"excerpt":{"rendered":"<p>Att bli \u00e4ldre inneb\u00e4r m\u00e5nga f\u00f6r\u00e4ndringar b\u00e5de psykiskt, kroppsligt och socialt. Det kan v\u00e4cka m\u00e5nga fr\u00e5gor och v\u00e5rdbehoven f\u00f6r\u00e4ndras. Det \u00e4r viktigt att alla ska k\u00e4nna sig trygga med v\u00e5rden i v\u00e5rt l\u00e4n oavsett var i livet man befinner sig. D\u00e4rf\u00f6r beh\u00f6ver ett fortsatt samarbete utvecklas med kommunerna. De mest sjuka \u00e4ldre har idag m\u00e5nga <a class=\"read-more-link\" href=\"https:\/\/wp.kristdemokraterna.se\/uppsala\/rodgrona-glommer-de-aldre\/\">Read More<\/a><\/p>\n","protected":false},"author":764,"featured_media":2235,"comment_status":"closed","ping_status":"closed","sticky":false,"template":"","format":"standard","meta":{"_acf_changed":false,"footnotes":""},"categories":[236],"tags":[],"class_list":["post-2324","post","type-post","status-publish","format-standard","hentry","category-vard-o-omsorg"],"acf":[],"yoast_head":"<!-- This site is optimized with the Yoast SEO plugin v27.4 - https:\/\/yoast.com\/product\/yoast-seo-wordpress\/ -->\n<title>R\u00f6dgr\u00f6na gl\u00f6mmer de \u00e4ldre | Kristdemokraterna | Uppsala<\/title>\n<meta name=\"robots\" content=\"index, follow, max-snippet:-1, max-image-preview:large, max-video-preview:-1\" \/>\n<link rel=\"canonical\" href=\"https:\/\/wp.kristdemokraterna.se\/uppsala\/rodgrona-glommer-de-aldre\/\" \/>\n<meta property=\"og:locale\" content=\"sv_SE\" \/>\n<meta property=\"og:type\" content=\"article\" \/>\n<meta property=\"og:title\" content=\"R\u00f6dgr\u00f6na gl\u00f6mmer de \u00e4ldre | Kristdemokraterna | Uppsala\" \/>\n<meta property=\"og:description\" content=\"Att bli \u00e4ldre inneb\u00e4r m\u00e5nga f\u00f6r\u00e4ndringar b\u00e5de psykiskt, kroppsligt och socialt. Det kan v\u00e4cka m\u00e5nga fr\u00e5gor och v\u00e5rdbehoven f\u00f6r\u00e4ndras. Det \u00e4r viktigt att alla ska k\u00e4nna sig trygga med v\u00e5rden i v\u00e5rt l\u00e4n oavsett var i livet man befinner sig. D\u00e4rf\u00f6r beh\u00f6ver ett fortsatt samarbete utvecklas med kommunerna. De mest sjuka \u00e4ldre har idag m\u00e5nga Read More\" \/>\n<meta property=\"og:url\" content=\"https:\/\/wp.kristdemokraterna.se\/uppsala\/rodgrona-glommer-de-aldre\/\" \/>\n<meta property=\"og:site_name\" content=\"Kristdemokraterna | Uppsala\" \/>\n<meta property=\"article:publisher\" content=\"https:\/\/www.facebook.com\/UppsalaKD\/\" \/>\n<meta property=\"article:published_time\" content=\"2017-10-25T13:28:50+00:00\" \/>\n<meta property=\"article:modified_time\" content=\"2024-04-03T22:38:33+00:00\" \/>\n<meta property=\"og:image\" content=\"http:\/\/wp.kristdemokraterna.se\/uppsala\/files\/2017\/05\/huy-phan-100866.jpg\" \/>\n\t<meta property=\"og:image:width\" content=\"3216\" \/>\n\t<meta property=\"og:image:height\" content=\"2136\" \/>\n\t<meta property=\"og:image:type\" content=\"image\/jpeg\" \/>\n<meta name=\"author\" content=\"amanda2\" \/>\n<meta name=\"twitter:card\" content=\"summary_large_image\" \/>\n<meta name=\"twitter:label1\" content=\"Skriven av\" \/>\n\t<meta name=\"twitter:data1\" content=\"amanda2\" \/>\n\t<meta name=\"twitter:label2\" content=\"Ber\u00e4knad l\u00e4stid\" \/>\n\t<meta name=\"twitter:data2\" content=\"2 minuter\" \/>\n<script type=\"application\/ld+json\" class=\"yoast-schema-graph\">{\"@context\":\"https:\\\/\\\/schema.org\",\"@graph\":[{\"@type\":\"Article\",\"@id\":\"https:\\\/\\\/wp.kristdemokraterna.se\\\/uppsala\\\/rodgrona-glommer-de-aldre\\\/#article\",\"isPartOf\":{\"@id\":\"https:\\\/\\\/wp.kristdemokraterna.se\\\/uppsala\\\/rodgrona-glommer-de-aldre\\\/\"},\"author\":{\"name\":\"amanda2\",\"@id\":\"https:\\\/\\\/wp.kristdemokraterna.se\\\/uppsala\\\/#\\\/schema\\\/person\\\/1c21951d754de725405c36166181ca14\"},\"headline\":\"R\u00f6dgr\u00f6na gl\u00f6mmer de \u00e4ldre\",\"datePublished\":\"2017-10-25T13:28:50+00:00\",\"dateModified\":\"2024-04-03T22:38:33+00:00\",\"mainEntityOfPage\":{\"@id\":\"https:\\\/\\\/wp.kristdemokraterna.se\\\/uppsala\\\/rodgrona-glommer-de-aldre\\\/\"},\"wordCount\":470,\"publisher\":{\"@id\":\"https:\\\/\\\/wp.kristdemokraterna.se\\\/uppsala\\\/#organization\"},\"image\":{\"@id\":\"https:\\\/\\\/wp.kristdemokraterna.se\\\/uppsala\\\/rodgrona-glommer-de-aldre\\\/#primaryimage\"},\"thumbnailUrl\":\"https:\\\/\\\/wp.kristdemokraterna.se\\\/uppsala\\\/files\\\/2017\\\/05\\\/huy-phan-100866.jpg\",\"articleSection\":[\"V\u00e5rd &amp; omsorg\"],\"inLanguage\":\"sv-SE\"},{\"@type\":\"WebPage\",\"@id\":\"https:\\\/\\\/wp.kristdemokraterna.se\\\/uppsala\\\/rodgrona-glommer-de-aldre\\\/\",\"url\":\"https:\\\/\\\/wp.kristdemokraterna.se\\\/uppsala\\\/rodgrona-glommer-de-aldre\\\/\",\"name\":\"R\u00f6dgr\u00f6na gl\u00f6mmer de \u00e4ldre | Kristdemokraterna | Uppsala\",\"isPartOf\":{\"@id\":\"https:\\\/\\\/wp.kristdemokraterna.se\\\/uppsala\\\/#website\"},\"primaryImageOfPage\":{\"@id\":\"https:\\\/\\\/wp.kristdemokraterna.se\\\/uppsala\\\/rodgrona-glommer-de-aldre\\\/#primaryimage\"},\"image\":{\"@id\":\"https:\\\/\\\/wp.kristdemokraterna.se\\\/uppsala\\\/rodgrona-glommer-de-aldre\\\/#primaryimage\"},\"thumbnailUrl\":\"https:\\\/\\\/wp.kristdemokraterna.se\\\/uppsala\\\/files\\\/2017\\\/05\\\/huy-phan-100866.jpg\",\"datePublished\":\"2017-10-25T13:28:50+00:00\",\"dateModified\":\"2024-04-03T22:38:33+00:00\",\"breadcrumb\":{\"@id\":\"https:\\\/\\\/wp.kristdemokraterna.se\\\/uppsala\\\/rodgrona-glommer-de-aldre\\\/#breadcrumb\"},\"inLanguage\":\"sv-SE\",\"potentialAction\":[{\"@type\":\"ReadAction\",\"target\":[\"https:\\\/\\\/wp.kristdemokraterna.se\\\/uppsala\\\/rodgrona-glommer-de-aldre\\\/\"]}]},{\"@type\":\"ImageObject\",\"inLanguage\":\"sv-SE\",\"@id\":\"https:\\\/\\\/wp.kristdemokraterna.se\\\/uppsala\\\/rodgrona-glommer-de-aldre\\\/#primaryimage\",\"url\":\"https:\\\/\\\/wp.kristdemokraterna.se\\\/uppsala\\\/files\\\/2017\\\/05\\\/huy-phan-100866.jpg\",\"contentUrl\":\"https:\\\/\\\/wp.kristdemokraterna.se\\\/uppsala\\\/files\\\/2017\\\/05\\\/huy-phan-100866.jpg\",\"width\":3216,\"height\":2136},{\"@type\":\"BreadcrumbList\",\"@id\":\"https:\\\/\\\/wp.kristdemokraterna.se\\\/uppsala\\\/rodgrona-glommer-de-aldre\\\/#breadcrumb\",\"itemListElement\":[{\"@type\":\"ListItem\",\"position\":1,\"name\":\"Hem\",\"item\":\"https:\\\/\\\/wp.kristdemokraterna.se\\\/uppsala\\\/\"},{\"@type\":\"ListItem\",\"position\":2,\"name\":\"R\u00f6dgr\u00f6na gl\u00f6mmer de \u00e4ldre\"}]},{\"@type\":\"WebSite\",\"@id\":\"https:\\\/\\\/wp.kristdemokraterna.se\\\/uppsala\\\/#website\",\"url\":\"https:\\\/\\\/wp.kristdemokraterna.se\\\/uppsala\\\/\",\"name\":\"Kristdemokraterna Uppsala\",\"description\":\"Tryggare Uppsala\",\"publisher\":{\"@id\":\"https:\\\/\\\/wp.kristdemokraterna.se\\\/uppsala\\\/#organization\"},\"inLanguage\":\"sv-SE\"},{\"@type\":\"Organization\",\"@id\":\"https:\\\/\\\/wp.kristdemokraterna.se\\\/uppsala\\\/#organization\",\"name\":\"Kristdemokraterna Uppsala\",\"url\":\"https:\\\/\\\/wp.kristdemokraterna.se\\\/uppsala\\\/\",\"logo\":{\"@type\":\"ImageObject\",\"inLanguage\":\"sv-SE\",\"@id\":\"https:\\\/\\\/wp.kristdemokraterna.se\\\/uppsala\\\/#\\\/schema\\\/logo\\\/image\\\/\",\"url\":\"https:\\\/\\\/wp.kristdemokraterna.se\\\/uppsala\\\/files\\\/2019\\\/10\\\/kd-uppsala.png\",\"contentUrl\":\"https:\\\/\\\/wp.kristdemokraterna.se\\\/uppsala\\\/files\\\/2019\\\/10\\\/kd-uppsala.png\",\"width\":804,\"height\":421,\"caption\":\"Kristdemokraterna Uppsala\"},\"image\":{\"@id\":\"https:\\\/\\\/wp.kristdemokraterna.se\\\/uppsala\\\/#\\\/schema\\\/logo\\\/image\\\/\"},\"sameAs\":[\"https:\\\/\\\/www.facebook.com\\\/UppsalaKD\\\/\",\"https:\\\/\\\/www.instagram.com\\\/uppsalakd\\\/\"]},{\"@type\":\"Person\",\"@id\":\"https:\\\/\\\/wp.kristdemokraterna.se\\\/uppsala\\\/#\\\/schema\\\/person\\\/1c21951d754de725405c36166181ca14\",\"name\":\"amanda2\",\"image\":{\"@type\":\"ImageObject\",\"inLanguage\":\"sv-SE\",\"@id\":\"https:\\\/\\\/secure.gravatar.com\\\/avatar\\\/202d3f02a8ce3c4e522a784a2dfdc58397fc9742e936033e1a2609ffc64b8cd2?s=96&r=g\",\"url\":\"https:\\\/\\\/secure.gravatar.com\\\/avatar\\\/202d3f02a8ce3c4e522a784a2dfdc58397fc9742e936033e1a2609ffc64b8cd2?s=96&r=g\",\"contentUrl\":\"https:\\\/\\\/secure.gravatar.com\\\/avatar\\\/202d3f02a8ce3c4e522a784a2dfdc58397fc9742e936033e1a2609ffc64b8cd2?s=96&r=g\",\"caption\":\"amanda2\"},\"url\":\"https:\\\/\\\/wp.kristdemokraterna.se\\\/uppsala\\\/author\\\/amanda2\\\/\"}]}<\/script>\n<!-- \/ Yoast SEO plugin. -->","yoast_head_json":{"title":"R\u00f6dgr\u00f6na gl\u00f6mmer de \u00e4ldre | Kristdemokraterna | Uppsala","robots":{"index":"index","follow":"follow","max-snippet":"max-snippet:-1","max-image-preview":"max-image-preview:large","max-video-preview":"max-video-preview:-1"},"canonical":"https:\/\/wp.kristdemokraterna.se\/uppsala\/rodgrona-glommer-de-aldre\/","og_locale":"sv_SE","og_type":"article","og_title":"R\u00f6dgr\u00f6na gl\u00f6mmer de \u00e4ldre | Kristdemokraterna | Uppsala","og_description":"Att bli \u00e4ldre inneb\u00e4r m\u00e5nga f\u00f6r\u00e4ndringar b\u00e5de psykiskt, kroppsligt och socialt. Det kan v\u00e4cka m\u00e5nga fr\u00e5gor och v\u00e5rdbehoven f\u00f6r\u00e4ndras. Det \u00e4r viktigt att alla ska k\u00e4nna sig trygga med v\u00e5rden i v\u00e5rt l\u00e4n oavsett var i livet man befinner sig. D\u00e4rf\u00f6r beh\u00f6ver ett fortsatt samarbete utvecklas med kommunerna. De mest sjuka \u00e4ldre har idag m\u00e5nga Read More","og_url":"https:\/\/wp.kristdemokraterna.se\/uppsala\/rodgrona-glommer-de-aldre\/","og_site_name":"Kristdemokraterna | Uppsala","article_publisher":"https:\/\/www.facebook.com\/UppsalaKD\/","article_published_time":"2017-10-25T13:28:50+00:00","article_modified_time":"2024-04-03T22:38:33+00:00","og_image":[{"width":3216,"height":2136,"url":"http:\/\/wp.kristdemokraterna.se\/uppsala\/files\/2017\/05\/huy-phan-100866.jpg","type":"image\/jpeg"}],"author":"amanda2","twitter_card":"summary_large_image","twitter_misc":{"Skriven av":"amanda2","Ber\u00e4knad l\u00e4stid":"2 minuter"},"schema":{"@context":"https:\/\/schema.org","@graph":[{"@type":"Article","@id":"https:\/\/wp.kristdemokraterna.se\/uppsala\/rodgrona-glommer-de-aldre\/#article","isPartOf":{"@id":"https:\/\/wp.kristdemokraterna.se\/uppsala\/rodgrona-glommer-de-aldre\/"},"author":{"name":"amanda2","@id":"https:\/\/wp.kristdemokraterna.se\/uppsala\/#\/schema\/person\/1c21951d754de725405c36166181ca14"},"headline":"R\u00f6dgr\u00f6na gl\u00f6mmer de \u00e4ldre","datePublished":"2017-10-25T13:28:50+00:00","dateModified":"2024-04-03T22:38:33+00:00","mainEntityOfPage":{"@id":"https:\/\/wp.kristdemokraterna.se\/uppsala\/rodgrona-glommer-de-aldre\/"},"wordCount":470,"publisher":{"@id":"https:\/\/wp.kristdemokraterna.se\/uppsala\/#organization"},"image":{"@id":"https:\/\/wp.kristdemokraterna.se\/uppsala\/rodgrona-glommer-de-aldre\/#primaryimage"},"thumbnailUrl":"https:\/\/wp.kristdemokraterna.se\/uppsala\/files\/2017\/05\/huy-phan-100866.jpg","articleSection":["V\u00e5rd &amp; omsorg"],"inLanguage":"sv-SE"},{"@type":"WebPage","@id":"https:\/\/wp.kristdemokraterna.se\/uppsala\/rodgrona-glommer-de-aldre\/","url":"https:\/\/wp.kristdemokraterna.se\/uppsala\/rodgrona-glommer-de-aldre\/","name":"R\u00f6dgr\u00f6na gl\u00f6mmer de \u00e4ldre | Kristdemokraterna | Uppsala","isPartOf":{"@id":"https:\/\/wp.kristdemokraterna.se\/uppsala\/#website"},"primaryImageOfPage":{"@id":"https:\/\/wp.kristdemokraterna.se\/uppsala\/rodgrona-glommer-de-aldre\/#primaryimage"},"image":{"@id":"https:\/\/wp.kristdemokraterna.se\/uppsala\/rodgrona-glommer-de-aldre\/#primaryimage"},"thumbnailUrl":"https:\/\/wp.kristdemokraterna.se\/uppsala\/files\/2017\/05\/huy-phan-100866.jpg","datePublished":"2017-10-25T13:28:50+00:00","dateModified":"2024-04-03T22:38:33+00:00","breadcrumb":{"@id":"https:\/\/wp.kristdemokraterna.se\/uppsala\/rodgrona-glommer-de-aldre\/#breadcrumb"},"inLanguage":"sv-SE","potentialAction":[{"@type":"ReadAction","target":["https:\/\/wp.kristdemokraterna.se\/uppsala\/rodgrona-glommer-de-aldre\/"]}]},{"@type":"ImageObject","inLanguage":"sv-SE","@id":"https:\/\/wp.kristdemokraterna.se\/uppsala\/rodgrona-glommer-de-aldre\/#primaryimage","url":"https:\/\/wp.kristdemokraterna.se\/uppsala\/files\/2017\/05\/huy-phan-100866.jpg","contentUrl":"https:\/\/wp.kristdemokraterna.se\/uppsala\/files\/2017\/05\/huy-phan-100866.jpg","width":3216,"height":2136},{"@type":"BreadcrumbList","@id":"https:\/\/wp.kristdemokraterna.se\/uppsala\/rodgrona-glommer-de-aldre\/#breadcrumb","itemListElement":[{"@type":"ListItem","position":1,"name":"Hem","item":"https:\/\/wp.kristdemokraterna.se\/uppsala\/"},{"@type":"ListItem","position":2,"name":"R\u00f6dgr\u00f6na gl\u00f6mmer de \u00e4ldre"}]},{"@type":"WebSite","@id":"https:\/\/wp.kristdemokraterna.se\/uppsala\/#website","url":"https:\/\/wp.kristdemokraterna.se\/uppsala\/","name":"Kristdemokraterna Uppsala","description":"Tryggare Uppsala","publisher":{"@id":"https:\/\/wp.kristdemokraterna.se\/uppsala\/#organization"},"inLanguage":"sv-SE"},{"@type":"Organization","@id":"https:\/\/wp.kristdemokraterna.se\/uppsala\/#organization","name":"Kristdemokraterna Uppsala","url":"https:\/\/wp.kristdemokraterna.se\/uppsala\/","logo":{"@type":"ImageObject","inLanguage":"sv-SE","@id":"https:\/\/wp.kristdemokraterna.se\/uppsala\/#\/schema\/logo\/image\/","url":"https:\/\/wp.kristdemokraterna.se\/uppsala\/files\/2019\/10\/kd-uppsala.png","contentUrl":"https:\/\/wp.kristdemokraterna.se\/uppsala\/files\/2019\/10\/kd-uppsala.png","width":804,"height":421,"caption":"Kristdemokraterna Uppsala"},"image":{"@id":"https:\/\/wp.kristdemokraterna.se\/uppsala\/#\/schema\/logo\/image\/"},"sameAs":["https:\/\/www.facebook.com\/UppsalaKD\/","https:\/\/www.instagram.com\/uppsalakd\/"]},{"@type":"Person","@id":"https:\/\/wp.kristdemokraterna.se\/uppsala\/#\/schema\/person\/1c21951d754de725405c36166181ca14","name":"amanda2","image":{"@type":"ImageObject","inLanguage":"sv-SE","@id":"https:\/\/secure.gravatar.com\/avatar\/202d3f02a8ce3c4e522a784a2dfdc58397fc9742e936033e1a2609ffc64b8cd2?s=96&r=g","url":"https:\/\/secure.gravatar.com\/avatar\/202d3f02a8ce3c4e522a784a2dfdc58397fc9742e936033e1a2609ffc64b8cd2?s=96&r=g","contentUrl":"https:\/\/secure.gravatar.com\/avatar\/202d3f02a8ce3c4e522a784a2dfdc58397fc9742e936033e1a2609ffc64b8cd2?s=96&r=g","caption":"amanda2"},"url":"https:\/\/wp.kristdemokraterna.se\/uppsala\/author\/amanda2\/"}]}},"_links":{"self":[{"href":"https:\/\/wp.kristdemokraterna.se\/uppsala\/wp-json\/wp\/v2\/posts\/2324","targetHints":{"allow":["GET"]}}],"collection":[{"href":"https:\/\/wp.kristdemokraterna.se\/uppsala\/wp-json\/wp\/v2\/posts"}],"about":[{"href":"https:\/\/wp.kristdemokraterna.se\/uppsala\/wp-json\/wp\/v2\/types\/post"}],"author":[{"embeddable":true,"href":"https:\/\/wp.kristdemokraterna.se\/uppsala\/wp-json\/wp\/v2\/users\/764"}],"replies":[{"embeddable":true,"href":"https:\/\/wp.kristdemokraterna.se\/uppsala\/wp-json\/wp\/v2\/comments?post=2324"}],"version-history":[{"count":1,"href":"https:\/\/wp.kristdemokraterna.se\/uppsala\/wp-json\/wp\/v2\/posts\/2324\/revisions"}],"predecessor-version":[{"id":2325,"href":"https:\/\/wp.kristdemokraterna.se\/uppsala\/wp-json\/wp\/v2\/posts\/2324\/revisions\/2325"}],"wp:featuredmedia":[{"embeddable":true,"href":"https:\/\/wp.kristdemokraterna.se\/uppsala\/wp-json\/wp\/v2\/media\/2235"}],"wp:attachment":[{"href":"https:\/\/wp.kristdemokraterna.se\/uppsala\/wp-json\/wp\/v2\/media?parent=2324"}],"wp:term":[{"taxonomy":"category","embeddable":true,"href":"https:\/\/wp.kristdemokraterna.se\/uppsala\/wp-json\/wp\/v2\/categories?post=2324"},{"taxonomy":"post_tag","embeddable":true,"href":"https:\/\/wp.kristdemokraterna.se\/uppsala\/wp-json\/wp\/v2\/tags?post=2324"}],"curies":[{"name":"wp","href":"https:\/\/api.w.org\/{rel}","templated":true}]}}