{"id":2332,"date":"2017-11-08T16:16:50","date_gmt":"2017-11-08T15:16:50","guid":{"rendered":"http:\/\/wp.kristdemokraterna.se\/uppsala\/?p=2332"},"modified":"2024-04-04T00:37:51","modified_gmt":"2024-04-03T22:37:51","slug":"sa-vill-vi-ha-framtidens-primarvard","status":"publish","type":"post","link":"https:\/\/wp.kristdemokraterna.se\/uppsala\/sa-vill-vi-ha-framtidens-primarvard\/","title":{"rendered":"S\u00e5 vill vi ha framtidens prim\u00e4rv\u00e5rd"},"content":{"rendered":"<p>Alliansen i Uppsala vill se att resurser flyttas fr\u00e5n sjukhusv\u00e5rd till prim\u00e4rv\u00e5rd f\u00f6r att komma n\u00e4rmare patienterna och vara mer \u00e4ndam\u00e5lsenlig. Vi vill se fler f\u00f6rslag f\u00f6r att st\u00e4rka prim\u00e4rv\u00e5rdens roll i framtidens h\u00e4lso- och sjukv\u00e5rd. D\u00e4rf\u00f6r vill Alliansen att prim\u00e4rv\u00e5rden i Region Uppsala f\u00e5r 25 procent av den totala h\u00e4lso- och sjukv\u00e5rdsbudgeten senast 2025.<\/p>\n<p>Att bli \u00e4ldre inneb\u00e4r m\u00e5nga f\u00f6r\u00e4ndringar b\u00e5de psykiskt, fysiskt och socialt. Det kan v\u00e4cka m\u00e5nga fr\u00e5gor och v\u00e5rdbehoven f\u00f6r\u00e4ndras. Det \u00e4r viktigt att alla k\u00e4nner sig trygga med v\u00e5rden i v\u00e5rt l\u00e4n oavsett var i livet man befinner sig. D\u00e4rf\u00f6r beh\u00f6ver ett fortsatt samarbete utvecklas med kommunerna, bland annat i syfte att f\u00f6rebygga och \u00e5tg\u00e4rda problem med undern\u00e4ring hos \u00e4ldre. Kommunerna och Region Uppsala borde ocks\u00e5 kunna erbjuda sammanh\u00e5llen hemsjukv\u00e5rd och prim\u00e4rv\u00e5rd som bygger p\u00e5 samverkan av h\u00e4lso- och sjukv\u00e5rdsinsatser. De ska vara l\u00e4tt f\u00f6r \u00e4ldre att f\u00e5 kontakt med v\u00e5rden och st\u00e4lla fr\u00e5gor om det friska \u00e5ldrandet, f\u00e5 hj\u00e4lp med genomg\u00e5ng av medicin och bli erbjuden en fast l\u00e4karkontakt.<\/p>\n<p>Idag har v\u00e5rdcentralerna i Uppsala l\u00e5nga v\u00e5rdk\u00f6er som beh\u00f6ver tacklas. Ett s\u00e4tt att g\u00f6ra det p\u00e5 \u00e4r genom att satsa p\u00e5 digitalisering. Om vi inte utnyttjar teknikens m\u00f6jligheter forts\u00e4tter framtidens v\u00e5rd i gamla och ineffektiva strukturer. D\u00e4rf\u00f6r vill Alliansen att det f\u00f6rsta v\u00e5rdm\u00f6tet med den allm\u00e4nna prim\u00e4rv\u00e5rden ska kunna utf\u00f6ras digitalt f\u00f6r den som vill. Detta borde \u00e4ven appliceras p\u00e5 f\u00f6rsta linjen f\u00f6r barn och ungas psykiska h\u00e4lsa. Dessutom ska digitala bes\u00f6k kompenseras ekonomiskt. Vi vill \u00e4ven motarbeta de ineffektiva strukturerna inom v\u00e5rden genom att bland annat \u00f6ka incitamenten f\u00f6r hemtester och bra sjukv\u00e5rd p\u00e5 distans<\/p>\n<p>En person som under en l\u00e4ngre tid har varit sjuk kan ofta komma att beh\u00f6va rehabilitering f\u00f6r att s\u00e5 l\u00e5ngt det g\u00e5r tr\u00e4na upp f\u00f6rm\u00e5gorna som personen hade innan den blev drabbad. Vi anser att varje patient ska f\u00e5 en personlig rehabiliteringsplan f\u00f6r att kunna f\u00e5 en \u00f6verblick och bli delaktig i \u00f6ver de \u00e5tg\u00e4rder som kr\u00e4vs. Vidare beh\u00f6ver kontinuitet kompenseras ekonomiskt, speciellt borde ers\u00e4ttning ges f\u00f6r de grupper d\u00e4r kontinuitet \u00e4r viktigast, det vill s\u00e4ga \u00e4ldre och multisjuka.<\/p>\n<p><!--more--><\/p>\n<p>Ett annat omr\u00e5de som kontinuiteten beh\u00f6ver f\u00f6rst\u00e4rkas p\u00e5 \u00e4r inom f\u00f6rlossningsv\u00e5rden. V\u00e5rdkedjan m\u00f6drav\u00e5rd-f\u00f6rlossningsv\u00e5rd-efterv\u00e5rd \u00e4r i behov av f\u00f6rst\u00e4rkning och vi beh\u00f6ver ha en dialog om hur denna f\u00f6rst\u00e4rkning skall ske p\u00e5 sikt. D\u00e4rtill kan \u00e4ven regelboken hos m\u00f6drav\u00e5rdscentralerna f\u00f6rtydligas avseende efterv\u00e5rd.<\/p>\n<p>Vi beh\u00f6ver underl\u00e4tta f\u00f6r prim\u00e4rv\u00e5rden p\u00e5 mindre orter d\u00e5 de ofta har sv\u00e5rt att g\u00e5 runt. Man kan \u00e5tg\u00e4rda detta genom att exempelvis anpassa regelverket f\u00f6r v\u00e5rd utanf\u00f6r st\u00f6rre orter. Alliansen tycker ocks\u00e5 man b\u00f6r m\u00f6jligg\u00f6ra till\u00e4ggsuppdrag med mobil mottagning f\u00f6r n\u00e4ra hj\u00e4lp p\u00e5 sm\u00e5 orter. Ytterligare beh\u00f6ver en plan tas fram f\u00f6r att f\u00f6rbereda sjukv\u00e5rdspersonal under utbildning att arbeta p\u00e5 mindre enheter och titta p\u00e5 m\u00f6jligheterna att inf\u00f6ra ett v\u00e5rdval f\u00f6r distriktsk\u00f6terskemottagningar. Vi tycker ocks\u00e5 att det ska bli l\u00e4ttare att driva mindre filialer till v\u00e5rdcentraler.<\/p>\n<p>Uppsala l\u00e4n v\u00e4xer och d\u00e4rmed \u00e4ven behovet av v\u00e5rd. Vi menar att det inte \u00e4r realistiskt att all den \u00f6kade specialistv\u00e5rden ska utf\u00f6ras p\u00e5 Akademiska sjukhuset, d\u00e5 det skulle leda till l\u00e4ngre v\u00e5rdk\u00f6er och att v\u00e5rden blir dyr. D\u00e4rf\u00f6r beh\u00f6ver en plan tas fram f\u00f6r hur l\u00e4kare fr\u00e5n andra specialiteter \u00e4n allm\u00e4nmedicin ska fungera som konsulter mot l\u00e4nets v\u00e5rdcentraler, kommunala \u00e4ldreboenden och elevh\u00e4lsan. En prioriterad specialitet \u00e4r psykiatri. Regelbunden r\u00e5dgivande specialistverksamhet kan \u00e4ven skapa kompetensutveckling och utg\u00f6ra ett kollegialt st\u00f6d som lockar fler medarbetare att arbeta p\u00e5 v\u00e5rdcentraler med l\u00e5nga avst\u00e5nd till l\u00e4nets st\u00f6rre orter och sjukhus.<\/p>\n<p>Genom \u00f6kad fysisk aktivitet kan sjukdomar f\u00f6rebyggas och behandlas. Personer som beh\u00f6ver st\u00f6d med detta kan f\u00e5 Fysisk aktivitet p\u00e5 recept, FaR. Detta inneb\u00e4r att det ges ut ett recept p\u00e5 en r\u00f6relseaktivitet som \u00e4r anpassad till de f\u00f6ruts\u00e4ttningar och behov personen har. Vi vill f\u00f6rb\u00e4ttra friskv\u00e5rdsarbetet och \u00f6ka st\u00f6det f\u00f6r anv\u00e4ndning av Fysisk aktivitet p\u00e5 recept (FaR). Vi vet att det \u00e4r en effektiv metod men hur mycket den anv\u00e4nds skiljer sig mycket mellan olika mottagningar.<\/p>\n<p>N\u00e4r en person blir sjuk och f\u00e5r behov av omsorg har detta en p\u00e5verkan p\u00e5 anh\u00f6riga, exempelvis st\u00e5r de ofta f\u00f6r en st\u00f6rre del av v\u00e5rden. \u00c4ven om man som anh\u00f6rig g\u00e4rna hj\u00e4lper en n\u00e4rst\u00e5ende och kanske ser det som en sj\u00e4lvklarhet, kan man ocks\u00e5 beh\u00f6va st\u00f6d f\u00f6r egen del. Detta beh\u00f6ver prim\u00e4rv\u00e5rden bli b\u00e4ttre p\u00e5, att m\u00f6ta och hj\u00e4lpa de anh\u00f6riga. D\u00e4rf\u00f6r beh\u00f6ver vi se \u00f6ver hur anh\u00f6rigst\u00f6det kan utvecklas.<\/p>\n","protected":false},"excerpt":{"rendered":"<p>Alliansen i Uppsala vill se att resurser flyttas fr\u00e5n sjukhusv\u00e5rd till prim\u00e4rv\u00e5rd f\u00f6r att komma n\u00e4rmare patienterna och vara mer \u00e4ndam\u00e5lsenlig. Vi vill se fler f\u00f6rslag f\u00f6r att st\u00e4rka prim\u00e4rv\u00e5rdens roll i framtidens h\u00e4lso- och sjukv\u00e5rd. D\u00e4rf\u00f6r vill Alliansen att prim\u00e4rv\u00e5rden i Region Uppsala f\u00e5r 25 procent av den totala h\u00e4lso- och sjukv\u00e5rdsbudgeten senast 2025. <a class=\"read-more-link\" href=\"https:\/\/wp.kristdemokraterna.se\/uppsala\/sa-vill-vi-ha-framtidens-primarvard\/\">Read More<\/a><\/p>\n","protected":false},"author":764,"featured_media":2099,"comment_status":"closed","ping_status":"closed","sticky":false,"template":"","format":"standard","meta":{"_acf_changed":false,"footnotes":""},"categories":[236],"tags":[],"class_list":["post-2332","post","type-post","status-publish","format-standard","hentry","category-vard-o-omsorg"],"acf":[],"yoast_head":"<!-- This site is optimized with the Yoast SEO plugin v27.4 - https:\/\/yoast.com\/product\/yoast-seo-wordpress\/ -->\n<title>S\u00e5 vill vi ha framtidens prim\u00e4rv\u00e5rd | Kristdemokraterna | Uppsala<\/title>\n<meta name=\"robots\" content=\"index, follow, max-snippet:-1, max-image-preview:large, max-video-preview:-1\" \/>\n<link rel=\"canonical\" href=\"https:\/\/wp.kristdemokraterna.se\/uppsala\/sa-vill-vi-ha-framtidens-primarvard\/\" \/>\n<meta property=\"og:locale\" content=\"sv_SE\" \/>\n<meta property=\"og:type\" content=\"article\" \/>\n<meta property=\"og:title\" content=\"S\u00e5 vill vi ha framtidens prim\u00e4rv\u00e5rd | Kristdemokraterna | Uppsala\" \/>\n<meta property=\"og:description\" content=\"Alliansen i Uppsala vill se att resurser flyttas fr\u00e5n sjukhusv\u00e5rd till prim\u00e4rv\u00e5rd f\u00f6r att komma n\u00e4rmare patienterna och vara mer \u00e4ndam\u00e5lsenlig. Vi vill se fler f\u00f6rslag f\u00f6r att st\u00e4rka prim\u00e4rv\u00e5rdens roll i framtidens h\u00e4lso- och sjukv\u00e5rd. D\u00e4rf\u00f6r vill Alliansen att prim\u00e4rv\u00e5rden i Region Uppsala f\u00e5r 25 procent av den totala h\u00e4lso- och sjukv\u00e5rdsbudgeten senast 2025. Read More\" \/>\n<meta property=\"og:url\" content=\"https:\/\/wp.kristdemokraterna.se\/uppsala\/sa-vill-vi-ha-framtidens-primarvard\/\" \/>\n<meta property=\"og:site_name\" content=\"Kristdemokraterna | Uppsala\" \/>\n<meta property=\"article:publisher\" content=\"https:\/\/www.facebook.com\/UppsalaKD\/\" \/>\n<meta property=\"article:published_time\" content=\"2017-11-08T15:16:50+00:00\" \/>\n<meta property=\"article:modified_time\" content=\"2024-04-03T22:37:51+00:00\" \/>\n<meta property=\"og:image\" content=\"http:\/\/wp.kristdemokraterna.se\/uppsala\/files\/2016\/10\/hands-216982_960_720.jpg\" \/>\n\t<meta property=\"og:image:width\" content=\"932\" \/>\n\t<meta property=\"og:image:height\" content=\"720\" \/>\n\t<meta property=\"og:image:type\" content=\"image\/jpeg\" \/>\n<meta name=\"author\" content=\"amanda2\" \/>\n<meta name=\"twitter:card\" content=\"summary_large_image\" \/>\n<meta name=\"twitter:label1\" content=\"Skriven av\" \/>\n\t<meta name=\"twitter:data1\" content=\"amanda2\" \/>\n\t<meta name=\"twitter:label2\" content=\"Ber\u00e4knad l\u00e4stid\" \/>\n\t<meta name=\"twitter:data2\" content=\"5 minuter\" \/>\n<script type=\"application\/ld+json\" class=\"yoast-schema-graph\">{\"@context\":\"https:\\\/\\\/schema.org\",\"@graph\":[{\"@type\":\"Article\",\"@id\":\"https:\\\/\\\/wp.kristdemokraterna.se\\\/uppsala\\\/sa-vill-vi-ha-framtidens-primarvard\\\/#article\",\"isPartOf\":{\"@id\":\"https:\\\/\\\/wp.kristdemokraterna.se\\\/uppsala\\\/sa-vill-vi-ha-framtidens-primarvard\\\/\"},\"author\":{\"name\":\"amanda2\",\"@id\":\"https:\\\/\\\/wp.kristdemokraterna.se\\\/uppsala\\\/#\\\/schema\\\/person\\\/1c21951d754de725405c36166181ca14\"},\"headline\":\"S\u00e5 vill vi ha framtidens prim\u00e4rv\u00e5rd\",\"datePublished\":\"2017-11-08T15:16:50+00:00\",\"dateModified\":\"2024-04-03T22:37:51+00:00\",\"mainEntityOfPage\":{\"@id\":\"https:\\\/\\\/wp.kristdemokraterna.se\\\/uppsala\\\/sa-vill-vi-ha-framtidens-primarvard\\\/\"},\"wordCount\":940,\"publisher\":{\"@id\":\"https:\\\/\\\/wp.kristdemokraterna.se\\\/uppsala\\\/#organization\"},\"image\":{\"@id\":\"https:\\\/\\\/wp.kristdemokraterna.se\\\/uppsala\\\/sa-vill-vi-ha-framtidens-primarvard\\\/#primaryimage\"},\"thumbnailUrl\":\"https:\\\/\\\/wp.kristdemokraterna.se\\\/uppsala\\\/files\\\/2016\\\/10\\\/hands-216982_960_720.jpg\",\"articleSection\":[\"V\u00e5rd &amp; omsorg\"],\"inLanguage\":\"sv-SE\"},{\"@type\":\"WebPage\",\"@id\":\"https:\\\/\\\/wp.kristdemokraterna.se\\\/uppsala\\\/sa-vill-vi-ha-framtidens-primarvard\\\/\",\"url\":\"https:\\\/\\\/wp.kristdemokraterna.se\\\/uppsala\\\/sa-vill-vi-ha-framtidens-primarvard\\\/\",\"name\":\"S\u00e5 vill vi ha framtidens prim\u00e4rv\u00e5rd | Kristdemokraterna | Uppsala\",\"isPartOf\":{\"@id\":\"https:\\\/\\\/wp.kristdemokraterna.se\\\/uppsala\\\/#website\"},\"primaryImageOfPage\":{\"@id\":\"https:\\\/\\\/wp.kristdemokraterna.se\\\/uppsala\\\/sa-vill-vi-ha-framtidens-primarvard\\\/#primaryimage\"},\"image\":{\"@id\":\"https:\\\/\\\/wp.kristdemokraterna.se\\\/uppsala\\\/sa-vill-vi-ha-framtidens-primarvard\\\/#primaryimage\"},\"thumbnailUrl\":\"https:\\\/\\\/wp.kristdemokraterna.se\\\/uppsala\\\/files\\\/2016\\\/10\\\/hands-216982_960_720.jpg\",\"datePublished\":\"2017-11-08T15:16:50+00:00\",\"dateModified\":\"2024-04-03T22:37:51+00:00\",\"breadcrumb\":{\"@id\":\"https:\\\/\\\/wp.kristdemokraterna.se\\\/uppsala\\\/sa-vill-vi-ha-framtidens-primarvard\\\/#breadcrumb\"},\"inLanguage\":\"sv-SE\",\"potentialAction\":[{\"@type\":\"ReadAction\",\"target\":[\"https:\\\/\\\/wp.kristdemokraterna.se\\\/uppsala\\\/sa-vill-vi-ha-framtidens-primarvard\\\/\"]}]},{\"@type\":\"ImageObject\",\"inLanguage\":\"sv-SE\",\"@id\":\"https:\\\/\\\/wp.kristdemokraterna.se\\\/uppsala\\\/sa-vill-vi-ha-framtidens-primarvard\\\/#primaryimage\",\"url\":\"https:\\\/\\\/wp.kristdemokraterna.se\\\/uppsala\\\/files\\\/2016\\\/10\\\/hands-216982_960_720.jpg\",\"contentUrl\":\"https:\\\/\\\/wp.kristdemokraterna.se\\\/uppsala\\\/files\\\/2016\\\/10\\\/hands-216982_960_720.jpg\",\"width\":932,\"height\":720},{\"@type\":\"BreadcrumbList\",\"@id\":\"https:\\\/\\\/wp.kristdemokraterna.se\\\/uppsala\\\/sa-vill-vi-ha-framtidens-primarvard\\\/#breadcrumb\",\"itemListElement\":[{\"@type\":\"ListItem\",\"position\":1,\"name\":\"Hem\",\"item\":\"https:\\\/\\\/wp.kristdemokraterna.se\\\/uppsala\\\/\"},{\"@type\":\"ListItem\",\"position\":2,\"name\":\"S\u00e5 vill vi ha framtidens prim\u00e4rv\u00e5rd\"}]},{\"@type\":\"WebSite\",\"@id\":\"https:\\\/\\\/wp.kristdemokraterna.se\\\/uppsala\\\/#website\",\"url\":\"https:\\\/\\\/wp.kristdemokraterna.se\\\/uppsala\\\/\",\"name\":\"Kristdemokraterna Uppsala\",\"description\":\"Tryggare Uppsala\",\"publisher\":{\"@id\":\"https:\\\/\\\/wp.kristdemokraterna.se\\\/uppsala\\\/#organization\"},\"inLanguage\":\"sv-SE\"},{\"@type\":\"Organization\",\"@id\":\"https:\\\/\\\/wp.kristdemokraterna.se\\\/uppsala\\\/#organization\",\"name\":\"Kristdemokraterna Uppsala\",\"url\":\"https:\\\/\\\/wp.kristdemokraterna.se\\\/uppsala\\\/\",\"logo\":{\"@type\":\"ImageObject\",\"inLanguage\":\"sv-SE\",\"@id\":\"https:\\\/\\\/wp.kristdemokraterna.se\\\/uppsala\\\/#\\\/schema\\\/logo\\\/image\\\/\",\"url\":\"https:\\\/\\\/wp.kristdemokraterna.se\\\/uppsala\\\/files\\\/2019\\\/10\\\/kd-uppsala.png\",\"contentUrl\":\"https:\\\/\\\/wp.kristdemokraterna.se\\\/uppsala\\\/files\\\/2019\\\/10\\\/kd-uppsala.png\",\"width\":804,\"height\":421,\"caption\":\"Kristdemokraterna Uppsala\"},\"image\":{\"@id\":\"https:\\\/\\\/wp.kristdemokraterna.se\\\/uppsala\\\/#\\\/schema\\\/logo\\\/image\\\/\"},\"sameAs\":[\"https:\\\/\\\/www.facebook.com\\\/UppsalaKD\\\/\",\"https:\\\/\\\/www.instagram.com\\\/uppsalakd\\\/\"]},{\"@type\":\"Person\",\"@id\":\"https:\\\/\\\/wp.kristdemokraterna.se\\\/uppsala\\\/#\\\/schema\\\/person\\\/1c21951d754de725405c36166181ca14\",\"name\":\"amanda2\",\"image\":{\"@type\":\"ImageObject\",\"inLanguage\":\"sv-SE\",\"@id\":\"https:\\\/\\\/secure.gravatar.com\\\/avatar\\\/202d3f02a8ce3c4e522a784a2dfdc58397fc9742e936033e1a2609ffc64b8cd2?s=96&r=g\",\"url\":\"https:\\\/\\\/secure.gravatar.com\\\/avatar\\\/202d3f02a8ce3c4e522a784a2dfdc58397fc9742e936033e1a2609ffc64b8cd2?s=96&r=g\",\"contentUrl\":\"https:\\\/\\\/secure.gravatar.com\\\/avatar\\\/202d3f02a8ce3c4e522a784a2dfdc58397fc9742e936033e1a2609ffc64b8cd2?s=96&r=g\",\"caption\":\"amanda2\"},\"url\":\"https:\\\/\\\/wp.kristdemokraterna.se\\\/uppsala\\\/author\\\/amanda2\\\/\"}]}<\/script>\n<!-- \/ Yoast SEO plugin. -->","yoast_head_json":{"title":"S\u00e5 vill vi ha framtidens prim\u00e4rv\u00e5rd | Kristdemokraterna | Uppsala","robots":{"index":"index","follow":"follow","max-snippet":"max-snippet:-1","max-image-preview":"max-image-preview:large","max-video-preview":"max-video-preview:-1"},"canonical":"https:\/\/wp.kristdemokraterna.se\/uppsala\/sa-vill-vi-ha-framtidens-primarvard\/","og_locale":"sv_SE","og_type":"article","og_title":"S\u00e5 vill vi ha framtidens prim\u00e4rv\u00e5rd | Kristdemokraterna | Uppsala","og_description":"Alliansen i Uppsala vill se att resurser flyttas fr\u00e5n sjukhusv\u00e5rd till prim\u00e4rv\u00e5rd f\u00f6r att komma n\u00e4rmare patienterna och vara mer \u00e4ndam\u00e5lsenlig. Vi vill se fler f\u00f6rslag f\u00f6r att st\u00e4rka prim\u00e4rv\u00e5rdens roll i framtidens h\u00e4lso- och sjukv\u00e5rd. D\u00e4rf\u00f6r vill Alliansen att prim\u00e4rv\u00e5rden i Region Uppsala f\u00e5r 25 procent av den totala h\u00e4lso- och sjukv\u00e5rdsbudgeten senast 2025. Read More","og_url":"https:\/\/wp.kristdemokraterna.se\/uppsala\/sa-vill-vi-ha-framtidens-primarvard\/","og_site_name":"Kristdemokraterna | Uppsala","article_publisher":"https:\/\/www.facebook.com\/UppsalaKD\/","article_published_time":"2017-11-08T15:16:50+00:00","article_modified_time":"2024-04-03T22:37:51+00:00","og_image":[{"width":932,"height":720,"url":"http:\/\/wp.kristdemokraterna.se\/uppsala\/files\/2016\/10\/hands-216982_960_720.jpg","type":"image\/jpeg"}],"author":"amanda2","twitter_card":"summary_large_image","twitter_misc":{"Skriven av":"amanda2","Ber\u00e4knad l\u00e4stid":"5 minuter"},"schema":{"@context":"https:\/\/schema.org","@graph":[{"@type":"Article","@id":"https:\/\/wp.kristdemokraterna.se\/uppsala\/sa-vill-vi-ha-framtidens-primarvard\/#article","isPartOf":{"@id":"https:\/\/wp.kristdemokraterna.se\/uppsala\/sa-vill-vi-ha-framtidens-primarvard\/"},"author":{"name":"amanda2","@id":"https:\/\/wp.kristdemokraterna.se\/uppsala\/#\/schema\/person\/1c21951d754de725405c36166181ca14"},"headline":"S\u00e5 vill vi ha framtidens prim\u00e4rv\u00e5rd","datePublished":"2017-11-08T15:16:50+00:00","dateModified":"2024-04-03T22:37:51+00:00","mainEntityOfPage":{"@id":"https:\/\/wp.kristdemokraterna.se\/uppsala\/sa-vill-vi-ha-framtidens-primarvard\/"},"wordCount":940,"publisher":{"@id":"https:\/\/wp.kristdemokraterna.se\/uppsala\/#organization"},"image":{"@id":"https:\/\/wp.kristdemokraterna.se\/uppsala\/sa-vill-vi-ha-framtidens-primarvard\/#primaryimage"},"thumbnailUrl":"https:\/\/wp.kristdemokraterna.se\/uppsala\/files\/2016\/10\/hands-216982_960_720.jpg","articleSection":["V\u00e5rd &amp; omsorg"],"inLanguage":"sv-SE"},{"@type":"WebPage","@id":"https:\/\/wp.kristdemokraterna.se\/uppsala\/sa-vill-vi-ha-framtidens-primarvard\/","url":"https:\/\/wp.kristdemokraterna.se\/uppsala\/sa-vill-vi-ha-framtidens-primarvard\/","name":"S\u00e5 vill vi ha framtidens prim\u00e4rv\u00e5rd | Kristdemokraterna | Uppsala","isPartOf":{"@id":"https:\/\/wp.kristdemokraterna.se\/uppsala\/#website"},"primaryImageOfPage":{"@id":"https:\/\/wp.kristdemokraterna.se\/uppsala\/sa-vill-vi-ha-framtidens-primarvard\/#primaryimage"},"image":{"@id":"https:\/\/wp.kristdemokraterna.se\/uppsala\/sa-vill-vi-ha-framtidens-primarvard\/#primaryimage"},"thumbnailUrl":"https:\/\/wp.kristdemokraterna.se\/uppsala\/files\/2016\/10\/hands-216982_960_720.jpg","datePublished":"2017-11-08T15:16:50+00:00","dateModified":"2024-04-03T22:37:51+00:00","breadcrumb":{"@id":"https:\/\/wp.kristdemokraterna.se\/uppsala\/sa-vill-vi-ha-framtidens-primarvard\/#breadcrumb"},"inLanguage":"sv-SE","potentialAction":[{"@type":"ReadAction","target":["https:\/\/wp.kristdemokraterna.se\/uppsala\/sa-vill-vi-ha-framtidens-primarvard\/"]}]},{"@type":"ImageObject","inLanguage":"sv-SE","@id":"https:\/\/wp.kristdemokraterna.se\/uppsala\/sa-vill-vi-ha-framtidens-primarvard\/#primaryimage","url":"https:\/\/wp.kristdemokraterna.se\/uppsala\/files\/2016\/10\/hands-216982_960_720.jpg","contentUrl":"https:\/\/wp.kristdemokraterna.se\/uppsala\/files\/2016\/10\/hands-216982_960_720.jpg","width":932,"height":720},{"@type":"BreadcrumbList","@id":"https:\/\/wp.kristdemokraterna.se\/uppsala\/sa-vill-vi-ha-framtidens-primarvard\/#breadcrumb","itemListElement":[{"@type":"ListItem","position":1,"name":"Hem","item":"https:\/\/wp.kristdemokraterna.se\/uppsala\/"},{"@type":"ListItem","position":2,"name":"S\u00e5 vill vi ha framtidens prim\u00e4rv\u00e5rd"}]},{"@type":"WebSite","@id":"https:\/\/wp.kristdemokraterna.se\/uppsala\/#website","url":"https:\/\/wp.kristdemokraterna.se\/uppsala\/","name":"Kristdemokraterna Uppsala","description":"Tryggare Uppsala","publisher":{"@id":"https:\/\/wp.kristdemokraterna.se\/uppsala\/#organization"},"inLanguage":"sv-SE"},{"@type":"Organization","@id":"https:\/\/wp.kristdemokraterna.se\/uppsala\/#organization","name":"Kristdemokraterna Uppsala","url":"https:\/\/wp.kristdemokraterna.se\/uppsala\/","logo":{"@type":"ImageObject","inLanguage":"sv-SE","@id":"https:\/\/wp.kristdemokraterna.se\/uppsala\/#\/schema\/logo\/image\/","url":"https:\/\/wp.kristdemokraterna.se\/uppsala\/files\/2019\/10\/kd-uppsala.png","contentUrl":"https:\/\/wp.kristdemokraterna.se\/uppsala\/files\/2019\/10\/kd-uppsala.png","width":804,"height":421,"caption":"Kristdemokraterna Uppsala"},"image":{"@id":"https:\/\/wp.kristdemokraterna.se\/uppsala\/#\/schema\/logo\/image\/"},"sameAs":["https:\/\/www.facebook.com\/UppsalaKD\/","https:\/\/www.instagram.com\/uppsalakd\/"]},{"@type":"Person","@id":"https:\/\/wp.kristdemokraterna.se\/uppsala\/#\/schema\/person\/1c21951d754de725405c36166181ca14","name":"amanda2","image":{"@type":"ImageObject","inLanguage":"sv-SE","@id":"https:\/\/secure.gravatar.com\/avatar\/202d3f02a8ce3c4e522a784a2dfdc58397fc9742e936033e1a2609ffc64b8cd2?s=96&r=g","url":"https:\/\/secure.gravatar.com\/avatar\/202d3f02a8ce3c4e522a784a2dfdc58397fc9742e936033e1a2609ffc64b8cd2?s=96&r=g","contentUrl":"https:\/\/secure.gravatar.com\/avatar\/202d3f02a8ce3c4e522a784a2dfdc58397fc9742e936033e1a2609ffc64b8cd2?s=96&r=g","caption":"amanda2"},"url":"https:\/\/wp.kristdemokraterna.se\/uppsala\/author\/amanda2\/"}]}},"_links":{"self":[{"href":"https:\/\/wp.kristdemokraterna.se\/uppsala\/wp-json\/wp\/v2\/posts\/2332","targetHints":{"allow":["GET"]}}],"collection":[{"href":"https:\/\/wp.kristdemokraterna.se\/uppsala\/wp-json\/wp\/v2\/posts"}],"about":[{"href":"https:\/\/wp.kristdemokraterna.se\/uppsala\/wp-json\/wp\/v2\/types\/post"}],"author":[{"embeddable":true,"href":"https:\/\/wp.kristdemokraterna.se\/uppsala\/wp-json\/wp\/v2\/users\/764"}],"replies":[{"embeddable":true,"href":"https:\/\/wp.kristdemokraterna.se\/uppsala\/wp-json\/wp\/v2\/comments?post=2332"}],"version-history":[{"count":2,"href":"https:\/\/wp.kristdemokraterna.se\/uppsala\/wp-json\/wp\/v2\/posts\/2332\/revisions"}],"predecessor-version":[{"id":2340,"href":"https:\/\/wp.kristdemokraterna.se\/uppsala\/wp-json\/wp\/v2\/posts\/2332\/revisions\/2340"}],"wp:featuredmedia":[{"embeddable":true,"href":"https:\/\/wp.kristdemokraterna.se\/uppsala\/wp-json\/wp\/v2\/media\/2099"}],"wp:attachment":[{"href":"https:\/\/wp.kristdemokraterna.se\/uppsala\/wp-json\/wp\/v2\/media?parent=2332"}],"wp:term":[{"taxonomy":"category","embeddable":true,"href":"https:\/\/wp.kristdemokraterna.se\/uppsala\/wp-json\/wp\/v2\/categories?post=2332"},{"taxonomy":"post_tag","embeddable":true,"href":"https:\/\/wp.kristdemokraterna.se\/uppsala\/wp-json\/wp\/v2\/tags?post=2332"}],"curies":[{"name":"wp","href":"https:\/\/api.w.org\/{rel}","templated":true}]}}