{"id":2369,"date":"2018-01-29T21:54:28","date_gmt":"2018-01-29T20:54:28","guid":{"rendered":"http:\/\/wp.kristdemokraterna.se\/uppsala\/?p=2369"},"modified":"2024-04-04T00:30:44","modified_gmt":"2024-04-03T22:30:44","slug":"kristdemokraterna-hoppar-pa-taget-positiva-till-fyrspar","status":"publish","type":"post","link":"https:\/\/wp.kristdemokraterna.se\/uppsala\/kristdemokraterna-hoppar-pa-taget-positiva-till-fyrspar\/","title":{"rendered":"Kristdemokraterna hoppar p\u00e5 t\u00e5get \u2013 positiva till fyrsp\u00e5r"},"content":{"rendered":"<p>&nbsp;<\/p>\n<p><b>Pressmeddelande 2017-01-29<\/b><\/p>\n<p>&nbsp;<\/p>\n<p><strong>P\u00e5 kommunfullm\u00e4ktigesammantr\u00e4det den 29 januari blev det klart att Uppsala kommun ing\u00e5r avtal om fyrsp\u00e5rsinvestering tillsammans med Region Uppsala och staten.\u00a0Kristdemokraterna v\u00e4lkomnar satsningen p\u00e5\u00a0fyrsp\u00e5r\u00a0som nu blir verklighet och \u00e4ven till det planerade sp\u00e5rvagnsprojektet som planeras f\u00f6r kommunen. Sp\u00e5rvagn i Uppsala \u00e4r n\u00e5got som partiet drivit l\u00e4nge och tagit initiativ till att kommunen sedan ett antal \u00e5r \u00e4r medlem i f\u00f6reningen Sveriges Sp\u00e5rv\u00e4gsst\u00e4der. D\u00e4remot anser Kristdemokraterna att avtalet\u00a0inneh\u00e5ller brister vilket ocks\u00e5 p\u00e5pekades under kommunfullm\u00e4ktigesammantr\u00e4det. P\u00e5 grund av alla fr\u00e5getecken valde Kristdemokraterna att avst\u00e5 att r\u00f6sta \u00e4ven om\u00a0avtalet innefattar stora positiva f\u00f6rdelar f\u00f6r Uppsala kommun. Detta p\u00e5 grund av alla brister i hanteringen av \u00e4rendet.<\/strong><\/p>\n<blockquote><p>&nbsp;<\/p>\n<p>&#8211; Vi kristdemokrater \u00e4r glada f\u00f6r att ett avtal om fyrsp\u00e5r \u00e4ntligen har blivit klart, s\u00e4ger kommunalr\u00e5d Jonas Segersam. F\u00f6rutom b\u00e4ttre f\u00f6rbindelser med Knivsta och Stockholm s\u00e5 inneb\u00e4r satsningen \u00e4ven 33\u00a0000 nya bost\u00e4der och flera nya arbetstillf\u00e4llen. D\u00e4rtill v\u00e4lkomnar vi \u00e4ven sp\u00e5rvagnssatsningen som ser ut att bli verklighet i Uppsala, forts\u00e4tter Segersam.<\/p><\/blockquote>\n<p>&nbsp;<\/p>\n<p><strong>Trots att avtalet nu \u00e4r klubbat i kommunfullm\u00e4ktige s\u00e5 st\u00e4ller sig Kristdemokraterna kritiska till hur sj\u00e4lva processen har g\u00e5tt till g\u00e4llande avtalets inneh\u00e5ll. Kristdemokraterna anser att partiet inte har varit tillr\u00e4ckligt involverat i processen samtidigt som det \u00e4r ett antal punkter som borde st\u00e5tt med i avtalet.<\/strong><\/p>\n<blockquote><p>&nbsp;<\/p>\n<p>&#8211; Det har \u00f6verlag inte varit en bra process, s\u00e4ger Segersam. Jag skulle vilja r\u00e5da kommunalr\u00e5d Erik Pelling att ta en kurs i psykologi s\u00e5 att han f\u00f6rst\u00e5r hur reaktionerna blir n\u00e4r \u00f6vriga partier inte f\u00e5r vara tillr\u00e4ckligt inblandade i f\u00f6rhandlingsprocessen. Hade \u00f6vriga partier f\u00e5tt vara mer delaktiga i processen hade det inte uppst\u00e5tt de fr\u00e5getecken som nu uppst\u00e5tt f\u00f6r m\u00e5nga partier, forts\u00e4tter Segersam.<\/p><\/blockquote>\n<p>&nbsp;<\/p>\n<blockquote><p>&#8211; Vi kristdemokrater hade b.la velat se att avtalet innefattade en sydligare placering av en pendelt\u00e5gsstation i Bergsbrunna vilket vi ocks\u00e5 yrkade p\u00e5 under kommunfullm\u00e4ktigedebatten, s\u00e4ger Segersam. Vi anser att det blir f\u00f6r stor bostadsbyggelse inp\u00e5 knutarna till villorna i Bergsbrunna och ut \u00f6ver v\u00e4rdefull jordbruksmark i omr\u00e5det i nuvarande avtal. Men nu n\u00e4r avtalet \u00e4r klubbat i kommunfullm\u00e4ktige s\u00e5 f\u00e5r vi \u00e4nd\u00e5 vara glada f\u00f6r att satsningen p\u00e5\u00a0fyrsp\u00e5r\u00a0\u00e4ntligen blir av, avslutar Segersam.<\/p><\/blockquote>\n","protected":false},"excerpt":{"rendered":"<p>&nbsp; Pressmeddelande 2017-01-29 &nbsp; P\u00e5 kommunfullm\u00e4ktigesammantr\u00e4det den 29 januari blev det klart att Uppsala kommun ing\u00e5r avtal om fyrsp\u00e5rsinvestering tillsammans med Region Uppsala och staten.\u00a0Kristdemokraterna v\u00e4lkomnar satsningen p\u00e5\u00a0fyrsp\u00e5r\u00a0som nu blir verklighet och \u00e4ven till det planerade sp\u00e5rvagnsprojektet som planeras f\u00f6r kommunen. Sp\u00e5rvagn i Uppsala \u00e4r n\u00e5got som partiet drivit l\u00e4nge och tagit initiativ till att <a class=\"read-more-link\" href=\"https:\/\/wp.kristdemokraterna.se\/uppsala\/kristdemokraterna-hoppar-pa-taget-positiva-till-fyrspar\/\">Read More<\/a><\/p>\n","protected":false},"author":760,"featured_media":2370,"comment_status":"closed","ping_status":"closed","sticky":false,"template":"","format":"standard","meta":{"_acf_changed":false,"footnotes":""},"categories":[232],"tags":[],"class_list":["post-2369","post","type-post","status-publish","format-standard","hentry","category-kollektivtrafik-o-stadsplanering"],"acf":[],"yoast_head":"<!-- This site is optimized with the Yoast SEO plugin v27.4 - https:\/\/yoast.com\/product\/yoast-seo-wordpress\/ -->\n<title>Kristdemokraterna hoppar p\u00e5 t\u00e5get \u2013 positiva till fyrsp\u00e5r | Kristdemokraterna | Uppsala<\/title>\n<meta name=\"robots\" content=\"index, follow, max-snippet:-1, max-image-preview:large, max-video-preview:-1\" \/>\n<link rel=\"canonical\" href=\"https:\/\/wp.kristdemokraterna.se\/uppsala\/kristdemokraterna-hoppar-pa-taget-positiva-till-fyrspar\/\" \/>\n<meta property=\"og:locale\" content=\"sv_SE\" \/>\n<meta property=\"og:type\" content=\"article\" \/>\n<meta property=\"og:title\" content=\"Kristdemokraterna hoppar p\u00e5 t\u00e5get \u2013 positiva till fyrsp\u00e5r | Kristdemokraterna | Uppsala\" \/>\n<meta property=\"og:description\" content=\"&nbsp; Pressmeddelande 2017-01-29 &nbsp; P\u00e5 kommunfullm\u00e4ktigesammantr\u00e4det den 29 januari blev det klart att Uppsala kommun ing\u00e5r avtal om fyrsp\u00e5rsinvestering tillsammans med Region Uppsala och staten.\u00a0Kristdemokraterna v\u00e4lkomnar satsningen p\u00e5\u00a0fyrsp\u00e5r\u00a0som nu blir verklighet och \u00e4ven till det planerade sp\u00e5rvagnsprojektet som planeras f\u00f6r kommunen. Sp\u00e5rvagn i Uppsala \u00e4r n\u00e5got som partiet drivit l\u00e4nge och tagit initiativ till att Read More\" \/>\n<meta property=\"og:url\" content=\"https:\/\/wp.kristdemokraterna.se\/uppsala\/kristdemokraterna-hoppar-pa-taget-positiva-till-fyrspar\/\" \/>\n<meta property=\"og:site_name\" content=\"Kristdemokraterna | Uppsala\" \/>\n<meta property=\"article:publisher\" content=\"https:\/\/www.facebook.com\/UppsalaKD\/\" \/>\n<meta property=\"article:published_time\" content=\"2018-01-29T20:54:28+00:00\" \/>\n<meta property=\"article:modified_time\" content=\"2024-04-03T22:30:44+00:00\" \/>\n<meta property=\"og:image\" content=\"http:\/\/wp.kristdemokraterna.se\/uppsala\/files\/2018\/01\/railroad-2089395_1280.jpg\" \/>\n\t<meta property=\"og:image:width\" content=\"1280\" \/>\n\t<meta property=\"og:image:height\" content=\"854\" \/>\n\t<meta property=\"og:image:type\" content=\"image\/jpeg\" \/>\n<meta name=\"author\" content=\"victor\" \/>\n<meta name=\"twitter:card\" content=\"summary_large_image\" \/>\n<meta name=\"twitter:label1\" content=\"Skriven av\" \/>\n\t<meta name=\"twitter:data1\" content=\"victor\" \/>\n\t<meta name=\"twitter:label2\" content=\"Ber\u00e4knad l\u00e4stid\" \/>\n\t<meta name=\"twitter:data2\" content=\"2 minuter\" \/>\n<script type=\"application\/ld+json\" class=\"yoast-schema-graph\">{\"@context\":\"https:\\\/\\\/schema.org\",\"@graph\":[{\"@type\":\"Article\",\"@id\":\"https:\\\/\\\/wp.kristdemokraterna.se\\\/uppsala\\\/kristdemokraterna-hoppar-pa-taget-positiva-till-fyrspar\\\/#article\",\"isPartOf\":{\"@id\":\"https:\\\/\\\/wp.kristdemokraterna.se\\\/uppsala\\\/kristdemokraterna-hoppar-pa-taget-positiva-till-fyrspar\\\/\"},\"author\":{\"name\":\"victor\",\"@id\":\"https:\\\/\\\/wp.kristdemokraterna.se\\\/uppsala\\\/#\\\/schema\\\/person\\\/76b6a15f208d1b8798c44227309d3a4c\"},\"headline\":\"Kristdemokraterna hoppar p\u00e5 t\u00e5get \u2013 positiva till fyrsp\u00e5r\",\"datePublished\":\"2018-01-29T20:54:28+00:00\",\"dateModified\":\"2024-04-03T22:30:44+00:00\",\"mainEntityOfPage\":{\"@id\":\"https:\\\/\\\/wp.kristdemokraterna.se\\\/uppsala\\\/kristdemokraterna-hoppar-pa-taget-positiva-till-fyrspar\\\/\"},\"wordCount\":436,\"publisher\":{\"@id\":\"https:\\\/\\\/wp.kristdemokraterna.se\\\/uppsala\\\/#organization\"},\"image\":{\"@id\":\"https:\\\/\\\/wp.kristdemokraterna.se\\\/uppsala\\\/kristdemokraterna-hoppar-pa-taget-positiva-till-fyrspar\\\/#primaryimage\"},\"thumbnailUrl\":\"https:\\\/\\\/wp.kristdemokraterna.se\\\/uppsala\\\/files\\\/2018\\\/01\\\/railroad-2089395_1280.jpg\",\"articleSection\":[\"Kollektivtrafik &amp; Stadsplanering\"],\"inLanguage\":\"sv-SE\"},{\"@type\":\"WebPage\",\"@id\":\"https:\\\/\\\/wp.kristdemokraterna.se\\\/uppsala\\\/kristdemokraterna-hoppar-pa-taget-positiva-till-fyrspar\\\/\",\"url\":\"https:\\\/\\\/wp.kristdemokraterna.se\\\/uppsala\\\/kristdemokraterna-hoppar-pa-taget-positiva-till-fyrspar\\\/\",\"name\":\"Kristdemokraterna hoppar p\u00e5 t\u00e5get \u2013 positiva till fyrsp\u00e5r | Kristdemokraterna | Uppsala\",\"isPartOf\":{\"@id\":\"https:\\\/\\\/wp.kristdemokraterna.se\\\/uppsala\\\/#website\"},\"primaryImageOfPage\":{\"@id\":\"https:\\\/\\\/wp.kristdemokraterna.se\\\/uppsala\\\/kristdemokraterna-hoppar-pa-taget-positiva-till-fyrspar\\\/#primaryimage\"},\"image\":{\"@id\":\"https:\\\/\\\/wp.kristdemokraterna.se\\\/uppsala\\\/kristdemokraterna-hoppar-pa-taget-positiva-till-fyrspar\\\/#primaryimage\"},\"thumbnailUrl\":\"https:\\\/\\\/wp.kristdemokraterna.se\\\/uppsala\\\/files\\\/2018\\\/01\\\/railroad-2089395_1280.jpg\",\"datePublished\":\"2018-01-29T20:54:28+00:00\",\"dateModified\":\"2024-04-03T22:30:44+00:00\",\"breadcrumb\":{\"@id\":\"https:\\\/\\\/wp.kristdemokraterna.se\\\/uppsala\\\/kristdemokraterna-hoppar-pa-taget-positiva-till-fyrspar\\\/#breadcrumb\"},\"inLanguage\":\"sv-SE\",\"potentialAction\":[{\"@type\":\"ReadAction\",\"target\":[\"https:\\\/\\\/wp.kristdemokraterna.se\\\/uppsala\\\/kristdemokraterna-hoppar-pa-taget-positiva-till-fyrspar\\\/\"]}]},{\"@type\":\"ImageObject\",\"inLanguage\":\"sv-SE\",\"@id\":\"https:\\\/\\\/wp.kristdemokraterna.se\\\/uppsala\\\/kristdemokraterna-hoppar-pa-taget-positiva-till-fyrspar\\\/#primaryimage\",\"url\":\"https:\\\/\\\/wp.kristdemokraterna.se\\\/uppsala\\\/files\\\/2018\\\/01\\\/railroad-2089395_1280.jpg\",\"contentUrl\":\"https:\\\/\\\/wp.kristdemokraterna.se\\\/uppsala\\\/files\\\/2018\\\/01\\\/railroad-2089395_1280.jpg\",\"width\":1280,\"height\":854},{\"@type\":\"BreadcrumbList\",\"@id\":\"https:\\\/\\\/wp.kristdemokraterna.se\\\/uppsala\\\/kristdemokraterna-hoppar-pa-taget-positiva-till-fyrspar\\\/#breadcrumb\",\"itemListElement\":[{\"@type\":\"ListItem\",\"position\":1,\"name\":\"Hem\",\"item\":\"https:\\\/\\\/wp.kristdemokraterna.se\\\/uppsala\\\/\"},{\"@type\":\"ListItem\",\"position\":2,\"name\":\"Kristdemokraterna hoppar p\u00e5 t\u00e5get \u2013 positiva till fyrsp\u00e5r\"}]},{\"@type\":\"WebSite\",\"@id\":\"https:\\\/\\\/wp.kristdemokraterna.se\\\/uppsala\\\/#website\",\"url\":\"https:\\\/\\\/wp.kristdemokraterna.se\\\/uppsala\\\/\",\"name\":\"Kristdemokraterna Uppsala\",\"description\":\"Tryggare Uppsala\",\"publisher\":{\"@id\":\"https:\\\/\\\/wp.kristdemokraterna.se\\\/uppsala\\\/#organization\"},\"inLanguage\":\"sv-SE\"},{\"@type\":\"Organization\",\"@id\":\"https:\\\/\\\/wp.kristdemokraterna.se\\\/uppsala\\\/#organization\",\"name\":\"Kristdemokraterna Uppsala\",\"url\":\"https:\\\/\\\/wp.kristdemokraterna.se\\\/uppsala\\\/\",\"logo\":{\"@type\":\"ImageObject\",\"inLanguage\":\"sv-SE\",\"@id\":\"https:\\\/\\\/wp.kristdemokraterna.se\\\/uppsala\\\/#\\\/schema\\\/logo\\\/image\\\/\",\"url\":\"https:\\\/\\\/wp.kristdemokraterna.se\\\/uppsala\\\/files\\\/2019\\\/10\\\/kd-uppsala.png\",\"contentUrl\":\"https:\\\/\\\/wp.kristdemokraterna.se\\\/uppsala\\\/files\\\/2019\\\/10\\\/kd-uppsala.png\",\"width\":804,\"height\":421,\"caption\":\"Kristdemokraterna Uppsala\"},\"image\":{\"@id\":\"https:\\\/\\\/wp.kristdemokraterna.se\\\/uppsala\\\/#\\\/schema\\\/logo\\\/image\\\/\"},\"sameAs\":[\"https:\\\/\\\/www.facebook.com\\\/UppsalaKD\\\/\",\"https:\\\/\\\/www.instagram.com\\\/uppsalakd\\\/\"]},{\"@type\":\"Person\",\"@id\":\"https:\\\/\\\/wp.kristdemokraterna.se\\\/uppsala\\\/#\\\/schema\\\/person\\\/76b6a15f208d1b8798c44227309d3a4c\",\"name\":\"victor\",\"image\":{\"@type\":\"ImageObject\",\"inLanguage\":\"sv-SE\",\"@id\":\"https:\\\/\\\/secure.gravatar.com\\\/avatar\\\/520b4bff4011c28a76670b12c3728306056996363870be3d036f4b72046de1d9?s=96&r=g\",\"url\":\"https:\\\/\\\/secure.gravatar.com\\\/avatar\\\/520b4bff4011c28a76670b12c3728306056996363870be3d036f4b72046de1d9?s=96&r=g\",\"contentUrl\":\"https:\\\/\\\/secure.gravatar.com\\\/avatar\\\/520b4bff4011c28a76670b12c3728306056996363870be3d036f4b72046de1d9?s=96&r=g\",\"caption\":\"victor\"},\"url\":\"https:\\\/\\\/wp.kristdemokraterna.se\\\/uppsala\\\/author\\\/victor\\\/\"}]}<\/script>\n<!-- \/ Yoast SEO plugin. -->","yoast_head_json":{"title":"Kristdemokraterna hoppar p\u00e5 t\u00e5get \u2013 positiva till fyrsp\u00e5r | Kristdemokraterna | Uppsala","robots":{"index":"index","follow":"follow","max-snippet":"max-snippet:-1","max-image-preview":"max-image-preview:large","max-video-preview":"max-video-preview:-1"},"canonical":"https:\/\/wp.kristdemokraterna.se\/uppsala\/kristdemokraterna-hoppar-pa-taget-positiva-till-fyrspar\/","og_locale":"sv_SE","og_type":"article","og_title":"Kristdemokraterna hoppar p\u00e5 t\u00e5get \u2013 positiva till fyrsp\u00e5r | Kristdemokraterna | Uppsala","og_description":"&nbsp; Pressmeddelande 2017-01-29 &nbsp; P\u00e5 kommunfullm\u00e4ktigesammantr\u00e4det den 29 januari blev det klart att Uppsala kommun ing\u00e5r avtal om fyrsp\u00e5rsinvestering tillsammans med Region Uppsala och staten.\u00a0Kristdemokraterna v\u00e4lkomnar satsningen p\u00e5\u00a0fyrsp\u00e5r\u00a0som nu blir verklighet och \u00e4ven till det planerade sp\u00e5rvagnsprojektet som planeras f\u00f6r kommunen. Sp\u00e5rvagn i Uppsala \u00e4r n\u00e5got som partiet drivit l\u00e4nge och tagit initiativ till att Read More","og_url":"https:\/\/wp.kristdemokraterna.se\/uppsala\/kristdemokraterna-hoppar-pa-taget-positiva-till-fyrspar\/","og_site_name":"Kristdemokraterna | Uppsala","article_publisher":"https:\/\/www.facebook.com\/UppsalaKD\/","article_published_time":"2018-01-29T20:54:28+00:00","article_modified_time":"2024-04-03T22:30:44+00:00","og_image":[{"width":1280,"height":854,"url":"http:\/\/wp.kristdemokraterna.se\/uppsala\/files\/2018\/01\/railroad-2089395_1280.jpg","type":"image\/jpeg"}],"author":"victor","twitter_card":"summary_large_image","twitter_misc":{"Skriven av":"victor","Ber\u00e4knad l\u00e4stid":"2 minuter"},"schema":{"@context":"https:\/\/schema.org","@graph":[{"@type":"Article","@id":"https:\/\/wp.kristdemokraterna.se\/uppsala\/kristdemokraterna-hoppar-pa-taget-positiva-till-fyrspar\/#article","isPartOf":{"@id":"https:\/\/wp.kristdemokraterna.se\/uppsala\/kristdemokraterna-hoppar-pa-taget-positiva-till-fyrspar\/"},"author":{"name":"victor","@id":"https:\/\/wp.kristdemokraterna.se\/uppsala\/#\/schema\/person\/76b6a15f208d1b8798c44227309d3a4c"},"headline":"Kristdemokraterna hoppar p\u00e5 t\u00e5get \u2013 positiva till fyrsp\u00e5r","datePublished":"2018-01-29T20:54:28+00:00","dateModified":"2024-04-03T22:30:44+00:00","mainEntityOfPage":{"@id":"https:\/\/wp.kristdemokraterna.se\/uppsala\/kristdemokraterna-hoppar-pa-taget-positiva-till-fyrspar\/"},"wordCount":436,"publisher":{"@id":"https:\/\/wp.kristdemokraterna.se\/uppsala\/#organization"},"image":{"@id":"https:\/\/wp.kristdemokraterna.se\/uppsala\/kristdemokraterna-hoppar-pa-taget-positiva-till-fyrspar\/#primaryimage"},"thumbnailUrl":"https:\/\/wp.kristdemokraterna.se\/uppsala\/files\/2018\/01\/railroad-2089395_1280.jpg","articleSection":["Kollektivtrafik &amp; Stadsplanering"],"inLanguage":"sv-SE"},{"@type":"WebPage","@id":"https:\/\/wp.kristdemokraterna.se\/uppsala\/kristdemokraterna-hoppar-pa-taget-positiva-till-fyrspar\/","url":"https:\/\/wp.kristdemokraterna.se\/uppsala\/kristdemokraterna-hoppar-pa-taget-positiva-till-fyrspar\/","name":"Kristdemokraterna hoppar p\u00e5 t\u00e5get \u2013 positiva till fyrsp\u00e5r | Kristdemokraterna | Uppsala","isPartOf":{"@id":"https:\/\/wp.kristdemokraterna.se\/uppsala\/#website"},"primaryImageOfPage":{"@id":"https:\/\/wp.kristdemokraterna.se\/uppsala\/kristdemokraterna-hoppar-pa-taget-positiva-till-fyrspar\/#primaryimage"},"image":{"@id":"https:\/\/wp.kristdemokraterna.se\/uppsala\/kristdemokraterna-hoppar-pa-taget-positiva-till-fyrspar\/#primaryimage"},"thumbnailUrl":"https:\/\/wp.kristdemokraterna.se\/uppsala\/files\/2018\/01\/railroad-2089395_1280.jpg","datePublished":"2018-01-29T20:54:28+00:00","dateModified":"2024-04-03T22:30:44+00:00","breadcrumb":{"@id":"https:\/\/wp.kristdemokraterna.se\/uppsala\/kristdemokraterna-hoppar-pa-taget-positiva-till-fyrspar\/#breadcrumb"},"inLanguage":"sv-SE","potentialAction":[{"@type":"ReadAction","target":["https:\/\/wp.kristdemokraterna.se\/uppsala\/kristdemokraterna-hoppar-pa-taget-positiva-till-fyrspar\/"]}]},{"@type":"ImageObject","inLanguage":"sv-SE","@id":"https:\/\/wp.kristdemokraterna.se\/uppsala\/kristdemokraterna-hoppar-pa-taget-positiva-till-fyrspar\/#primaryimage","url":"https:\/\/wp.kristdemokraterna.se\/uppsala\/files\/2018\/01\/railroad-2089395_1280.jpg","contentUrl":"https:\/\/wp.kristdemokraterna.se\/uppsala\/files\/2018\/01\/railroad-2089395_1280.jpg","width":1280,"height":854},{"@type":"BreadcrumbList","@id":"https:\/\/wp.kristdemokraterna.se\/uppsala\/kristdemokraterna-hoppar-pa-taget-positiva-till-fyrspar\/#breadcrumb","itemListElement":[{"@type":"ListItem","position":1,"name":"Hem","item":"https:\/\/wp.kristdemokraterna.se\/uppsala\/"},{"@type":"ListItem","position":2,"name":"Kristdemokraterna hoppar p\u00e5 t\u00e5get \u2013 positiva till fyrsp\u00e5r"}]},{"@type":"WebSite","@id":"https:\/\/wp.kristdemokraterna.se\/uppsala\/#website","url":"https:\/\/wp.kristdemokraterna.se\/uppsala\/","name":"Kristdemokraterna Uppsala","description":"Tryggare Uppsala","publisher":{"@id":"https:\/\/wp.kristdemokraterna.se\/uppsala\/#organization"},"inLanguage":"sv-SE"},{"@type":"Organization","@id":"https:\/\/wp.kristdemokraterna.se\/uppsala\/#organization","name":"Kristdemokraterna Uppsala","url":"https:\/\/wp.kristdemokraterna.se\/uppsala\/","logo":{"@type":"ImageObject","inLanguage":"sv-SE","@id":"https:\/\/wp.kristdemokraterna.se\/uppsala\/#\/schema\/logo\/image\/","url":"https:\/\/wp.kristdemokraterna.se\/uppsala\/files\/2019\/10\/kd-uppsala.png","contentUrl":"https:\/\/wp.kristdemokraterna.se\/uppsala\/files\/2019\/10\/kd-uppsala.png","width":804,"height":421,"caption":"Kristdemokraterna Uppsala"},"image":{"@id":"https:\/\/wp.kristdemokraterna.se\/uppsala\/#\/schema\/logo\/image\/"},"sameAs":["https:\/\/www.facebook.com\/UppsalaKD\/","https:\/\/www.instagram.com\/uppsalakd\/"]},{"@type":"Person","@id":"https:\/\/wp.kristdemokraterna.se\/uppsala\/#\/schema\/person\/76b6a15f208d1b8798c44227309d3a4c","name":"victor","image":{"@type":"ImageObject","inLanguage":"sv-SE","@id":"https:\/\/secure.gravatar.com\/avatar\/520b4bff4011c28a76670b12c3728306056996363870be3d036f4b72046de1d9?s=96&r=g","url":"https:\/\/secure.gravatar.com\/avatar\/520b4bff4011c28a76670b12c3728306056996363870be3d036f4b72046de1d9?s=96&r=g","contentUrl":"https:\/\/secure.gravatar.com\/avatar\/520b4bff4011c28a76670b12c3728306056996363870be3d036f4b72046de1d9?s=96&r=g","caption":"victor"},"url":"https:\/\/wp.kristdemokraterna.se\/uppsala\/author\/victor\/"}]}},"_links":{"self":[{"href":"https:\/\/wp.kristdemokraterna.se\/uppsala\/wp-json\/wp\/v2\/posts\/2369","targetHints":{"allow":["GET"]}}],"collection":[{"href":"https:\/\/wp.kristdemokraterna.se\/uppsala\/wp-json\/wp\/v2\/posts"}],"about":[{"href":"https:\/\/wp.kristdemokraterna.se\/uppsala\/wp-json\/wp\/v2\/types\/post"}],"author":[{"embeddable":true,"href":"https:\/\/wp.kristdemokraterna.se\/uppsala\/wp-json\/wp\/v2\/users\/760"}],"replies":[{"embeddable":true,"href":"https:\/\/wp.kristdemokraterna.se\/uppsala\/wp-json\/wp\/v2\/comments?post=2369"}],"version-history":[{"count":2,"href":"https:\/\/wp.kristdemokraterna.se\/uppsala\/wp-json\/wp\/v2\/posts\/2369\/revisions"}],"predecessor-version":[{"id":2372,"href":"https:\/\/wp.kristdemokraterna.se\/uppsala\/wp-json\/wp\/v2\/posts\/2369\/revisions\/2372"}],"wp:featuredmedia":[{"embeddable":true,"href":"https:\/\/wp.kristdemokraterna.se\/uppsala\/wp-json\/wp\/v2\/media\/2370"}],"wp:attachment":[{"href":"https:\/\/wp.kristdemokraterna.se\/uppsala\/wp-json\/wp\/v2\/media?parent=2369"}],"wp:term":[{"taxonomy":"category","embeddable":true,"href":"https:\/\/wp.kristdemokraterna.se\/uppsala\/wp-json\/wp\/v2\/categories?post=2369"},{"taxonomy":"post_tag","embeddable":true,"href":"https:\/\/wp.kristdemokraterna.se\/uppsala\/wp-json\/wp\/v2\/tags?post=2369"}],"curies":[{"name":"wp","href":"https:\/\/api.w.org\/{rel}","templated":true}]}}