{"id":2380,"date":"2018-02-08T10:55:20","date_gmt":"2018-02-08T09:55:20","guid":{"rendered":"http:\/\/wp.kristdemokraterna.se\/uppsala\/?p=2380"},"modified":"2024-04-04T00:30:26","modified_gmt":"2024-04-03T22:30:26","slug":"bygg-tradgardsstader-i-uppsala","status":"publish","type":"post","link":"https:\/\/wp.kristdemokraterna.se\/uppsala\/bygg-tradgardsstader-i-uppsala\/","title":{"rendered":"Bygg tr\u00e4dg\u00e5rdsst\u00e4der i Uppsala"},"content":{"rendered":"<p><strong>De senaste m\u00e5naderna<\/strong> har det blivit tydligt att Uppsalas bostadsmarknad dras med djupa problem. F\u00e5 vill skriva kontrakt p\u00e5 nybyggda hyresr\u00e4tter och bostadsr\u00e4ttsbyggare rear ut l\u00e4genheter. Samtidigt kvarst\u00e5r bostadsbristen. K\u00f6erna ringlar l\u00e5nga till billigare l\u00e4genheter och villapriserna har inte f\u00f6ljt bostadsr\u00e4ttspriserna ned\u00e5t. Marknaden \u00e4r ur balans.F\u00f6r att l\u00f6sa bostadsbristen m\u00e5ste vi f\u00f6r\u00e4ndra hur och vad vi bygger.<\/p>\n<p>Dessa tv\u00e5 fenomen \u2013 bristen p\u00e5 billiga l\u00e4genheter och villabristen \u2013 \u00e4r sammanl\u00e4nkade. Det finns m\u00e5nga sm\u00e5 och billiga l\u00e4genheter i v\u00e5r stad som \u00e4r l\u00e4mpligt utformade f\u00f6r bostadsdebutanten. Men dessa \u00e4r inte tillg\u00e4ngliga.De personer som bor d\u00e4r \u00e4r inte intresserade av att flytta. Enkelt uttryckt s\u00e5 finns det inget som de hellre skulle betala mer f\u00f6r. Det g\u00f6r att flyttkedjorna inte kommer ig\u00e5ng. Familjer kommer helt enkelt inte vidare i bostadskarri\u00e4ren.<\/p>\n<p>Detta visar p\u00e5 en missmatchning mellan vad som byggs och vad m\u00e4nniskor efterfr\u00e5gar. Allt f\u00f6r l\u00e4nge har Uppsala planerats utifr\u00e5n hur l\u00e5darkitekter, milj\u00f6partister och storbolag tycker att vi borde bo. I st\u00e4llet borde vi b\u00f6rja planera utifr\u00e5n vad m\u00e4nniskor sj\u00e4lva \u00f6nskar f\u00f6r typ av boende.<\/p>\n<p><strong>\u00c5r efter \u00e5r uppger<\/strong> 7 av 10 svenskar att de helst vill bo i villa eller radhus. N\u00e4r m\u00e4nniskor med egna ord f\u00e5r ber\u00e4tta hur de vill bo svarar de gr\u00f6nt, l\u00e5gt och tryggt. G\u00e4rna med klassisk arkitektur. Den gamla svenska sm\u00e5staden tycks vara dr\u00f6mmen.<\/p>\n<p>Trots detta planl\u00e4ggs Uppsala st\u00e4ndigt bara gr\u00e5are, h\u00f6gre, tr\u00e4ngre och fyrkantigare. Samtidigt som antalet nybyggda l\u00e4genheter n\u00e5tt miljonprogramsniv\u00e5er st\u00e5r produktionen av sm\u00e5hus stilla. F\u00f6r att l\u00f6sa en del av bostadsbristen borde d\u00e4rf\u00f6r kommunen skifta \u00f6ver till att planl\u00e4gga tr\u00e4dg\u00e5rdsst\u00e4der.<\/p>\n<div id=\"adn-article-01\" class=\"adn-article\"><\/div>\n<p><strong>Tr\u00e4dg\u00e5rdsst\u00e4der erbjuder de<\/strong> boendekvaliteter m\u00e4nniskor efterfr\u00e5gar utan de nackdelar som glesa villaomr\u00e5den kan ge. Vi kristdemokrater lanserade d\u00e4rf\u00f6r f\u00f6rra \u00e5ret Stabby Tr\u00e4dg\u00e5rdsstad som ett medel f\u00f6r att bevara Stabbyf\u00e4lten samtidigt som vi skapar ett trivsamt egnahemsomr\u00e5de mellan Rickomberga och Berth\u00e5ga. Ett alternativ till de r\u00f6dgr\u00f6nas h\u00f6ghusplaner f\u00f6r omr\u00e5det.<\/p>\n<p>Det finns massor med argument f\u00f6r tr\u00e4dg\u00e5rdsst\u00e4der, och d\u00e4rf\u00f6r \u00e4r det en g\u00e5ta varf\u00f6r kommunen bara planl\u00e4gger h\u00f6ghus och enstaka villakluster p\u00e5 landet.<\/p>\n<p>I och med att tr\u00e4dg\u00e5rdsst\u00e4der byggs fr\u00e4mst i tr\u00e4 (vilket binder koldioxid)\u00a0och \u00e4r tillr\u00e4ckligt t\u00e4ta f\u00f6r att b\u00e4ra kollektivtrafik \u00e4r det ekologiskt h\u00e5llbara bostadsomr\u00e5den. Dessutom fungerar tr\u00e4dg\u00e5rdarna som gr\u00f6na lungor inne i staden.<\/p>\n<p><strong>Den sociala h\u00e5llbarheten i<\/strong> tr\u00e4dg\u00e5rdsst\u00e4der \u00e4r oslagbar. V\u00e4ven av egnahem och l\u00e5ga flerfamiljshus erbjuder en integration av olika ekonomiska grupper som inget annat stadsbyggnadsn\u00e4t matchar. Byggt enligt tr\u00e4dg\u00e5rdsstadens principer \u00e4r husdr\u00f6mmen inte heller f\u00f6rbeh\u00e5llen h\u00f6ginkomsttagare. I v\u00e5rt r\u00e4kneexempel f\u00f6r Stabby Tr\u00e4dg\u00e5rdsstad kunde vi visa att m\u00e5nadskostnaden blir l\u00e4gre genom att bygga och \u00e4ga sitt eget hus j\u00e4mf\u00f6rt med att flytta in i en hyresl\u00e4genhet i de nybyggda h\u00f6ghuset vid Cementgjuteriet. Kalkylen f\u00f6r ett typiskt sm\u00e5hus (100 kvadratmeter) landade p\u00e5 cirka 14 000 kronor i m\u00e5naden medan hyran f\u00f6r motsvarande l\u00e4genhet landar p\u00e5 15 000 kronor i m\u00e5naden. I den ber\u00e4kningen ing\u00e5r amortering, tomtr\u00e4ttsavg\u00e4ld, driftskostnad, en dubblerad bor\u00e4nta och minsta m\u00f6jliga egeninsats om 200 000 kronor. Helt \u00f6verkomligt f\u00f6r en sm\u00e5barnsfamilj med tv\u00e5 medell\u00f6ner.<\/p>\n<p>Att kostnaden blir l\u00e4gre f\u00f6r sm\u00e5huset beror p\u00e5 att \u00e4garen \u00e4r sin egen fastighetssk\u00f6tare, inte tar ut n\u00e5gon vinst och att sm\u00e5huset kan byggas med enklare standard (till exempel tr\u00e4stomme, tr\u00e4fasad, mindre markarbete, ingen hiss och s\u00e5 vidare).Denna logik \u00e4r f\u00f6r \u00f6vrigt \u00f6verf\u00f6rbar till byggandet av flerfamiljshus.<\/p>\n<p><strong>Som bland annat<\/strong> Ikea-\u00e4gda BoKlok g\u00e5ng p\u00e5 g\u00e5ng p\u00e5visat s\u00e5 \u00e4r det ett effektivt s\u00e4tt att f\u00e5 ner hyran p\u00e5 l\u00e4genheter att bygga dem i tv\u00e5v\u00e5ningshus av tr\u00e4.Som vi ser det \u00e4r den enda nackdelen med tr\u00e4dg\u00e5rdsst\u00e4der att det g\u00e5r \u00e5t n\u00e5got mer mark \u2013 men i en stad som Uppsala med enbart j\u00e4tteprojekt som Rosendal, \u00d6stra Salabacke, Industristaden, Librob\u00e4ck och Uller\u00e5ker vore det en v\u00e4lg\u00e4rning att skapa b\u00e4ttre balans i markanv\u00e4ndningen.<\/p>\n<p>Den som vill se exempel p\u00e5 tr\u00e4dg\u00e5rdsomr\u00e5den i Uppsala kan promenera ner f\u00f6r Sl\u00f6jdgatans l\u00e4tt krokiga v\u00e4g och vika av mot Kungsg\u00e4rdets sm\u00e5stugeomr\u00e5de eller g\u00e5 en tur p\u00e5 v\u00e4garna runt Stiernhielmsparken d\u00e4r sm\u00e5hus, radhus och l\u00e5ga flerfamiljshus ligger sida vid sida. Denna typ av bebyggelse \u00e4r vad m\u00e4nniskor efterfr\u00e5gar. Att bara bygga bost\u00e4der m\u00e4nniskor egentligen inte vill bo i kommer inte att l\u00f6sa bristen. Vi m\u00e5ste erbjuda n\u00e5got b\u00e4ttre f\u00f6r att f\u00e5 ig\u00e5ng flyttkedjorna i Uppsala!<\/p>\n<p><strong>Jonas Segersam<br \/>\n<\/strong>kommunalr\u00e5d (KD)<\/p>\n<p><strong>Simon Westberg<br \/>\n<\/strong>ledamot plan- och byggnadsn\u00e4mnden (KD)<\/p>\n<p>&nbsp;<\/p>\n<p>Denna artikel publicerades i UNT 2017-02-08<\/p>\n<p>http:\/\/unt.se\/asikt\/debatt\/bygg-tradgardsstader-4892656.aspx<\/p>\n","protected":false},"excerpt":{"rendered":"<p>De senaste m\u00e5naderna har det blivit tydligt att Uppsalas bostadsmarknad dras med djupa problem. F\u00e5 vill skriva kontrakt p\u00e5 nybyggda hyresr\u00e4tter och bostadsr\u00e4ttsbyggare rear ut l\u00e4genheter. Samtidigt kvarst\u00e5r bostadsbristen. K\u00f6erna ringlar l\u00e5nga till billigare l\u00e4genheter och villapriserna har inte f\u00f6ljt bostadsr\u00e4ttspriserna ned\u00e5t. Marknaden \u00e4r ur balans.F\u00f6r att l\u00f6sa bostadsbristen m\u00e5ste vi f\u00f6r\u00e4ndra hur och vad <a class=\"read-more-link\" href=\"https:\/\/wp.kristdemokraterna.se\/uppsala\/bygg-tradgardsstader-i-uppsala\/\">Read More<\/a><\/p>\n","protected":false},"author":760,"featured_media":2381,"comment_status":"closed","ping_status":"closed","sticky":false,"template":"","format":"standard","meta":{"_acf_changed":false,"footnotes":""},"categories":[232],"tags":[],"class_list":["post-2380","post","type-post","status-publish","format-standard","hentry","category-kollektivtrafik-o-stadsplanering"],"acf":[],"yoast_head":"<!-- This site is optimized with the Yoast SEO plugin v27.4 - https:\/\/yoast.com\/product\/yoast-seo-wordpress\/ -->\n<title>Bygg tr\u00e4dg\u00e5rdsst\u00e4der i Uppsala | Kristdemokraterna | Uppsala<\/title>\n<meta name=\"robots\" content=\"index, follow, max-snippet:-1, max-image-preview:large, max-video-preview:-1\" \/>\n<link rel=\"canonical\" href=\"https:\/\/wp.kristdemokraterna.se\/uppsala\/bygg-tradgardsstader-i-uppsala\/\" \/>\n<meta property=\"og:locale\" content=\"sv_SE\" \/>\n<meta property=\"og:type\" content=\"article\" \/>\n<meta property=\"og:title\" content=\"Bygg tr\u00e4dg\u00e5rdsst\u00e4der i Uppsala | Kristdemokraterna | Uppsala\" \/>\n<meta property=\"og:description\" content=\"De senaste m\u00e5naderna har det blivit tydligt att Uppsalas bostadsmarknad dras med djupa problem. F\u00e5 vill skriva kontrakt p\u00e5 nybyggda hyresr\u00e4tter och bostadsr\u00e4ttsbyggare rear ut l\u00e4genheter. Samtidigt kvarst\u00e5r bostadsbristen. K\u00f6erna ringlar l\u00e5nga till billigare l\u00e4genheter och villapriserna har inte f\u00f6ljt bostadsr\u00e4ttspriserna ned\u00e5t. Marknaden \u00e4r ur balans.F\u00f6r att l\u00f6sa bostadsbristen m\u00e5ste vi f\u00f6r\u00e4ndra hur och vad Read More\" \/>\n<meta property=\"og:url\" content=\"https:\/\/wp.kristdemokraterna.se\/uppsala\/bygg-tradgardsstader-i-uppsala\/\" \/>\n<meta property=\"og:site_name\" content=\"Kristdemokraterna | Uppsala\" \/>\n<meta property=\"article:publisher\" content=\"https:\/\/www.facebook.com\/UppsalaKD\/\" \/>\n<meta property=\"article:published_time\" content=\"2018-02-08T09:55:20+00:00\" \/>\n<meta property=\"article:modified_time\" content=\"2024-04-03T22:30:26+00:00\" \/>\n<meta property=\"og:image\" content=\"http:\/\/wp.kristdemokraterna.se\/uppsala\/files\/2018\/02\/construction-machine-1324781_960_720-e1518083557355.jpg\" \/>\n\t<meta property=\"og:image:width\" content=\"750\" \/>\n\t<meta property=\"og:image:height\" content=\"499\" \/>\n\t<meta property=\"og:image:type\" content=\"image\/jpeg\" \/>\n<meta name=\"author\" content=\"victor\" \/>\n<meta name=\"twitter:card\" content=\"summary_large_image\" \/>\n<meta name=\"twitter:label1\" content=\"Skriven av\" \/>\n\t<meta name=\"twitter:data1\" content=\"victor\" \/>\n\t<meta name=\"twitter:label2\" content=\"Ber\u00e4knad l\u00e4stid\" \/>\n\t<meta name=\"twitter:data2\" content=\"5 minuter\" \/>\n<script type=\"application\/ld+json\" class=\"yoast-schema-graph\">{\"@context\":\"https:\\\/\\\/schema.org\",\"@graph\":[{\"@type\":\"Article\",\"@id\":\"https:\\\/\\\/wp.kristdemokraterna.se\\\/uppsala\\\/bygg-tradgardsstader-i-uppsala\\\/#article\",\"isPartOf\":{\"@id\":\"https:\\\/\\\/wp.kristdemokraterna.se\\\/uppsala\\\/bygg-tradgardsstader-i-uppsala\\\/\"},\"author\":{\"name\":\"victor\",\"@id\":\"https:\\\/\\\/wp.kristdemokraterna.se\\\/uppsala\\\/#\\\/schema\\\/person\\\/76b6a15f208d1b8798c44227309d3a4c\"},\"headline\":\"Bygg tr\u00e4dg\u00e5rdsst\u00e4der i Uppsala\",\"datePublished\":\"2018-02-08T09:55:20+00:00\",\"dateModified\":\"2024-04-03T22:30:26+00:00\",\"mainEntityOfPage\":{\"@id\":\"https:\\\/\\\/wp.kristdemokraterna.se\\\/uppsala\\\/bygg-tradgardsstader-i-uppsala\\\/\"},\"wordCount\":913,\"publisher\":{\"@id\":\"https:\\\/\\\/wp.kristdemokraterna.se\\\/uppsala\\\/#organization\"},\"image\":{\"@id\":\"https:\\\/\\\/wp.kristdemokraterna.se\\\/uppsala\\\/bygg-tradgardsstader-i-uppsala\\\/#primaryimage\"},\"thumbnailUrl\":\"https:\\\/\\\/wp.kristdemokraterna.se\\\/uppsala\\\/files\\\/2018\\\/02\\\/construction-machine-1324781_960_720-e1518083557355.jpg\",\"articleSection\":[\"Kollektivtrafik &amp; Stadsplanering\"],\"inLanguage\":\"sv-SE\"},{\"@type\":\"WebPage\",\"@id\":\"https:\\\/\\\/wp.kristdemokraterna.se\\\/uppsala\\\/bygg-tradgardsstader-i-uppsala\\\/\",\"url\":\"https:\\\/\\\/wp.kristdemokraterna.se\\\/uppsala\\\/bygg-tradgardsstader-i-uppsala\\\/\",\"name\":\"Bygg tr\u00e4dg\u00e5rdsst\u00e4der i Uppsala | Kristdemokraterna | Uppsala\",\"isPartOf\":{\"@id\":\"https:\\\/\\\/wp.kristdemokraterna.se\\\/uppsala\\\/#website\"},\"primaryImageOfPage\":{\"@id\":\"https:\\\/\\\/wp.kristdemokraterna.se\\\/uppsala\\\/bygg-tradgardsstader-i-uppsala\\\/#primaryimage\"},\"image\":{\"@id\":\"https:\\\/\\\/wp.kristdemokraterna.se\\\/uppsala\\\/bygg-tradgardsstader-i-uppsala\\\/#primaryimage\"},\"thumbnailUrl\":\"https:\\\/\\\/wp.kristdemokraterna.se\\\/uppsala\\\/files\\\/2018\\\/02\\\/construction-machine-1324781_960_720-e1518083557355.jpg\",\"datePublished\":\"2018-02-08T09:55:20+00:00\",\"dateModified\":\"2024-04-03T22:30:26+00:00\",\"breadcrumb\":{\"@id\":\"https:\\\/\\\/wp.kristdemokraterna.se\\\/uppsala\\\/bygg-tradgardsstader-i-uppsala\\\/#breadcrumb\"},\"inLanguage\":\"sv-SE\",\"potentialAction\":[{\"@type\":\"ReadAction\",\"target\":[\"https:\\\/\\\/wp.kristdemokraterna.se\\\/uppsala\\\/bygg-tradgardsstader-i-uppsala\\\/\"]}]},{\"@type\":\"ImageObject\",\"inLanguage\":\"sv-SE\",\"@id\":\"https:\\\/\\\/wp.kristdemokraterna.se\\\/uppsala\\\/bygg-tradgardsstader-i-uppsala\\\/#primaryimage\",\"url\":\"https:\\\/\\\/wp.kristdemokraterna.se\\\/uppsala\\\/files\\\/2018\\\/02\\\/construction-machine-1324781_960_720-e1518083557355.jpg\",\"contentUrl\":\"https:\\\/\\\/wp.kristdemokraterna.se\\\/uppsala\\\/files\\\/2018\\\/02\\\/construction-machine-1324781_960_720-e1518083557355.jpg\",\"width\":750,\"height\":499},{\"@type\":\"BreadcrumbList\",\"@id\":\"https:\\\/\\\/wp.kristdemokraterna.se\\\/uppsala\\\/bygg-tradgardsstader-i-uppsala\\\/#breadcrumb\",\"itemListElement\":[{\"@type\":\"ListItem\",\"position\":1,\"name\":\"Hem\",\"item\":\"https:\\\/\\\/wp.kristdemokraterna.se\\\/uppsala\\\/\"},{\"@type\":\"ListItem\",\"position\":2,\"name\":\"Bygg tr\u00e4dg\u00e5rdsst\u00e4der i Uppsala\"}]},{\"@type\":\"WebSite\",\"@id\":\"https:\\\/\\\/wp.kristdemokraterna.se\\\/uppsala\\\/#website\",\"url\":\"https:\\\/\\\/wp.kristdemokraterna.se\\\/uppsala\\\/\",\"name\":\"Kristdemokraterna Uppsala\",\"description\":\"Tryggare Uppsala\",\"publisher\":{\"@id\":\"https:\\\/\\\/wp.kristdemokraterna.se\\\/uppsala\\\/#organization\"},\"inLanguage\":\"sv-SE\"},{\"@type\":\"Organization\",\"@id\":\"https:\\\/\\\/wp.kristdemokraterna.se\\\/uppsala\\\/#organization\",\"name\":\"Kristdemokraterna Uppsala\",\"url\":\"https:\\\/\\\/wp.kristdemokraterna.se\\\/uppsala\\\/\",\"logo\":{\"@type\":\"ImageObject\",\"inLanguage\":\"sv-SE\",\"@id\":\"https:\\\/\\\/wp.kristdemokraterna.se\\\/uppsala\\\/#\\\/schema\\\/logo\\\/image\\\/\",\"url\":\"https:\\\/\\\/wp.kristdemokraterna.se\\\/uppsala\\\/files\\\/2019\\\/10\\\/kd-uppsala.png\",\"contentUrl\":\"https:\\\/\\\/wp.kristdemokraterna.se\\\/uppsala\\\/files\\\/2019\\\/10\\\/kd-uppsala.png\",\"width\":804,\"height\":421,\"caption\":\"Kristdemokraterna Uppsala\"},\"image\":{\"@id\":\"https:\\\/\\\/wp.kristdemokraterna.se\\\/uppsala\\\/#\\\/schema\\\/logo\\\/image\\\/\"},\"sameAs\":[\"https:\\\/\\\/www.facebook.com\\\/UppsalaKD\\\/\",\"https:\\\/\\\/www.instagram.com\\\/uppsalakd\\\/\"]},{\"@type\":\"Person\",\"@id\":\"https:\\\/\\\/wp.kristdemokraterna.se\\\/uppsala\\\/#\\\/schema\\\/person\\\/76b6a15f208d1b8798c44227309d3a4c\",\"name\":\"victor\",\"image\":{\"@type\":\"ImageObject\",\"inLanguage\":\"sv-SE\",\"@id\":\"https:\\\/\\\/secure.gravatar.com\\\/avatar\\\/520b4bff4011c28a76670b12c3728306056996363870be3d036f4b72046de1d9?s=96&r=g\",\"url\":\"https:\\\/\\\/secure.gravatar.com\\\/avatar\\\/520b4bff4011c28a76670b12c3728306056996363870be3d036f4b72046de1d9?s=96&r=g\",\"contentUrl\":\"https:\\\/\\\/secure.gravatar.com\\\/avatar\\\/520b4bff4011c28a76670b12c3728306056996363870be3d036f4b72046de1d9?s=96&r=g\",\"caption\":\"victor\"},\"url\":\"https:\\\/\\\/wp.kristdemokraterna.se\\\/uppsala\\\/author\\\/victor\\\/\"}]}<\/script>\n<!-- \/ Yoast SEO plugin. -->","yoast_head_json":{"title":"Bygg tr\u00e4dg\u00e5rdsst\u00e4der i Uppsala | Kristdemokraterna | Uppsala","robots":{"index":"index","follow":"follow","max-snippet":"max-snippet:-1","max-image-preview":"max-image-preview:large","max-video-preview":"max-video-preview:-1"},"canonical":"https:\/\/wp.kristdemokraterna.se\/uppsala\/bygg-tradgardsstader-i-uppsala\/","og_locale":"sv_SE","og_type":"article","og_title":"Bygg tr\u00e4dg\u00e5rdsst\u00e4der i Uppsala | Kristdemokraterna | Uppsala","og_description":"De senaste m\u00e5naderna har det blivit tydligt att Uppsalas bostadsmarknad dras med djupa problem. F\u00e5 vill skriva kontrakt p\u00e5 nybyggda hyresr\u00e4tter och bostadsr\u00e4ttsbyggare rear ut l\u00e4genheter. Samtidigt kvarst\u00e5r bostadsbristen. K\u00f6erna ringlar l\u00e5nga till billigare l\u00e4genheter och villapriserna har inte f\u00f6ljt bostadsr\u00e4ttspriserna ned\u00e5t. Marknaden \u00e4r ur balans.F\u00f6r att l\u00f6sa bostadsbristen m\u00e5ste vi f\u00f6r\u00e4ndra hur och vad Read More","og_url":"https:\/\/wp.kristdemokraterna.se\/uppsala\/bygg-tradgardsstader-i-uppsala\/","og_site_name":"Kristdemokraterna | Uppsala","article_publisher":"https:\/\/www.facebook.com\/UppsalaKD\/","article_published_time":"2018-02-08T09:55:20+00:00","article_modified_time":"2024-04-03T22:30:26+00:00","og_image":[{"width":750,"height":499,"url":"http:\/\/wp.kristdemokraterna.se\/uppsala\/files\/2018\/02\/construction-machine-1324781_960_720-e1518083557355.jpg","type":"image\/jpeg"}],"author":"victor","twitter_card":"summary_large_image","twitter_misc":{"Skriven av":"victor","Ber\u00e4knad l\u00e4stid":"5 minuter"},"schema":{"@context":"https:\/\/schema.org","@graph":[{"@type":"Article","@id":"https:\/\/wp.kristdemokraterna.se\/uppsala\/bygg-tradgardsstader-i-uppsala\/#article","isPartOf":{"@id":"https:\/\/wp.kristdemokraterna.se\/uppsala\/bygg-tradgardsstader-i-uppsala\/"},"author":{"name":"victor","@id":"https:\/\/wp.kristdemokraterna.se\/uppsala\/#\/schema\/person\/76b6a15f208d1b8798c44227309d3a4c"},"headline":"Bygg tr\u00e4dg\u00e5rdsst\u00e4der i Uppsala","datePublished":"2018-02-08T09:55:20+00:00","dateModified":"2024-04-03T22:30:26+00:00","mainEntityOfPage":{"@id":"https:\/\/wp.kristdemokraterna.se\/uppsala\/bygg-tradgardsstader-i-uppsala\/"},"wordCount":913,"publisher":{"@id":"https:\/\/wp.kristdemokraterna.se\/uppsala\/#organization"},"image":{"@id":"https:\/\/wp.kristdemokraterna.se\/uppsala\/bygg-tradgardsstader-i-uppsala\/#primaryimage"},"thumbnailUrl":"https:\/\/wp.kristdemokraterna.se\/uppsala\/files\/2018\/02\/construction-machine-1324781_960_720-e1518083557355.jpg","articleSection":["Kollektivtrafik &amp; Stadsplanering"],"inLanguage":"sv-SE"},{"@type":"WebPage","@id":"https:\/\/wp.kristdemokraterna.se\/uppsala\/bygg-tradgardsstader-i-uppsala\/","url":"https:\/\/wp.kristdemokraterna.se\/uppsala\/bygg-tradgardsstader-i-uppsala\/","name":"Bygg tr\u00e4dg\u00e5rdsst\u00e4der i Uppsala | Kristdemokraterna | Uppsala","isPartOf":{"@id":"https:\/\/wp.kristdemokraterna.se\/uppsala\/#website"},"primaryImageOfPage":{"@id":"https:\/\/wp.kristdemokraterna.se\/uppsala\/bygg-tradgardsstader-i-uppsala\/#primaryimage"},"image":{"@id":"https:\/\/wp.kristdemokraterna.se\/uppsala\/bygg-tradgardsstader-i-uppsala\/#primaryimage"},"thumbnailUrl":"https:\/\/wp.kristdemokraterna.se\/uppsala\/files\/2018\/02\/construction-machine-1324781_960_720-e1518083557355.jpg","datePublished":"2018-02-08T09:55:20+00:00","dateModified":"2024-04-03T22:30:26+00:00","breadcrumb":{"@id":"https:\/\/wp.kristdemokraterna.se\/uppsala\/bygg-tradgardsstader-i-uppsala\/#breadcrumb"},"inLanguage":"sv-SE","potentialAction":[{"@type":"ReadAction","target":["https:\/\/wp.kristdemokraterna.se\/uppsala\/bygg-tradgardsstader-i-uppsala\/"]}]},{"@type":"ImageObject","inLanguage":"sv-SE","@id":"https:\/\/wp.kristdemokraterna.se\/uppsala\/bygg-tradgardsstader-i-uppsala\/#primaryimage","url":"https:\/\/wp.kristdemokraterna.se\/uppsala\/files\/2018\/02\/construction-machine-1324781_960_720-e1518083557355.jpg","contentUrl":"https:\/\/wp.kristdemokraterna.se\/uppsala\/files\/2018\/02\/construction-machine-1324781_960_720-e1518083557355.jpg","width":750,"height":499},{"@type":"BreadcrumbList","@id":"https:\/\/wp.kristdemokraterna.se\/uppsala\/bygg-tradgardsstader-i-uppsala\/#breadcrumb","itemListElement":[{"@type":"ListItem","position":1,"name":"Hem","item":"https:\/\/wp.kristdemokraterna.se\/uppsala\/"},{"@type":"ListItem","position":2,"name":"Bygg tr\u00e4dg\u00e5rdsst\u00e4der i Uppsala"}]},{"@type":"WebSite","@id":"https:\/\/wp.kristdemokraterna.se\/uppsala\/#website","url":"https:\/\/wp.kristdemokraterna.se\/uppsala\/","name":"Kristdemokraterna Uppsala","description":"Tryggare Uppsala","publisher":{"@id":"https:\/\/wp.kristdemokraterna.se\/uppsala\/#organization"},"inLanguage":"sv-SE"},{"@type":"Organization","@id":"https:\/\/wp.kristdemokraterna.se\/uppsala\/#organization","name":"Kristdemokraterna Uppsala","url":"https:\/\/wp.kristdemokraterna.se\/uppsala\/","logo":{"@type":"ImageObject","inLanguage":"sv-SE","@id":"https:\/\/wp.kristdemokraterna.se\/uppsala\/#\/schema\/logo\/image\/","url":"https:\/\/wp.kristdemokraterna.se\/uppsala\/files\/2019\/10\/kd-uppsala.png","contentUrl":"https:\/\/wp.kristdemokraterna.se\/uppsala\/files\/2019\/10\/kd-uppsala.png","width":804,"height":421,"caption":"Kristdemokraterna Uppsala"},"image":{"@id":"https:\/\/wp.kristdemokraterna.se\/uppsala\/#\/schema\/logo\/image\/"},"sameAs":["https:\/\/www.facebook.com\/UppsalaKD\/","https:\/\/www.instagram.com\/uppsalakd\/"]},{"@type":"Person","@id":"https:\/\/wp.kristdemokraterna.se\/uppsala\/#\/schema\/person\/76b6a15f208d1b8798c44227309d3a4c","name":"victor","image":{"@type":"ImageObject","inLanguage":"sv-SE","@id":"https:\/\/secure.gravatar.com\/avatar\/520b4bff4011c28a76670b12c3728306056996363870be3d036f4b72046de1d9?s=96&r=g","url":"https:\/\/secure.gravatar.com\/avatar\/520b4bff4011c28a76670b12c3728306056996363870be3d036f4b72046de1d9?s=96&r=g","contentUrl":"https:\/\/secure.gravatar.com\/avatar\/520b4bff4011c28a76670b12c3728306056996363870be3d036f4b72046de1d9?s=96&r=g","caption":"victor"},"url":"https:\/\/wp.kristdemokraterna.se\/uppsala\/author\/victor\/"}]}},"_links":{"self":[{"href":"https:\/\/wp.kristdemokraterna.se\/uppsala\/wp-json\/wp\/v2\/posts\/2380","targetHints":{"allow":["GET"]}}],"collection":[{"href":"https:\/\/wp.kristdemokraterna.se\/uppsala\/wp-json\/wp\/v2\/posts"}],"about":[{"href":"https:\/\/wp.kristdemokraterna.se\/uppsala\/wp-json\/wp\/v2\/types\/post"}],"author":[{"embeddable":true,"href":"https:\/\/wp.kristdemokraterna.se\/uppsala\/wp-json\/wp\/v2\/users\/760"}],"replies":[{"embeddable":true,"href":"https:\/\/wp.kristdemokraterna.se\/uppsala\/wp-json\/wp\/v2\/comments?post=2380"}],"version-history":[{"count":2,"href":"https:\/\/wp.kristdemokraterna.se\/uppsala\/wp-json\/wp\/v2\/posts\/2380\/revisions"}],"predecessor-version":[{"id":2383,"href":"https:\/\/wp.kristdemokraterna.se\/uppsala\/wp-json\/wp\/v2\/posts\/2380\/revisions\/2383"}],"wp:featuredmedia":[{"embeddable":true,"href":"https:\/\/wp.kristdemokraterna.se\/uppsala\/wp-json\/wp\/v2\/media\/2381"}],"wp:attachment":[{"href":"https:\/\/wp.kristdemokraterna.se\/uppsala\/wp-json\/wp\/v2\/media?parent=2380"}],"wp:term":[{"taxonomy":"category","embeddable":true,"href":"https:\/\/wp.kristdemokraterna.se\/uppsala\/wp-json\/wp\/v2\/categories?post=2380"},{"taxonomy":"post_tag","embeddable":true,"href":"https:\/\/wp.kristdemokraterna.se\/uppsala\/wp-json\/wp\/v2\/tags?post=2380"}],"curies":[{"name":"wp","href":"https:\/\/api.w.org\/{rel}","templated":true}]}}