{"id":2406,"date":"2018-03-05T11:21:43","date_gmt":"2018-03-05T10:21:43","guid":{"rendered":"http:\/\/wp.kristdemokraterna.se\/uppsala\/?p=2406"},"modified":"2024-04-04T00:29:41","modified_gmt":"2024-04-03T22:29:41","slug":"vara-aldre-fortjanar-en-vardig-alderdom","status":"publish","type":"post","link":"https:\/\/wp.kristdemokraterna.se\/uppsala\/vara-aldre-fortjanar-en-vardig-alderdom\/","title":{"rendered":"V\u00e5ra \u00e4ldre f\u00f6rtj\u00e4nar en v\u00e4rdig \u00e5lderdom"},"content":{"rendered":"<p>SVT:s Agenda uppm\u00e4rksammade nyligen personer som p\u00e5 \u00e5lderns h\u00f6st v\u00e4ljer att avsluta sina liv i f\u00f6rv\u00e4g. Uppskattningsvis v\u00e4ljer en \u00e4ldre person om dagen att ta sitt eget liv. Detta grundar sig i depressioner d\u00e5 man ofta saknar n\u00e4rhet till familj, v\u00e4nner och bekanta.<br \/>\nEtt tragiskt och sorgligt symptom p\u00e5 baksidorna av ett V\u00e4lf\u00e4rdssverige till stora delar utformat enligt socialdemokratiska riktlinjer.<br \/>\nAtt \u00e4ldre k\u00e4nner sig s\u00e5 ensamma och f\u00f6rtvivlade att de v\u00e4ljer att avsluta sitt liv i f\u00f6rtid \u00e4r en situation som inte kan f\u00e5 forts\u00e4tta.<\/p>\n<p>Det finns redan i dag goda kunskaper om suicidprevention och h\u00e4r m\u00e5ste vi politiker ta ett ansvar f\u00f6r att \u00e5tg\u00e4rder genomf\u00f6rs f\u00f6r att f\u00f6rb\u00e4ttra de \u00e4ldres livssituation.<\/p>\n<p>I drygt h\u00e4lften av Sveriges regioner och landsting finns en s\u00e5 kallad \u00e4ldrepsykiatri med inriktning mot \u00e4ldre med depressioner. Efterfr\u00e5gan och behovet \u00e4r omvittnat stort.<\/p>\n<p>I Uppsala finns en \u00e4ldrepsykiatrisk mottagning inom regionen. Inom kommunerna beh\u00f6ver vi ta ett st\u00f6rre ansvar f\u00f6r att arbeta f\u00f6rebyggande och minska den psykiska oh\u00e4lsan hos de \u00e4ldre, personer som m\u00e5nga g\u00e5nger har en livspartner som g\u00e5tt bort eller som har f\u00f6rlorat kontakt med v\u00e4nner och anh\u00f6riga fr\u00e5n tidigare i livet. D\u00e5 \u00e4r det \u00e4r viktigt att det finns m\u00e4nniskor som bryr sig om en.<\/p>\n<p>Tillsammans kan vi arbeta f\u00f6r ett \u00e5ldrande i v\u00e4rdighet och trygghet f\u00f6r alla.<\/p>\n<p>Vi kristdemokrater har arbetat f\u00f6r att f\u00f6rb\u00e4ttra de \u00e4ldres situation i kommunen under l\u00e5ng tid, inte minst med Gustaf von Essen och Ebba Busch Thor vid rodret.D\u00e5 inf\u00f6rde vi v\u00e4rdighetsgaranti, fixartj\u00e4nster, valfrihet inom hemtj\u00e4nsten och fler \u00e4ldreboendeplatser. Nu vill vi g\u00e5 vidare.<\/p>\n<p>F\u00f6r det f\u00f6rsta vill vi kristdemokrater inf\u00f6ra en \u00e4ldreboendegaranti i kommunen d\u00e4r alla m\u00e4nniskor \u00f6ver 85 \u00e5r ges r\u00e4tt till en plats p\u00e5 ett \u00e4ldre-, service- eller trygghetsboende om han eller hon s\u00e5 \u00f6nskar.<\/p>\n<p>Det har tidigare rapporterats om hur en \u00e4ldre man i 90-\u00e5rs\u00e5ldern f\u00f6rtvivlad valde att avsluta sitt liv eftersom han trots sina sv\u00e5ra sm\u00e4rtor blev nekad plats p\u00e5 ett trygghetsboende. V\u00e5r tro \u00e4r att ingen ans\u00f6ker om en plats p\u00e5 ett \u00e4ldreboende om han eller hon inte m\u00e5ste \u2013 ofta \u00e4r viljan att bo hemma stark men f\u00f6rm\u00e5gan att klara sig sj\u00e4lv sviker. Det m\u00e5ste d\u00e4rf\u00f6r vara upp till var och en att avg\u00f6ra n\u00e4r det inte l\u00e4ngre fungerar att bo ensam, och vi beslutsfattare m\u00e5ste prioritera deras r\u00e4tt till hj\u00e4lp och s\u00e5ledes bevilja dem plats.<\/p>\n<p>F\u00f6r det andra vill vi att det uppr\u00e4ttas fler tr\u00e4ffpunkter runtom i Uppsala d\u00e4r pigga \u00e4ldre kan samlas och fika, samtala och gymnastisera.<\/p>\n<p>Kontakten med andra m\u00e4nniskor \u00e4r en stor del av m\u00e4nniskors v\u00e4lbefinnande och har en stor betydelse f\u00f6r att inte drabbas av psykisk oh\u00e4lsa och depression. Att kunna se fram emot kommande aktiviteter och blicka fram\u00e5t \u00e4r en viktig del av m\u00e4nniskors v\u00e4lm\u00e5ende.<\/p>\n<p>F\u00f6r det tredje vill vi inf\u00f6ra en s\u00e5 kallad parboendegaranti, som inneb\u00e4r att m\u00e4nniskor som lider av demens ska garanteras v\u00e5rd p\u00e5 samma plats som partnern befinner sig. Att \u00e4ldre makar ska garanteras v\u00e5rd tillsammans trots olika v\u00e5rdbehov kan tyckas vara sj\u00e4lvklart f\u00f6r m\u00e5nga, men i dag finns ingen lag som garanterar den r\u00e4ttigheten. Genom att garantera par att f\u00e5 bo och v\u00e5rdas tillsammans kan vi f\u00f6rebygga \u00e5ldersdepression och beh\u00e5lla livsgl\u00e4djen och livskvaliteten f\u00f6r v\u00e5ra \u00e4ldre. Att se och erk\u00e4nna de anh\u00f6rigas betydelse \u00e4r avg\u00f6rande f\u00f6r en god \u00e4ldreomsorg i kommunen.<\/p>\n<p>I Uppsala ska ingen vara r\u00e4dd f\u00f6r att bli gammal.<\/p>\n<p>Ingen ska beh\u00f6va k\u00e4nna att den enda utv\u00e4gen \u00e4r att avsluta sitt liv i f\u00f6rtid! V\u00e5ra \u00e4ldre f\u00f6rtj\u00e4nar en v\u00e4rdig \u00e5lderdom efter att ha levt ett l\u00e5ngt liv. D\u00e4r \u00e4r vi fr\u00e5n den efterkommande generationen ansvariga att se till att detta blir verklighet. Det \u00e4r vi skyldiga v\u00e5ra \u00e4ldre.<\/p>\n<p><strong>Jonas Segersam<\/strong><\/p>\n<p>kommunalr\u00e5d (KD)<\/p>\n<p><strong>Margit Borgstr\u00f6m<\/strong><\/p>\n<p>kommunfullm\u00e4ktigeledamot (KD)<\/p>\n<p>&nbsp;<\/p>\n<p>Artikeln publicerades i UNT 2018-03-05<\/p>\n","protected":false},"excerpt":{"rendered":"<p>SVT:s Agenda uppm\u00e4rksammade nyligen personer som p\u00e5 \u00e5lderns h\u00f6st v\u00e4ljer att avsluta sina liv i f\u00f6rv\u00e4g. Uppskattningsvis v\u00e4ljer en \u00e4ldre person om dagen att ta sitt eget liv. Detta grundar sig i depressioner d\u00e5 man ofta saknar n\u00e4rhet till familj, v\u00e4nner och bekanta. Ett tragiskt och sorgligt symptom p\u00e5 baksidorna av ett V\u00e4lf\u00e4rdssverige till stora <a class=\"read-more-link\" href=\"https:\/\/wp.kristdemokraterna.se\/uppsala\/vara-aldre-fortjanar-en-vardig-alderdom\/\">Read More<\/a><\/p>\n","protected":false},"author":760,"featured_media":0,"comment_status":"closed","ping_status":"closed","sticky":false,"template":"","format":"standard","meta":{"_acf_changed":false,"footnotes":""},"categories":[236],"tags":[],"class_list":["post-2406","post","type-post","status-publish","format-standard","hentry","category-vard-o-omsorg"],"acf":[],"yoast_head":"<!-- This site is optimized with the Yoast SEO plugin v27.4 - https:\/\/yoast.com\/product\/yoast-seo-wordpress\/ -->\n<title>V\u00e5ra \u00e4ldre f\u00f6rtj\u00e4nar en v\u00e4rdig \u00e5lderdom | Kristdemokraterna | Uppsala<\/title>\n<meta name=\"robots\" content=\"index, follow, max-snippet:-1, max-image-preview:large, max-video-preview:-1\" \/>\n<link rel=\"canonical\" href=\"https:\/\/wp.kristdemokraterna.se\/uppsala\/vara-aldre-fortjanar-en-vardig-alderdom\/\" \/>\n<meta property=\"og:locale\" content=\"sv_SE\" \/>\n<meta property=\"og:type\" content=\"article\" \/>\n<meta property=\"og:title\" content=\"V\u00e5ra \u00e4ldre f\u00f6rtj\u00e4nar en v\u00e4rdig \u00e5lderdom | Kristdemokraterna | Uppsala\" \/>\n<meta property=\"og:description\" content=\"SVT:s Agenda uppm\u00e4rksammade nyligen personer som p\u00e5 \u00e5lderns h\u00f6st v\u00e4ljer att avsluta sina liv i f\u00f6rv\u00e4g. Uppskattningsvis v\u00e4ljer en \u00e4ldre person om dagen att ta sitt eget liv. Detta grundar sig i depressioner d\u00e5 man ofta saknar n\u00e4rhet till familj, v\u00e4nner och bekanta. Ett tragiskt och sorgligt symptom p\u00e5 baksidorna av ett V\u00e4lf\u00e4rdssverige till stora Read More\" \/>\n<meta property=\"og:url\" content=\"https:\/\/wp.kristdemokraterna.se\/uppsala\/vara-aldre-fortjanar-en-vardig-alderdom\/\" \/>\n<meta property=\"og:site_name\" content=\"Kristdemokraterna | Uppsala\" \/>\n<meta property=\"article:publisher\" content=\"https:\/\/www.facebook.com\/UppsalaKD\/\" \/>\n<meta property=\"article:published_time\" content=\"2018-03-05T10:21:43+00:00\" \/>\n<meta property=\"article:modified_time\" content=\"2024-04-03T22:29:41+00:00\" \/>\n<meta property=\"og:image\" content=\"https:\/\/wp.kristdemokraterna.se\/uppsala\/files\/2021\/12\/kom1.png\" \/>\n\t<meta property=\"og:image:width\" content=\"770\" \/>\n\t<meta property=\"og:image:height\" content=\"404\" \/>\n\t<meta property=\"og:image:type\" content=\"image\/png\" \/>\n<meta name=\"author\" content=\"victor\" \/>\n<meta name=\"twitter:card\" content=\"summary_large_image\" \/>\n<meta name=\"twitter:label1\" content=\"Skriven av\" \/>\n\t<meta name=\"twitter:data1\" content=\"victor\" \/>\n\t<meta name=\"twitter:label2\" content=\"Ber\u00e4knad l\u00e4stid\" \/>\n\t<meta name=\"twitter:data2\" content=\"4 minuter\" \/>\n<script type=\"application\/ld+json\" class=\"yoast-schema-graph\">{\"@context\":\"https:\\\/\\\/schema.org\",\"@graph\":[{\"@type\":\"Article\",\"@id\":\"https:\\\/\\\/wp.kristdemokraterna.se\\\/uppsala\\\/vara-aldre-fortjanar-en-vardig-alderdom\\\/#article\",\"isPartOf\":{\"@id\":\"https:\\\/\\\/wp.kristdemokraterna.se\\\/uppsala\\\/vara-aldre-fortjanar-en-vardig-alderdom\\\/\"},\"author\":{\"name\":\"victor\",\"@id\":\"https:\\\/\\\/wp.kristdemokraterna.se\\\/uppsala\\\/#\\\/schema\\\/person\\\/76b6a15f208d1b8798c44227309d3a4c\"},\"headline\":\"V\u00e5ra \u00e4ldre f\u00f6rtj\u00e4nar en v\u00e4rdig \u00e5lderdom\",\"datePublished\":\"2018-03-05T10:21:43+00:00\",\"dateModified\":\"2024-04-03T22:29:41+00:00\",\"mainEntityOfPage\":{\"@id\":\"https:\\\/\\\/wp.kristdemokraterna.se\\\/uppsala\\\/vara-aldre-fortjanar-en-vardig-alderdom\\\/\"},\"wordCount\":753,\"publisher\":{\"@id\":\"https:\\\/\\\/wp.kristdemokraterna.se\\\/uppsala\\\/#organization\"},\"articleSection\":[\"V\u00e5rd &amp; omsorg\"],\"inLanguage\":\"sv-SE\"},{\"@type\":\"WebPage\",\"@id\":\"https:\\\/\\\/wp.kristdemokraterna.se\\\/uppsala\\\/vara-aldre-fortjanar-en-vardig-alderdom\\\/\",\"url\":\"https:\\\/\\\/wp.kristdemokraterna.se\\\/uppsala\\\/vara-aldre-fortjanar-en-vardig-alderdom\\\/\",\"name\":\"V\u00e5ra \u00e4ldre f\u00f6rtj\u00e4nar en v\u00e4rdig \u00e5lderdom | Kristdemokraterna | Uppsala\",\"isPartOf\":{\"@id\":\"https:\\\/\\\/wp.kristdemokraterna.se\\\/uppsala\\\/#website\"},\"datePublished\":\"2018-03-05T10:21:43+00:00\",\"dateModified\":\"2024-04-03T22:29:41+00:00\",\"breadcrumb\":{\"@id\":\"https:\\\/\\\/wp.kristdemokraterna.se\\\/uppsala\\\/vara-aldre-fortjanar-en-vardig-alderdom\\\/#breadcrumb\"},\"inLanguage\":\"sv-SE\",\"potentialAction\":[{\"@type\":\"ReadAction\",\"target\":[\"https:\\\/\\\/wp.kristdemokraterna.se\\\/uppsala\\\/vara-aldre-fortjanar-en-vardig-alderdom\\\/\"]}]},{\"@type\":\"BreadcrumbList\",\"@id\":\"https:\\\/\\\/wp.kristdemokraterna.se\\\/uppsala\\\/vara-aldre-fortjanar-en-vardig-alderdom\\\/#breadcrumb\",\"itemListElement\":[{\"@type\":\"ListItem\",\"position\":1,\"name\":\"Hem\",\"item\":\"https:\\\/\\\/wp.kristdemokraterna.se\\\/uppsala\\\/\"},{\"@type\":\"ListItem\",\"position\":2,\"name\":\"V\u00e5ra \u00e4ldre f\u00f6rtj\u00e4nar en v\u00e4rdig \u00e5lderdom\"}]},{\"@type\":\"WebSite\",\"@id\":\"https:\\\/\\\/wp.kristdemokraterna.se\\\/uppsala\\\/#website\",\"url\":\"https:\\\/\\\/wp.kristdemokraterna.se\\\/uppsala\\\/\",\"name\":\"Kristdemokraterna Uppsala\",\"description\":\"Tryggare Uppsala\",\"publisher\":{\"@id\":\"https:\\\/\\\/wp.kristdemokraterna.se\\\/uppsala\\\/#organization\"},\"inLanguage\":\"sv-SE\"},{\"@type\":\"Organization\",\"@id\":\"https:\\\/\\\/wp.kristdemokraterna.se\\\/uppsala\\\/#organization\",\"name\":\"Kristdemokraterna Uppsala\",\"url\":\"https:\\\/\\\/wp.kristdemokraterna.se\\\/uppsala\\\/\",\"logo\":{\"@type\":\"ImageObject\",\"inLanguage\":\"sv-SE\",\"@id\":\"https:\\\/\\\/wp.kristdemokraterna.se\\\/uppsala\\\/#\\\/schema\\\/logo\\\/image\\\/\",\"url\":\"https:\\\/\\\/wp.kristdemokraterna.se\\\/uppsala\\\/files\\\/2019\\\/10\\\/kd-uppsala.png\",\"contentUrl\":\"https:\\\/\\\/wp.kristdemokraterna.se\\\/uppsala\\\/files\\\/2019\\\/10\\\/kd-uppsala.png\",\"width\":804,\"height\":421,\"caption\":\"Kristdemokraterna Uppsala\"},\"image\":{\"@id\":\"https:\\\/\\\/wp.kristdemokraterna.se\\\/uppsala\\\/#\\\/schema\\\/logo\\\/image\\\/\"},\"sameAs\":[\"https:\\\/\\\/www.facebook.com\\\/UppsalaKD\\\/\",\"https:\\\/\\\/www.instagram.com\\\/uppsalakd\\\/\"]},{\"@type\":\"Person\",\"@id\":\"https:\\\/\\\/wp.kristdemokraterna.se\\\/uppsala\\\/#\\\/schema\\\/person\\\/76b6a15f208d1b8798c44227309d3a4c\",\"name\":\"victor\",\"image\":{\"@type\":\"ImageObject\",\"inLanguage\":\"sv-SE\",\"@id\":\"https:\\\/\\\/secure.gravatar.com\\\/avatar\\\/520b4bff4011c28a76670b12c3728306056996363870be3d036f4b72046de1d9?s=96&r=g\",\"url\":\"https:\\\/\\\/secure.gravatar.com\\\/avatar\\\/520b4bff4011c28a76670b12c3728306056996363870be3d036f4b72046de1d9?s=96&r=g\",\"contentUrl\":\"https:\\\/\\\/secure.gravatar.com\\\/avatar\\\/520b4bff4011c28a76670b12c3728306056996363870be3d036f4b72046de1d9?s=96&r=g\",\"caption\":\"victor\"},\"url\":\"https:\\\/\\\/wp.kristdemokraterna.se\\\/uppsala\\\/author\\\/victor\\\/\"}]}<\/script>\n<!-- \/ Yoast SEO plugin. -->","yoast_head_json":{"title":"V\u00e5ra \u00e4ldre f\u00f6rtj\u00e4nar en v\u00e4rdig \u00e5lderdom | Kristdemokraterna | Uppsala","robots":{"index":"index","follow":"follow","max-snippet":"max-snippet:-1","max-image-preview":"max-image-preview:large","max-video-preview":"max-video-preview:-1"},"canonical":"https:\/\/wp.kristdemokraterna.se\/uppsala\/vara-aldre-fortjanar-en-vardig-alderdom\/","og_locale":"sv_SE","og_type":"article","og_title":"V\u00e5ra \u00e4ldre f\u00f6rtj\u00e4nar en v\u00e4rdig \u00e5lderdom | Kristdemokraterna | Uppsala","og_description":"SVT:s Agenda uppm\u00e4rksammade nyligen personer som p\u00e5 \u00e5lderns h\u00f6st v\u00e4ljer att avsluta sina liv i f\u00f6rv\u00e4g. Uppskattningsvis v\u00e4ljer en \u00e4ldre person om dagen att ta sitt eget liv. Detta grundar sig i depressioner d\u00e5 man ofta saknar n\u00e4rhet till familj, v\u00e4nner och bekanta. Ett tragiskt och sorgligt symptom p\u00e5 baksidorna av ett V\u00e4lf\u00e4rdssverige till stora Read More","og_url":"https:\/\/wp.kristdemokraterna.se\/uppsala\/vara-aldre-fortjanar-en-vardig-alderdom\/","og_site_name":"Kristdemokraterna | Uppsala","article_publisher":"https:\/\/www.facebook.com\/UppsalaKD\/","article_published_time":"2018-03-05T10:21:43+00:00","article_modified_time":"2024-04-03T22:29:41+00:00","og_image":[{"width":770,"height":404,"url":"https:\/\/wp.kristdemokraterna.se\/uppsala\/files\/2021\/12\/kom1.png","type":"image\/png"}],"author":"victor","twitter_card":"summary_large_image","twitter_misc":{"Skriven av":"victor","Ber\u00e4knad l\u00e4stid":"4 minuter"},"schema":{"@context":"https:\/\/schema.org","@graph":[{"@type":"Article","@id":"https:\/\/wp.kristdemokraterna.se\/uppsala\/vara-aldre-fortjanar-en-vardig-alderdom\/#article","isPartOf":{"@id":"https:\/\/wp.kristdemokraterna.se\/uppsala\/vara-aldre-fortjanar-en-vardig-alderdom\/"},"author":{"name":"victor","@id":"https:\/\/wp.kristdemokraterna.se\/uppsala\/#\/schema\/person\/76b6a15f208d1b8798c44227309d3a4c"},"headline":"V\u00e5ra \u00e4ldre f\u00f6rtj\u00e4nar en v\u00e4rdig \u00e5lderdom","datePublished":"2018-03-05T10:21:43+00:00","dateModified":"2024-04-03T22:29:41+00:00","mainEntityOfPage":{"@id":"https:\/\/wp.kristdemokraterna.se\/uppsala\/vara-aldre-fortjanar-en-vardig-alderdom\/"},"wordCount":753,"publisher":{"@id":"https:\/\/wp.kristdemokraterna.se\/uppsala\/#organization"},"articleSection":["V\u00e5rd &amp; omsorg"],"inLanguage":"sv-SE"},{"@type":"WebPage","@id":"https:\/\/wp.kristdemokraterna.se\/uppsala\/vara-aldre-fortjanar-en-vardig-alderdom\/","url":"https:\/\/wp.kristdemokraterna.se\/uppsala\/vara-aldre-fortjanar-en-vardig-alderdom\/","name":"V\u00e5ra \u00e4ldre f\u00f6rtj\u00e4nar en v\u00e4rdig \u00e5lderdom | Kristdemokraterna | Uppsala","isPartOf":{"@id":"https:\/\/wp.kristdemokraterna.se\/uppsala\/#website"},"datePublished":"2018-03-05T10:21:43+00:00","dateModified":"2024-04-03T22:29:41+00:00","breadcrumb":{"@id":"https:\/\/wp.kristdemokraterna.se\/uppsala\/vara-aldre-fortjanar-en-vardig-alderdom\/#breadcrumb"},"inLanguage":"sv-SE","potentialAction":[{"@type":"ReadAction","target":["https:\/\/wp.kristdemokraterna.se\/uppsala\/vara-aldre-fortjanar-en-vardig-alderdom\/"]}]},{"@type":"BreadcrumbList","@id":"https:\/\/wp.kristdemokraterna.se\/uppsala\/vara-aldre-fortjanar-en-vardig-alderdom\/#breadcrumb","itemListElement":[{"@type":"ListItem","position":1,"name":"Hem","item":"https:\/\/wp.kristdemokraterna.se\/uppsala\/"},{"@type":"ListItem","position":2,"name":"V\u00e5ra \u00e4ldre f\u00f6rtj\u00e4nar en v\u00e4rdig \u00e5lderdom"}]},{"@type":"WebSite","@id":"https:\/\/wp.kristdemokraterna.se\/uppsala\/#website","url":"https:\/\/wp.kristdemokraterna.se\/uppsala\/","name":"Kristdemokraterna Uppsala","description":"Tryggare Uppsala","publisher":{"@id":"https:\/\/wp.kristdemokraterna.se\/uppsala\/#organization"},"inLanguage":"sv-SE"},{"@type":"Organization","@id":"https:\/\/wp.kristdemokraterna.se\/uppsala\/#organization","name":"Kristdemokraterna Uppsala","url":"https:\/\/wp.kristdemokraterna.se\/uppsala\/","logo":{"@type":"ImageObject","inLanguage":"sv-SE","@id":"https:\/\/wp.kristdemokraterna.se\/uppsala\/#\/schema\/logo\/image\/","url":"https:\/\/wp.kristdemokraterna.se\/uppsala\/files\/2019\/10\/kd-uppsala.png","contentUrl":"https:\/\/wp.kristdemokraterna.se\/uppsala\/files\/2019\/10\/kd-uppsala.png","width":804,"height":421,"caption":"Kristdemokraterna Uppsala"},"image":{"@id":"https:\/\/wp.kristdemokraterna.se\/uppsala\/#\/schema\/logo\/image\/"},"sameAs":["https:\/\/www.facebook.com\/UppsalaKD\/","https:\/\/www.instagram.com\/uppsalakd\/"]},{"@type":"Person","@id":"https:\/\/wp.kristdemokraterna.se\/uppsala\/#\/schema\/person\/76b6a15f208d1b8798c44227309d3a4c","name":"victor","image":{"@type":"ImageObject","inLanguage":"sv-SE","@id":"https:\/\/secure.gravatar.com\/avatar\/520b4bff4011c28a76670b12c3728306056996363870be3d036f4b72046de1d9?s=96&r=g","url":"https:\/\/secure.gravatar.com\/avatar\/520b4bff4011c28a76670b12c3728306056996363870be3d036f4b72046de1d9?s=96&r=g","contentUrl":"https:\/\/secure.gravatar.com\/avatar\/520b4bff4011c28a76670b12c3728306056996363870be3d036f4b72046de1d9?s=96&r=g","caption":"victor"},"url":"https:\/\/wp.kristdemokraterna.se\/uppsala\/author\/victor\/"}]}},"_links":{"self":[{"href":"https:\/\/wp.kristdemokraterna.se\/uppsala\/wp-json\/wp\/v2\/posts\/2406","targetHints":{"allow":["GET"]}}],"collection":[{"href":"https:\/\/wp.kristdemokraterna.se\/uppsala\/wp-json\/wp\/v2\/posts"}],"about":[{"href":"https:\/\/wp.kristdemokraterna.se\/uppsala\/wp-json\/wp\/v2\/types\/post"}],"author":[{"embeddable":true,"href":"https:\/\/wp.kristdemokraterna.se\/uppsala\/wp-json\/wp\/v2\/users\/760"}],"replies":[{"embeddable":true,"href":"https:\/\/wp.kristdemokraterna.se\/uppsala\/wp-json\/wp\/v2\/comments?post=2406"}],"version-history":[{"count":1,"href":"https:\/\/wp.kristdemokraterna.se\/uppsala\/wp-json\/wp\/v2\/posts\/2406\/revisions"}],"predecessor-version":[{"id":2408,"href":"https:\/\/wp.kristdemokraterna.se\/uppsala\/wp-json\/wp\/v2\/posts\/2406\/revisions\/2408"}],"wp:attachment":[{"href":"https:\/\/wp.kristdemokraterna.se\/uppsala\/wp-json\/wp\/v2\/media?parent=2406"}],"wp:term":[{"taxonomy":"category","embeddable":true,"href":"https:\/\/wp.kristdemokraterna.se\/uppsala\/wp-json\/wp\/v2\/categories?post=2406"},{"taxonomy":"post_tag","embeddable":true,"href":"https:\/\/wp.kristdemokraterna.se\/uppsala\/wp-json\/wp\/v2\/tags?post=2406"}],"curies":[{"name":"wp","href":"https:\/\/api.w.org\/{rel}","templated":true}]}}