{"id":2409,"date":"2018-03-05T15:28:26","date_gmt":"2018-03-05T14:28:26","guid":{"rendered":"http:\/\/wp.kristdemokraterna.se\/uppsala\/?p=2409"},"modified":"2024-04-04T00:29:33","modified_gmt":"2024-04-03T22:29:33","slug":"uppsalas-okade-brottslighet-maste-tas-pa-storre-allvar","status":"publish","type":"post","link":"https:\/\/wp.kristdemokraterna.se\/uppsala\/uppsalas-okade-brottslighet-maste-tas-pa-storre-allvar\/","title":{"rendered":"Uppsalas \u00f6kade brottslighet m\u00e5ste tas p\u00e5 st\u00f6rre allvar"},"content":{"rendered":"<p>&nbsp;<\/p>\n<p><span style=\"margin: 0px;font-family: 'Calibri',sans-serif;font-size: 11pt\"><b><span style=\"color: #000000\">Pressmeddelande 2018-03-05<\/span><\/b><\/span><\/p>\n<p>&nbsp;<\/p>\n<p><b><span style=\"color: #000000;font-family: Calibri\">Under helgen har vi f\u00e5tt flera rapporter i media med rubriker som: \u201dMisst\u00e4nkt v\u00e5ldt\u00e4kt i Vals\u00e4tra\u201d, \u201dKvinna \u00f6verfallen i Slottsbacken\u201d och \u201dUppsalapolisen: Problemen har eskalerat\u201d (UNT). Dessa \u00e4r bara ett f\u00e5tal av de tidningsrubriker som vittnar om att antal brott \u00f6kar i Uppsala samtidigt som m\u00e4nniskor i kommunen upplever en allt st\u00f6rre otrygghet. Kristdemokraterna kr\u00e4ver nu att Uppsala kommun s\u00e4tter in fler resurser f\u00f6r att st\u00e4vja den \u00f6kande brottsligheten. <\/span><\/b><\/p>\n<blockquote><p><b><span style=\"color: #000000;font-family: Calibri\">\u00a0&#8211; <\/span><\/b>Vi kan bara konstatera att kommunen inte lever upp till sitt ansvar gentemot kommunens inv\u00e5nare att garantera s\u00e4kerhet och trygghet f\u00f6r alla, s\u00e4ger Jonas Segersam (KD) kommunalr\u00e5d. Flera av de v\u00e5ldt\u00e4kter som media rapporterar om har skett utomhus. D\u00e4rf\u00f6r ser vi ett \u00f6kat behov av att fler poliser och ordningsvakter patrullerar i ett st\u00f6rre omr\u00e5de \u00e4n vad de g\u00f6r idag, forts\u00e4tter Segersam.<\/p><\/blockquote>\n<p><span style=\"color: #000000;font-family: Calibri\">\u00a0<\/span><\/p>\n<p><b><span style=\"color: #000000;font-family: Calibri\">Kristdemokraterna driver sedan tidigare p\u00e5 nationell niv\u00e5 att Sverige ska ha 10 000 fler poliser till \u00e5r 2025. H\u00e4lften av dessa ska snabbutbildas och ha en starkare lokal koppling, som p\u00e5minner om de kommunala ordningsvakter som nu \u00e4ntligen finns p\u00e5 plats i Uppsala. I Uppsala driver Kristdemokraterna tillsammans med Alliansen p\u00e5 f\u00f6r att tills\u00e4tta fler ordningsvakter, p\u00e5 flera platser och att fler trygghetskameror s\u00e4tts upp i omr\u00e5den d\u00e4r behovet \u00e4r som st\u00f6rst.<\/span><\/b><\/p>\n<blockquote><p><b><span style=\"color: #000000;font-family: Calibri\">\u00a0&#8211; <\/span><\/b>Vi kan konstatera att de ordningsvakter som vi har varit med att driva igenom i kommunen har varit en bra satsning p\u00e5 m\u00e5nga s\u00e4tt, men att vi beh\u00f6ver g\u00f6ra mer, s\u00e4ger Segersam. Kristdemokraterna vill utveckla ordningen med ordningsvakter, samordna med alla kommunens anlitade ordningsvakter, och \u00e4ven med exempelvis parkeringsvakterna. Dessutom beh\u00f6ver de patrullera fler omr\u00e5den \u00e4n idag, \u00e4ven sen kv\u00e4ll och natt, t.ex. i Vals\u00e4tra d\u00e4r en av de senaste v\u00e5ldt\u00e4kterna \u00e4gde rum. Vi vet \u00e4ven att kameror i flera fall han ha en preventiv funktion, samtidigt som de \u00e4r en stor hj\u00e4lp att identifiera misst\u00e4nkta g\u00e4rningsm\u00e4n, forts\u00e4tter Segersam.<\/p>\n<p><b><span style=\"color: #000000;font-family: Calibri\">\u00a0&#8211; <\/span><\/b>Vi beh\u00f6ver fr\u00e5n kommunalt h\u00e5ll visa vilka v\u00e4rderingar som vi vill att samh\u00e4llet ska pr\u00e4glas och byggas av. Vi kristdemokrater vill g\u00f6ra v\u00e4rderevolution och har exempelvis lyft fr\u00e5gan om en kommun\u00f6vergripande vaccinationskampanj mot antisemitism. Det m\u00e5ste vara kristallklart vilka v\u00e4rderingar som \u00e4r grundvalen f\u00f6r v\u00e5rt samh\u00e4lle, och att flera av dessa finns det inget f\u00f6rhandlingsutrymme om. Just trygghetsfr\u00e5gan \u00e4r en av v\u00e5ra prioriterade valfr\u00e5gor som vi kommer lyfta s\u00e5 mycket vi kan fram till valdagen 9\/9, avslutar Segersam.<b><\/b><\/p><\/blockquote>\n","protected":false},"excerpt":{"rendered":"<p>&nbsp; Pressmeddelande 2018-03-05 &nbsp; Under helgen har vi f\u00e5tt flera rapporter i media med rubriker som: \u201dMisst\u00e4nkt v\u00e5ldt\u00e4kt i Vals\u00e4tra\u201d, \u201dKvinna \u00f6verfallen i Slottsbacken\u201d och \u201dUppsalapolisen: Problemen har eskalerat\u201d (UNT). Dessa \u00e4r bara ett f\u00e5tal av de tidningsrubriker som vittnar om att antal brott \u00f6kar i Uppsala samtidigt som m\u00e4nniskor i kommunen upplever en allt <a class=\"read-more-link\" href=\"https:\/\/wp.kristdemokraterna.se\/uppsala\/uppsalas-okade-brottslighet-maste-tas-pa-storre-allvar\/\">Read More<\/a><\/p>\n","protected":false},"author":760,"featured_media":2410,"comment_status":"closed","ping_status":"closed","sticky":false,"template":"","format":"standard","meta":{"_acf_changed":false,"footnotes":""},"categories":[249],"tags":[],"class_list":["post-2409","post","type-post","status-publish","format-standard","hentry","category-trygghet-o-sakerhet"],"acf":[],"yoast_head":"<!-- This site is optimized with the Yoast SEO plugin v27.4 - https:\/\/yoast.com\/product\/yoast-seo-wordpress\/ -->\n<title>Uppsalas \u00f6kade brottslighet m\u00e5ste tas p\u00e5 st\u00f6rre allvar | Kristdemokraterna | Uppsala<\/title>\n<meta name=\"robots\" content=\"index, follow, max-snippet:-1, max-image-preview:large, max-video-preview:-1\" \/>\n<link rel=\"canonical\" href=\"https:\/\/wp.kristdemokraterna.se\/uppsala\/uppsalas-okade-brottslighet-maste-tas-pa-storre-allvar\/\" \/>\n<meta property=\"og:locale\" content=\"sv_SE\" \/>\n<meta property=\"og:type\" content=\"article\" \/>\n<meta property=\"og:title\" content=\"Uppsalas \u00f6kade brottslighet m\u00e5ste tas p\u00e5 st\u00f6rre allvar | Kristdemokraterna | Uppsala\" \/>\n<meta property=\"og:description\" content=\"&nbsp; Pressmeddelande 2018-03-05 &nbsp; Under helgen har vi f\u00e5tt flera rapporter i media med rubriker som: \u201dMisst\u00e4nkt v\u00e5ldt\u00e4kt i Vals\u00e4tra\u201d, \u201dKvinna \u00f6verfallen i Slottsbacken\u201d och \u201dUppsalapolisen: Problemen har eskalerat\u201d (UNT). Dessa \u00e4r bara ett f\u00e5tal av de tidningsrubriker som vittnar om att antal brott \u00f6kar i Uppsala samtidigt som m\u00e4nniskor i kommunen upplever en allt Read More\" \/>\n<meta property=\"og:url\" content=\"https:\/\/wp.kristdemokraterna.se\/uppsala\/uppsalas-okade-brottslighet-maste-tas-pa-storre-allvar\/\" \/>\n<meta property=\"og:site_name\" content=\"Kristdemokraterna | Uppsala\" \/>\n<meta property=\"article:publisher\" content=\"https:\/\/www.facebook.com\/UppsalaKD\/\" \/>\n<meta property=\"article:published_time\" content=\"2018-03-05T14:28:26+00:00\" \/>\n<meta property=\"article:modified_time\" content=\"2024-04-03T22:29:33+00:00\" \/>\n<meta property=\"og:image\" content=\"http:\/\/wp.kristdemokraterna.se\/uppsala\/files\/2018\/03\/cumulonimbus-3195687_960_720-e1520260071778.jpg\" \/>\n\t<meta property=\"og:image:width\" content=\"500\" \/>\n\t<meta property=\"og:image:height\" content=\"333\" \/>\n\t<meta property=\"og:image:type\" content=\"image\/jpeg\" \/>\n<meta name=\"author\" content=\"victor\" \/>\n<meta name=\"twitter:card\" content=\"summary_large_image\" \/>\n<meta name=\"twitter:label1\" content=\"Skriven av\" \/>\n\t<meta name=\"twitter:data1\" content=\"victor\" \/>\n\t<meta name=\"twitter:label2\" content=\"Ber\u00e4knad l\u00e4stid\" \/>\n\t<meta name=\"twitter:data2\" content=\"2 minuter\" \/>\n<script type=\"application\/ld+json\" class=\"yoast-schema-graph\">{\"@context\":\"https:\\\/\\\/schema.org\",\"@graph\":[{\"@type\":\"Article\",\"@id\":\"https:\\\/\\\/wp.kristdemokraterna.se\\\/uppsala\\\/uppsalas-okade-brottslighet-maste-tas-pa-storre-allvar\\\/#article\",\"isPartOf\":{\"@id\":\"https:\\\/\\\/wp.kristdemokraterna.se\\\/uppsala\\\/uppsalas-okade-brottslighet-maste-tas-pa-storre-allvar\\\/\"},\"author\":{\"name\":\"victor\",\"@id\":\"https:\\\/\\\/wp.kristdemokraterna.se\\\/uppsala\\\/#\\\/schema\\\/person\\\/76b6a15f208d1b8798c44227309d3a4c\"},\"headline\":\"Uppsalas \u00f6kade brottslighet m\u00e5ste tas p\u00e5 st\u00f6rre allvar\",\"datePublished\":\"2018-03-05T14:28:26+00:00\",\"dateModified\":\"2024-04-03T22:29:33+00:00\",\"mainEntityOfPage\":{\"@id\":\"https:\\\/\\\/wp.kristdemokraterna.se\\\/uppsala\\\/uppsalas-okade-brottslighet-maste-tas-pa-storre-allvar\\\/\"},\"wordCount\":464,\"publisher\":{\"@id\":\"https:\\\/\\\/wp.kristdemokraterna.se\\\/uppsala\\\/#organization\"},\"image\":{\"@id\":\"https:\\\/\\\/wp.kristdemokraterna.se\\\/uppsala\\\/uppsalas-okade-brottslighet-maste-tas-pa-storre-allvar\\\/#primaryimage\"},\"thumbnailUrl\":\"https:\\\/\\\/wp.kristdemokraterna.se\\\/uppsala\\\/files\\\/2018\\\/03\\\/cumulonimbus-3195687_960_720-e1520260071778.jpg\",\"articleSection\":[\"Trygghet &amp; S\u00e4kerhet\"],\"inLanguage\":\"sv-SE\"},{\"@type\":\"WebPage\",\"@id\":\"https:\\\/\\\/wp.kristdemokraterna.se\\\/uppsala\\\/uppsalas-okade-brottslighet-maste-tas-pa-storre-allvar\\\/\",\"url\":\"https:\\\/\\\/wp.kristdemokraterna.se\\\/uppsala\\\/uppsalas-okade-brottslighet-maste-tas-pa-storre-allvar\\\/\",\"name\":\"Uppsalas \u00f6kade brottslighet m\u00e5ste tas p\u00e5 st\u00f6rre allvar | Kristdemokraterna | Uppsala\",\"isPartOf\":{\"@id\":\"https:\\\/\\\/wp.kristdemokraterna.se\\\/uppsala\\\/#website\"},\"primaryImageOfPage\":{\"@id\":\"https:\\\/\\\/wp.kristdemokraterna.se\\\/uppsala\\\/uppsalas-okade-brottslighet-maste-tas-pa-storre-allvar\\\/#primaryimage\"},\"image\":{\"@id\":\"https:\\\/\\\/wp.kristdemokraterna.se\\\/uppsala\\\/uppsalas-okade-brottslighet-maste-tas-pa-storre-allvar\\\/#primaryimage\"},\"thumbnailUrl\":\"https:\\\/\\\/wp.kristdemokraterna.se\\\/uppsala\\\/files\\\/2018\\\/03\\\/cumulonimbus-3195687_960_720-e1520260071778.jpg\",\"datePublished\":\"2018-03-05T14:28:26+00:00\",\"dateModified\":\"2024-04-03T22:29:33+00:00\",\"breadcrumb\":{\"@id\":\"https:\\\/\\\/wp.kristdemokraterna.se\\\/uppsala\\\/uppsalas-okade-brottslighet-maste-tas-pa-storre-allvar\\\/#breadcrumb\"},\"inLanguage\":\"sv-SE\",\"potentialAction\":[{\"@type\":\"ReadAction\",\"target\":[\"https:\\\/\\\/wp.kristdemokraterna.se\\\/uppsala\\\/uppsalas-okade-brottslighet-maste-tas-pa-storre-allvar\\\/\"]}]},{\"@type\":\"ImageObject\",\"inLanguage\":\"sv-SE\",\"@id\":\"https:\\\/\\\/wp.kristdemokraterna.se\\\/uppsala\\\/uppsalas-okade-brottslighet-maste-tas-pa-storre-allvar\\\/#primaryimage\",\"url\":\"https:\\\/\\\/wp.kristdemokraterna.se\\\/uppsala\\\/files\\\/2018\\\/03\\\/cumulonimbus-3195687_960_720-e1520260071778.jpg\",\"contentUrl\":\"https:\\\/\\\/wp.kristdemokraterna.se\\\/uppsala\\\/files\\\/2018\\\/03\\\/cumulonimbus-3195687_960_720-e1520260071778.jpg\",\"width\":500,\"height\":333},{\"@type\":\"BreadcrumbList\",\"@id\":\"https:\\\/\\\/wp.kristdemokraterna.se\\\/uppsala\\\/uppsalas-okade-brottslighet-maste-tas-pa-storre-allvar\\\/#breadcrumb\",\"itemListElement\":[{\"@type\":\"ListItem\",\"position\":1,\"name\":\"Hem\",\"item\":\"https:\\\/\\\/wp.kristdemokraterna.se\\\/uppsala\\\/\"},{\"@type\":\"ListItem\",\"position\":2,\"name\":\"Uppsalas \u00f6kade brottslighet m\u00e5ste tas p\u00e5 st\u00f6rre allvar\"}]},{\"@type\":\"WebSite\",\"@id\":\"https:\\\/\\\/wp.kristdemokraterna.se\\\/uppsala\\\/#website\",\"url\":\"https:\\\/\\\/wp.kristdemokraterna.se\\\/uppsala\\\/\",\"name\":\"Kristdemokraterna Uppsala\",\"description\":\"Tryggare Uppsala\",\"publisher\":{\"@id\":\"https:\\\/\\\/wp.kristdemokraterna.se\\\/uppsala\\\/#organization\"},\"inLanguage\":\"sv-SE\"},{\"@type\":\"Organization\",\"@id\":\"https:\\\/\\\/wp.kristdemokraterna.se\\\/uppsala\\\/#organization\",\"name\":\"Kristdemokraterna Uppsala\",\"url\":\"https:\\\/\\\/wp.kristdemokraterna.se\\\/uppsala\\\/\",\"logo\":{\"@type\":\"ImageObject\",\"inLanguage\":\"sv-SE\",\"@id\":\"https:\\\/\\\/wp.kristdemokraterna.se\\\/uppsala\\\/#\\\/schema\\\/logo\\\/image\\\/\",\"url\":\"https:\\\/\\\/wp.kristdemokraterna.se\\\/uppsala\\\/files\\\/2019\\\/10\\\/kd-uppsala.png\",\"contentUrl\":\"https:\\\/\\\/wp.kristdemokraterna.se\\\/uppsala\\\/files\\\/2019\\\/10\\\/kd-uppsala.png\",\"width\":804,\"height\":421,\"caption\":\"Kristdemokraterna Uppsala\"},\"image\":{\"@id\":\"https:\\\/\\\/wp.kristdemokraterna.se\\\/uppsala\\\/#\\\/schema\\\/logo\\\/image\\\/\"},\"sameAs\":[\"https:\\\/\\\/www.facebook.com\\\/UppsalaKD\\\/\",\"https:\\\/\\\/www.instagram.com\\\/uppsalakd\\\/\"]},{\"@type\":\"Person\",\"@id\":\"https:\\\/\\\/wp.kristdemokraterna.se\\\/uppsala\\\/#\\\/schema\\\/person\\\/76b6a15f208d1b8798c44227309d3a4c\",\"name\":\"victor\",\"image\":{\"@type\":\"ImageObject\",\"inLanguage\":\"sv-SE\",\"@id\":\"https:\\\/\\\/secure.gravatar.com\\\/avatar\\\/520b4bff4011c28a76670b12c3728306056996363870be3d036f4b72046de1d9?s=96&r=g\",\"url\":\"https:\\\/\\\/secure.gravatar.com\\\/avatar\\\/520b4bff4011c28a76670b12c3728306056996363870be3d036f4b72046de1d9?s=96&r=g\",\"contentUrl\":\"https:\\\/\\\/secure.gravatar.com\\\/avatar\\\/520b4bff4011c28a76670b12c3728306056996363870be3d036f4b72046de1d9?s=96&r=g\",\"caption\":\"victor\"},\"url\":\"https:\\\/\\\/wp.kristdemokraterna.se\\\/uppsala\\\/author\\\/victor\\\/\"}]}<\/script>\n<!-- \/ Yoast SEO plugin. -->","yoast_head_json":{"title":"Uppsalas \u00f6kade brottslighet m\u00e5ste tas p\u00e5 st\u00f6rre allvar | Kristdemokraterna | Uppsala","robots":{"index":"index","follow":"follow","max-snippet":"max-snippet:-1","max-image-preview":"max-image-preview:large","max-video-preview":"max-video-preview:-1"},"canonical":"https:\/\/wp.kristdemokraterna.se\/uppsala\/uppsalas-okade-brottslighet-maste-tas-pa-storre-allvar\/","og_locale":"sv_SE","og_type":"article","og_title":"Uppsalas \u00f6kade brottslighet m\u00e5ste tas p\u00e5 st\u00f6rre allvar | Kristdemokraterna | Uppsala","og_description":"&nbsp; Pressmeddelande 2018-03-05 &nbsp; Under helgen har vi f\u00e5tt flera rapporter i media med rubriker som: \u201dMisst\u00e4nkt v\u00e5ldt\u00e4kt i Vals\u00e4tra\u201d, \u201dKvinna \u00f6verfallen i Slottsbacken\u201d och \u201dUppsalapolisen: Problemen har eskalerat\u201d (UNT). Dessa \u00e4r bara ett f\u00e5tal av de tidningsrubriker som vittnar om att antal brott \u00f6kar i Uppsala samtidigt som m\u00e4nniskor i kommunen upplever en allt Read More","og_url":"https:\/\/wp.kristdemokraterna.se\/uppsala\/uppsalas-okade-brottslighet-maste-tas-pa-storre-allvar\/","og_site_name":"Kristdemokraterna | Uppsala","article_publisher":"https:\/\/www.facebook.com\/UppsalaKD\/","article_published_time":"2018-03-05T14:28:26+00:00","article_modified_time":"2024-04-03T22:29:33+00:00","og_image":[{"width":500,"height":333,"url":"http:\/\/wp.kristdemokraterna.se\/uppsala\/files\/2018\/03\/cumulonimbus-3195687_960_720-e1520260071778.jpg","type":"image\/jpeg"}],"author":"victor","twitter_card":"summary_large_image","twitter_misc":{"Skriven av":"victor","Ber\u00e4knad l\u00e4stid":"2 minuter"},"schema":{"@context":"https:\/\/schema.org","@graph":[{"@type":"Article","@id":"https:\/\/wp.kristdemokraterna.se\/uppsala\/uppsalas-okade-brottslighet-maste-tas-pa-storre-allvar\/#article","isPartOf":{"@id":"https:\/\/wp.kristdemokraterna.se\/uppsala\/uppsalas-okade-brottslighet-maste-tas-pa-storre-allvar\/"},"author":{"name":"victor","@id":"https:\/\/wp.kristdemokraterna.se\/uppsala\/#\/schema\/person\/76b6a15f208d1b8798c44227309d3a4c"},"headline":"Uppsalas \u00f6kade brottslighet m\u00e5ste tas p\u00e5 st\u00f6rre allvar","datePublished":"2018-03-05T14:28:26+00:00","dateModified":"2024-04-03T22:29:33+00:00","mainEntityOfPage":{"@id":"https:\/\/wp.kristdemokraterna.se\/uppsala\/uppsalas-okade-brottslighet-maste-tas-pa-storre-allvar\/"},"wordCount":464,"publisher":{"@id":"https:\/\/wp.kristdemokraterna.se\/uppsala\/#organization"},"image":{"@id":"https:\/\/wp.kristdemokraterna.se\/uppsala\/uppsalas-okade-brottslighet-maste-tas-pa-storre-allvar\/#primaryimage"},"thumbnailUrl":"https:\/\/wp.kristdemokraterna.se\/uppsala\/files\/2018\/03\/cumulonimbus-3195687_960_720-e1520260071778.jpg","articleSection":["Trygghet &amp; S\u00e4kerhet"],"inLanguage":"sv-SE"},{"@type":"WebPage","@id":"https:\/\/wp.kristdemokraterna.se\/uppsala\/uppsalas-okade-brottslighet-maste-tas-pa-storre-allvar\/","url":"https:\/\/wp.kristdemokraterna.se\/uppsala\/uppsalas-okade-brottslighet-maste-tas-pa-storre-allvar\/","name":"Uppsalas \u00f6kade brottslighet m\u00e5ste tas p\u00e5 st\u00f6rre allvar | Kristdemokraterna | Uppsala","isPartOf":{"@id":"https:\/\/wp.kristdemokraterna.se\/uppsala\/#website"},"primaryImageOfPage":{"@id":"https:\/\/wp.kristdemokraterna.se\/uppsala\/uppsalas-okade-brottslighet-maste-tas-pa-storre-allvar\/#primaryimage"},"image":{"@id":"https:\/\/wp.kristdemokraterna.se\/uppsala\/uppsalas-okade-brottslighet-maste-tas-pa-storre-allvar\/#primaryimage"},"thumbnailUrl":"https:\/\/wp.kristdemokraterna.se\/uppsala\/files\/2018\/03\/cumulonimbus-3195687_960_720-e1520260071778.jpg","datePublished":"2018-03-05T14:28:26+00:00","dateModified":"2024-04-03T22:29:33+00:00","breadcrumb":{"@id":"https:\/\/wp.kristdemokraterna.se\/uppsala\/uppsalas-okade-brottslighet-maste-tas-pa-storre-allvar\/#breadcrumb"},"inLanguage":"sv-SE","potentialAction":[{"@type":"ReadAction","target":["https:\/\/wp.kristdemokraterna.se\/uppsala\/uppsalas-okade-brottslighet-maste-tas-pa-storre-allvar\/"]}]},{"@type":"ImageObject","inLanguage":"sv-SE","@id":"https:\/\/wp.kristdemokraterna.se\/uppsala\/uppsalas-okade-brottslighet-maste-tas-pa-storre-allvar\/#primaryimage","url":"https:\/\/wp.kristdemokraterna.se\/uppsala\/files\/2018\/03\/cumulonimbus-3195687_960_720-e1520260071778.jpg","contentUrl":"https:\/\/wp.kristdemokraterna.se\/uppsala\/files\/2018\/03\/cumulonimbus-3195687_960_720-e1520260071778.jpg","width":500,"height":333},{"@type":"BreadcrumbList","@id":"https:\/\/wp.kristdemokraterna.se\/uppsala\/uppsalas-okade-brottslighet-maste-tas-pa-storre-allvar\/#breadcrumb","itemListElement":[{"@type":"ListItem","position":1,"name":"Hem","item":"https:\/\/wp.kristdemokraterna.se\/uppsala\/"},{"@type":"ListItem","position":2,"name":"Uppsalas \u00f6kade brottslighet m\u00e5ste tas p\u00e5 st\u00f6rre allvar"}]},{"@type":"WebSite","@id":"https:\/\/wp.kristdemokraterna.se\/uppsala\/#website","url":"https:\/\/wp.kristdemokraterna.se\/uppsala\/","name":"Kristdemokraterna Uppsala","description":"Tryggare Uppsala","publisher":{"@id":"https:\/\/wp.kristdemokraterna.se\/uppsala\/#organization"},"inLanguage":"sv-SE"},{"@type":"Organization","@id":"https:\/\/wp.kristdemokraterna.se\/uppsala\/#organization","name":"Kristdemokraterna Uppsala","url":"https:\/\/wp.kristdemokraterna.se\/uppsala\/","logo":{"@type":"ImageObject","inLanguage":"sv-SE","@id":"https:\/\/wp.kristdemokraterna.se\/uppsala\/#\/schema\/logo\/image\/","url":"https:\/\/wp.kristdemokraterna.se\/uppsala\/files\/2019\/10\/kd-uppsala.png","contentUrl":"https:\/\/wp.kristdemokraterna.se\/uppsala\/files\/2019\/10\/kd-uppsala.png","width":804,"height":421,"caption":"Kristdemokraterna Uppsala"},"image":{"@id":"https:\/\/wp.kristdemokraterna.se\/uppsala\/#\/schema\/logo\/image\/"},"sameAs":["https:\/\/www.facebook.com\/UppsalaKD\/","https:\/\/www.instagram.com\/uppsalakd\/"]},{"@type":"Person","@id":"https:\/\/wp.kristdemokraterna.se\/uppsala\/#\/schema\/person\/76b6a15f208d1b8798c44227309d3a4c","name":"victor","image":{"@type":"ImageObject","inLanguage":"sv-SE","@id":"https:\/\/secure.gravatar.com\/avatar\/520b4bff4011c28a76670b12c3728306056996363870be3d036f4b72046de1d9?s=96&r=g","url":"https:\/\/secure.gravatar.com\/avatar\/520b4bff4011c28a76670b12c3728306056996363870be3d036f4b72046de1d9?s=96&r=g","contentUrl":"https:\/\/secure.gravatar.com\/avatar\/520b4bff4011c28a76670b12c3728306056996363870be3d036f4b72046de1d9?s=96&r=g","caption":"victor"},"url":"https:\/\/wp.kristdemokraterna.se\/uppsala\/author\/victor\/"}]}},"_links":{"self":[{"href":"https:\/\/wp.kristdemokraterna.se\/uppsala\/wp-json\/wp\/v2\/posts\/2409","targetHints":{"allow":["GET"]}}],"collection":[{"href":"https:\/\/wp.kristdemokraterna.se\/uppsala\/wp-json\/wp\/v2\/posts"}],"about":[{"href":"https:\/\/wp.kristdemokraterna.se\/uppsala\/wp-json\/wp\/v2\/types\/post"}],"author":[{"embeddable":true,"href":"https:\/\/wp.kristdemokraterna.se\/uppsala\/wp-json\/wp\/v2\/users\/760"}],"replies":[{"embeddable":true,"href":"https:\/\/wp.kristdemokraterna.se\/uppsala\/wp-json\/wp\/v2\/comments?post=2409"}],"version-history":[{"count":1,"href":"https:\/\/wp.kristdemokraterna.se\/uppsala\/wp-json\/wp\/v2\/posts\/2409\/revisions"}],"predecessor-version":[{"id":2411,"href":"https:\/\/wp.kristdemokraterna.se\/uppsala\/wp-json\/wp\/v2\/posts\/2409\/revisions\/2411"}],"wp:featuredmedia":[{"embeddable":true,"href":"https:\/\/wp.kristdemokraterna.se\/uppsala\/wp-json\/wp\/v2\/media\/2410"}],"wp:attachment":[{"href":"https:\/\/wp.kristdemokraterna.se\/uppsala\/wp-json\/wp\/v2\/media?parent=2409"}],"wp:term":[{"taxonomy":"category","embeddable":true,"href":"https:\/\/wp.kristdemokraterna.se\/uppsala\/wp-json\/wp\/v2\/categories?post=2409"},{"taxonomy":"post_tag","embeddable":true,"href":"https:\/\/wp.kristdemokraterna.se\/uppsala\/wp-json\/wp\/v2\/tags?post=2409"}],"curies":[{"name":"wp","href":"https:\/\/api.w.org\/{rel}","templated":true}]}}