{"id":2431,"date":"2018-03-22T09:26:57","date_gmt":"2018-03-22T08:26:57","guid":{"rendered":"http:\/\/wp.kristdemokraterna.se\/uppsala\/?p=2431"},"modified":"2024-04-04T01:00:46","modified_gmt":"2024-04-03T23:00:46","slug":"kristdemokraterna-sager-nej-till-fordubblad-budget-for-konstmuseet","status":"publish","type":"post","link":"https:\/\/wp.kristdemokraterna.se\/uppsala\/kristdemokraterna-sager-nej-till-fordubblad-budget-for-konstmuseet\/","title":{"rendered":"Kristdemokraterna s\u00e4ger nej till f\u00f6rdubblad budget f\u00f6r konstmuseet"},"content":{"rendered":"<h4>Idag har majoriteten presenterat sina id\u00e9er f\u00f6r ett nytt konstmuseum, vilket inneb\u00e4r en f\u00f6rdubblad yta och d\u00e4rmed f\u00f6rdubblade kostnader. Vi kristdemokrater s\u00e4ger nej till att satsa s\u00e5 mycket mer p\u00e5 ett konstmuseum i Uppsala, och tror att vi genom b\u00e4ttre samordning kan frig\u00f6ra resurser och \u00e4nd\u00e5 f\u00e5 en b\u00e4ttre verksamhet.<\/h4>\n<blockquote><p>\u00a0&#8211; Vi har precis skickat in en motion d\u00e4r vi f\u00f6resl\u00e5r en sammanslagning av konstmuseet och Upplandsmuseet, samt flera andra f\u00f6rslag som kan frig\u00f6ra resurser, och \u00e4ven p\u00e5 sikt f\u00e5 en konsthall f\u00f6r modern konst p\u00e5 plats i centrala Uppsala. Vi \u00e4r dock tveksamma att l\u00e4gga mer pengar p\u00e5 en redan dyr verksamhet samtidigt som vi ser utmaningar b\u00e5de p\u00e5 trygghetsomr\u00e5det och inom \u00e4ldreomsorgen i Uppsala, s\u00e4ger kommunalr\u00e5d Jonas Segersam (KD)<\/p><\/blockquote>\n<blockquote><p>&#8211; P\u00e5 museiomr\u00e5det \u00e4r inte den viktigaste fr\u00e5gan att f\u00f6rdubbla just konstmuseet utan i st\u00e4llet att utnyttja resurserna b\u00e4ttre och i samarbetet med staten och Region Uppsala f\u00e5 ut mest m\u00f6jlig effekt f\u00f6r Uppsalaborna och bes\u00f6ksn\u00e4ringen. Av Statens 25 Centralmus\u00e9er ligger 22 i Stockholmsregionen och inget i Uppsala, n\u00e5got som vi b\u00f6r hj\u00e4lpas \u00e5t att p\u00e5tala skevheten i, forts\u00e4tter Jonas Segersam.<\/p><\/blockquote>\n<p>Bj\u00f6rn-Owe Bj\u00f6rk, partiets Regionsr\u00e5dskandidat och ledamot i regionfullm\u00e4ktige har redan lagt en liknande motion d\u00e4r.<\/p>\n<blockquote><p>&#8211; Jag ser positivt p\u00e5 ett ut\u00f6kat samarbete mellan Region Uppsala och Uppsala kommun p\u00e5 museiomr\u00e5det. Vi beh\u00f6ver hj\u00e4lpas \u00e5t att samordna resurserna och utveckla bes\u00f6ksn\u00e4ringen i Uppsala l\u00e4n, s\u00e4ger han.<\/p><\/blockquote>\n","protected":false},"excerpt":{"rendered":"<p>Idag har majoriteten presenterat sina id\u00e9er f\u00f6r ett nytt konstmuseum, vilket inneb\u00e4r en f\u00f6rdubblad yta och d\u00e4rmed f\u00f6rdubblade kostnader. Vi kristdemokrater s\u00e4ger nej till att satsa s\u00e5 mycket mer p\u00e5 ett konstmuseum i Uppsala, och tror att vi genom b\u00e4ttre samordning kan frig\u00f6ra resurser och \u00e4nd\u00e5 f\u00e5 en b\u00e4ttre verksamhet. \u00a0&#8211; Vi har precis skickat <a class=\"read-more-link\" href=\"https:\/\/wp.kristdemokraterna.se\/uppsala\/kristdemokraterna-sager-nej-till-fordubblad-budget-for-konstmuseet\/\">Read More<\/a><\/p>\n","protected":false},"author":760,"featured_media":2432,"comment_status":"closed","ping_status":"closed","sticky":false,"template":"","format":"standard","meta":{"_acf_changed":false,"footnotes":""},"categories":[251],"tags":[],"class_list":["post-2431","post","type-post","status-publish","format-standard","hentry","category-kultur-o-fritid"],"acf":[],"yoast_head":"<!-- This site is optimized with the Yoast SEO plugin v27.4 - https:\/\/yoast.com\/product\/yoast-seo-wordpress\/ -->\n<title>Kristdemokraterna s\u00e4ger nej till f\u00f6rdubblad budget f\u00f6r konstmuseet | Kristdemokraterna | Uppsala<\/title>\n<meta name=\"robots\" content=\"index, follow, max-snippet:-1, max-image-preview:large, max-video-preview:-1\" \/>\n<link rel=\"canonical\" href=\"https:\/\/wp.kristdemokraterna.se\/uppsala\/kristdemokraterna-sager-nej-till-fordubblad-budget-for-konstmuseet\/\" \/>\n<meta property=\"og:locale\" content=\"sv_SE\" \/>\n<meta property=\"og:type\" content=\"article\" \/>\n<meta property=\"og:title\" content=\"Kristdemokraterna s\u00e4ger nej till f\u00f6rdubblad budget f\u00f6r konstmuseet | Kristdemokraterna | Uppsala\" \/>\n<meta property=\"og:description\" content=\"Idag har majoriteten presenterat sina id\u00e9er f\u00f6r ett nytt konstmuseum, vilket inneb\u00e4r en f\u00f6rdubblad yta och d\u00e4rmed f\u00f6rdubblade kostnader. Vi kristdemokrater s\u00e4ger nej till att satsa s\u00e5 mycket mer p\u00e5 ett konstmuseum i Uppsala, och tror att vi genom b\u00e4ttre samordning kan frig\u00f6ra resurser och \u00e4nd\u00e5 f\u00e5 en b\u00e4ttre verksamhet. \u00a0&#8211; Vi har precis skickat Read More\" \/>\n<meta property=\"og:url\" content=\"https:\/\/wp.kristdemokraterna.se\/uppsala\/kristdemokraterna-sager-nej-till-fordubblad-budget-for-konstmuseet\/\" \/>\n<meta property=\"og:site_name\" content=\"Kristdemokraterna | Uppsala\" \/>\n<meta property=\"article:publisher\" content=\"https:\/\/www.facebook.com\/UppsalaKD\/\" \/>\n<meta property=\"article:published_time\" content=\"2018-03-22T08:26:57+00:00\" \/>\n<meta property=\"article:modified_time\" content=\"2024-04-03T23:00:46+00:00\" \/>\n<meta property=\"og:image\" content=\"http:\/\/wp.kristdemokraterna.se\/uppsala\/files\/2018\/03\/brushes-3129361_1280-e1521707178210.jpg\" \/>\n\t<meta property=\"og:image:width\" content=\"749\" \/>\n\t<meta property=\"og:image:height\" content=\"500\" \/>\n\t<meta property=\"og:image:type\" content=\"image\/jpeg\" \/>\n<meta name=\"author\" content=\"victor\" \/>\n<meta name=\"twitter:card\" content=\"summary_large_image\" \/>\n<meta name=\"twitter:label1\" content=\"Skriven av\" \/>\n\t<meta name=\"twitter:data1\" content=\"victor\" \/>\n\t<meta name=\"twitter:label2\" content=\"Ber\u00e4knad l\u00e4stid\" \/>\n\t<meta name=\"twitter:data2\" content=\"1 minut\" \/>\n<script type=\"application\/ld+json\" class=\"yoast-schema-graph\">{\"@context\":\"https:\\\/\\\/schema.org\",\"@graph\":[{\"@type\":\"Article\",\"@id\":\"https:\\\/\\\/wp.kristdemokraterna.se\\\/uppsala\\\/kristdemokraterna-sager-nej-till-fordubblad-budget-for-konstmuseet\\\/#article\",\"isPartOf\":{\"@id\":\"https:\\\/\\\/wp.kristdemokraterna.se\\\/uppsala\\\/kristdemokraterna-sager-nej-till-fordubblad-budget-for-konstmuseet\\\/\"},\"author\":{\"name\":\"victor\",\"@id\":\"https:\\\/\\\/wp.kristdemokraterna.se\\\/uppsala\\\/#\\\/schema\\\/person\\\/76b6a15f208d1b8798c44227309d3a4c\"},\"headline\":\"Kristdemokraterna s\u00e4ger nej till f\u00f6rdubblad budget f\u00f6r konstmuseet\",\"datePublished\":\"2018-03-22T08:26:57+00:00\",\"dateModified\":\"2024-04-03T23:00:46+00:00\",\"mainEntityOfPage\":{\"@id\":\"https:\\\/\\\/wp.kristdemokraterna.se\\\/uppsala\\\/kristdemokraterna-sager-nej-till-fordubblad-budget-for-konstmuseet\\\/\"},\"wordCount\":286,\"publisher\":{\"@id\":\"https:\\\/\\\/wp.kristdemokraterna.se\\\/uppsala\\\/#organization\"},\"image\":{\"@id\":\"https:\\\/\\\/wp.kristdemokraterna.se\\\/uppsala\\\/kristdemokraterna-sager-nej-till-fordubblad-budget-for-konstmuseet\\\/#primaryimage\"},\"thumbnailUrl\":\"https:\\\/\\\/wp.kristdemokraterna.se\\\/uppsala\\\/files\\\/2018\\\/03\\\/brushes-3129361_1280-e1521707178210.jpg\",\"articleSection\":[\"Kultur &amp; Fritid\"],\"inLanguage\":\"sv-SE\"},{\"@type\":\"WebPage\",\"@id\":\"https:\\\/\\\/wp.kristdemokraterna.se\\\/uppsala\\\/kristdemokraterna-sager-nej-till-fordubblad-budget-for-konstmuseet\\\/\",\"url\":\"https:\\\/\\\/wp.kristdemokraterna.se\\\/uppsala\\\/kristdemokraterna-sager-nej-till-fordubblad-budget-for-konstmuseet\\\/\",\"name\":\"Kristdemokraterna s\u00e4ger nej till f\u00f6rdubblad budget f\u00f6r konstmuseet | Kristdemokraterna | Uppsala\",\"isPartOf\":{\"@id\":\"https:\\\/\\\/wp.kristdemokraterna.se\\\/uppsala\\\/#website\"},\"primaryImageOfPage\":{\"@id\":\"https:\\\/\\\/wp.kristdemokraterna.se\\\/uppsala\\\/kristdemokraterna-sager-nej-till-fordubblad-budget-for-konstmuseet\\\/#primaryimage\"},\"image\":{\"@id\":\"https:\\\/\\\/wp.kristdemokraterna.se\\\/uppsala\\\/kristdemokraterna-sager-nej-till-fordubblad-budget-for-konstmuseet\\\/#primaryimage\"},\"thumbnailUrl\":\"https:\\\/\\\/wp.kristdemokraterna.se\\\/uppsala\\\/files\\\/2018\\\/03\\\/brushes-3129361_1280-e1521707178210.jpg\",\"datePublished\":\"2018-03-22T08:26:57+00:00\",\"dateModified\":\"2024-04-03T23:00:46+00:00\",\"breadcrumb\":{\"@id\":\"https:\\\/\\\/wp.kristdemokraterna.se\\\/uppsala\\\/kristdemokraterna-sager-nej-till-fordubblad-budget-for-konstmuseet\\\/#breadcrumb\"},\"inLanguage\":\"sv-SE\",\"potentialAction\":[{\"@type\":\"ReadAction\",\"target\":[\"https:\\\/\\\/wp.kristdemokraterna.se\\\/uppsala\\\/kristdemokraterna-sager-nej-till-fordubblad-budget-for-konstmuseet\\\/\"]}]},{\"@type\":\"ImageObject\",\"inLanguage\":\"sv-SE\",\"@id\":\"https:\\\/\\\/wp.kristdemokraterna.se\\\/uppsala\\\/kristdemokraterna-sager-nej-till-fordubblad-budget-for-konstmuseet\\\/#primaryimage\",\"url\":\"https:\\\/\\\/wp.kristdemokraterna.se\\\/uppsala\\\/files\\\/2018\\\/03\\\/brushes-3129361_1280-e1521707178210.jpg\",\"contentUrl\":\"https:\\\/\\\/wp.kristdemokraterna.se\\\/uppsala\\\/files\\\/2018\\\/03\\\/brushes-3129361_1280-e1521707178210.jpg\",\"width\":749,\"height\":500},{\"@type\":\"BreadcrumbList\",\"@id\":\"https:\\\/\\\/wp.kristdemokraterna.se\\\/uppsala\\\/kristdemokraterna-sager-nej-till-fordubblad-budget-for-konstmuseet\\\/#breadcrumb\",\"itemListElement\":[{\"@type\":\"ListItem\",\"position\":1,\"name\":\"Hem\",\"item\":\"https:\\\/\\\/wp.kristdemokraterna.se\\\/uppsala\\\/\"},{\"@type\":\"ListItem\",\"position\":2,\"name\":\"Kristdemokraterna s\u00e4ger nej till f\u00f6rdubblad budget f\u00f6r konstmuseet\"}]},{\"@type\":\"WebSite\",\"@id\":\"https:\\\/\\\/wp.kristdemokraterna.se\\\/uppsala\\\/#website\",\"url\":\"https:\\\/\\\/wp.kristdemokraterna.se\\\/uppsala\\\/\",\"name\":\"Kristdemokraterna Uppsala\",\"description\":\"Tryggare Uppsala\",\"publisher\":{\"@id\":\"https:\\\/\\\/wp.kristdemokraterna.se\\\/uppsala\\\/#organization\"},\"inLanguage\":\"sv-SE\"},{\"@type\":\"Organization\",\"@id\":\"https:\\\/\\\/wp.kristdemokraterna.se\\\/uppsala\\\/#organization\",\"name\":\"Kristdemokraterna Uppsala\",\"url\":\"https:\\\/\\\/wp.kristdemokraterna.se\\\/uppsala\\\/\",\"logo\":{\"@type\":\"ImageObject\",\"inLanguage\":\"sv-SE\",\"@id\":\"https:\\\/\\\/wp.kristdemokraterna.se\\\/uppsala\\\/#\\\/schema\\\/logo\\\/image\\\/\",\"url\":\"https:\\\/\\\/wp.kristdemokraterna.se\\\/uppsala\\\/files\\\/2019\\\/10\\\/kd-uppsala.png\",\"contentUrl\":\"https:\\\/\\\/wp.kristdemokraterna.se\\\/uppsala\\\/files\\\/2019\\\/10\\\/kd-uppsala.png\",\"width\":804,\"height\":421,\"caption\":\"Kristdemokraterna Uppsala\"},\"image\":{\"@id\":\"https:\\\/\\\/wp.kristdemokraterna.se\\\/uppsala\\\/#\\\/schema\\\/logo\\\/image\\\/\"},\"sameAs\":[\"https:\\\/\\\/www.facebook.com\\\/UppsalaKD\\\/\",\"https:\\\/\\\/www.instagram.com\\\/uppsalakd\\\/\"]},{\"@type\":\"Person\",\"@id\":\"https:\\\/\\\/wp.kristdemokraterna.se\\\/uppsala\\\/#\\\/schema\\\/person\\\/76b6a15f208d1b8798c44227309d3a4c\",\"name\":\"victor\",\"image\":{\"@type\":\"ImageObject\",\"inLanguage\":\"sv-SE\",\"@id\":\"https:\\\/\\\/secure.gravatar.com\\\/avatar\\\/520b4bff4011c28a76670b12c3728306056996363870be3d036f4b72046de1d9?s=96&r=g\",\"url\":\"https:\\\/\\\/secure.gravatar.com\\\/avatar\\\/520b4bff4011c28a76670b12c3728306056996363870be3d036f4b72046de1d9?s=96&r=g\",\"contentUrl\":\"https:\\\/\\\/secure.gravatar.com\\\/avatar\\\/520b4bff4011c28a76670b12c3728306056996363870be3d036f4b72046de1d9?s=96&r=g\",\"caption\":\"victor\"},\"url\":\"https:\\\/\\\/wp.kristdemokraterna.se\\\/uppsala\\\/author\\\/victor\\\/\"}]}<\/script>\n<!-- \/ Yoast SEO plugin. -->","yoast_head_json":{"title":"Kristdemokraterna s\u00e4ger nej till f\u00f6rdubblad budget f\u00f6r konstmuseet | Kristdemokraterna | Uppsala","robots":{"index":"index","follow":"follow","max-snippet":"max-snippet:-1","max-image-preview":"max-image-preview:large","max-video-preview":"max-video-preview:-1"},"canonical":"https:\/\/wp.kristdemokraterna.se\/uppsala\/kristdemokraterna-sager-nej-till-fordubblad-budget-for-konstmuseet\/","og_locale":"sv_SE","og_type":"article","og_title":"Kristdemokraterna s\u00e4ger nej till f\u00f6rdubblad budget f\u00f6r konstmuseet | Kristdemokraterna | Uppsala","og_description":"Idag har majoriteten presenterat sina id\u00e9er f\u00f6r ett nytt konstmuseum, vilket inneb\u00e4r en f\u00f6rdubblad yta och d\u00e4rmed f\u00f6rdubblade kostnader. Vi kristdemokrater s\u00e4ger nej till att satsa s\u00e5 mycket mer p\u00e5 ett konstmuseum i Uppsala, och tror att vi genom b\u00e4ttre samordning kan frig\u00f6ra resurser och \u00e4nd\u00e5 f\u00e5 en b\u00e4ttre verksamhet. \u00a0&#8211; Vi har precis skickat Read More","og_url":"https:\/\/wp.kristdemokraterna.se\/uppsala\/kristdemokraterna-sager-nej-till-fordubblad-budget-for-konstmuseet\/","og_site_name":"Kristdemokraterna | Uppsala","article_publisher":"https:\/\/www.facebook.com\/UppsalaKD\/","article_published_time":"2018-03-22T08:26:57+00:00","article_modified_time":"2024-04-03T23:00:46+00:00","og_image":[{"width":749,"height":500,"url":"http:\/\/wp.kristdemokraterna.se\/uppsala\/files\/2018\/03\/brushes-3129361_1280-e1521707178210.jpg","type":"image\/jpeg"}],"author":"victor","twitter_card":"summary_large_image","twitter_misc":{"Skriven av":"victor","Ber\u00e4knad l\u00e4stid":"1 minut"},"schema":{"@context":"https:\/\/schema.org","@graph":[{"@type":"Article","@id":"https:\/\/wp.kristdemokraterna.se\/uppsala\/kristdemokraterna-sager-nej-till-fordubblad-budget-for-konstmuseet\/#article","isPartOf":{"@id":"https:\/\/wp.kristdemokraterna.se\/uppsala\/kristdemokraterna-sager-nej-till-fordubblad-budget-for-konstmuseet\/"},"author":{"name":"victor","@id":"https:\/\/wp.kristdemokraterna.se\/uppsala\/#\/schema\/person\/76b6a15f208d1b8798c44227309d3a4c"},"headline":"Kristdemokraterna s\u00e4ger nej till f\u00f6rdubblad budget f\u00f6r konstmuseet","datePublished":"2018-03-22T08:26:57+00:00","dateModified":"2024-04-03T23:00:46+00:00","mainEntityOfPage":{"@id":"https:\/\/wp.kristdemokraterna.se\/uppsala\/kristdemokraterna-sager-nej-till-fordubblad-budget-for-konstmuseet\/"},"wordCount":286,"publisher":{"@id":"https:\/\/wp.kristdemokraterna.se\/uppsala\/#organization"},"image":{"@id":"https:\/\/wp.kristdemokraterna.se\/uppsala\/kristdemokraterna-sager-nej-till-fordubblad-budget-for-konstmuseet\/#primaryimage"},"thumbnailUrl":"https:\/\/wp.kristdemokraterna.se\/uppsala\/files\/2018\/03\/brushes-3129361_1280-e1521707178210.jpg","articleSection":["Kultur &amp; Fritid"],"inLanguage":"sv-SE"},{"@type":"WebPage","@id":"https:\/\/wp.kristdemokraterna.se\/uppsala\/kristdemokraterna-sager-nej-till-fordubblad-budget-for-konstmuseet\/","url":"https:\/\/wp.kristdemokraterna.se\/uppsala\/kristdemokraterna-sager-nej-till-fordubblad-budget-for-konstmuseet\/","name":"Kristdemokraterna s\u00e4ger nej till f\u00f6rdubblad budget f\u00f6r konstmuseet | Kristdemokraterna | Uppsala","isPartOf":{"@id":"https:\/\/wp.kristdemokraterna.se\/uppsala\/#website"},"primaryImageOfPage":{"@id":"https:\/\/wp.kristdemokraterna.se\/uppsala\/kristdemokraterna-sager-nej-till-fordubblad-budget-for-konstmuseet\/#primaryimage"},"image":{"@id":"https:\/\/wp.kristdemokraterna.se\/uppsala\/kristdemokraterna-sager-nej-till-fordubblad-budget-for-konstmuseet\/#primaryimage"},"thumbnailUrl":"https:\/\/wp.kristdemokraterna.se\/uppsala\/files\/2018\/03\/brushes-3129361_1280-e1521707178210.jpg","datePublished":"2018-03-22T08:26:57+00:00","dateModified":"2024-04-03T23:00:46+00:00","breadcrumb":{"@id":"https:\/\/wp.kristdemokraterna.se\/uppsala\/kristdemokraterna-sager-nej-till-fordubblad-budget-for-konstmuseet\/#breadcrumb"},"inLanguage":"sv-SE","potentialAction":[{"@type":"ReadAction","target":["https:\/\/wp.kristdemokraterna.se\/uppsala\/kristdemokraterna-sager-nej-till-fordubblad-budget-for-konstmuseet\/"]}]},{"@type":"ImageObject","inLanguage":"sv-SE","@id":"https:\/\/wp.kristdemokraterna.se\/uppsala\/kristdemokraterna-sager-nej-till-fordubblad-budget-for-konstmuseet\/#primaryimage","url":"https:\/\/wp.kristdemokraterna.se\/uppsala\/files\/2018\/03\/brushes-3129361_1280-e1521707178210.jpg","contentUrl":"https:\/\/wp.kristdemokraterna.se\/uppsala\/files\/2018\/03\/brushes-3129361_1280-e1521707178210.jpg","width":749,"height":500},{"@type":"BreadcrumbList","@id":"https:\/\/wp.kristdemokraterna.se\/uppsala\/kristdemokraterna-sager-nej-till-fordubblad-budget-for-konstmuseet\/#breadcrumb","itemListElement":[{"@type":"ListItem","position":1,"name":"Hem","item":"https:\/\/wp.kristdemokraterna.se\/uppsala\/"},{"@type":"ListItem","position":2,"name":"Kristdemokraterna s\u00e4ger nej till f\u00f6rdubblad budget f\u00f6r konstmuseet"}]},{"@type":"WebSite","@id":"https:\/\/wp.kristdemokraterna.se\/uppsala\/#website","url":"https:\/\/wp.kristdemokraterna.se\/uppsala\/","name":"Kristdemokraterna Uppsala","description":"Tryggare Uppsala","publisher":{"@id":"https:\/\/wp.kristdemokraterna.se\/uppsala\/#organization"},"inLanguage":"sv-SE"},{"@type":"Organization","@id":"https:\/\/wp.kristdemokraterna.se\/uppsala\/#organization","name":"Kristdemokraterna Uppsala","url":"https:\/\/wp.kristdemokraterna.se\/uppsala\/","logo":{"@type":"ImageObject","inLanguage":"sv-SE","@id":"https:\/\/wp.kristdemokraterna.se\/uppsala\/#\/schema\/logo\/image\/","url":"https:\/\/wp.kristdemokraterna.se\/uppsala\/files\/2019\/10\/kd-uppsala.png","contentUrl":"https:\/\/wp.kristdemokraterna.se\/uppsala\/files\/2019\/10\/kd-uppsala.png","width":804,"height":421,"caption":"Kristdemokraterna Uppsala"},"image":{"@id":"https:\/\/wp.kristdemokraterna.se\/uppsala\/#\/schema\/logo\/image\/"},"sameAs":["https:\/\/www.facebook.com\/UppsalaKD\/","https:\/\/www.instagram.com\/uppsalakd\/"]},{"@type":"Person","@id":"https:\/\/wp.kristdemokraterna.se\/uppsala\/#\/schema\/person\/76b6a15f208d1b8798c44227309d3a4c","name":"victor","image":{"@type":"ImageObject","inLanguage":"sv-SE","@id":"https:\/\/secure.gravatar.com\/avatar\/520b4bff4011c28a76670b12c3728306056996363870be3d036f4b72046de1d9?s=96&r=g","url":"https:\/\/secure.gravatar.com\/avatar\/520b4bff4011c28a76670b12c3728306056996363870be3d036f4b72046de1d9?s=96&r=g","contentUrl":"https:\/\/secure.gravatar.com\/avatar\/520b4bff4011c28a76670b12c3728306056996363870be3d036f4b72046de1d9?s=96&r=g","caption":"victor"},"url":"https:\/\/wp.kristdemokraterna.se\/uppsala\/author\/victor\/"}]}},"_links":{"self":[{"href":"https:\/\/wp.kristdemokraterna.se\/uppsala\/wp-json\/wp\/v2\/posts\/2431","targetHints":{"allow":["GET"]}}],"collection":[{"href":"https:\/\/wp.kristdemokraterna.se\/uppsala\/wp-json\/wp\/v2\/posts"}],"about":[{"href":"https:\/\/wp.kristdemokraterna.se\/uppsala\/wp-json\/wp\/v2\/types\/post"}],"author":[{"embeddable":true,"href":"https:\/\/wp.kristdemokraterna.se\/uppsala\/wp-json\/wp\/v2\/users\/760"}],"replies":[{"embeddable":true,"href":"https:\/\/wp.kristdemokraterna.se\/uppsala\/wp-json\/wp\/v2\/comments?post=2431"}],"version-history":[{"count":4,"href":"https:\/\/wp.kristdemokraterna.se\/uppsala\/wp-json\/wp\/v2\/posts\/2431\/revisions"}],"predecessor-version":[{"id":3641,"href":"https:\/\/wp.kristdemokraterna.se\/uppsala\/wp-json\/wp\/v2\/posts\/2431\/revisions\/3641"}],"wp:featuredmedia":[{"embeddable":true,"href":"https:\/\/wp.kristdemokraterna.se\/uppsala\/wp-json\/wp\/v2\/media\/2432"}],"wp:attachment":[{"href":"https:\/\/wp.kristdemokraterna.se\/uppsala\/wp-json\/wp\/v2\/media?parent=2431"}],"wp:term":[{"taxonomy":"category","embeddable":true,"href":"https:\/\/wp.kristdemokraterna.se\/uppsala\/wp-json\/wp\/v2\/categories?post=2431"},{"taxonomy":"post_tag","embeddable":true,"href":"https:\/\/wp.kristdemokraterna.se\/uppsala\/wp-json\/wp\/v2\/tags?post=2431"}],"curies":[{"name":"wp","href":"https:\/\/api.w.org\/{rel}","templated":true}]}}